{"id":105,"date":"2006-08-04T12:52:48","date_gmt":"2006-08-04T10:52:48","guid":{"rendered":"http:\/\/blog.zeit.de\/autopapst\/?p=105"},"modified":"2006-08-04T12:52:48","modified_gmt":"2006-08-04T10:52:48","slug":"geht-er-oder-bleibt-er","status":"publish","type":"post","link":"https:\/\/blog.zeit.de\/autopapst\/2006\/08\/04\/geht-er-oder-bleibt-er\/","title":{"rendered":"Geht er oder bleibt er?"},"content":{"rendered":"<p>ar &#8211; Der siebenfache Formel 1-Weltmeister Michael Schumacher will einem Medienbericht zufolge zum Saisonende seine Karriere beenden. Kurz vor dem Gro\u00dfen Preis von Ungarn meldet die italienische Sportzeitung &#8222;La Gazzetta dello Sport&#8220;, dass der Rekord-Champion zum Saisonschluss aufh\u00f6rt. &#8222;Die Entscheidung ist Schumacher schwer gefallen, sie ist aber wohl \u00fcberlegt&#8220;, hei\u00dft es in dem Blatt.<\/p>\n<p>\u00a0<\/p>\n<div class=\"figure\">&#8222;Schumacher scheint sich entschlossen zu haben, seine wunderbare Karriere zu beenden und sich anderem zu widmen&#8220;, hei\u00dft es in der italienischen Sportzeitung weiter. Bisher hat sich der Kerpener die Entscheidung \u00fcber eine Fortsetzung seiner Karriere immer offen gehalten. Nach den letzten Erfolgen mit drei Siegen in Folge und einer wieder spannenden WM war dar\u00fcber spekuliert worden, dass Schumacher nach einem m\u00f6glichen achten WM-Titel aufh\u00f6ren k\u00f6nnte. Hinweise auf ein solches Vorhaben finden sich aber weder auch Schumachers Homepage noch in anderen Medien. Manager Willi Weber hat den R\u00fccktritt gegen\u00fcber der dpa dementiert: &#8222;Eine Entscheidung ist noch nicht gefallen&#8220;, hie\u00df es.<\/div>\n","protected":false},"excerpt":{"rendered":"<p>ar &#8211; Der siebenfache Formel 1-Weltmeister Michael Schumacher will einem Medienbericht zufolge zum Saisonende seine Karriere beenden. Kurz vor dem Gro\u00dfen Preis von Ungarn meldet die italienische Sportzeitung &#8222;La Gazzetta dello Sport&#8220;, dass der Rekord-Champion zum Saisonschluss aufh\u00f6rt. &#8222;Die Entscheidung ist Schumacher schwer gefallen, sie ist aber wohl \u00fcberlegt&#8220;, hei\u00dft es in dem Blatt. \u00a0 [&hellip;]<\/p>\n","protected":false},"author":46,"featured_media":0,"comment_status":"closed","ping_status":"closed","sticky":false,"template":"","format":"standard","meta":{"footnotes":""},"categories":[41],"tags":[],"class_list":["post-105","post","type-post","status-publish","format-standard","hentry","category-unterwegs-im-netz"],"yoast_head":"<!-- This site is optimized with the Yoast SEO plugin v21.0 - https:\/\/yoast.com\/wordpress\/plugins\/seo\/ -->\n<title>Geht er oder bleibt er? - Autopapst<\/title>\n<meta name=\"robots\" content=\"index, follow, max-snippet:-1, max-image-preview:large, max-video-preview:-1\" \/>\n<link rel=\"canonical\" href=\"https:\/\/blog.zeit.de\/autopapst\/2006\/08\/04\/geht-er-oder-bleibt-er\/\" \/>\n<meta property=\"og:locale\" content=\"de_DE\" \/>\n<meta property=\"og:type\" content=\"article\" \/>\n<meta property=\"og:title\" content=\"Geht er oder bleibt er? - Autopapst\" \/>\n<meta property=\"og:description\" content=\"ar &#8211; Der siebenfache Formel 1-Weltmeister Michael Schumacher will einem Medienbericht zufolge zum Saisonende seine Karriere beenden. Kurz vor dem Gro\u00dfen Preis von Ungarn meldet die italienische Sportzeitung &#8222;La Gazzetta dello Sport&#8220;, dass der Rekord-Champion zum Saisonschluss aufh\u00f6rt. &#8222;Die Entscheidung ist Schumacher schwer gefallen, sie ist aber wohl \u00fcberlegt&#8220;, hei\u00dft es in dem Blatt. \u00a0 [&hellip;]\" \/>\n<meta property=\"og:url\" content=\"https:\/\/blog.zeit.de\/autopapst\/2006\/08\/04\/geht-er-oder-bleibt-er\/\" \/>\n<meta property=\"og:site_name\" content=\"Autopapst\" \/>\n<meta property=\"article:published_time\" content=\"2006-08-04T10:52:48+00:00\" \/>\n<meta name=\"author\" content=\"Autopapst\" \/>\n<meta name=\"twitter:card\" content=\"summary_large_image\" \/>\n<meta name=\"twitter:label1\" content=\"Geschrieben von\" \/>\n\t<meta name=\"twitter:data1\" content=\"Autopapst\" \/>\n\t<meta name=\"twitter:label2\" content=\"Gesch\u00e4tzte Lesezeit\" \/>\n\t<meta name=\"twitter:data2\" content=\"1\u00a0Minute\" \/>\n<script type=\"application\/ld+json\" class=\"yoast-schema-graph\">{\"@context\":\"https:\/\/schema.org\",\"@graph\":[{\"@type\":\"WebPage\",\"@id\":\"https:\/\/blog.zeit.de\/autopapst\/2006\/08\/04\/geht-er-oder-bleibt-er\/\",\"url\":\"https:\/\/blog.zeit.de\/autopapst\/2006\/08\/04\/geht-er-oder-bleibt-er\/\",\"name\":\"Geht er oder bleibt er? - Autopapst\",\"isPartOf\":{\"@id\":\"https:\/\/blog.zeit.de\/autopapst\/#website\"},\"datePublished\":\"2006-08-04T10:52:48+00:00\",\"dateModified\":\"2006-08-04T10:52:48+00:00\",\"author\":{\"@id\":\"https:\/\/blog.zeit.de\/autopapst\/#\/schema\/person\/619b624a76def39c8e9ade4254e36ca6\"},\"breadcrumb\":{\"@id\":\"https:\/\/blog.zeit.de\/autopapst\/2006\/08\/04\/geht-er-oder-bleibt-er\/#breadcrumb\"},\"inLanguage\":\"de\",\"potentialAction\":[{\"@type\":\"ReadAction\",\"target\":[\"https:\/\/blog.zeit.de\/autopapst\/2006\/08\/04\/geht-er-oder-bleibt-er\/\"]}]},{\"@type\":\"BreadcrumbList\",\"@id\":\"https:\/\/blog.zeit.de\/autopapst\/2006\/08\/04\/geht-er-oder-bleibt-er\/#breadcrumb\",\"itemListElement\":[{\"@type\":\"ListItem\",\"position\":1,\"name\":\"Startseite\",\"item\":\"https:\/\/blog.zeit.de\/autopapst\/\"},{\"@type\":\"ListItem\",\"position\":2,\"name\":\"Geht er oder bleibt er?\"}]},{\"@type\":\"WebSite\",\"@id\":\"https:\/\/blog.zeit.de\/autopapst\/#website\",\"url\":\"https:\/\/blog.zeit.de\/autopapst\/\",\"name\":\"Autopapst\",\"description\":\"Fragen und Antworten rund um das Thema Auto\",\"potentialAction\":[{\"@type\":\"SearchAction\",\"target\":{\"@type\":\"EntryPoint\",\"urlTemplate\":\"https:\/\/blog.zeit.de\/autopapst\/?s={search_term_string}\"},\"query-input\":\"required name=search_term_string\"}],\"inLanguage\":\"de\"},{\"@type\":\"Person\",\"@id\":\"https:\/\/blog.zeit.de\/autopapst\/#\/schema\/person\/619b624a76def39c8e9ade4254e36ca6\",\"name\":\"Autopapst\",\"image\":{\"@type\":\"ImageObject\",\"inLanguage\":\"de\",\"@id\":\"https:\/\/blog.zeit.de\/autopapst\/#\/schema\/person\/image\/\",\"url\":\"https:\/\/secure.gravatar.com\/avatar\/a2a1ae183033f4d42f31c9a0fc6dca8d88deeaf7546fb304993bc73edd8da9de?s=96&d=mm&r=g\",\"contentUrl\":\"https:\/\/secure.gravatar.com\/avatar\/a2a1ae183033f4d42f31c9a0fc6dca8d88deeaf7546fb304993bc73edd8da9de?s=96&d=mm&r=g\",\"caption\":\"Autopapst\"},\"url\":\"https:\/\/blog.zeit.de\/autopapst\/author\/autopapst\/\"}]}<\/script>\n<!-- \/ Yoast SEO plugin. -->","yoast_head_json":{"title":"Geht er oder bleibt er? - Autopapst","robots":{"index":"index","follow":"follow","max-snippet":"max-snippet:-1","max-image-preview":"max-image-preview:large","max-video-preview":"max-video-preview:-1"},"canonical":"https:\/\/blog.zeit.de\/autopapst\/2006\/08\/04\/geht-er-oder-bleibt-er\/","og_locale":"de_DE","og_type":"article","og_title":"Geht er oder bleibt er? - Autopapst","og_description":"ar &#8211; Der siebenfache Formel 1-Weltmeister Michael Schumacher will einem Medienbericht zufolge zum Saisonende seine Karriere beenden. Kurz vor dem Gro\u00dfen Preis von Ungarn meldet die italienische Sportzeitung &#8222;La Gazzetta dello Sport&#8220;, dass der Rekord-Champion zum Saisonschluss aufh\u00f6rt. &#8222;Die Entscheidung ist Schumacher schwer gefallen, sie ist aber wohl \u00fcberlegt&#8220;, hei\u00dft es in dem Blatt. \u00a0 [&hellip;]","og_url":"https:\/\/blog.zeit.de\/autopapst\/2006\/08\/04\/geht-er-oder-bleibt-er\/","og_site_name":"Autopapst","article_published_time":"2006-08-04T10:52:48+00:00","author":"Autopapst","twitter_card":"summary_large_image","twitter_misc":{"Geschrieben von":"Autopapst","Gesch\u00e4tzte Lesezeit":"1\u00a0Minute"},"schema":{"@context":"https:\/\/schema.org","@graph":[{"@type":"WebPage","@id":"https:\/\/blog.zeit.de\/autopapst\/2006\/08\/04\/geht-er-oder-bleibt-er\/","url":"https:\/\/blog.zeit.de\/autopapst\/2006\/08\/04\/geht-er-oder-bleibt-er\/","name":"Geht er oder bleibt er? - Autopapst","isPartOf":{"@id":"https:\/\/blog.zeit.de\/autopapst\/#website"},"datePublished":"2006-08-04T10:52:48+00:00","dateModified":"2006-08-04T10:52:48+00:00","author":{"@id":"https:\/\/blog.zeit.de\/autopapst\/#\/schema\/person\/619b624a76def39c8e9ade4254e36ca6"},"breadcrumb":{"@id":"https:\/\/blog.zeit.de\/autopapst\/2006\/08\/04\/geht-er-oder-bleibt-er\/#breadcrumb"},"inLanguage":"de","potentialAction":[{"@type":"ReadAction","target":["https:\/\/blog.zeit.de\/autopapst\/2006\/08\/04\/geht-er-oder-bleibt-er\/"]}]},{"@type":"BreadcrumbList","@id":"https:\/\/blog.zeit.de\/autopapst\/2006\/08\/04\/geht-er-oder-bleibt-er\/#breadcrumb","itemListElement":[{"@type":"ListItem","position":1,"name":"Startseite","item":"https:\/\/blog.zeit.de\/autopapst\/"},{"@type":"ListItem","position":2,"name":"Geht er oder bleibt er?"}]},{"@type":"WebSite","@id":"https:\/\/blog.zeit.de\/autopapst\/#website","url":"https:\/\/blog.zeit.de\/autopapst\/","name":"Autopapst","description":"Fragen und Antworten rund um das Thema Auto","potentialAction":[{"@type":"SearchAction","target":{"@type":"EntryPoint","urlTemplate":"https:\/\/blog.zeit.de\/autopapst\/?s={search_term_string}"},"query-input":"required name=search_term_string"}],"inLanguage":"de"},{"@type":"Person","@id":"https:\/\/blog.zeit.de\/autopapst\/#\/schema\/person\/619b624a76def39c8e9ade4254e36ca6","name":"Autopapst","image":{"@type":"ImageObject","inLanguage":"de","@id":"https:\/\/blog.zeit.de\/autopapst\/#\/schema\/person\/image\/","url":"https:\/\/secure.gravatar.com\/avatar\/a2a1ae183033f4d42f31c9a0fc6dca8d88deeaf7546fb304993bc73edd8da9de?s=96&d=mm&r=g","contentUrl":"https:\/\/secure.gravatar.com\/avatar\/a2a1ae183033f4d42f31c9a0fc6dca8d88deeaf7546fb304993bc73edd8da9de?s=96&d=mm&r=g","caption":"Autopapst"},"url":"https:\/\/blog.zeit.de\/autopapst\/author\/autopapst\/"}]}},"jetpack_featured_media_url":"","_links":{"self":[{"href":"https:\/\/blog.zeit.de\/autopapst\/wp-json\/wp\/v2\/posts\/105","targetHints":{"allow":["GET"]}}],"collection":[{"href":"https:\/\/blog.zeit.de\/autopapst\/wp-json\/wp\/v2\/posts"}],"about":[{"href":"https:\/\/blog.zeit.de\/autopapst\/wp-json\/wp\/v2\/types\/post"}],"author":[{"embeddable":true,"href":"https:\/\/blog.zeit.de\/autopapst\/wp-json\/wp\/v2\/users\/46"}],"replies":[{"embeddable":true,"href":"https:\/\/blog.zeit.de\/autopapst\/wp-json\/wp\/v2\/comments?post=105"}],"version-history":[{"count":0,"href":"https:\/\/blog.zeit.de\/autopapst\/wp-json\/wp\/v2\/posts\/105\/revisions"}],"wp:attachment":[{"href":"https:\/\/blog.zeit.de\/autopapst\/wp-json\/wp\/v2\/media?parent=105"}],"wp:term":[{"taxonomy":"category","embeddable":true,"href":"https:\/\/blog.zeit.de\/autopapst\/wp-json\/wp\/v2\/categories?post=105"},{"taxonomy":"post_tag","embeddable":true,"href":"https:\/\/blog.zeit.de\/autopapst\/wp-json\/wp\/v2\/tags?post=105"}],"curies":[{"name":"wp","href":"https:\/\/api.w.org\/{rel}","templated":true}]}}