{"id":147,"date":"2007-01-18T13:02:05","date_gmt":"2007-01-18T11:02:05","guid":{"rendered":"http:\/\/blog.zeit.de\/autopapst\/?p=147"},"modified":"2007-01-18T13:02:05","modified_gmt":"2007-01-18T11:02:05","slug":"der-avd-mochte-ausnahmen-von-fahrverboten-fur-oldtimer","status":"publish","type":"post","link":"https:\/\/blog.zeit.de\/autopapst\/2007\/01\/18\/der-avd-mochte-ausnahmen-von-fahrverboten-fur-oldtimer\/","title":{"rendered":"Der AvD m\u00f6chte Ausnahmen von Fahrverboten f\u00fcr Oldtimer"},"content":{"rendered":"<h2 id=\"detailueberschrift\" \/>ar &#8211; 18. Januar 2007. Der Automobilclub von Deutschland (AvD) bef\u00fcrchtet, dass viele Autofahrer den Kauf der Feinstaubplaketten schlichtweg verweigern werden, weil sie keinen Nutzen erkennen k\u00f6nnen. Sie w\u00fcrden ihr Auto im Zweifelsfall einfach nicht nutzen und beweisen helfen, dass die Messwerte davon nahezu unbeeinflusst bleiben. Selbst wenn bei Feinstaublage alle PKW stehen blieben, w\u00fcrde dies im besten Fall zu einer Feinstaub-Reduzierung um 5 Prozent f\u00fchren, erkl\u00e4rte der AvD. Deshalb werde eine Korrektur der Feinstaub-Verordnung gefordert.\u00a0<\/p>\n<p>Oldtimer- und Youngtimer m\u00fcssen von diesen Regelungen ausgenommen werden, weil sie im Mittel nicht einmal 1500 km pro Jahr zur\u00fccklegen und die maximal 800 000 betroffenen Fahrzeuge nicht einmal 0,03 Prozent aller Emissionen verursachen. Gemeint sind dabei nicht nur die Fahrzeuge mit H-Kennzeichen, sondern auch solche mit 07-er Zulassung.<\/p>\n<p>Der AvD lehnt es als technisch verfehlt ab, auch Benziner mit geregeltem Kat mit Fahrverbot belegen zu wollen. Dies auch deshalb, weil die Mehrzahl der Oldtimer einen Otto-Motor haben, dessen Feinstaub-Emissionen im kaum messbaren Bereich liegen.<\/p>\n<p>Ein gestaffeltes Fahrverbot f\u00fcr historische Fahrzeuge ist umweltpolitisch nicht zu begr\u00fcnden, es ist eine rein ideologisch begr\u00fcndete Schuldzuweisung. Der Automobilclub fordert die Kommunen und Landkreise auf, ihren Ermessensspielraum bez\u00fcglich der m\u00f6glichen Ausnahmen zu nutzen und sowohl Old- und Youngtimer, als auch Fahrzeuge mit Ottomotor und geregeltem Kat von der Ma\u00dfnahme auszuklammern. (ar\/nic)<\/p>\n","protected":false},"excerpt":{"rendered":"<p>ar &#8211; 18. Januar 2007. Der Automobilclub von Deutschland (AvD) bef\u00fcrchtet, dass viele Autofahrer den Kauf der Feinstaubplaketten schlichtweg verweigern werden, weil sie keinen Nutzen erkennen k\u00f6nnen. Sie w\u00fcrden ihr Auto im Zweifelsfall einfach nicht nutzen und beweisen helfen, dass die Messwerte davon nahezu unbeeinflusst bleiben. Selbst wenn bei Feinstaublage alle PKW stehen blieben, w\u00fcrde [&hellip;]<\/p>\n","protected":false},"author":46,"featured_media":0,"comment_status":"closed","ping_status":"closed","sticky":false,"template":"","format":"standard","meta":{"footnotes":""},"categories":[41],"tags":[],"class_list":["post-147","post","type-post","status-publish","format-standard","hentry","category-unterwegs-im-netz"],"yoast_head":"<!-- This site is optimized with the Yoast SEO plugin v21.0 - https:\/\/yoast.com\/wordpress\/plugins\/seo\/ -->\n<title>Der AvD m\u00f6chte Ausnahmen von Fahrverboten f\u00fcr Oldtimer - Autopapst<\/title>\n<meta name=\"robots\" content=\"index, follow, max-snippet:-1, max-image-preview:large, max-video-preview:-1\" \/>\n<link rel=\"canonical\" href=\"https:\/\/blog.zeit.de\/autopapst\/2007\/01\/18\/der-avd-mochte-ausnahmen-von-fahrverboten-fur-oldtimer\/\" \/>\n<meta property=\"og:locale\" content=\"de_DE\" \/>\n<meta property=\"og:type\" content=\"article\" \/>\n<meta property=\"og:title\" content=\"Der AvD m\u00f6chte Ausnahmen von Fahrverboten f\u00fcr Oldtimer - Autopapst\" \/>\n<meta property=\"og:description\" content=\"ar &#8211; 18. Januar 2007. Der Automobilclub von Deutschland (AvD) bef\u00fcrchtet, dass viele Autofahrer den Kauf der Feinstaubplaketten schlichtweg verweigern werden, weil sie keinen Nutzen erkennen k\u00f6nnen. Sie w\u00fcrden ihr Auto im Zweifelsfall einfach nicht nutzen und beweisen helfen, dass die Messwerte davon nahezu unbeeinflusst bleiben. Selbst wenn bei Feinstaublage alle PKW stehen blieben, w\u00fcrde [&hellip;]\" \/>\n<meta property=\"og:url\" content=\"https:\/\/blog.zeit.de\/autopapst\/2007\/01\/18\/der-avd-mochte-ausnahmen-von-fahrverboten-fur-oldtimer\/\" \/>\n<meta property=\"og:site_name\" content=\"Autopapst\" \/>\n<meta property=\"article:published_time\" content=\"2007-01-18T11:02:05+00:00\" \/>\n<meta name=\"author\" content=\"Autopapst\" \/>\n<meta name=\"twitter:card\" content=\"summary_large_image\" \/>\n<meta name=\"twitter:label1\" content=\"Geschrieben von\" \/>\n\t<meta name=\"twitter:data1\" content=\"Autopapst\" \/>\n\t<meta name=\"twitter:label2\" content=\"Gesch\u00e4tzte Lesezeit\" \/>\n\t<meta name=\"twitter:data2\" content=\"1\u00a0Minute\" \/>\n<script type=\"application\/ld+json\" class=\"yoast-schema-graph\">{\"@context\":\"https:\/\/schema.org\",\"@graph\":[{\"@type\":\"WebPage\",\"@id\":\"https:\/\/blog.zeit.de\/autopapst\/2007\/01\/18\/der-avd-mochte-ausnahmen-von-fahrverboten-fur-oldtimer\/\",\"url\":\"https:\/\/blog.zeit.de\/autopapst\/2007\/01\/18\/der-avd-mochte-ausnahmen-von-fahrverboten-fur-oldtimer\/\",\"name\":\"Der AvD m\u00f6chte Ausnahmen von Fahrverboten f\u00fcr Oldtimer - Autopapst\",\"isPartOf\":{\"@id\":\"https:\/\/blog.zeit.de\/autopapst\/#website\"},\"datePublished\":\"2007-01-18T11:02:05+00:00\",\"dateModified\":\"2007-01-18T11:02:05+00:00\",\"author\":{\"@id\":\"https:\/\/blog.zeit.de\/autopapst\/#\/schema\/person\/619b624a76def39c8e9ade4254e36ca6\"},\"breadcrumb\":{\"@id\":\"https:\/\/blog.zeit.de\/autopapst\/2007\/01\/18\/der-avd-mochte-ausnahmen-von-fahrverboten-fur-oldtimer\/#breadcrumb\"},\"inLanguage\":\"de\",\"potentialAction\":[{\"@type\":\"ReadAction\",\"target\":[\"https:\/\/blog.zeit.de\/autopapst\/2007\/01\/18\/der-avd-mochte-ausnahmen-von-fahrverboten-fur-oldtimer\/\"]}]},{\"@type\":\"BreadcrumbList\",\"@id\":\"https:\/\/blog.zeit.de\/autopapst\/2007\/01\/18\/der-avd-mochte-ausnahmen-von-fahrverboten-fur-oldtimer\/#breadcrumb\",\"itemListElement\":[{\"@type\":\"ListItem\",\"position\":1,\"name\":\"Startseite\",\"item\":\"https:\/\/blog.zeit.de\/autopapst\/\"},{\"@type\":\"ListItem\",\"position\":2,\"name\":\"Der AvD m\u00f6chte Ausnahmen von Fahrverboten f\u00fcr Oldtimer\"}]},{\"@type\":\"WebSite\",\"@id\":\"https:\/\/blog.zeit.de\/autopapst\/#website\",\"url\":\"https:\/\/blog.zeit.de\/autopapst\/\",\"name\":\"Autopapst\",\"description\":\"Fragen und Antworten rund um das Thema Auto\",\"potentialAction\":[{\"@type\":\"SearchAction\",\"target\":{\"@type\":\"EntryPoint\",\"urlTemplate\":\"https:\/\/blog.zeit.de\/autopapst\/?s={search_term_string}\"},\"query-input\":\"required name=search_term_string\"}],\"inLanguage\":\"de\"},{\"@type\":\"Person\",\"@id\":\"https:\/\/blog.zeit.de\/autopapst\/#\/schema\/person\/619b624a76def39c8e9ade4254e36ca6\",\"name\":\"Autopapst\",\"image\":{\"@type\":\"ImageObject\",\"inLanguage\":\"de\",\"@id\":\"https:\/\/blog.zeit.de\/autopapst\/#\/schema\/person\/image\/\",\"url\":\"https:\/\/secure.gravatar.com\/avatar\/a2a1ae183033f4d42f31c9a0fc6dca8d88deeaf7546fb304993bc73edd8da9de?s=96&d=mm&r=g\",\"contentUrl\":\"https:\/\/secure.gravatar.com\/avatar\/a2a1ae183033f4d42f31c9a0fc6dca8d88deeaf7546fb304993bc73edd8da9de?s=96&d=mm&r=g\",\"caption\":\"Autopapst\"},\"url\":\"https:\/\/blog.zeit.de\/autopapst\/author\/autopapst\/\"}]}<\/script>\n<!-- \/ Yoast SEO plugin. -->","yoast_head_json":{"title":"Der AvD m\u00f6chte Ausnahmen von Fahrverboten f\u00fcr Oldtimer - Autopapst","robots":{"index":"index","follow":"follow","max-snippet":"max-snippet:-1","max-image-preview":"max-image-preview:large","max-video-preview":"max-video-preview:-1"},"canonical":"https:\/\/blog.zeit.de\/autopapst\/2007\/01\/18\/der-avd-mochte-ausnahmen-von-fahrverboten-fur-oldtimer\/","og_locale":"de_DE","og_type":"article","og_title":"Der AvD m\u00f6chte Ausnahmen von Fahrverboten f\u00fcr Oldtimer - Autopapst","og_description":"ar &#8211; 18. Januar 2007. Der Automobilclub von Deutschland (AvD) bef\u00fcrchtet, dass viele Autofahrer den Kauf der Feinstaubplaketten schlichtweg verweigern werden, weil sie keinen Nutzen erkennen k\u00f6nnen. Sie w\u00fcrden ihr Auto im Zweifelsfall einfach nicht nutzen und beweisen helfen, dass die Messwerte davon nahezu unbeeinflusst bleiben. Selbst wenn bei Feinstaublage alle PKW stehen blieben, w\u00fcrde [&hellip;]","og_url":"https:\/\/blog.zeit.de\/autopapst\/2007\/01\/18\/der-avd-mochte-ausnahmen-von-fahrverboten-fur-oldtimer\/","og_site_name":"Autopapst","article_published_time":"2007-01-18T11:02:05+00:00","author":"Autopapst","twitter_card":"summary_large_image","twitter_misc":{"Geschrieben von":"Autopapst","Gesch\u00e4tzte Lesezeit":"1\u00a0Minute"},"schema":{"@context":"https:\/\/schema.org","@graph":[{"@type":"WebPage","@id":"https:\/\/blog.zeit.de\/autopapst\/2007\/01\/18\/der-avd-mochte-ausnahmen-von-fahrverboten-fur-oldtimer\/","url":"https:\/\/blog.zeit.de\/autopapst\/2007\/01\/18\/der-avd-mochte-ausnahmen-von-fahrverboten-fur-oldtimer\/","name":"Der AvD m\u00f6chte Ausnahmen von Fahrverboten f\u00fcr Oldtimer - Autopapst","isPartOf":{"@id":"https:\/\/blog.zeit.de\/autopapst\/#website"},"datePublished":"2007-01-18T11:02:05+00:00","dateModified":"2007-01-18T11:02:05+00:00","author":{"@id":"https:\/\/blog.zeit.de\/autopapst\/#\/schema\/person\/619b624a76def39c8e9ade4254e36ca6"},"breadcrumb":{"@id":"https:\/\/blog.zeit.de\/autopapst\/2007\/01\/18\/der-avd-mochte-ausnahmen-von-fahrverboten-fur-oldtimer\/#breadcrumb"},"inLanguage":"de","potentialAction":[{"@type":"ReadAction","target":["https:\/\/blog.zeit.de\/autopapst\/2007\/01\/18\/der-avd-mochte-ausnahmen-von-fahrverboten-fur-oldtimer\/"]}]},{"@type":"BreadcrumbList","@id":"https:\/\/blog.zeit.de\/autopapst\/2007\/01\/18\/der-avd-mochte-ausnahmen-von-fahrverboten-fur-oldtimer\/#breadcrumb","itemListElement":[{"@type":"ListItem","position":1,"name":"Startseite","item":"https:\/\/blog.zeit.de\/autopapst\/"},{"@type":"ListItem","position":2,"name":"Der AvD m\u00f6chte Ausnahmen von Fahrverboten f\u00fcr Oldtimer"}]},{"@type":"WebSite","@id":"https:\/\/blog.zeit.de\/autopapst\/#website","url":"https:\/\/blog.zeit.de\/autopapst\/","name":"Autopapst","description":"Fragen und Antworten rund um das Thema Auto","potentialAction":[{"@type":"SearchAction","target":{"@type":"EntryPoint","urlTemplate":"https:\/\/blog.zeit.de\/autopapst\/?s={search_term_string}"},"query-input":"required name=search_term_string"}],"inLanguage":"de"},{"@type":"Person","@id":"https:\/\/blog.zeit.de\/autopapst\/#\/schema\/person\/619b624a76def39c8e9ade4254e36ca6","name":"Autopapst","image":{"@type":"ImageObject","inLanguage":"de","@id":"https:\/\/blog.zeit.de\/autopapst\/#\/schema\/person\/image\/","url":"https:\/\/secure.gravatar.com\/avatar\/a2a1ae183033f4d42f31c9a0fc6dca8d88deeaf7546fb304993bc73edd8da9de?s=96&d=mm&r=g","contentUrl":"https:\/\/secure.gravatar.com\/avatar\/a2a1ae183033f4d42f31c9a0fc6dca8d88deeaf7546fb304993bc73edd8da9de?s=96&d=mm&r=g","caption":"Autopapst"},"url":"https:\/\/blog.zeit.de\/autopapst\/author\/autopapst\/"}]}},"jetpack_featured_media_url":"","_links":{"self":[{"href":"https:\/\/blog.zeit.de\/autopapst\/wp-json\/wp\/v2\/posts\/147","targetHints":{"allow":["GET"]}}],"collection":[{"href":"https:\/\/blog.zeit.de\/autopapst\/wp-json\/wp\/v2\/posts"}],"about":[{"href":"https:\/\/blog.zeit.de\/autopapst\/wp-json\/wp\/v2\/types\/post"}],"author":[{"embeddable":true,"href":"https:\/\/blog.zeit.de\/autopapst\/wp-json\/wp\/v2\/users\/46"}],"replies":[{"embeddable":true,"href":"https:\/\/blog.zeit.de\/autopapst\/wp-json\/wp\/v2\/comments?post=147"}],"version-history":[{"count":0,"href":"https:\/\/blog.zeit.de\/autopapst\/wp-json\/wp\/v2\/posts\/147\/revisions"}],"wp:attachment":[{"href":"https:\/\/blog.zeit.de\/autopapst\/wp-json\/wp\/v2\/media?parent=147"}],"wp:term":[{"taxonomy":"category","embeddable":true,"href":"https:\/\/blog.zeit.de\/autopapst\/wp-json\/wp\/v2\/categories?post=147"},{"taxonomy":"post_tag","embeddable":true,"href":"https:\/\/blog.zeit.de\/autopapst\/wp-json\/wp\/v2\/tags?post=147"}],"curies":[{"name":"wp","href":"https:\/\/api.w.org\/{rel}","templated":true}]}}