{"id":167,"date":"2007-06-26T16:18:50","date_gmt":"2007-06-26T14:18:50","guid":{"rendered":"http:\/\/blog.zeit.de\/autopapst\/?p=167"},"modified":"2007-06-26T16:18:50","modified_gmt":"2007-06-26T14:18:50","slug":"umweltzone-in-koln-keine-chance-fur-alte-autos-vorerst-wenigstens","status":"publish","type":"post","link":"https:\/\/blog.zeit.de\/autopapst\/2007\/06\/26\/umweltzone-in-koln-keine-chance-fur-alte-autos-vorerst-wenigstens\/","title":{"rendered":"Umweltzone in K\u00f6ln: Keine Chance f\u00fcr alte Autos &#8211; vorerst wenigstens&#8230;."},"content":{"rendered":"<p>Sch\u00f6nen guten Tag, Autopapst!<\/p>\n<p>Im Januar 2008 sollen in K\u00f6ln Umweltzonen eingerichtet werden. Ich fahre einen Fiat Fiorino 127 Baujahr 1986 (Benziner 1,05l 37 kw). Das Auto hat keinen Kat., erf\u00fcllt selbstverst\u00e4ndlich keine wie auch immer geartete Abgasnorm und erh\u00e4lt im jetzigen Zustand keine wie auch immer gef\u00e4rbte Umweltzonen-Plakette.<\/p>\n<p>Ich wohne in der K\u00f6lner Innenstadt, und um mit dem Auto zu meiner Wohnung (in meine Garage!!) zu gelangen, m\u00fcsste ich (wenn ich alles richtig verstanden habe) in Zukunft eine gr\u00fcne Plakette vorweisen k\u00f6nnen &#8211; das ist nat\u00fcrlich utopisch, denn nach heutigem Stand f\u00e4llt mein Auto aus dem Plaketten-Raster komplett heraus.<\/p>\n<p>Von Sonderregelungen f\u00fcr Anwohner habe ich bisher nur munkeln h\u00f6ren. Umziehen m\u00f6chte ich nicht. Mein Auto wegen dieser Regelung abschaffen m\u00f6chte ich nicht. Geld ausgeben f\u00fcr eine Umr\u00fcstung m\u00f6chte ich &#8211; sofern es eine M\u00f6glichkeit gibt, dadurch die gr\u00fcne Plakette zu bekommen.<\/p>\n<p>Welche M\u00f6glichkeiten habe ich? Habe ich \u00fcberhaupt M\u00f6glichkeiten?<\/p>\n<p>Vielen Dank!<br \/>\nKerstin Diehl<\/p>\n<p>\u00a0<\/p>\n<p><strong>Antwort vom AUTOPAPST:<\/strong><\/p>\n<p>Hallo Kerstin,<\/p>\n<p>mit dem im Augenblick zur Verf\u00fcgung stehenden Informationen ist es tats\u00e4chlich so, wie Sie schreiben! Die Landespolitik reagiert immer noch &#8222;\u00fcber&#8220;, weil es f\u00fcr die Politiker neben dem Auto offenbar keinen Ansatzpunkt zur Feinstaubbek\u00e4mpfung gibt (jedenfalls h\u00f6rt und sieht man keine weiteren, \u00fcber den &#8222;Plakettenunsinn&#8220; hinaus gehende Versuche&#8230;).<\/p>\n<p>Ihr Fiat-Kastenwagen kommt leider nicht (noch nicht&#8230;) in Genu\u00df eines bezahlbaren G-Kat-Umr\u00fcstsatzes, der die Voraussetzung f\u00fcr die Erteilung der gr\u00fcnen Plakette ist. Zur Erinnerung: Bei Einf\u00fchrung einer Umweltzone (nicht nur in K\u00f6ln) d\u00fcrfen Autos ohne Plakette (egal, welcher Farbe&#8230;) dort nicht mehr fahren. \u00dcber Ausnahmeregelungen wird derzeit allerorten heftig diskutiert, in Berlin kam gerade ein b\u00fcrokratisches Monster mit einer entsprechenden Geb\u00fchrenordnung &#8222;auf den Markt&#8220;.<\/p>\n<p>Neben einer praktikablen Ausnahmeregelung f\u00fcr alte Autos von Anwohnern oder Gewerbetreibenden sehe ich eigentlich nur noch eine Entr\u00fcmpelung des Zulassungsrechts, um alte Autos unproblematisch mit G-Kats nachr\u00fcsten zu k\u00f6nnen. Das ist n\u00e4mlich technisch fast immer m\u00f6glich, allerdings wird so eine Nachr\u00fcstung nur mit einem sau-teuren Gutachten anerkannt. Warum gibt es keinen &#8222;Oldi-Kat&#8220;, der nach dem Einbau vereinfacht und unb\u00fcrokratisch auf Funktion gepr\u00fcft wird und dann zul\u00e4ssig ist? Wer die Abgasqualit\u00e4t von alten Autos ernsthaft verbessern will, mu\u00df sich so etwas einfallen lassen. Leider reicht es bei den Beh\u00f6rden daf\u00fcr aber nicht (zu wenig Phaantasie? Keine Ahnung?), oder die Auto-Industrie l\u00e4\u00dft sie nicht auf solche Ideen kommen. Wer wei\u00df?<\/p>\n","protected":false},"excerpt":{"rendered":"<p>Sch\u00f6nen guten Tag, Autopapst! Im Januar 2008 sollen in K\u00f6ln Umweltzonen eingerichtet werden. Ich fahre einen Fiat Fiorino 127 Baujahr 1986 (Benziner 1,05l 37 kw). Das Auto hat keinen Kat., erf\u00fcllt selbstverst\u00e4ndlich keine wie auch immer geartete Abgasnorm und erh\u00e4lt im jetzigen Zustand keine wie auch immer gef\u00e4rbte Umweltzonen-Plakette. Ich wohne in der K\u00f6lner Innenstadt, [&hellip;]<\/p>\n","protected":false},"author":46,"featured_media":0,"comment_status":"closed","ping_status":"closed","sticky":false,"template":"","format":"standard","meta":{"footnotes":""},"categories":[33,35],"tags":[],"class_list":["post-167","post","type-post","status-publish","format-standard","hentry","category-auto-umwelt","category-die-fragen-an-den-autopapst"],"yoast_head":"<!-- This site is optimized with the Yoast SEO plugin v21.0 - https:\/\/yoast.com\/wordpress\/plugins\/seo\/ -->\n<title>Umweltzone in K\u00f6ln: Keine Chance f\u00fcr alte Autos - vorerst wenigstens.... - Autopapst<\/title>\n<meta name=\"robots\" content=\"index, follow, max-snippet:-1, max-image-preview:large, max-video-preview:-1\" \/>\n<link rel=\"canonical\" href=\"https:\/\/blog.zeit.de\/autopapst\/2007\/06\/26\/umweltzone-in-koln-keine-chance-fur-alte-autos-vorerst-wenigstens\/\" \/>\n<meta property=\"og:locale\" content=\"de_DE\" \/>\n<meta property=\"og:type\" content=\"article\" \/>\n<meta property=\"og:title\" content=\"Umweltzone in K\u00f6ln: Keine Chance f\u00fcr alte Autos - vorerst wenigstens.... - Autopapst\" \/>\n<meta property=\"og:description\" content=\"Sch\u00f6nen guten Tag, Autopapst! Im Januar 2008 sollen in K\u00f6ln Umweltzonen eingerichtet werden. Ich fahre einen Fiat Fiorino 127 Baujahr 1986 (Benziner 1,05l 37 kw). Das Auto hat keinen Kat., erf\u00fcllt selbstverst\u00e4ndlich keine wie auch immer geartete Abgasnorm und erh\u00e4lt im jetzigen Zustand keine wie auch immer gef\u00e4rbte Umweltzonen-Plakette. Ich wohne in der K\u00f6lner Innenstadt, [&hellip;]\" \/>\n<meta property=\"og:url\" content=\"https:\/\/blog.zeit.de\/autopapst\/2007\/06\/26\/umweltzone-in-koln-keine-chance-fur-alte-autos-vorerst-wenigstens\/\" \/>\n<meta property=\"og:site_name\" content=\"Autopapst\" \/>\n<meta property=\"article:published_time\" content=\"2007-06-26T14:18:50+00:00\" \/>\n<meta name=\"author\" content=\"Autopapst\" \/>\n<meta name=\"twitter:card\" content=\"summary_large_image\" \/>\n<meta name=\"twitter:label1\" content=\"Geschrieben von\" \/>\n\t<meta name=\"twitter:data1\" content=\"Autopapst\" \/>\n\t<meta name=\"twitter:label2\" content=\"Gesch\u00e4tzte Lesezeit\" \/>\n\t<meta name=\"twitter:data2\" content=\"2\u00a0Minuten\" \/>\n<script type=\"application\/ld+json\" class=\"yoast-schema-graph\">{\"@context\":\"https:\/\/schema.org\",\"@graph\":[{\"@type\":\"WebPage\",\"@id\":\"https:\/\/blog.zeit.de\/autopapst\/2007\/06\/26\/umweltzone-in-koln-keine-chance-fur-alte-autos-vorerst-wenigstens\/\",\"url\":\"https:\/\/blog.zeit.de\/autopapst\/2007\/06\/26\/umweltzone-in-koln-keine-chance-fur-alte-autos-vorerst-wenigstens\/\",\"name\":\"Umweltzone in K\u00f6ln: Keine Chance f\u00fcr alte Autos - vorerst wenigstens.... - Autopapst\",\"isPartOf\":{\"@id\":\"https:\/\/blog.zeit.de\/autopapst\/#website\"},\"datePublished\":\"2007-06-26T14:18:50+00:00\",\"dateModified\":\"2007-06-26T14:18:50+00:00\",\"author\":{\"@id\":\"https:\/\/blog.zeit.de\/autopapst\/#\/schema\/person\/619b624a76def39c8e9ade4254e36ca6\"},\"breadcrumb\":{\"@id\":\"https:\/\/blog.zeit.de\/autopapst\/2007\/06\/26\/umweltzone-in-koln-keine-chance-fur-alte-autos-vorerst-wenigstens\/#breadcrumb\"},\"inLanguage\":\"de\",\"potentialAction\":[{\"@type\":\"ReadAction\",\"target\":[\"https:\/\/blog.zeit.de\/autopapst\/2007\/06\/26\/umweltzone-in-koln-keine-chance-fur-alte-autos-vorerst-wenigstens\/\"]}]},{\"@type\":\"BreadcrumbList\",\"@id\":\"https:\/\/blog.zeit.de\/autopapst\/2007\/06\/26\/umweltzone-in-koln-keine-chance-fur-alte-autos-vorerst-wenigstens\/#breadcrumb\",\"itemListElement\":[{\"@type\":\"ListItem\",\"position\":1,\"name\":\"Startseite\",\"item\":\"https:\/\/blog.zeit.de\/autopapst\/\"},{\"@type\":\"ListItem\",\"position\":2,\"name\":\"Umweltzone in K\u00f6ln: Keine Chance f\u00fcr alte Autos &#8211; vorerst wenigstens&#8230;.\"}]},{\"@type\":\"WebSite\",\"@id\":\"https:\/\/blog.zeit.de\/autopapst\/#website\",\"url\":\"https:\/\/blog.zeit.de\/autopapst\/\",\"name\":\"Autopapst\",\"description\":\"Fragen und Antworten rund um das Thema Auto\",\"potentialAction\":[{\"@type\":\"SearchAction\",\"target\":{\"@type\":\"EntryPoint\",\"urlTemplate\":\"https:\/\/blog.zeit.de\/autopapst\/?s={search_term_string}\"},\"query-input\":\"required name=search_term_string\"}],\"inLanguage\":\"de\"},{\"@type\":\"Person\",\"@id\":\"https:\/\/blog.zeit.de\/autopapst\/#\/schema\/person\/619b624a76def39c8e9ade4254e36ca6\",\"name\":\"Autopapst\",\"image\":{\"@type\":\"ImageObject\",\"inLanguage\":\"de\",\"@id\":\"https:\/\/blog.zeit.de\/autopapst\/#\/schema\/person\/image\/\",\"url\":\"https:\/\/secure.gravatar.com\/avatar\/a2a1ae183033f4d42f31c9a0fc6dca8d88deeaf7546fb304993bc73edd8da9de?s=96&d=mm&r=g\",\"contentUrl\":\"https:\/\/secure.gravatar.com\/avatar\/a2a1ae183033f4d42f31c9a0fc6dca8d88deeaf7546fb304993bc73edd8da9de?s=96&d=mm&r=g\",\"caption\":\"Autopapst\"},\"url\":\"https:\/\/blog.zeit.de\/autopapst\/author\/autopapst\/\"}]}<\/script>\n<!-- \/ Yoast SEO plugin. -->","yoast_head_json":{"title":"Umweltzone in K\u00f6ln: Keine Chance f\u00fcr alte Autos - vorerst wenigstens.... - Autopapst","robots":{"index":"index","follow":"follow","max-snippet":"max-snippet:-1","max-image-preview":"max-image-preview:large","max-video-preview":"max-video-preview:-1"},"canonical":"https:\/\/blog.zeit.de\/autopapst\/2007\/06\/26\/umweltzone-in-koln-keine-chance-fur-alte-autos-vorerst-wenigstens\/","og_locale":"de_DE","og_type":"article","og_title":"Umweltzone in K\u00f6ln: Keine Chance f\u00fcr alte Autos - vorerst wenigstens.... - Autopapst","og_description":"Sch\u00f6nen guten Tag, Autopapst! Im Januar 2008 sollen in K\u00f6ln Umweltzonen eingerichtet werden. Ich fahre einen Fiat Fiorino 127 Baujahr 1986 (Benziner 1,05l 37 kw). Das Auto hat keinen Kat., erf\u00fcllt selbstverst\u00e4ndlich keine wie auch immer geartete Abgasnorm und erh\u00e4lt im jetzigen Zustand keine wie auch immer gef\u00e4rbte Umweltzonen-Plakette. Ich wohne in der K\u00f6lner Innenstadt, [&hellip;]","og_url":"https:\/\/blog.zeit.de\/autopapst\/2007\/06\/26\/umweltzone-in-koln-keine-chance-fur-alte-autos-vorerst-wenigstens\/","og_site_name":"Autopapst","article_published_time":"2007-06-26T14:18:50+00:00","author":"Autopapst","twitter_card":"summary_large_image","twitter_misc":{"Geschrieben von":"Autopapst","Gesch\u00e4tzte Lesezeit":"2\u00a0Minuten"},"schema":{"@context":"https:\/\/schema.org","@graph":[{"@type":"WebPage","@id":"https:\/\/blog.zeit.de\/autopapst\/2007\/06\/26\/umweltzone-in-koln-keine-chance-fur-alte-autos-vorerst-wenigstens\/","url":"https:\/\/blog.zeit.de\/autopapst\/2007\/06\/26\/umweltzone-in-koln-keine-chance-fur-alte-autos-vorerst-wenigstens\/","name":"Umweltzone in K\u00f6ln: Keine Chance f\u00fcr alte Autos - vorerst wenigstens.... - Autopapst","isPartOf":{"@id":"https:\/\/blog.zeit.de\/autopapst\/#website"},"datePublished":"2007-06-26T14:18:50+00:00","dateModified":"2007-06-26T14:18:50+00:00","author":{"@id":"https:\/\/blog.zeit.de\/autopapst\/#\/schema\/person\/619b624a76def39c8e9ade4254e36ca6"},"breadcrumb":{"@id":"https:\/\/blog.zeit.de\/autopapst\/2007\/06\/26\/umweltzone-in-koln-keine-chance-fur-alte-autos-vorerst-wenigstens\/#breadcrumb"},"inLanguage":"de","potentialAction":[{"@type":"ReadAction","target":["https:\/\/blog.zeit.de\/autopapst\/2007\/06\/26\/umweltzone-in-koln-keine-chance-fur-alte-autos-vorerst-wenigstens\/"]}]},{"@type":"BreadcrumbList","@id":"https:\/\/blog.zeit.de\/autopapst\/2007\/06\/26\/umweltzone-in-koln-keine-chance-fur-alte-autos-vorerst-wenigstens\/#breadcrumb","itemListElement":[{"@type":"ListItem","position":1,"name":"Startseite","item":"https:\/\/blog.zeit.de\/autopapst\/"},{"@type":"ListItem","position":2,"name":"Umweltzone in K\u00f6ln: Keine Chance f\u00fcr alte Autos &#8211; vorerst wenigstens&#8230;."}]},{"@type":"WebSite","@id":"https:\/\/blog.zeit.de\/autopapst\/#website","url":"https:\/\/blog.zeit.de\/autopapst\/","name":"Autopapst","description":"Fragen und Antworten rund um das Thema Auto","potentialAction":[{"@type":"SearchAction","target":{"@type":"EntryPoint","urlTemplate":"https:\/\/blog.zeit.de\/autopapst\/?s={search_term_string}"},"query-input":"required name=search_term_string"}],"inLanguage":"de"},{"@type":"Person","@id":"https:\/\/blog.zeit.de\/autopapst\/#\/schema\/person\/619b624a76def39c8e9ade4254e36ca6","name":"Autopapst","image":{"@type":"ImageObject","inLanguage":"de","@id":"https:\/\/blog.zeit.de\/autopapst\/#\/schema\/person\/image\/","url":"https:\/\/secure.gravatar.com\/avatar\/a2a1ae183033f4d42f31c9a0fc6dca8d88deeaf7546fb304993bc73edd8da9de?s=96&d=mm&r=g","contentUrl":"https:\/\/secure.gravatar.com\/avatar\/a2a1ae183033f4d42f31c9a0fc6dca8d88deeaf7546fb304993bc73edd8da9de?s=96&d=mm&r=g","caption":"Autopapst"},"url":"https:\/\/blog.zeit.de\/autopapst\/author\/autopapst\/"}]}},"jetpack_featured_media_url":"","_links":{"self":[{"href":"https:\/\/blog.zeit.de\/autopapst\/wp-json\/wp\/v2\/posts\/167","targetHints":{"allow":["GET"]}}],"collection":[{"href":"https:\/\/blog.zeit.de\/autopapst\/wp-json\/wp\/v2\/posts"}],"about":[{"href":"https:\/\/blog.zeit.de\/autopapst\/wp-json\/wp\/v2\/types\/post"}],"author":[{"embeddable":true,"href":"https:\/\/blog.zeit.de\/autopapst\/wp-json\/wp\/v2\/users\/46"}],"replies":[{"embeddable":true,"href":"https:\/\/blog.zeit.de\/autopapst\/wp-json\/wp\/v2\/comments?post=167"}],"version-history":[{"count":0,"href":"https:\/\/blog.zeit.de\/autopapst\/wp-json\/wp\/v2\/posts\/167\/revisions"}],"wp:attachment":[{"href":"https:\/\/blog.zeit.de\/autopapst\/wp-json\/wp\/v2\/media?parent=167"}],"wp:term":[{"taxonomy":"category","embeddable":true,"href":"https:\/\/blog.zeit.de\/autopapst\/wp-json\/wp\/v2\/categories?post=167"},{"taxonomy":"post_tag","embeddable":true,"href":"https:\/\/blog.zeit.de\/autopapst\/wp-json\/wp\/v2\/tags?post=167"}],"curies":[{"name":"wp","href":"https:\/\/api.w.org\/{rel}","templated":true}]}}