{"id":10,"date":"2005-10-19T15:49:34","date_gmt":"2005-10-19T13:49:34","guid":{"rendered":"http:\/\/blog.zeit.de\/berlinjournal\/?p=10"},"modified":"2005-10-19T15:49:34","modified_gmt":"2005-10-19T13:49:34","slug":"heuschreckenwetter","status":"publish","type":"post","link":"https:\/\/blog.zeit.de\/berlinjournal\/?p=10","title":{"rendered":"Heuschreckenwetter"},"content":{"rendered":"<p>Seit einigen Tagen ist es <em>das <\/em>Thema unter Berliner Journalisten: Der m\u00f6gliche Verkauf des Berliner Verlags an eine britische Investorengruppe unter der Leitung des nordirischen Finanzinvestors David Montgomery, der sich bislang durch seine ignoranten \u00c4u\u00dferungen \u00fcber den Berliner Zeitungsmarkt nicht viele Freunde gemacht hat.<\/p>\n<p>M\u00fcnteferings Bonmot \u00fcber die kapitalistischen Heuschrecken kommt nun zu sp\u00e4ten Ehren und Uwe Vork\u00f6tter, Chefredakteur der Berliner Zeitung, dem Flaggschiff des Berliner Verlags, macht sich auf der Seite Drei seines eigenen Blattes daf\u00fcr stark, dass der Berliner Verlag nicht an die Briten verkauft werden soll. Es wurde viel diskutiert in den letzten Tagen, auch hier in der Redaktion. Nun ist es aber auch so, dass ich direkt um die Ecke des Berliner Verlags wohne und t\u00e4glich mit dem Fahrrad vor dessen Haupteingang vorbeifahre.<\/p>\n<p>Gestern Abend ist mir schon das gro\u00dfe Schild direkt neben dem Eingang mit der durchgestrichenen Heuschrecke darauf aufgefallen. Heute zeigten die Mitarbeiter des Verlags noch einmal ihre k\u00e4mpferische Haltung: Sie gingen vor ihrem eigenen Haus demonstrieren, ich kam mit meinem Fahrrad fast nicht mehr an den Kollegen vorbei. \u201eWe are not amused\u201c war unter anderem auf den Schildern zu lesen. Den Adressaten, Herrn Montgomery, wird das wohl wenig interessieren. Das hat diese Demonstration mit fast allen der rund 2.500 Demonstrationen, die in Berlin pro Jahr stattfinden, gemeinsam. Aber die Demohauptstadt Berlin wird sicherlich  ein andermal Thema sein.<\/p>\n<p><em>Falko M\u00fcller<\/em><\/p>\n","protected":false},"excerpt":{"rendered":"<p>Seit einigen Tagen ist es das Thema unter Berliner Journalisten: Der m\u00f6gliche Verkauf des Berliner Verlags an eine britische Investorengruppe unter der Leitung des nordirischen Finanzinvestors David Montgomery<\/p>\n","protected":false},"author":49,"featured_media":0,"comment_status":"closed","ping_status":"closed","sticky":false,"template":"","format":"standard","meta":{"footnotes":""},"categories":[150],"tags":[],"class_list":["post-10","post","type-post","status-publish","format-standard","hentry","category-aus-der-hauptstadt"],"yoast_head":"<!-- This site is optimized with the Yoast SEO plugin v21.0 - https:\/\/yoast.com\/wordpress\/plugins\/seo\/ -->\n<title>Heuschreckenwetter - Berlin-Journal<\/title>\n<meta name=\"robots\" content=\"index, follow, max-snippet:-1, max-image-preview:large, max-video-preview:-1\" \/>\n<link rel=\"canonical\" href=\"https:\/\/blog.zeit.de\/berlinjournal\/?p=10\" \/>\n<meta property=\"og:locale\" content=\"de_DE\" \/>\n<meta property=\"og:type\" content=\"article\" \/>\n<meta property=\"og:title\" content=\"Heuschreckenwetter - Berlin-Journal\" \/>\n<meta property=\"og:description\" content=\"Seit einigen Tagen ist es das Thema unter Berliner Journalisten: Der m\u00f6gliche Verkauf des Berliner Verlags an eine britische Investorengruppe unter der Leitung des nordirischen Finanzinvestors David Montgomery\" \/>\n<meta property=\"og:url\" content=\"https:\/\/blog.zeit.de\/berlinjournal\/?p=10\" \/>\n<meta property=\"og:site_name\" content=\"Berlin-Journal\" \/>\n<meta property=\"article:published_time\" content=\"2005-10-19T13:49:34+00:00\" \/>\n<meta name=\"author\" content=\"berliner\" \/>\n<meta name=\"twitter:card\" content=\"summary_large_image\" \/>\n<meta name=\"twitter:label1\" content=\"Geschrieben von\" \/>\n\t<meta name=\"twitter:data1\" content=\"berliner\" \/>\n\t<meta name=\"twitter:label2\" content=\"Gesch\u00e4tzte Lesezeit\" \/>\n\t<meta name=\"twitter:data2\" content=\"1\u00a0Minute\" \/>\n<script type=\"application\/ld+json\" class=\"yoast-schema-graph\">{\"@context\":\"https:\/\/schema.org\",\"@graph\":[{\"@type\":\"WebPage\",\"@id\":\"https:\/\/blog.zeit.de\/berlinjournal\/?p=10\",\"url\":\"https:\/\/blog.zeit.de\/berlinjournal\/?p=10\",\"name\":\"Heuschreckenwetter - Berlin-Journal\",\"isPartOf\":{\"@id\":\"https:\/\/blog.zeit.de\/berlinjournal\/#website\"},\"datePublished\":\"2005-10-19T13:49:34+00:00\",\"dateModified\":\"2005-10-19T13:49:34+00:00\",\"author\":{\"@id\":\"https:\/\/blog.zeit.de\/berlinjournal\/#\/schema\/person\/7de0632ea4090a35af0dc17cec68dd94\"},\"breadcrumb\":{\"@id\":\"https:\/\/blog.zeit.de\/berlinjournal\/?p=10#breadcrumb\"},\"inLanguage\":\"de\",\"potentialAction\":[{\"@type\":\"ReadAction\",\"target\":[\"https:\/\/blog.zeit.de\/berlinjournal\/?p=10\"]}]},{\"@type\":\"BreadcrumbList\",\"@id\":\"https:\/\/blog.zeit.de\/berlinjournal\/?p=10#breadcrumb\",\"itemListElement\":[{\"@type\":\"ListItem\",\"position\":1,\"name\":\"Startseite\",\"item\":\"https:\/\/blog.zeit.de\/berlinjournal\"},{\"@type\":\"ListItem\",\"position\":2,\"name\":\"Heuschreckenwetter\"}]},{\"@type\":\"WebSite\",\"@id\":\"https:\/\/blog.zeit.de\/berlinjournal\/#website\",\"url\":\"https:\/\/blog.zeit.de\/berlinjournal\/\",\"name\":\"Berlin-Journal\",\"description\":\"Der B\u00e4r groovt!\",\"potentialAction\":[{\"@type\":\"SearchAction\",\"target\":{\"@type\":\"EntryPoint\",\"urlTemplate\":\"https:\/\/blog.zeit.de\/berlinjournal\/?s={search_term_string}\"},\"query-input\":\"required name=search_term_string\"}],\"inLanguage\":\"de\"},{\"@type\":\"Person\",\"@id\":\"https:\/\/blog.zeit.de\/berlinjournal\/#\/schema\/person\/7de0632ea4090a35af0dc17cec68dd94\",\"name\":\"berliner\",\"image\":{\"@type\":\"ImageObject\",\"inLanguage\":\"de\",\"@id\":\"https:\/\/blog.zeit.de\/berlinjournal\/#\/schema\/person\/image\/\",\"url\":\"https:\/\/secure.gravatar.com\/avatar\/?s=96&d=mm&r=g\",\"contentUrl\":\"https:\/\/secure.gravatar.com\/avatar\/?s=96&d=mm&r=g\",\"caption\":\"berliner\"},\"url\":\"https:\/\/blog.zeit.de\/berlinjournal\/?author=49\"}]}<\/script>\n<!-- \/ Yoast SEO plugin. -->","yoast_head_json":{"title":"Heuschreckenwetter - Berlin-Journal","robots":{"index":"index","follow":"follow","max-snippet":"max-snippet:-1","max-image-preview":"max-image-preview:large","max-video-preview":"max-video-preview:-1"},"canonical":"https:\/\/blog.zeit.de\/berlinjournal\/?p=10","og_locale":"de_DE","og_type":"article","og_title":"Heuschreckenwetter - Berlin-Journal","og_description":"Seit einigen Tagen ist es das Thema unter Berliner Journalisten: Der m\u00f6gliche Verkauf des Berliner Verlags an eine britische Investorengruppe unter der Leitung des nordirischen Finanzinvestors David Montgomery","og_url":"https:\/\/blog.zeit.de\/berlinjournal\/?p=10","og_site_name":"Berlin-Journal","article_published_time":"2005-10-19T13:49:34+00:00","author":"berliner","twitter_card":"summary_large_image","twitter_misc":{"Geschrieben von":"berliner","Gesch\u00e4tzte Lesezeit":"1\u00a0Minute"},"schema":{"@context":"https:\/\/schema.org","@graph":[{"@type":"WebPage","@id":"https:\/\/blog.zeit.de\/berlinjournal\/?p=10","url":"https:\/\/blog.zeit.de\/berlinjournal\/?p=10","name":"Heuschreckenwetter - Berlin-Journal","isPartOf":{"@id":"https:\/\/blog.zeit.de\/berlinjournal\/#website"},"datePublished":"2005-10-19T13:49:34+00:00","dateModified":"2005-10-19T13:49:34+00:00","author":{"@id":"https:\/\/blog.zeit.de\/berlinjournal\/#\/schema\/person\/7de0632ea4090a35af0dc17cec68dd94"},"breadcrumb":{"@id":"https:\/\/blog.zeit.de\/berlinjournal\/?p=10#breadcrumb"},"inLanguage":"de","potentialAction":[{"@type":"ReadAction","target":["https:\/\/blog.zeit.de\/berlinjournal\/?p=10"]}]},{"@type":"BreadcrumbList","@id":"https:\/\/blog.zeit.de\/berlinjournal\/?p=10#breadcrumb","itemListElement":[{"@type":"ListItem","position":1,"name":"Startseite","item":"https:\/\/blog.zeit.de\/berlinjournal"},{"@type":"ListItem","position":2,"name":"Heuschreckenwetter"}]},{"@type":"WebSite","@id":"https:\/\/blog.zeit.de\/berlinjournal\/#website","url":"https:\/\/blog.zeit.de\/berlinjournal\/","name":"Berlin-Journal","description":"Der B\u00e4r groovt!","potentialAction":[{"@type":"SearchAction","target":{"@type":"EntryPoint","urlTemplate":"https:\/\/blog.zeit.de\/berlinjournal\/?s={search_term_string}"},"query-input":"required name=search_term_string"}],"inLanguage":"de"},{"@type":"Person","@id":"https:\/\/blog.zeit.de\/berlinjournal\/#\/schema\/person\/7de0632ea4090a35af0dc17cec68dd94","name":"berliner","image":{"@type":"ImageObject","inLanguage":"de","@id":"https:\/\/blog.zeit.de\/berlinjournal\/#\/schema\/person\/image\/","url":"https:\/\/secure.gravatar.com\/avatar\/?s=96&d=mm&r=g","contentUrl":"https:\/\/secure.gravatar.com\/avatar\/?s=96&d=mm&r=g","caption":"berliner"},"url":"https:\/\/blog.zeit.de\/berlinjournal\/?author=49"}]}},"jetpack_featured_media_url":"","_links":{"self":[{"href":"https:\/\/blog.zeit.de\/berlinjournal\/index.php?rest_route=\/wp\/v2\/posts\/10","targetHints":{"allow":["GET"]}}],"collection":[{"href":"https:\/\/blog.zeit.de\/berlinjournal\/index.php?rest_route=\/wp\/v2\/posts"}],"about":[{"href":"https:\/\/blog.zeit.de\/berlinjournal\/index.php?rest_route=\/wp\/v2\/types\/post"}],"author":[{"embeddable":true,"href":"https:\/\/blog.zeit.de\/berlinjournal\/index.php?rest_route=\/wp\/v2\/users\/49"}],"replies":[{"embeddable":true,"href":"https:\/\/blog.zeit.de\/berlinjournal\/index.php?rest_route=%2Fwp%2Fv2%2Fcomments&post=10"}],"version-history":[{"count":0,"href":"https:\/\/blog.zeit.de\/berlinjournal\/index.php?rest_route=\/wp\/v2\/posts\/10\/revisions"}],"wp:attachment":[{"href":"https:\/\/blog.zeit.de\/berlinjournal\/index.php?rest_route=%2Fwp%2Fv2%2Fmedia&parent=10"}],"wp:term":[{"taxonomy":"category","embeddable":true,"href":"https:\/\/blog.zeit.de\/berlinjournal\/index.php?rest_route=%2Fwp%2Fv2%2Fcategories&post=10"},{"taxonomy":"post_tag","embeddable":true,"href":"https:\/\/blog.zeit.de\/berlinjournal\/index.php?rest_route=%2Fwp%2Fv2%2Ftags&post=10"}],"curies":[{"name":"wp","href":"https:\/\/api.w.org\/{rel}","templated":true}]}}