{"id":148,"date":"2006-04-03T23:32:50","date_gmt":"2006-04-03T21:32:50","guid":{"rendered":"http:\/\/blog.zeit.de\/berlinjournal\/?p=148"},"modified":"2006-04-03T23:32:50","modified_gmt":"2006-04-03T21:32:50","slug":"von-wegen-amtsschimmel","status":"publish","type":"post","link":"https:\/\/blog.zeit.de\/berlinjournal\/?p=148","title":{"rendered":"Von wegen Amtsschimmel"},"content":{"rendered":"<p>Es wird ja sehr gerne gemeckert \u00fcber die Berliner \u00c4mter. Ewiges Warten in zugigen, zugequarzten Fluren, somnambule Verwaltungsmitarbeiter, insgesamt dumpf-s\u00e4uerliche Amtsschimmeley. Doch es gibt auch Lichtblicke.<\/p>\n<p>Neulich erwarb ich in Neuk\u00f6lln ein Lahmacun (t\u00fcrkische Pizza). Zu sp\u00e4t, n\u00e4mlich bereits nach Aufgeben der Bestellung, stellte ich fest, dass der Imbiss, in dem ich stand, in extremem Ma\u00df unappetitlich war. Nun bin ich sicherlich alles andere als Etepetete, ich gehe auch ohne zu klagen auf die Toilette im Kumpelnest, aber was ich in diesem Imbiss sah, war mehr als fies: In der K\u00fchlvitrine vergammelte Fleischbatzen, bei einer der Saucen flockte Joghurt aus -&gt; es war nicht unappetitlich, es war gesundheitsgef\u00e4hrlich.<\/p>\n<p>Ich dachte, schreibste mal eine E-mail an das zust\u00e4ndige <a href=\"http:\/\/www.berlin.de\/verwaltungsfuehrer\/veterinaer-lebensmittelaufsichtsaemter\/index.html\">Veterin\u00e4r- und Lebensmittelaufsichtsamt<\/a>. Und siehe da: Ich bekam gleich am n\u00e4chsten Tag eine Antwort, man danke f\u00fcr meinen Hinweis und werde dem nachgehen. Einen weiteren Tag sp\u00e4ter erhielt ich eine erneute R\u00fcckmeldung: Der Betrieb war sofort \u00fcberpr\u00fcft worden, man teilte mir sogar das Untersuchungsergebnis mit.<\/p>\n<p>Zwei E-Mails! Von einem Berliner Amt! Das ist so sch\u00f6n, dass es einen fast r\u00fchrt.<\/p>\n","protected":false},"excerpt":{"rendered":"<p>Es wird ja sehr gerne gemeckert \u00fcber die Berliner \u00c4mter. Ewiges Warten in zugigen, zugequarzten Fluren, somnambule Verwaltungsmitarbeiter, insgesamt dumpf-s\u00e4uerliche Amtsschimmeley. Doch es gibt auch Lichtblicke. Neulich erwarb ich in Neuk\u00f6lln ein Lahmacun (t\u00fcrkische Pizza). Zu sp\u00e4t, n\u00e4mlich bereits nach Aufgeben der Bestellung, stellte ich fest, dass der Imbiss, in dem ich stand, in extremem [&hellip;]<\/p>\n","protected":false},"author":48,"featured_media":0,"comment_status":"closed","ping_status":"closed","sticky":false,"template":"","format":"standard","meta":{"footnotes":""},"categories":[144],"tags":[],"class_list":["post-148","post","type-post","status-publish","format-standard","hentry","category-lustige-mitmachspiele"],"yoast_head":"<!-- This site is optimized with the Yoast SEO plugin v21.0 - https:\/\/yoast.com\/wordpress\/plugins\/seo\/ -->\n<title>Von wegen Amtsschimmel - Berlin-Journal<\/title>\n<meta name=\"robots\" content=\"index, follow, max-snippet:-1, max-image-preview:large, max-video-preview:-1\" \/>\n<link rel=\"canonical\" href=\"https:\/\/blog.zeit.de\/berlinjournal\/?p=148\" \/>\n<meta property=\"og:locale\" content=\"de_DE\" \/>\n<meta property=\"og:type\" content=\"article\" \/>\n<meta property=\"og:title\" content=\"Von wegen Amtsschimmel - Berlin-Journal\" \/>\n<meta property=\"og:description\" content=\"Es wird ja sehr gerne gemeckert \u00fcber die Berliner \u00c4mter. Ewiges Warten in zugigen, zugequarzten Fluren, somnambule Verwaltungsmitarbeiter, insgesamt dumpf-s\u00e4uerliche Amtsschimmeley. Doch es gibt auch Lichtblicke. Neulich erwarb ich in Neuk\u00f6lln ein Lahmacun (t\u00fcrkische Pizza). Zu sp\u00e4t, n\u00e4mlich bereits nach Aufgeben der Bestellung, stellte ich fest, dass der Imbiss, in dem ich stand, in extremem [&hellip;]\" \/>\n<meta property=\"og:url\" content=\"https:\/\/blog.zeit.de\/berlinjournal\/?p=148\" \/>\n<meta property=\"og:site_name\" content=\"Berlin-Journal\" \/>\n<meta property=\"article:published_time\" content=\"2006-04-03T21:32:50+00:00\" \/>\n<meta name=\"author\" content=\"jochen.reinecke\" \/>\n<meta name=\"twitter:card\" content=\"summary_large_image\" \/>\n<meta name=\"twitter:label1\" content=\"Geschrieben von\" \/>\n\t<meta name=\"twitter:data1\" content=\"jochen.reinecke\" \/>\n\t<meta name=\"twitter:label2\" content=\"Gesch\u00e4tzte Lesezeit\" \/>\n\t<meta name=\"twitter:data2\" content=\"1\u00a0Minute\" \/>\n<script type=\"application\/ld+json\" class=\"yoast-schema-graph\">{\"@context\":\"https:\/\/schema.org\",\"@graph\":[{\"@type\":\"WebPage\",\"@id\":\"https:\/\/blog.zeit.de\/berlinjournal\/?p=148\",\"url\":\"https:\/\/blog.zeit.de\/berlinjournal\/?p=148\",\"name\":\"Von wegen Amtsschimmel - Berlin-Journal\",\"isPartOf\":{\"@id\":\"https:\/\/blog.zeit.de\/berlinjournal\/#website\"},\"datePublished\":\"2006-04-03T21:32:50+00:00\",\"dateModified\":\"2006-04-03T21:32:50+00:00\",\"author\":{\"@id\":\"https:\/\/blog.zeit.de\/berlinjournal\/#\/schema\/person\/579a122047754c410b6b5a9e1bdebd6a\"},\"breadcrumb\":{\"@id\":\"https:\/\/blog.zeit.de\/berlinjournal\/?p=148#breadcrumb\"},\"inLanguage\":\"de\",\"potentialAction\":[{\"@type\":\"ReadAction\",\"target\":[\"https:\/\/blog.zeit.de\/berlinjournal\/?p=148\"]}]},{\"@type\":\"BreadcrumbList\",\"@id\":\"https:\/\/blog.zeit.de\/berlinjournal\/?p=148#breadcrumb\",\"itemListElement\":[{\"@type\":\"ListItem\",\"position\":1,\"name\":\"Startseite\",\"item\":\"https:\/\/blog.zeit.de\/berlinjournal\"},{\"@type\":\"ListItem\",\"position\":2,\"name\":\"Von wegen Amtsschimmel\"}]},{\"@type\":\"WebSite\",\"@id\":\"https:\/\/blog.zeit.de\/berlinjournal\/#website\",\"url\":\"https:\/\/blog.zeit.de\/berlinjournal\/\",\"name\":\"Berlin-Journal\",\"description\":\"Der B\u00e4r groovt!\",\"potentialAction\":[{\"@type\":\"SearchAction\",\"target\":{\"@type\":\"EntryPoint\",\"urlTemplate\":\"https:\/\/blog.zeit.de\/berlinjournal\/?s={search_term_string}\"},\"query-input\":\"required name=search_term_string\"}],\"inLanguage\":\"de\"},{\"@type\":\"Person\",\"@id\":\"https:\/\/blog.zeit.de\/berlinjournal\/#\/schema\/person\/579a122047754c410b6b5a9e1bdebd6a\",\"name\":\"jochen.reinecke\",\"image\":{\"@type\":\"ImageObject\",\"inLanguage\":\"de\",\"@id\":\"https:\/\/blog.zeit.de\/berlinjournal\/#\/schema\/person\/image\/\",\"url\":\"https:\/\/secure.gravatar.com\/avatar\/?s=96&d=mm&r=g\",\"contentUrl\":\"https:\/\/secure.gravatar.com\/avatar\/?s=96&d=mm&r=g\",\"caption\":\"jochen.reinecke\"},\"url\":\"https:\/\/blog.zeit.de\/berlinjournal\/?author=48\"}]}<\/script>\n<!-- \/ Yoast SEO plugin. -->","yoast_head_json":{"title":"Von wegen Amtsschimmel - Berlin-Journal","robots":{"index":"index","follow":"follow","max-snippet":"max-snippet:-1","max-image-preview":"max-image-preview:large","max-video-preview":"max-video-preview:-1"},"canonical":"https:\/\/blog.zeit.de\/berlinjournal\/?p=148","og_locale":"de_DE","og_type":"article","og_title":"Von wegen Amtsschimmel - Berlin-Journal","og_description":"Es wird ja sehr gerne gemeckert \u00fcber die Berliner \u00c4mter. Ewiges Warten in zugigen, zugequarzten Fluren, somnambule Verwaltungsmitarbeiter, insgesamt dumpf-s\u00e4uerliche Amtsschimmeley. Doch es gibt auch Lichtblicke. Neulich erwarb ich in Neuk\u00f6lln ein Lahmacun (t\u00fcrkische Pizza). Zu sp\u00e4t, n\u00e4mlich bereits nach Aufgeben der Bestellung, stellte ich fest, dass der Imbiss, in dem ich stand, in extremem [&hellip;]","og_url":"https:\/\/blog.zeit.de\/berlinjournal\/?p=148","og_site_name":"Berlin-Journal","article_published_time":"2006-04-03T21:32:50+00:00","author":"jochen.reinecke","twitter_card":"summary_large_image","twitter_misc":{"Geschrieben von":"jochen.reinecke","Gesch\u00e4tzte Lesezeit":"1\u00a0Minute"},"schema":{"@context":"https:\/\/schema.org","@graph":[{"@type":"WebPage","@id":"https:\/\/blog.zeit.de\/berlinjournal\/?p=148","url":"https:\/\/blog.zeit.de\/berlinjournal\/?p=148","name":"Von wegen Amtsschimmel - Berlin-Journal","isPartOf":{"@id":"https:\/\/blog.zeit.de\/berlinjournal\/#website"},"datePublished":"2006-04-03T21:32:50+00:00","dateModified":"2006-04-03T21:32:50+00:00","author":{"@id":"https:\/\/blog.zeit.de\/berlinjournal\/#\/schema\/person\/579a122047754c410b6b5a9e1bdebd6a"},"breadcrumb":{"@id":"https:\/\/blog.zeit.de\/berlinjournal\/?p=148#breadcrumb"},"inLanguage":"de","potentialAction":[{"@type":"ReadAction","target":["https:\/\/blog.zeit.de\/berlinjournal\/?p=148"]}]},{"@type":"BreadcrumbList","@id":"https:\/\/blog.zeit.de\/berlinjournal\/?p=148#breadcrumb","itemListElement":[{"@type":"ListItem","position":1,"name":"Startseite","item":"https:\/\/blog.zeit.de\/berlinjournal"},{"@type":"ListItem","position":2,"name":"Von wegen Amtsschimmel"}]},{"@type":"WebSite","@id":"https:\/\/blog.zeit.de\/berlinjournal\/#website","url":"https:\/\/blog.zeit.de\/berlinjournal\/","name":"Berlin-Journal","description":"Der B\u00e4r groovt!","potentialAction":[{"@type":"SearchAction","target":{"@type":"EntryPoint","urlTemplate":"https:\/\/blog.zeit.de\/berlinjournal\/?s={search_term_string}"},"query-input":"required name=search_term_string"}],"inLanguage":"de"},{"@type":"Person","@id":"https:\/\/blog.zeit.de\/berlinjournal\/#\/schema\/person\/579a122047754c410b6b5a9e1bdebd6a","name":"jochen.reinecke","image":{"@type":"ImageObject","inLanguage":"de","@id":"https:\/\/blog.zeit.de\/berlinjournal\/#\/schema\/person\/image\/","url":"https:\/\/secure.gravatar.com\/avatar\/?s=96&d=mm&r=g","contentUrl":"https:\/\/secure.gravatar.com\/avatar\/?s=96&d=mm&r=g","caption":"jochen.reinecke"},"url":"https:\/\/blog.zeit.de\/berlinjournal\/?author=48"}]}},"jetpack_featured_media_url":"","_links":{"self":[{"href":"https:\/\/blog.zeit.de\/berlinjournal\/index.php?rest_route=\/wp\/v2\/posts\/148","targetHints":{"allow":["GET"]}}],"collection":[{"href":"https:\/\/blog.zeit.de\/berlinjournal\/index.php?rest_route=\/wp\/v2\/posts"}],"about":[{"href":"https:\/\/blog.zeit.de\/berlinjournal\/index.php?rest_route=\/wp\/v2\/types\/post"}],"author":[{"embeddable":true,"href":"https:\/\/blog.zeit.de\/berlinjournal\/index.php?rest_route=\/wp\/v2\/users\/48"}],"replies":[{"embeddable":true,"href":"https:\/\/blog.zeit.de\/berlinjournal\/index.php?rest_route=%2Fwp%2Fv2%2Fcomments&post=148"}],"version-history":[{"count":0,"href":"https:\/\/blog.zeit.de\/berlinjournal\/index.php?rest_route=\/wp\/v2\/posts\/148\/revisions"}],"wp:attachment":[{"href":"https:\/\/blog.zeit.de\/berlinjournal\/index.php?rest_route=%2Fwp%2Fv2%2Fmedia&parent=148"}],"wp:term":[{"taxonomy":"category","embeddable":true,"href":"https:\/\/blog.zeit.de\/berlinjournal\/index.php?rest_route=%2Fwp%2Fv2%2Fcategories&post=148"},{"taxonomy":"post_tag","embeddable":true,"href":"https:\/\/blog.zeit.de\/berlinjournal\/index.php?rest_route=%2Fwp%2Fv2%2Ftags&post=148"}],"curies":[{"name":"wp","href":"https:\/\/api.w.org\/{rel}","templated":true}]}}