{"id":204,"date":"2006-10-12T18:11:34","date_gmt":"2006-10-12T16:11:34","guid":{"rendered":"http:\/\/blog.zeit.de\/berlinjournal\/?p=204"},"modified":"2006-10-12T18:11:34","modified_gmt":"2006-10-12T16:11:34","slug":"fur-den-weltfrieden","status":"publish","type":"post","link":"https:\/\/blog.zeit.de\/berlinjournal\/?p=204","title":{"rendered":"F\u00fcr den Weltfrieden"},"content":{"rendered":"<p>Es soll ja Leute geben, die haben so viel Geld, dass sie gar nicht mehr wissen wohin damit. Erstmal ein \u00e4u\u00dferst beneidenswerter Zustand, aber das kann ja auch schnell langweilig werden. Wir wissen nicht, ob es dem Herren Nassiri so ergangen ist, vielleicht ist er auch einfach ein unfassbar guter Mensch. Der amerikanische Multimillion\u00e4r iranischer Herkunft pilgert nun jedenfalls im fortgeschrittenen Alter (64) mit seiner Friedenshymne &#8222;Love sees no colour&#8220; durch die L\u00e4nder dieser Welt und trifft einflussreiche Menschen wie Nelson Mandela oder den Papst.<br \/>\nGerade hat er in \u00c4gypten, Pal\u00e4stina und Israel Teile seines Musikvideos gefilmt, morgen dreht er in Berlin, danach geht es weiter nach Russland, China und in weitere 6 L\u00e4nder. Locations sind symboltr\u00e4chtige Orte wie das Taj Mahal, die gro\u00dfe Mauer oder das Brandenburger Tor. Gemeinsam mit Kindern der verschiedenen Nationen singt er den Refrain seines Liedes in der jeweiligen Landessprache und will so seine Botschaft f\u00fcr den Weltfrieden rund um den Globus schicken.<br \/>\nEin ehrgeiziges Projekt, aber praktischerweise spielt Geld ja keine Rolle. Wer sich das Spektakel anschauen m\u00f6chte, der begebe sich morgen (Freitag) gegen 14:30 unauff\u00e4llig zum Brandenburger Tor.<\/p>\n<p><a href=\"http:\/\/www.nassirimusic.com\/\" target=\"_blank\">Hier<\/a> erkl\u00e4rt Herr Nassiri pers\u00f6nlich seine Vision.<\/p>\n<p>W\u00fcnschen wir uns nicht alle ein bisschen den Weltfrieden?<\/p>\n","protected":false},"excerpt":{"rendered":"<p>Es soll ja Leute geben, die haben so viel Geld, dass sie gar nicht mehr wissen wohin damit. Erstmal ein \u00e4u\u00dferst beneidenswerter Zustand, aber das kann ja auch schnell langweilig werden. Wir wissen nicht, ob es dem Herren Nassiri so ergangen ist, vielleicht ist er auch einfach ein unfassbar guter Mensch. Der amerikanische Multimillion\u00e4r iranischer [&hellip;]<\/p>\n","protected":false},"author":53,"featured_media":0,"comment_status":"closed","ping_status":"closed","sticky":false,"template":"","format":"standard","meta":{"footnotes":""},"categories":[150,141],"tags":[],"class_list":["post-204","post","type-post","status-publish","format-standard","hentry","category-aus-der-hauptstadt","category-durchsagen"],"yoast_head":"<!-- This site is optimized with the Yoast SEO plugin v21.0 - https:\/\/yoast.com\/wordpress\/plugins\/seo\/ -->\n<title>F\u00fcr den Weltfrieden - Berlin-Journal<\/title>\n<meta name=\"robots\" content=\"index, follow, max-snippet:-1, max-image-preview:large, max-video-preview:-1\" \/>\n<link rel=\"canonical\" href=\"https:\/\/blog.zeit.de\/berlinjournal\/?p=204\" \/>\n<meta property=\"og:locale\" content=\"de_DE\" \/>\n<meta property=\"og:type\" content=\"article\" \/>\n<meta property=\"og:title\" content=\"F\u00fcr den Weltfrieden - Berlin-Journal\" \/>\n<meta property=\"og:description\" content=\"Es soll ja Leute geben, die haben so viel Geld, dass sie gar nicht mehr wissen wohin damit. Erstmal ein \u00e4u\u00dferst beneidenswerter Zustand, aber das kann ja auch schnell langweilig werden. Wir wissen nicht, ob es dem Herren Nassiri so ergangen ist, vielleicht ist er auch einfach ein unfassbar guter Mensch. Der amerikanische Multimillion\u00e4r iranischer [&hellip;]\" \/>\n<meta property=\"og:url\" content=\"https:\/\/blog.zeit.de\/berlinjournal\/?p=204\" \/>\n<meta property=\"og:site_name\" content=\"Berlin-Journal\" \/>\n<meta property=\"article:published_time\" content=\"2006-10-12T16:11:34+00:00\" \/>\n<meta name=\"author\" content=\"julia.schoon\" \/>\n<meta name=\"twitter:card\" content=\"summary_large_image\" \/>\n<meta name=\"twitter:label1\" content=\"Geschrieben von\" \/>\n\t<meta name=\"twitter:data1\" content=\"julia.schoon\" \/>\n\t<meta name=\"twitter:label2\" content=\"Gesch\u00e4tzte Lesezeit\" \/>\n\t<meta name=\"twitter:data2\" content=\"1\u00a0Minute\" \/>\n<script type=\"application\/ld+json\" class=\"yoast-schema-graph\">{\"@context\":\"https:\/\/schema.org\",\"@graph\":[{\"@type\":\"WebPage\",\"@id\":\"https:\/\/blog.zeit.de\/berlinjournal\/?p=204\",\"url\":\"https:\/\/blog.zeit.de\/berlinjournal\/?p=204\",\"name\":\"F\u00fcr den Weltfrieden - Berlin-Journal\",\"isPartOf\":{\"@id\":\"https:\/\/blog.zeit.de\/berlinjournal\/#website\"},\"datePublished\":\"2006-10-12T16:11:34+00:00\",\"dateModified\":\"2006-10-12T16:11:34+00:00\",\"author\":{\"@id\":\"https:\/\/blog.zeit.de\/berlinjournal\/#\/schema\/person\/29f92021aec46b898c5209dea01fae0c\"},\"breadcrumb\":{\"@id\":\"https:\/\/blog.zeit.de\/berlinjournal\/?p=204#breadcrumb\"},\"inLanguage\":\"de\",\"potentialAction\":[{\"@type\":\"ReadAction\",\"target\":[\"https:\/\/blog.zeit.de\/berlinjournal\/?p=204\"]}]},{\"@type\":\"BreadcrumbList\",\"@id\":\"https:\/\/blog.zeit.de\/berlinjournal\/?p=204#breadcrumb\",\"itemListElement\":[{\"@type\":\"ListItem\",\"position\":1,\"name\":\"Startseite\",\"item\":\"https:\/\/blog.zeit.de\/berlinjournal\"},{\"@type\":\"ListItem\",\"position\":2,\"name\":\"F\u00fcr den Weltfrieden\"}]},{\"@type\":\"WebSite\",\"@id\":\"https:\/\/blog.zeit.de\/berlinjournal\/#website\",\"url\":\"https:\/\/blog.zeit.de\/berlinjournal\/\",\"name\":\"Berlin-Journal\",\"description\":\"Der B\u00e4r groovt!\",\"potentialAction\":[{\"@type\":\"SearchAction\",\"target\":{\"@type\":\"EntryPoint\",\"urlTemplate\":\"https:\/\/blog.zeit.de\/berlinjournal\/?s={search_term_string}\"},\"query-input\":\"required name=search_term_string\"}],\"inLanguage\":\"de\"},{\"@type\":\"Person\",\"@id\":\"https:\/\/blog.zeit.de\/berlinjournal\/#\/schema\/person\/29f92021aec46b898c5209dea01fae0c\",\"name\":\"julia.schoon\",\"image\":{\"@type\":\"ImageObject\",\"inLanguage\":\"de\",\"@id\":\"https:\/\/blog.zeit.de\/berlinjournal\/#\/schema\/person\/image\/\",\"url\":\"https:\/\/secure.gravatar.com\/avatar\/?s=96&d=mm&r=g\",\"contentUrl\":\"https:\/\/secure.gravatar.com\/avatar\/?s=96&d=mm&r=g\",\"caption\":\"julia.schoon\"},\"url\":\"https:\/\/blog.zeit.de\/berlinjournal\/?author=53\"}]}<\/script>\n<!-- \/ Yoast SEO plugin. -->","yoast_head_json":{"title":"F\u00fcr den Weltfrieden - Berlin-Journal","robots":{"index":"index","follow":"follow","max-snippet":"max-snippet:-1","max-image-preview":"max-image-preview:large","max-video-preview":"max-video-preview:-1"},"canonical":"https:\/\/blog.zeit.de\/berlinjournal\/?p=204","og_locale":"de_DE","og_type":"article","og_title":"F\u00fcr den Weltfrieden - Berlin-Journal","og_description":"Es soll ja Leute geben, die haben so viel Geld, dass sie gar nicht mehr wissen wohin damit. Erstmal ein \u00e4u\u00dferst beneidenswerter Zustand, aber das kann ja auch schnell langweilig werden. Wir wissen nicht, ob es dem Herren Nassiri so ergangen ist, vielleicht ist er auch einfach ein unfassbar guter Mensch. Der amerikanische Multimillion\u00e4r iranischer [&hellip;]","og_url":"https:\/\/blog.zeit.de\/berlinjournal\/?p=204","og_site_name":"Berlin-Journal","article_published_time":"2006-10-12T16:11:34+00:00","author":"julia.schoon","twitter_card":"summary_large_image","twitter_misc":{"Geschrieben von":"julia.schoon","Gesch\u00e4tzte Lesezeit":"1\u00a0Minute"},"schema":{"@context":"https:\/\/schema.org","@graph":[{"@type":"WebPage","@id":"https:\/\/blog.zeit.de\/berlinjournal\/?p=204","url":"https:\/\/blog.zeit.de\/berlinjournal\/?p=204","name":"F\u00fcr den Weltfrieden - Berlin-Journal","isPartOf":{"@id":"https:\/\/blog.zeit.de\/berlinjournal\/#website"},"datePublished":"2006-10-12T16:11:34+00:00","dateModified":"2006-10-12T16:11:34+00:00","author":{"@id":"https:\/\/blog.zeit.de\/berlinjournal\/#\/schema\/person\/29f92021aec46b898c5209dea01fae0c"},"breadcrumb":{"@id":"https:\/\/blog.zeit.de\/berlinjournal\/?p=204#breadcrumb"},"inLanguage":"de","potentialAction":[{"@type":"ReadAction","target":["https:\/\/blog.zeit.de\/berlinjournal\/?p=204"]}]},{"@type":"BreadcrumbList","@id":"https:\/\/blog.zeit.de\/berlinjournal\/?p=204#breadcrumb","itemListElement":[{"@type":"ListItem","position":1,"name":"Startseite","item":"https:\/\/blog.zeit.de\/berlinjournal"},{"@type":"ListItem","position":2,"name":"F\u00fcr den Weltfrieden"}]},{"@type":"WebSite","@id":"https:\/\/blog.zeit.de\/berlinjournal\/#website","url":"https:\/\/blog.zeit.de\/berlinjournal\/","name":"Berlin-Journal","description":"Der B\u00e4r groovt!","potentialAction":[{"@type":"SearchAction","target":{"@type":"EntryPoint","urlTemplate":"https:\/\/blog.zeit.de\/berlinjournal\/?s={search_term_string}"},"query-input":"required name=search_term_string"}],"inLanguage":"de"},{"@type":"Person","@id":"https:\/\/blog.zeit.de\/berlinjournal\/#\/schema\/person\/29f92021aec46b898c5209dea01fae0c","name":"julia.schoon","image":{"@type":"ImageObject","inLanguage":"de","@id":"https:\/\/blog.zeit.de\/berlinjournal\/#\/schema\/person\/image\/","url":"https:\/\/secure.gravatar.com\/avatar\/?s=96&d=mm&r=g","contentUrl":"https:\/\/secure.gravatar.com\/avatar\/?s=96&d=mm&r=g","caption":"julia.schoon"},"url":"https:\/\/blog.zeit.de\/berlinjournal\/?author=53"}]}},"jetpack_featured_media_url":"","_links":{"self":[{"href":"https:\/\/blog.zeit.de\/berlinjournal\/index.php?rest_route=\/wp\/v2\/posts\/204","targetHints":{"allow":["GET"]}}],"collection":[{"href":"https:\/\/blog.zeit.de\/berlinjournal\/index.php?rest_route=\/wp\/v2\/posts"}],"about":[{"href":"https:\/\/blog.zeit.de\/berlinjournal\/index.php?rest_route=\/wp\/v2\/types\/post"}],"author":[{"embeddable":true,"href":"https:\/\/blog.zeit.de\/berlinjournal\/index.php?rest_route=\/wp\/v2\/users\/53"}],"replies":[{"embeddable":true,"href":"https:\/\/blog.zeit.de\/berlinjournal\/index.php?rest_route=%2Fwp%2Fv2%2Fcomments&post=204"}],"version-history":[{"count":0,"href":"https:\/\/blog.zeit.de\/berlinjournal\/index.php?rest_route=\/wp\/v2\/posts\/204\/revisions"}],"wp:attachment":[{"href":"https:\/\/blog.zeit.de\/berlinjournal\/index.php?rest_route=%2Fwp%2Fv2%2Fmedia&parent=204"}],"wp:term":[{"taxonomy":"category","embeddable":true,"href":"https:\/\/blog.zeit.de\/berlinjournal\/index.php?rest_route=%2Fwp%2Fv2%2Fcategories&post=204"},{"taxonomy":"post_tag","embeddable":true,"href":"https:\/\/blog.zeit.de\/berlinjournal\/index.php?rest_route=%2Fwp%2Fv2%2Ftags&post=204"}],"curies":[{"name":"wp","href":"https:\/\/api.w.org\/{rel}","templated":true}]}}