{"id":214,"date":"2006-11-03T11:05:02","date_gmt":"2006-11-03T09:05:02","guid":{"rendered":"http:\/\/blog.zeit.de\/berlinjournal\/?p=214"},"modified":"2006-11-03T11:05:02","modified_gmt":"2006-11-03T09:05:02","slug":"paris-aus-schweden-in-berlin","status":"publish","type":"post","link":"https:\/\/blog.zeit.de\/berlinjournal\/?p=214","title":{"rendered":"Paris aus Schweden in Berlin"},"content":{"rendered":"<p>Paris hei\u00dft die Band, aus Stockholm kommen sie und bringen uns gut gelaunten Gitarrenpop mit einem Schuss Synthiesound mit. Auf der kleinen B\u00fchne im kuscheligen Privatclub sind Emma, Annika, Matthias und Johan ganz dicht dran am Publikum, wenn das mal nicht den Novemberblues ratzfatz vertreibt.<\/p>\n<p><a href=\"http:\/\/www.parismusic.se\/media.asp?lang=eng\" target=\"_blank\">&gt;Reinh\u00f6ren!<\/a><\/p>\n<p><em>Paris spielen heute ab 22 Uhr im Privatclub, P\u00fccklerstra\u00dfe 34 (unter dem Weltrestaurant Markthalle), Karten an der Abendkasse f\u00fcr l\u00e4ssige 6 Euro<\/em><\/p>\n<p>Hier geht&#8217;s zur offiziellen Website: <a href=\"http:\/\/www.parismusic.se\/index.asp?lang=eng\" target=\"_blank\">www.parismusic.se<\/a><\/p>\n","protected":false},"excerpt":{"rendered":"<p>Paris hei\u00dft die Band, aus Stockholm kommen sie und bringen uns gut gelaunten Gitarrenpop mit einem Schuss Synthiesound mit. Auf der kleinen B\u00fchne im kuscheligen Privatclub sind Emma, Annika, Matthias und Johan ganz dicht dran am Publikum, wenn das mal nicht den Novemberblues ratzfatz vertreibt. &gt;Reinh\u00f6ren! Paris spielen heute ab 22 Uhr im Privatclub, P\u00fccklerstra\u00dfe [&hellip;]<\/p>\n","protected":false},"author":53,"featured_media":0,"comment_status":"closed","ping_status":"closed","sticky":false,"template":"","format":"standard","meta":{"footnotes":""},"categories":[150,143],"tags":[],"class_list":["post-214","post","type-post","status-publish","format-standard","hentry","category-aus-der-hauptstadt","category-konzertempfehlungen"],"yoast_head":"<!-- This site is optimized with the Yoast SEO plugin v21.0 - https:\/\/yoast.com\/wordpress\/plugins\/seo\/ -->\n<title>Paris aus Schweden in Berlin - Berlin-Journal<\/title>\n<meta name=\"robots\" content=\"index, follow, max-snippet:-1, max-image-preview:large, max-video-preview:-1\" \/>\n<link rel=\"canonical\" href=\"https:\/\/blog.zeit.de\/berlinjournal\/?p=214\" \/>\n<meta property=\"og:locale\" content=\"de_DE\" \/>\n<meta property=\"og:type\" content=\"article\" \/>\n<meta property=\"og:title\" content=\"Paris aus Schweden in Berlin - Berlin-Journal\" \/>\n<meta property=\"og:description\" content=\"Paris hei\u00dft die Band, aus Stockholm kommen sie und bringen uns gut gelaunten Gitarrenpop mit einem Schuss Synthiesound mit. Auf der kleinen B\u00fchne im kuscheligen Privatclub sind Emma, Annika, Matthias und Johan ganz dicht dran am Publikum, wenn das mal nicht den Novemberblues ratzfatz vertreibt. &gt;Reinh\u00f6ren! Paris spielen heute ab 22 Uhr im Privatclub, P\u00fccklerstra\u00dfe [&hellip;]\" \/>\n<meta property=\"og:url\" content=\"https:\/\/blog.zeit.de\/berlinjournal\/?p=214\" \/>\n<meta property=\"og:site_name\" content=\"Berlin-Journal\" \/>\n<meta property=\"article:published_time\" content=\"2006-11-03T09:05:02+00:00\" \/>\n<meta name=\"author\" content=\"julia.schoon\" \/>\n<meta name=\"twitter:card\" content=\"summary_large_image\" \/>\n<meta name=\"twitter:label1\" content=\"Geschrieben von\" \/>\n\t<meta name=\"twitter:data1\" content=\"julia.schoon\" \/>\n<script type=\"application\/ld+json\" class=\"yoast-schema-graph\">{\"@context\":\"https:\/\/schema.org\",\"@graph\":[{\"@type\":\"WebPage\",\"@id\":\"https:\/\/blog.zeit.de\/berlinjournal\/?p=214\",\"url\":\"https:\/\/blog.zeit.de\/berlinjournal\/?p=214\",\"name\":\"Paris aus Schweden in Berlin - Berlin-Journal\",\"isPartOf\":{\"@id\":\"https:\/\/blog.zeit.de\/berlinjournal\/#website\"},\"datePublished\":\"2006-11-03T09:05:02+00:00\",\"dateModified\":\"2006-11-03T09:05:02+00:00\",\"author\":{\"@id\":\"https:\/\/blog.zeit.de\/berlinjournal\/#\/schema\/person\/29f92021aec46b898c5209dea01fae0c\"},\"breadcrumb\":{\"@id\":\"https:\/\/blog.zeit.de\/berlinjournal\/?p=214#breadcrumb\"},\"inLanguage\":\"de\",\"potentialAction\":[{\"@type\":\"ReadAction\",\"target\":[\"https:\/\/blog.zeit.de\/berlinjournal\/?p=214\"]}]},{\"@type\":\"BreadcrumbList\",\"@id\":\"https:\/\/blog.zeit.de\/berlinjournal\/?p=214#breadcrumb\",\"itemListElement\":[{\"@type\":\"ListItem\",\"position\":1,\"name\":\"Startseite\",\"item\":\"https:\/\/blog.zeit.de\/berlinjournal\"},{\"@type\":\"ListItem\",\"position\":2,\"name\":\"Paris aus Schweden in Berlin\"}]},{\"@type\":\"WebSite\",\"@id\":\"https:\/\/blog.zeit.de\/berlinjournal\/#website\",\"url\":\"https:\/\/blog.zeit.de\/berlinjournal\/\",\"name\":\"Berlin-Journal\",\"description\":\"Der B\u00e4r groovt!\",\"potentialAction\":[{\"@type\":\"SearchAction\",\"target\":{\"@type\":\"EntryPoint\",\"urlTemplate\":\"https:\/\/blog.zeit.de\/berlinjournal\/?s={search_term_string}\"},\"query-input\":\"required name=search_term_string\"}],\"inLanguage\":\"de\"},{\"@type\":\"Person\",\"@id\":\"https:\/\/blog.zeit.de\/berlinjournal\/#\/schema\/person\/29f92021aec46b898c5209dea01fae0c\",\"name\":\"julia.schoon\",\"image\":{\"@type\":\"ImageObject\",\"inLanguage\":\"de\",\"@id\":\"https:\/\/blog.zeit.de\/berlinjournal\/#\/schema\/person\/image\/\",\"url\":\"https:\/\/secure.gravatar.com\/avatar\/?s=96&d=mm&r=g\",\"contentUrl\":\"https:\/\/secure.gravatar.com\/avatar\/?s=96&d=mm&r=g\",\"caption\":\"julia.schoon\"},\"url\":\"https:\/\/blog.zeit.de\/berlinjournal\/?author=53\"}]}<\/script>\n<!-- \/ Yoast SEO plugin. -->","yoast_head_json":{"title":"Paris aus Schweden in Berlin - Berlin-Journal","robots":{"index":"index","follow":"follow","max-snippet":"max-snippet:-1","max-image-preview":"max-image-preview:large","max-video-preview":"max-video-preview:-1"},"canonical":"https:\/\/blog.zeit.de\/berlinjournal\/?p=214","og_locale":"de_DE","og_type":"article","og_title":"Paris aus Schweden in Berlin - Berlin-Journal","og_description":"Paris hei\u00dft die Band, aus Stockholm kommen sie und bringen uns gut gelaunten Gitarrenpop mit einem Schuss Synthiesound mit. Auf der kleinen B\u00fchne im kuscheligen Privatclub sind Emma, Annika, Matthias und Johan ganz dicht dran am Publikum, wenn das mal nicht den Novemberblues ratzfatz vertreibt. &gt;Reinh\u00f6ren! Paris spielen heute ab 22 Uhr im Privatclub, P\u00fccklerstra\u00dfe [&hellip;]","og_url":"https:\/\/blog.zeit.de\/berlinjournal\/?p=214","og_site_name":"Berlin-Journal","article_published_time":"2006-11-03T09:05:02+00:00","author":"julia.schoon","twitter_card":"summary_large_image","twitter_misc":{"Geschrieben von":"julia.schoon"},"schema":{"@context":"https:\/\/schema.org","@graph":[{"@type":"WebPage","@id":"https:\/\/blog.zeit.de\/berlinjournal\/?p=214","url":"https:\/\/blog.zeit.de\/berlinjournal\/?p=214","name":"Paris aus Schweden in Berlin - Berlin-Journal","isPartOf":{"@id":"https:\/\/blog.zeit.de\/berlinjournal\/#website"},"datePublished":"2006-11-03T09:05:02+00:00","dateModified":"2006-11-03T09:05:02+00:00","author":{"@id":"https:\/\/blog.zeit.de\/berlinjournal\/#\/schema\/person\/29f92021aec46b898c5209dea01fae0c"},"breadcrumb":{"@id":"https:\/\/blog.zeit.de\/berlinjournal\/?p=214#breadcrumb"},"inLanguage":"de","potentialAction":[{"@type":"ReadAction","target":["https:\/\/blog.zeit.de\/berlinjournal\/?p=214"]}]},{"@type":"BreadcrumbList","@id":"https:\/\/blog.zeit.de\/berlinjournal\/?p=214#breadcrumb","itemListElement":[{"@type":"ListItem","position":1,"name":"Startseite","item":"https:\/\/blog.zeit.de\/berlinjournal"},{"@type":"ListItem","position":2,"name":"Paris aus Schweden in Berlin"}]},{"@type":"WebSite","@id":"https:\/\/blog.zeit.de\/berlinjournal\/#website","url":"https:\/\/blog.zeit.de\/berlinjournal\/","name":"Berlin-Journal","description":"Der B\u00e4r groovt!","potentialAction":[{"@type":"SearchAction","target":{"@type":"EntryPoint","urlTemplate":"https:\/\/blog.zeit.de\/berlinjournal\/?s={search_term_string}"},"query-input":"required name=search_term_string"}],"inLanguage":"de"},{"@type":"Person","@id":"https:\/\/blog.zeit.de\/berlinjournal\/#\/schema\/person\/29f92021aec46b898c5209dea01fae0c","name":"julia.schoon","image":{"@type":"ImageObject","inLanguage":"de","@id":"https:\/\/blog.zeit.de\/berlinjournal\/#\/schema\/person\/image\/","url":"https:\/\/secure.gravatar.com\/avatar\/?s=96&d=mm&r=g","contentUrl":"https:\/\/secure.gravatar.com\/avatar\/?s=96&d=mm&r=g","caption":"julia.schoon"},"url":"https:\/\/blog.zeit.de\/berlinjournal\/?author=53"}]}},"jetpack_featured_media_url":"","_links":{"self":[{"href":"https:\/\/blog.zeit.de\/berlinjournal\/index.php?rest_route=\/wp\/v2\/posts\/214","targetHints":{"allow":["GET"]}}],"collection":[{"href":"https:\/\/blog.zeit.de\/berlinjournal\/index.php?rest_route=\/wp\/v2\/posts"}],"about":[{"href":"https:\/\/blog.zeit.de\/berlinjournal\/index.php?rest_route=\/wp\/v2\/types\/post"}],"author":[{"embeddable":true,"href":"https:\/\/blog.zeit.de\/berlinjournal\/index.php?rest_route=\/wp\/v2\/users\/53"}],"replies":[{"embeddable":true,"href":"https:\/\/blog.zeit.de\/berlinjournal\/index.php?rest_route=%2Fwp%2Fv2%2Fcomments&post=214"}],"version-history":[{"count":0,"href":"https:\/\/blog.zeit.de\/berlinjournal\/index.php?rest_route=\/wp\/v2\/posts\/214\/revisions"}],"wp:attachment":[{"href":"https:\/\/blog.zeit.de\/berlinjournal\/index.php?rest_route=%2Fwp%2Fv2%2Fmedia&parent=214"}],"wp:term":[{"taxonomy":"category","embeddable":true,"href":"https:\/\/blog.zeit.de\/berlinjournal\/index.php?rest_route=%2Fwp%2Fv2%2Fcategories&post=214"},{"taxonomy":"post_tag","embeddable":true,"href":"https:\/\/blog.zeit.de\/berlinjournal\/index.php?rest_route=%2Fwp%2Fv2%2Ftags&post=214"}],"curies":[{"name":"wp","href":"https:\/\/api.w.org\/{rel}","templated":true}]}}