{"id":222,"date":"2006-12-08T14:57:36","date_gmt":"2006-12-08T12:57:36","guid":{"rendered":"http:\/\/blog.zeit.de\/berlinjournal\/?p=222"},"modified":"2006-12-08T14:57:36","modified_gmt":"2006-12-08T12:57:36","slug":"honeckers-bunker-jetzt-virtuell-begehbar","status":"publish","type":"post","link":"https:\/\/blog.zeit.de\/berlinjournal\/?p=222","title":{"rendered":"Honeckers Bunker &#8211; jetzt virtuell begehbar"},"content":{"rendered":"<p>Im Norden von Berlin, tief in den W\u00e4ldern versteckt, liegt die geheime <a href=\"http:\/\/de.wikipedia.org\/wiki\/Bunker_Komplex_5000#17.2F5001_-_F.C3.BChrungsbunker_NVR_.28Perle.29\">Kommandozentrale<\/a>, die Erich Honecker damals f\u00fcr den &#8222;Ernstfall&#8220; bauen lie\u00df.  Mein Tagestipp f\u00fcr morgen: Der Honecker-Bunker kann seit gestern in einer Multimedia-Ausstellung besucht werden, und zwar im Zivilschutzbunker am Potsdamer Platz, Stresemannstr. 94 (neben dem Europahaus). \u00d6ffnungszeiten SA 14-20 Uhr oder nach telefonischer Anmeldung unter 0174-3232921.<\/p>\n<p><a href=\"http:\/\/maps.google.com\/maps?q=52.778317,13.539589&amp;ie=UTF8&amp;z=15&amp;ll=52.778314,13.539577&amp;spn=0.018016,0.053515&amp;t=k&amp;om=1&amp;iwloc=addr\">Hier<\/a> kann man das Ganze \u00fcbrigens von oben sehen.<\/p>\n","protected":false},"excerpt":{"rendered":"<p>Im Norden von Berlin, tief in den W\u00e4ldern versteckt, liegt die geheime Kommandozentrale, die Erich Honecker damals f\u00fcr den &#8222;Ernstfall&#8220; bauen lie\u00df. Mein Tagestipp f\u00fcr morgen: Der Honecker-Bunker kann seit gestern in einer Multimedia-Ausstellung besucht werden, und zwar im Zivilschutzbunker am Potsdamer Platz, Stresemannstr. 94 (neben dem Europahaus). \u00d6ffnungszeiten SA 14-20 Uhr oder nach telefonischer [&hellip;]<\/p>\n","protected":false},"author":48,"featured_media":0,"comment_status":"closed","ping_status":"closed","sticky":false,"template":"","format":"standard","meta":{"footnotes":""},"categories":[150,149],"tags":[],"class_list":["post-222","post","type-post","status-publish","format-standard","hentry","category-aus-der-hauptstadt","category-spazuren"],"yoast_head":"<!-- This site is optimized with the Yoast SEO plugin v21.0 - https:\/\/yoast.com\/wordpress\/plugins\/seo\/ -->\n<title>Honeckers Bunker - jetzt virtuell begehbar - Berlin-Journal<\/title>\n<meta name=\"robots\" content=\"index, follow, max-snippet:-1, max-image-preview:large, max-video-preview:-1\" \/>\n<link rel=\"canonical\" href=\"https:\/\/blog.zeit.de\/berlinjournal\/?p=222\" \/>\n<meta property=\"og:locale\" content=\"de_DE\" \/>\n<meta property=\"og:type\" content=\"article\" \/>\n<meta property=\"og:title\" content=\"Honeckers Bunker - jetzt virtuell begehbar - Berlin-Journal\" \/>\n<meta property=\"og:description\" content=\"Im Norden von Berlin, tief in den W\u00e4ldern versteckt, liegt die geheime Kommandozentrale, die Erich Honecker damals f\u00fcr den &#8222;Ernstfall&#8220; bauen lie\u00df. Mein Tagestipp f\u00fcr morgen: Der Honecker-Bunker kann seit gestern in einer Multimedia-Ausstellung besucht werden, und zwar im Zivilschutzbunker am Potsdamer Platz, Stresemannstr. 94 (neben dem Europahaus). \u00d6ffnungszeiten SA 14-20 Uhr oder nach telefonischer [&hellip;]\" \/>\n<meta property=\"og:url\" content=\"https:\/\/blog.zeit.de\/berlinjournal\/?p=222\" \/>\n<meta property=\"og:site_name\" content=\"Berlin-Journal\" \/>\n<meta property=\"article:published_time\" content=\"2006-12-08T12:57:36+00:00\" \/>\n<meta name=\"author\" content=\"jochen.reinecke\" \/>\n<meta name=\"twitter:card\" content=\"summary_large_image\" \/>\n<meta name=\"twitter:label1\" content=\"Geschrieben von\" \/>\n\t<meta name=\"twitter:data1\" content=\"jochen.reinecke\" \/>\n<script type=\"application\/ld+json\" class=\"yoast-schema-graph\">{\"@context\":\"https:\/\/schema.org\",\"@graph\":[{\"@type\":\"WebPage\",\"@id\":\"https:\/\/blog.zeit.de\/berlinjournal\/?p=222\",\"url\":\"https:\/\/blog.zeit.de\/berlinjournal\/?p=222\",\"name\":\"Honeckers Bunker - jetzt virtuell begehbar - Berlin-Journal\",\"isPartOf\":{\"@id\":\"https:\/\/blog.zeit.de\/berlinjournal\/#website\"},\"datePublished\":\"2006-12-08T12:57:36+00:00\",\"dateModified\":\"2006-12-08T12:57:36+00:00\",\"author\":{\"@id\":\"https:\/\/blog.zeit.de\/berlinjournal\/#\/schema\/person\/579a122047754c410b6b5a9e1bdebd6a\"},\"breadcrumb\":{\"@id\":\"https:\/\/blog.zeit.de\/berlinjournal\/?p=222#breadcrumb\"},\"inLanguage\":\"de\",\"potentialAction\":[{\"@type\":\"ReadAction\",\"target\":[\"https:\/\/blog.zeit.de\/berlinjournal\/?p=222\"]}]},{\"@type\":\"BreadcrumbList\",\"@id\":\"https:\/\/blog.zeit.de\/berlinjournal\/?p=222#breadcrumb\",\"itemListElement\":[{\"@type\":\"ListItem\",\"position\":1,\"name\":\"Startseite\",\"item\":\"https:\/\/blog.zeit.de\/berlinjournal\"},{\"@type\":\"ListItem\",\"position\":2,\"name\":\"Honeckers Bunker &#8211; jetzt virtuell begehbar\"}]},{\"@type\":\"WebSite\",\"@id\":\"https:\/\/blog.zeit.de\/berlinjournal\/#website\",\"url\":\"https:\/\/blog.zeit.de\/berlinjournal\/\",\"name\":\"Berlin-Journal\",\"description\":\"Der B\u00e4r groovt!\",\"potentialAction\":[{\"@type\":\"SearchAction\",\"target\":{\"@type\":\"EntryPoint\",\"urlTemplate\":\"https:\/\/blog.zeit.de\/berlinjournal\/?s={search_term_string}\"},\"query-input\":\"required name=search_term_string\"}],\"inLanguage\":\"de\"},{\"@type\":\"Person\",\"@id\":\"https:\/\/blog.zeit.de\/berlinjournal\/#\/schema\/person\/579a122047754c410b6b5a9e1bdebd6a\",\"name\":\"jochen.reinecke\",\"image\":{\"@type\":\"ImageObject\",\"inLanguage\":\"de\",\"@id\":\"https:\/\/blog.zeit.de\/berlinjournal\/#\/schema\/person\/image\/\",\"url\":\"https:\/\/secure.gravatar.com\/avatar\/?s=96&d=mm&r=g\",\"contentUrl\":\"https:\/\/secure.gravatar.com\/avatar\/?s=96&d=mm&r=g\",\"caption\":\"jochen.reinecke\"},\"url\":\"https:\/\/blog.zeit.de\/berlinjournal\/?author=48\"}]}<\/script>\n<!-- \/ Yoast SEO plugin. -->","yoast_head_json":{"title":"Honeckers Bunker - jetzt virtuell begehbar - Berlin-Journal","robots":{"index":"index","follow":"follow","max-snippet":"max-snippet:-1","max-image-preview":"max-image-preview:large","max-video-preview":"max-video-preview:-1"},"canonical":"https:\/\/blog.zeit.de\/berlinjournal\/?p=222","og_locale":"de_DE","og_type":"article","og_title":"Honeckers Bunker - jetzt virtuell begehbar - Berlin-Journal","og_description":"Im Norden von Berlin, tief in den W\u00e4ldern versteckt, liegt die geheime Kommandozentrale, die Erich Honecker damals f\u00fcr den &#8222;Ernstfall&#8220; bauen lie\u00df. Mein Tagestipp f\u00fcr morgen: Der Honecker-Bunker kann seit gestern in einer Multimedia-Ausstellung besucht werden, und zwar im Zivilschutzbunker am Potsdamer Platz, Stresemannstr. 94 (neben dem Europahaus). \u00d6ffnungszeiten SA 14-20 Uhr oder nach telefonischer [&hellip;]","og_url":"https:\/\/blog.zeit.de\/berlinjournal\/?p=222","og_site_name":"Berlin-Journal","article_published_time":"2006-12-08T12:57:36+00:00","author":"jochen.reinecke","twitter_card":"summary_large_image","twitter_misc":{"Geschrieben von":"jochen.reinecke"},"schema":{"@context":"https:\/\/schema.org","@graph":[{"@type":"WebPage","@id":"https:\/\/blog.zeit.de\/berlinjournal\/?p=222","url":"https:\/\/blog.zeit.de\/berlinjournal\/?p=222","name":"Honeckers Bunker - jetzt virtuell begehbar - Berlin-Journal","isPartOf":{"@id":"https:\/\/blog.zeit.de\/berlinjournal\/#website"},"datePublished":"2006-12-08T12:57:36+00:00","dateModified":"2006-12-08T12:57:36+00:00","author":{"@id":"https:\/\/blog.zeit.de\/berlinjournal\/#\/schema\/person\/579a122047754c410b6b5a9e1bdebd6a"},"breadcrumb":{"@id":"https:\/\/blog.zeit.de\/berlinjournal\/?p=222#breadcrumb"},"inLanguage":"de","potentialAction":[{"@type":"ReadAction","target":["https:\/\/blog.zeit.de\/berlinjournal\/?p=222"]}]},{"@type":"BreadcrumbList","@id":"https:\/\/blog.zeit.de\/berlinjournal\/?p=222#breadcrumb","itemListElement":[{"@type":"ListItem","position":1,"name":"Startseite","item":"https:\/\/blog.zeit.de\/berlinjournal"},{"@type":"ListItem","position":2,"name":"Honeckers Bunker &#8211; jetzt virtuell begehbar"}]},{"@type":"WebSite","@id":"https:\/\/blog.zeit.de\/berlinjournal\/#website","url":"https:\/\/blog.zeit.de\/berlinjournal\/","name":"Berlin-Journal","description":"Der B\u00e4r groovt!","potentialAction":[{"@type":"SearchAction","target":{"@type":"EntryPoint","urlTemplate":"https:\/\/blog.zeit.de\/berlinjournal\/?s={search_term_string}"},"query-input":"required name=search_term_string"}],"inLanguage":"de"},{"@type":"Person","@id":"https:\/\/blog.zeit.de\/berlinjournal\/#\/schema\/person\/579a122047754c410b6b5a9e1bdebd6a","name":"jochen.reinecke","image":{"@type":"ImageObject","inLanguage":"de","@id":"https:\/\/blog.zeit.de\/berlinjournal\/#\/schema\/person\/image\/","url":"https:\/\/secure.gravatar.com\/avatar\/?s=96&d=mm&r=g","contentUrl":"https:\/\/secure.gravatar.com\/avatar\/?s=96&d=mm&r=g","caption":"jochen.reinecke"},"url":"https:\/\/blog.zeit.de\/berlinjournal\/?author=48"}]}},"jetpack_featured_media_url":"","_links":{"self":[{"href":"https:\/\/blog.zeit.de\/berlinjournal\/index.php?rest_route=\/wp\/v2\/posts\/222","targetHints":{"allow":["GET"]}}],"collection":[{"href":"https:\/\/blog.zeit.de\/berlinjournal\/index.php?rest_route=\/wp\/v2\/posts"}],"about":[{"href":"https:\/\/blog.zeit.de\/berlinjournal\/index.php?rest_route=\/wp\/v2\/types\/post"}],"author":[{"embeddable":true,"href":"https:\/\/blog.zeit.de\/berlinjournal\/index.php?rest_route=\/wp\/v2\/users\/48"}],"replies":[{"embeddable":true,"href":"https:\/\/blog.zeit.de\/berlinjournal\/index.php?rest_route=%2Fwp%2Fv2%2Fcomments&post=222"}],"version-history":[{"count":0,"href":"https:\/\/blog.zeit.de\/berlinjournal\/index.php?rest_route=\/wp\/v2\/posts\/222\/revisions"}],"wp:attachment":[{"href":"https:\/\/blog.zeit.de\/berlinjournal\/index.php?rest_route=%2Fwp%2Fv2%2Fmedia&parent=222"}],"wp:term":[{"taxonomy":"category","embeddable":true,"href":"https:\/\/blog.zeit.de\/berlinjournal\/index.php?rest_route=%2Fwp%2Fv2%2Fcategories&post=222"},{"taxonomy":"post_tag","embeddable":true,"href":"https:\/\/blog.zeit.de\/berlinjournal\/index.php?rest_route=%2Fwp%2Fv2%2Ftags&post=222"}],"curies":[{"name":"wp","href":"https:\/\/api.w.org\/{rel}","templated":true}]}}