{"id":234,"date":"2007-01-30T21:56:19","date_gmt":"2007-01-30T19:56:19","guid":{"rendered":"http:\/\/blog.zeit.de\/berlinjournal\/?p=234"},"modified":"2007-01-30T21:56:19","modified_gmt":"2007-01-30T19:56:19","slug":"kurztrip-nach-mittelerde","status":"publish","type":"post","link":"https:\/\/blog.zeit.de\/berlinjournal\/?p=234","title":{"rendered":"Kurztrip nach Mittelerde"},"content":{"rendered":"<p>Ich war gerade mal kurz in Mittelerde. Genau genommen war ich im Filmpark Babelsberg, wo am Donnerstag die \u201eHerr der Ringe\u201c-Ausstellung er\u00f6ffnet wird. Wir Damen und Herren von der Presse durften schonmal vorab reinschauen, aber mit ungest\u00f6rt durch die Ausstellung schlendern war es dann leider nix, denn es tummelten sich dort ganze Busladungen von Kollegen (die H\u00e4lfte mit Fotoapparaten und Kameras bewaffnet), denen man st\u00e4ndig versehentlich im Bild herumlief. Aber ich will mal nicht klagen: Im Vergleich zu dem Trubel, der dort ab Donnerstag herrschen d\u00fcrfte, ist das wahrscheinlich Pillepalle.<\/p>\n<p>In der 1200 Quadratmeter gro\u00dfen Halle werden hunderte von Filmrequisiten gezeigt, die geb\u00fchrend zu bewundern mir leider gar keine Zeit blieb. Die Faszination ist aber bei jedem einzelnen Exponat zu sp\u00fcren. Selbst eine einfache G\u00fcrtelschnalle oder auch der tausendste Hobbit-Fu\u00df (die haarigen Gummischl\u00e4ppchen hielten immer nur einen Drehtag lang) wurden mit einer unglaublichen Akribie und Liebe zum Detail hergestellt.<\/p>\n<p>Die Kost\u00fcme der Protagonisten &#8211; Schmuck, Waffen, R\u00fcstungen \u2013 sind original Requisiten, die alle im Film zum Einsatz kamen und entsprechend Patina haben. Dem ledernen Mantel und den Stiefeln Aragorns beispielsweise sieht man an, dass der Schauspieler darin gek\u00e4mpft, geritten und ordentlich geschwitzt hat. Der Haufen durchgelatschter Hobbit-F\u00fc\u00dfe ist zum Gl\u00fcck in einem geschlossenen Glaskasten ausgestellt, der Geruch w\u00e4re dann vielleicht doch ein bisschen zu viel der Authentizit\u00e4t.<\/p>\n<p>Echt furchterregend ist das Modell des H\u00f6hlentrolls, der im Film zwar computeranimiert war, f\u00fcr die Ausstellung jedoch etwa drei Meter gro\u00df und originalgetreu nachgebildet wurde. Auch Boromirs sieht t\u00e4uschend echt aus, wie er da im Elbenkahn liegt. Im Wellingtoner \u201eTe Papa\u201c-Museum sorgte die Silikonfigur \u00fcbrigens f\u00fcr leichte Panik unter den  Besuchern, als sie pl\u00f6tzlich ein wenig die Arme anhob \u2013 der Kunststoff hatte sich unter dem Scheinwerferlicht erw\u00e4rmt.<\/p>\n<p>Neben vielen Exponaten befinden sich au\u00dferdem Monitore, auf denen der Besucher Videoclips mit Interviews, Blicken hinter die Kulissen und Making-of-Sequenzen abspielen kann.<\/p>\n<p>Die Ausstellung lohnt sich, denn sie erm\u00f6glicht den Fans nicht nur einen Blick, sondern einen ganzen Besuch hinter den Filmkulissen. Ich selbst habe die Ausstellung in Wellington letztes Jahr knapp verpasst und freue mich, sie jetzt doch noch gesehen zu haben. Trotzdem: Wer Mittelerde wirklich erleben will, muss einfach nach Neuseeland. Viele \u201eHerr der Ringe\u201c-Sequenzen entstanden zwar im Computer, aber die Landschaft dort ist tats\u00e4chlich so phantastisch, dass man seinen Augen manchmal kaum trauen mag.<\/p>\n<p>Rund um Queenstown wurden \u00fcbrigens zahlreiche Szenen gedreht und die Chancen stehen recht gut, zuf\u00e4llig mit einem \u201eHerr der Ringe\u201c-Statisten ins Gespr\u00e4ch zu kommen. Mich hat zum Beispiel beim Trampen ein Ork mitgenommen. Ohne Maske und R\u00fcstung sah der zum Gl\u00fcck ganz freundlich aus.<br \/>\n.<\/p>\n<p><em>Die Original-Ausstellung zu Peter Jacksons Trilogie DER HERR DER RINGE ist vom 1. Februar bis 29. April 2007 (t\u00e4glich 10 \u2013 20 Uhr) im Filmpark Babelsberg zu sehen. Kostenpunkt: 12 Euro (erm\u00e4\u00dfigt 10). F\u00fcr Hardcore-Fans empfiehlt sich die Dauerkarte f\u00fcr 50 Euro.<br \/>\nInfo-Hotline: 0331-7212800<\/em><br \/>\n<a href=\"http:\/\/www.filmpark.de\" target=\"_blank\">www.filmpark.de<\/a><\/p>\n","protected":false},"excerpt":{"rendered":"<p>Ich war gerade mal kurz in Mittelerde. Genau genommen war ich im Filmpark Babelsberg, wo am Donnerstag die \u201eHerr der Ringe\u201c-Ausstellung er\u00f6ffnet wird. Wir Damen und Herren von der Presse durften schonmal vorab reinschauen, aber mit ungest\u00f6rt durch die Ausstellung schlendern war es dann leider nix, denn es tummelten sich dort ganze Busladungen von Kollegen [&hellip;]<\/p>\n","protected":false},"author":53,"featured_media":0,"comment_status":"closed","ping_status":"closed","sticky":false,"template":"","format":"standard","meta":{"footnotes":""},"categories":[139,141],"tags":[],"class_list":["post-234","post","type-post","status-publish","format-standard","hentry","category-berliner-umland","category-durchsagen"],"yoast_head":"<!-- This site is optimized with the Yoast SEO plugin v21.0 - https:\/\/yoast.com\/wordpress\/plugins\/seo\/ -->\n<title>Kurztrip nach Mittelerde - Berlin-Journal<\/title>\n<meta name=\"robots\" content=\"index, follow, max-snippet:-1, max-image-preview:large, max-video-preview:-1\" \/>\n<link rel=\"canonical\" href=\"https:\/\/blog.zeit.de\/berlinjournal\/?p=234\" \/>\n<meta property=\"og:locale\" content=\"de_DE\" \/>\n<meta property=\"og:type\" content=\"article\" \/>\n<meta property=\"og:title\" content=\"Kurztrip nach Mittelerde - Berlin-Journal\" \/>\n<meta property=\"og:description\" content=\"Ich war gerade mal kurz in Mittelerde. Genau genommen war ich im Filmpark Babelsberg, wo am Donnerstag die \u201eHerr der Ringe\u201c-Ausstellung er\u00f6ffnet wird. Wir Damen und Herren von der Presse durften schonmal vorab reinschauen, aber mit ungest\u00f6rt durch die Ausstellung schlendern war es dann leider nix, denn es tummelten sich dort ganze Busladungen von Kollegen [&hellip;]\" \/>\n<meta property=\"og:url\" content=\"https:\/\/blog.zeit.de\/berlinjournal\/?p=234\" \/>\n<meta property=\"og:site_name\" content=\"Berlin-Journal\" \/>\n<meta property=\"article:published_time\" content=\"2007-01-30T19:56:19+00:00\" \/>\n<meta name=\"author\" content=\"julia.schoon\" \/>\n<meta name=\"twitter:card\" content=\"summary_large_image\" \/>\n<meta name=\"twitter:label1\" content=\"Geschrieben von\" \/>\n\t<meta name=\"twitter:data1\" content=\"julia.schoon\" \/>\n\t<meta name=\"twitter:label2\" content=\"Gesch\u00e4tzte Lesezeit\" \/>\n\t<meta name=\"twitter:data2\" content=\"2\u00a0Minuten\" \/>\n<script type=\"application\/ld+json\" class=\"yoast-schema-graph\">{\"@context\":\"https:\/\/schema.org\",\"@graph\":[{\"@type\":\"WebPage\",\"@id\":\"https:\/\/blog.zeit.de\/berlinjournal\/?p=234\",\"url\":\"https:\/\/blog.zeit.de\/berlinjournal\/?p=234\",\"name\":\"Kurztrip nach Mittelerde - Berlin-Journal\",\"isPartOf\":{\"@id\":\"https:\/\/blog.zeit.de\/berlinjournal\/#website\"},\"datePublished\":\"2007-01-30T19:56:19+00:00\",\"dateModified\":\"2007-01-30T19:56:19+00:00\",\"author\":{\"@id\":\"https:\/\/blog.zeit.de\/berlinjournal\/#\/schema\/person\/29f92021aec46b898c5209dea01fae0c\"},\"breadcrumb\":{\"@id\":\"https:\/\/blog.zeit.de\/berlinjournal\/?p=234#breadcrumb\"},\"inLanguage\":\"de\",\"potentialAction\":[{\"@type\":\"ReadAction\",\"target\":[\"https:\/\/blog.zeit.de\/berlinjournal\/?p=234\"]}]},{\"@type\":\"BreadcrumbList\",\"@id\":\"https:\/\/blog.zeit.de\/berlinjournal\/?p=234#breadcrumb\",\"itemListElement\":[{\"@type\":\"ListItem\",\"position\":1,\"name\":\"Startseite\",\"item\":\"https:\/\/blog.zeit.de\/berlinjournal\"},{\"@type\":\"ListItem\",\"position\":2,\"name\":\"Kurztrip nach Mittelerde\"}]},{\"@type\":\"WebSite\",\"@id\":\"https:\/\/blog.zeit.de\/berlinjournal\/#website\",\"url\":\"https:\/\/blog.zeit.de\/berlinjournal\/\",\"name\":\"Berlin-Journal\",\"description\":\"Der B\u00e4r groovt!\",\"potentialAction\":[{\"@type\":\"SearchAction\",\"target\":{\"@type\":\"EntryPoint\",\"urlTemplate\":\"https:\/\/blog.zeit.de\/berlinjournal\/?s={search_term_string}\"},\"query-input\":\"required name=search_term_string\"}],\"inLanguage\":\"de\"},{\"@type\":\"Person\",\"@id\":\"https:\/\/blog.zeit.de\/berlinjournal\/#\/schema\/person\/29f92021aec46b898c5209dea01fae0c\",\"name\":\"julia.schoon\",\"image\":{\"@type\":\"ImageObject\",\"inLanguage\":\"de\",\"@id\":\"https:\/\/blog.zeit.de\/berlinjournal\/#\/schema\/person\/image\/\",\"url\":\"https:\/\/secure.gravatar.com\/avatar\/?s=96&d=mm&r=g\",\"contentUrl\":\"https:\/\/secure.gravatar.com\/avatar\/?s=96&d=mm&r=g\",\"caption\":\"julia.schoon\"},\"url\":\"https:\/\/blog.zeit.de\/berlinjournal\/?author=53\"}]}<\/script>\n<!-- \/ Yoast SEO plugin. -->","yoast_head_json":{"title":"Kurztrip nach Mittelerde - Berlin-Journal","robots":{"index":"index","follow":"follow","max-snippet":"max-snippet:-1","max-image-preview":"max-image-preview:large","max-video-preview":"max-video-preview:-1"},"canonical":"https:\/\/blog.zeit.de\/berlinjournal\/?p=234","og_locale":"de_DE","og_type":"article","og_title":"Kurztrip nach Mittelerde - Berlin-Journal","og_description":"Ich war gerade mal kurz in Mittelerde. Genau genommen war ich im Filmpark Babelsberg, wo am Donnerstag die \u201eHerr der Ringe\u201c-Ausstellung er\u00f6ffnet wird. Wir Damen und Herren von der Presse durften schonmal vorab reinschauen, aber mit ungest\u00f6rt durch die Ausstellung schlendern war es dann leider nix, denn es tummelten sich dort ganze Busladungen von Kollegen [&hellip;]","og_url":"https:\/\/blog.zeit.de\/berlinjournal\/?p=234","og_site_name":"Berlin-Journal","article_published_time":"2007-01-30T19:56:19+00:00","author":"julia.schoon","twitter_card":"summary_large_image","twitter_misc":{"Geschrieben von":"julia.schoon","Gesch\u00e4tzte Lesezeit":"2\u00a0Minuten"},"schema":{"@context":"https:\/\/schema.org","@graph":[{"@type":"WebPage","@id":"https:\/\/blog.zeit.de\/berlinjournal\/?p=234","url":"https:\/\/blog.zeit.de\/berlinjournal\/?p=234","name":"Kurztrip nach Mittelerde - Berlin-Journal","isPartOf":{"@id":"https:\/\/blog.zeit.de\/berlinjournal\/#website"},"datePublished":"2007-01-30T19:56:19+00:00","dateModified":"2007-01-30T19:56:19+00:00","author":{"@id":"https:\/\/blog.zeit.de\/berlinjournal\/#\/schema\/person\/29f92021aec46b898c5209dea01fae0c"},"breadcrumb":{"@id":"https:\/\/blog.zeit.de\/berlinjournal\/?p=234#breadcrumb"},"inLanguage":"de","potentialAction":[{"@type":"ReadAction","target":["https:\/\/blog.zeit.de\/berlinjournal\/?p=234"]}]},{"@type":"BreadcrumbList","@id":"https:\/\/blog.zeit.de\/berlinjournal\/?p=234#breadcrumb","itemListElement":[{"@type":"ListItem","position":1,"name":"Startseite","item":"https:\/\/blog.zeit.de\/berlinjournal"},{"@type":"ListItem","position":2,"name":"Kurztrip nach Mittelerde"}]},{"@type":"WebSite","@id":"https:\/\/blog.zeit.de\/berlinjournal\/#website","url":"https:\/\/blog.zeit.de\/berlinjournal\/","name":"Berlin-Journal","description":"Der B\u00e4r groovt!","potentialAction":[{"@type":"SearchAction","target":{"@type":"EntryPoint","urlTemplate":"https:\/\/blog.zeit.de\/berlinjournal\/?s={search_term_string}"},"query-input":"required name=search_term_string"}],"inLanguage":"de"},{"@type":"Person","@id":"https:\/\/blog.zeit.de\/berlinjournal\/#\/schema\/person\/29f92021aec46b898c5209dea01fae0c","name":"julia.schoon","image":{"@type":"ImageObject","inLanguage":"de","@id":"https:\/\/blog.zeit.de\/berlinjournal\/#\/schema\/person\/image\/","url":"https:\/\/secure.gravatar.com\/avatar\/?s=96&d=mm&r=g","contentUrl":"https:\/\/secure.gravatar.com\/avatar\/?s=96&d=mm&r=g","caption":"julia.schoon"},"url":"https:\/\/blog.zeit.de\/berlinjournal\/?author=53"}]}},"jetpack_featured_media_url":"","_links":{"self":[{"href":"https:\/\/blog.zeit.de\/berlinjournal\/index.php?rest_route=\/wp\/v2\/posts\/234","targetHints":{"allow":["GET"]}}],"collection":[{"href":"https:\/\/blog.zeit.de\/berlinjournal\/index.php?rest_route=\/wp\/v2\/posts"}],"about":[{"href":"https:\/\/blog.zeit.de\/berlinjournal\/index.php?rest_route=\/wp\/v2\/types\/post"}],"author":[{"embeddable":true,"href":"https:\/\/blog.zeit.de\/berlinjournal\/index.php?rest_route=\/wp\/v2\/users\/53"}],"replies":[{"embeddable":true,"href":"https:\/\/blog.zeit.de\/berlinjournal\/index.php?rest_route=%2Fwp%2Fv2%2Fcomments&post=234"}],"version-history":[{"count":0,"href":"https:\/\/blog.zeit.de\/berlinjournal\/index.php?rest_route=\/wp\/v2\/posts\/234\/revisions"}],"wp:attachment":[{"href":"https:\/\/blog.zeit.de\/berlinjournal\/index.php?rest_route=%2Fwp%2Fv2%2Fmedia&parent=234"}],"wp:term":[{"taxonomy":"category","embeddable":true,"href":"https:\/\/blog.zeit.de\/berlinjournal\/index.php?rest_route=%2Fwp%2Fv2%2Fcategories&post=234"},{"taxonomy":"post_tag","embeddable":true,"href":"https:\/\/blog.zeit.de\/berlinjournal\/index.php?rest_route=%2Fwp%2Fv2%2Ftags&post=234"}],"curies":[{"name":"wp","href":"https:\/\/api.w.org\/{rel}","templated":true}]}}