{"id":247,"date":"2007-03-09T12:15:00","date_gmt":"2007-03-09T10:15:00","guid":{"rendered":"http:\/\/blog.zeit.de\/berlinjournal\/?p=247"},"modified":"2007-03-09T12:15:00","modified_gmt":"2007-03-09T10:15:00","slug":"das-berliner-radio-elend","status":"publish","type":"post","link":"https:\/\/blog.zeit.de\/berlinjournal\/?p=247","title":{"rendered":"Das Berliner Radio-Elend"},"content":{"rendered":"<p>Sie stehen da, an der Kreuzung Potsdamer Br\u00fccke, mehrmals die Woche. Frierende Promo-H\u00e4schen, die Handzettel f\u00fcr Radiosender wie Energy 103,4 oder 94,3 r.s.2 verteilen. Es scheint, als w\u00e4re jeder Radioh\u00f6rer einzeln und pers\u00f6nlich eingeladen worden. Wie unglaublich deprimierend. Radio ist tot, mausetot, toter geht es gar nicht, und das Berliner Radio sowieso. Selbst Sondersender sind indiskutabel. Bei Klassikradio l\u00e4uft einen guten Teil der Zeit Musik, die man nicht wirklich ernsthaft als klassische Musik bezeichnen kann, und Jazzradio ist auch ganz furchtbar handzahm geworden. Bei Fritz hat man rechtzeitig vers\u00e4umt, gealterte Berufsjugendliche zu feuern und durch frische Talente zu ersetzen. Der einzige Sender, der es nach meinem Geschmack noch halbwegs bringt, ist Radio Eins.<\/p>\n","protected":false},"excerpt":{"rendered":"<p>Sie stehen da, an der Kreuzung Potsdamer Br\u00fccke, mehrmals die Woche. Frierende Promo-H\u00e4schen, die Handzettel f\u00fcr Radiosender wie Energy 103,4 oder 94,3 r.s.2 verteilen. Es scheint, als w\u00e4re jeder Radioh\u00f6rer einzeln und pers\u00f6nlich eingeladen worden. Wie unglaublich deprimierend. Radio ist tot, mausetot, toter geht es gar nicht, und das Berliner Radio sowieso. Selbst Sondersender sind [&hellip;]<\/p>\n","protected":false},"author":48,"featured_media":0,"comment_status":"closed","ping_status":"closed","sticky":false,"template":"","format":"standard","meta":{"footnotes":""},"categories":[134],"tags":[],"class_list":["post-247","post","type-post","status-publish","format-standard","hentry","category-berlin-was-nervt"],"yoast_head":"<!-- This site is optimized with the Yoast SEO plugin v21.0 - https:\/\/yoast.com\/wordpress\/plugins\/seo\/ -->\n<title>Das Berliner Radio-Elend - Berlin-Journal<\/title>\n<meta name=\"robots\" content=\"index, follow, max-snippet:-1, max-image-preview:large, max-video-preview:-1\" \/>\n<link rel=\"canonical\" href=\"https:\/\/blog.zeit.de\/berlinjournal\/?p=247\" \/>\n<meta property=\"og:locale\" content=\"de_DE\" \/>\n<meta property=\"og:type\" content=\"article\" \/>\n<meta property=\"og:title\" content=\"Das Berliner Radio-Elend - Berlin-Journal\" \/>\n<meta property=\"og:description\" content=\"Sie stehen da, an der Kreuzung Potsdamer Br\u00fccke, mehrmals die Woche. Frierende Promo-H\u00e4schen, die Handzettel f\u00fcr Radiosender wie Energy 103,4 oder 94,3 r.s.2 verteilen. Es scheint, als w\u00e4re jeder Radioh\u00f6rer einzeln und pers\u00f6nlich eingeladen worden. Wie unglaublich deprimierend. Radio ist tot, mausetot, toter geht es gar nicht, und das Berliner Radio sowieso. Selbst Sondersender sind [&hellip;]\" \/>\n<meta property=\"og:url\" content=\"https:\/\/blog.zeit.de\/berlinjournal\/?p=247\" \/>\n<meta property=\"og:site_name\" content=\"Berlin-Journal\" \/>\n<meta property=\"article:published_time\" content=\"2007-03-09T10:15:00+00:00\" \/>\n<meta name=\"author\" content=\"jochen.reinecke\" \/>\n<meta name=\"twitter:card\" content=\"summary_large_image\" \/>\n<meta name=\"twitter:label1\" content=\"Geschrieben von\" \/>\n\t<meta name=\"twitter:data1\" content=\"jochen.reinecke\" \/>\n\t<meta name=\"twitter:label2\" content=\"Gesch\u00e4tzte Lesezeit\" \/>\n\t<meta name=\"twitter:data2\" content=\"1\u00a0Minute\" \/>\n<script type=\"application\/ld+json\" class=\"yoast-schema-graph\">{\"@context\":\"https:\/\/schema.org\",\"@graph\":[{\"@type\":\"WebPage\",\"@id\":\"https:\/\/blog.zeit.de\/berlinjournal\/?p=247\",\"url\":\"https:\/\/blog.zeit.de\/berlinjournal\/?p=247\",\"name\":\"Das Berliner Radio-Elend - Berlin-Journal\",\"isPartOf\":{\"@id\":\"https:\/\/blog.zeit.de\/berlinjournal\/#website\"},\"datePublished\":\"2007-03-09T10:15:00+00:00\",\"dateModified\":\"2007-03-09T10:15:00+00:00\",\"author\":{\"@id\":\"https:\/\/blog.zeit.de\/berlinjournal\/#\/schema\/person\/579a122047754c410b6b5a9e1bdebd6a\"},\"breadcrumb\":{\"@id\":\"https:\/\/blog.zeit.de\/berlinjournal\/?p=247#breadcrumb\"},\"inLanguage\":\"de\",\"potentialAction\":[{\"@type\":\"ReadAction\",\"target\":[\"https:\/\/blog.zeit.de\/berlinjournal\/?p=247\"]}]},{\"@type\":\"BreadcrumbList\",\"@id\":\"https:\/\/blog.zeit.de\/berlinjournal\/?p=247#breadcrumb\",\"itemListElement\":[{\"@type\":\"ListItem\",\"position\":1,\"name\":\"Startseite\",\"item\":\"https:\/\/blog.zeit.de\/berlinjournal\"},{\"@type\":\"ListItem\",\"position\":2,\"name\":\"Das Berliner Radio-Elend\"}]},{\"@type\":\"WebSite\",\"@id\":\"https:\/\/blog.zeit.de\/berlinjournal\/#website\",\"url\":\"https:\/\/blog.zeit.de\/berlinjournal\/\",\"name\":\"Berlin-Journal\",\"description\":\"Der B\u00e4r groovt!\",\"potentialAction\":[{\"@type\":\"SearchAction\",\"target\":{\"@type\":\"EntryPoint\",\"urlTemplate\":\"https:\/\/blog.zeit.de\/berlinjournal\/?s={search_term_string}\"},\"query-input\":\"required name=search_term_string\"}],\"inLanguage\":\"de\"},{\"@type\":\"Person\",\"@id\":\"https:\/\/blog.zeit.de\/berlinjournal\/#\/schema\/person\/579a122047754c410b6b5a9e1bdebd6a\",\"name\":\"jochen.reinecke\",\"image\":{\"@type\":\"ImageObject\",\"inLanguage\":\"de\",\"@id\":\"https:\/\/blog.zeit.de\/berlinjournal\/#\/schema\/person\/image\/\",\"url\":\"https:\/\/secure.gravatar.com\/avatar\/?s=96&d=mm&r=g\",\"contentUrl\":\"https:\/\/secure.gravatar.com\/avatar\/?s=96&d=mm&r=g\",\"caption\":\"jochen.reinecke\"},\"url\":\"https:\/\/blog.zeit.de\/berlinjournal\/?author=48\"}]}<\/script>\n<!-- \/ Yoast SEO plugin. -->","yoast_head_json":{"title":"Das Berliner Radio-Elend - Berlin-Journal","robots":{"index":"index","follow":"follow","max-snippet":"max-snippet:-1","max-image-preview":"max-image-preview:large","max-video-preview":"max-video-preview:-1"},"canonical":"https:\/\/blog.zeit.de\/berlinjournal\/?p=247","og_locale":"de_DE","og_type":"article","og_title":"Das Berliner Radio-Elend - Berlin-Journal","og_description":"Sie stehen da, an der Kreuzung Potsdamer Br\u00fccke, mehrmals die Woche. Frierende Promo-H\u00e4schen, die Handzettel f\u00fcr Radiosender wie Energy 103,4 oder 94,3 r.s.2 verteilen. Es scheint, als w\u00e4re jeder Radioh\u00f6rer einzeln und pers\u00f6nlich eingeladen worden. Wie unglaublich deprimierend. Radio ist tot, mausetot, toter geht es gar nicht, und das Berliner Radio sowieso. Selbst Sondersender sind [&hellip;]","og_url":"https:\/\/blog.zeit.de\/berlinjournal\/?p=247","og_site_name":"Berlin-Journal","article_published_time":"2007-03-09T10:15:00+00:00","author":"jochen.reinecke","twitter_card":"summary_large_image","twitter_misc":{"Geschrieben von":"jochen.reinecke","Gesch\u00e4tzte Lesezeit":"1\u00a0Minute"},"schema":{"@context":"https:\/\/schema.org","@graph":[{"@type":"WebPage","@id":"https:\/\/blog.zeit.de\/berlinjournal\/?p=247","url":"https:\/\/blog.zeit.de\/berlinjournal\/?p=247","name":"Das Berliner Radio-Elend - Berlin-Journal","isPartOf":{"@id":"https:\/\/blog.zeit.de\/berlinjournal\/#website"},"datePublished":"2007-03-09T10:15:00+00:00","dateModified":"2007-03-09T10:15:00+00:00","author":{"@id":"https:\/\/blog.zeit.de\/berlinjournal\/#\/schema\/person\/579a122047754c410b6b5a9e1bdebd6a"},"breadcrumb":{"@id":"https:\/\/blog.zeit.de\/berlinjournal\/?p=247#breadcrumb"},"inLanguage":"de","potentialAction":[{"@type":"ReadAction","target":["https:\/\/blog.zeit.de\/berlinjournal\/?p=247"]}]},{"@type":"BreadcrumbList","@id":"https:\/\/blog.zeit.de\/berlinjournal\/?p=247#breadcrumb","itemListElement":[{"@type":"ListItem","position":1,"name":"Startseite","item":"https:\/\/blog.zeit.de\/berlinjournal"},{"@type":"ListItem","position":2,"name":"Das Berliner Radio-Elend"}]},{"@type":"WebSite","@id":"https:\/\/blog.zeit.de\/berlinjournal\/#website","url":"https:\/\/blog.zeit.de\/berlinjournal\/","name":"Berlin-Journal","description":"Der B\u00e4r groovt!","potentialAction":[{"@type":"SearchAction","target":{"@type":"EntryPoint","urlTemplate":"https:\/\/blog.zeit.de\/berlinjournal\/?s={search_term_string}"},"query-input":"required name=search_term_string"}],"inLanguage":"de"},{"@type":"Person","@id":"https:\/\/blog.zeit.de\/berlinjournal\/#\/schema\/person\/579a122047754c410b6b5a9e1bdebd6a","name":"jochen.reinecke","image":{"@type":"ImageObject","inLanguage":"de","@id":"https:\/\/blog.zeit.de\/berlinjournal\/#\/schema\/person\/image\/","url":"https:\/\/secure.gravatar.com\/avatar\/?s=96&d=mm&r=g","contentUrl":"https:\/\/secure.gravatar.com\/avatar\/?s=96&d=mm&r=g","caption":"jochen.reinecke"},"url":"https:\/\/blog.zeit.de\/berlinjournal\/?author=48"}]}},"jetpack_featured_media_url":"","_links":{"self":[{"href":"https:\/\/blog.zeit.de\/berlinjournal\/index.php?rest_route=\/wp\/v2\/posts\/247","targetHints":{"allow":["GET"]}}],"collection":[{"href":"https:\/\/blog.zeit.de\/berlinjournal\/index.php?rest_route=\/wp\/v2\/posts"}],"about":[{"href":"https:\/\/blog.zeit.de\/berlinjournal\/index.php?rest_route=\/wp\/v2\/types\/post"}],"author":[{"embeddable":true,"href":"https:\/\/blog.zeit.de\/berlinjournal\/index.php?rest_route=\/wp\/v2\/users\/48"}],"replies":[{"embeddable":true,"href":"https:\/\/blog.zeit.de\/berlinjournal\/index.php?rest_route=%2Fwp%2Fv2%2Fcomments&post=247"}],"version-history":[{"count":0,"href":"https:\/\/blog.zeit.de\/berlinjournal\/index.php?rest_route=\/wp\/v2\/posts\/247\/revisions"}],"wp:attachment":[{"href":"https:\/\/blog.zeit.de\/berlinjournal\/index.php?rest_route=%2Fwp%2Fv2%2Fmedia&parent=247"}],"wp:term":[{"taxonomy":"category","embeddable":true,"href":"https:\/\/blog.zeit.de\/berlinjournal\/index.php?rest_route=%2Fwp%2Fv2%2Fcategories&post=247"},{"taxonomy":"post_tag","embeddable":true,"href":"https:\/\/blog.zeit.de\/berlinjournal\/index.php?rest_route=%2Fwp%2Fv2%2Ftags&post=247"}],"curies":[{"name":"wp","href":"https:\/\/api.w.org\/{rel}","templated":true}]}}