{"id":28,"date":"2005-11-08T14:54:56","date_gmt":"2005-11-08T12:54:56","guid":{"rendered":"http:\/\/blog.zeit.de\/berlinjournal\/?p=28"},"modified":"2005-11-08T14:54:56","modified_gmt":"2005-11-08T12:54:56","slug":"der-u2-mann","status":"publish","type":"post","link":"https:\/\/blog.zeit.de\/berlinjournal\/?p=28","title":{"rendered":"Der U2-Mann"},"content":{"rendered":"<p>Ich fahre eigentlich nicht gerne U-Bahn. In der U-Bahn scheint es nur schlecht gelaunte Menschen zu geben, die es ganz schlimm finden, dass sie mit den anderen zusammen in einem Wagon sitzen m\u00fcssen. Das muss wohl daran liegen, dass der gef\u00fchlte Sicherheitsabstand zu seinen Mitmenschen im Bus oder in der U-Bahn &#8211; \u00e4hnlich wie im Fahrstuhl &#8211; st\u00e4ndig \u00fcberschritten wird. Die Folge: stocksteif herumsitzende Fahrg\u00e4ste, die nicht wissen, wo sie hingucken sollen.<br \/>\nEin bisschen Abwechslung kann da nicht schaden. Die tritt meist in Form von Verk\u00e4ufern von Obdachlosenzeitschriften oder Stra\u00dfenmusikern auf, die zwischen zwei Stationen schnell ein Liedchen tr\u00e4llern und danach mit dem Hut rum gehen. All das vermag die Stimmung jedoch nicht zu heben.<br \/>\nNur mit ein bisschen Gl\u00fcck bekommt man eine besondere Art der Performance. Daf\u00fcr muss man mit der U2 fahren. Heute Morgen war es wieder so weit: Der U2-Mann war in meinem Wagon! Wie immer stand er in T\u00fcrn\u00e4he, von wo aus er mit todernster Miene und im n\u00fcchternen Tonfall der Bahnhofsdurchsagen Dinge wie: \u201eWegen Bauarbeiten gibt es zwischen Gleisdreieck und Zoologischer Garten Schienenersatzverkehr!\u201c und \u201eN\u00e4chste Station Alexanderplatz. \u00dcbergang zu U8, U5, zur S-Bahn und zur Tram\u201c zum Besten gibt. Manchmal wandelt er die Durchsagen auch ab und sagt \u201eVerliebt\u201c oder \u201eVerr\u00fcckt bleiben, bitte\u201c anstelle von \u201eZur\u00fcckbleiben, bitte.\u201c Die meisten Leute ignorieren das einfach.<br \/>\nMir fiel das heut fr\u00fch besonders schwer. Ein junges M\u00e4dchen versuchte, Klimmz\u00fcge an den Haltestangen zu machen. Der U2-Mann fixierte sie und ging auf sie zu: \u201eAus Sicherheitsgr\u00fcnden ist das Turnen im Wagon strengstens untersagt!\u201c, ermahnte er sie. Sie bekam einen Strafzettel, auf dem sie diesen Satz unterschreiben und Namen und Geburtsdatum angeben sollte. Ich stand genau daneben und konnte mir ein Lachen nicht verkneifen. Daraufhin kam er zu mir: \u201eDas Lachen \u00fcber das Bahnpersonal ist strengstens untersagt!\u201c. Auch ich bekam einen Strafzettel. Beim Aussteigen zwinkerte mir die Turnerin zu. Ich bin mir sicher, dass sie beim Namen und beim Geburtsdatum auch geschummelt hat.<\/p>\n<p><em>Rana G\u00f6roglu<\/em><\/p>\n","protected":false},"excerpt":{"rendered":"<p>Ich fahre eigentlich nicht gerne U-Bahn. In der U-Bahn scheint es nur schlecht gelaunte Menschen zu geben, die es ganz schlimm finden, dass sie mit den anderen zusammen in einem Wagon sitzen m\u00fcssen. Das muss wohl daran liegen, dass der gef\u00fchlte Sicherheitsabstand zu seinen Mitmenschen im Bus oder in der U-Bahn &#8211; \u00e4hnlich wie im [&hellip;]<\/p>\n","protected":false},"author":49,"featured_media":0,"comment_status":"closed","ping_status":"closed","sticky":false,"template":"","format":"standard","meta":{"footnotes":""},"categories":[150],"tags":[],"class_list":["post-28","post","type-post","status-publish","format-standard","hentry","category-aus-der-hauptstadt"],"yoast_head":"<!-- This site is optimized with the Yoast SEO plugin v21.0 - https:\/\/yoast.com\/wordpress\/plugins\/seo\/ -->\n<title>Der U2-Mann - Berlin-Journal<\/title>\n<meta name=\"robots\" content=\"index, follow, max-snippet:-1, max-image-preview:large, max-video-preview:-1\" \/>\n<link rel=\"canonical\" href=\"https:\/\/blog.zeit.de\/berlinjournal\/?p=28\" \/>\n<meta property=\"og:locale\" content=\"de_DE\" \/>\n<meta property=\"og:type\" content=\"article\" \/>\n<meta property=\"og:title\" content=\"Der U2-Mann - Berlin-Journal\" \/>\n<meta property=\"og:description\" content=\"Ich fahre eigentlich nicht gerne U-Bahn. In der U-Bahn scheint es nur schlecht gelaunte Menschen zu geben, die es ganz schlimm finden, dass sie mit den anderen zusammen in einem Wagon sitzen m\u00fcssen. Das muss wohl daran liegen, dass der gef\u00fchlte Sicherheitsabstand zu seinen Mitmenschen im Bus oder in der U-Bahn &#8211; \u00e4hnlich wie im [&hellip;]\" \/>\n<meta property=\"og:url\" content=\"https:\/\/blog.zeit.de\/berlinjournal\/?p=28\" \/>\n<meta property=\"og:site_name\" content=\"Berlin-Journal\" \/>\n<meta property=\"article:published_time\" content=\"2005-11-08T12:54:56+00:00\" \/>\n<meta name=\"author\" content=\"berliner\" \/>\n<meta name=\"twitter:card\" content=\"summary_large_image\" \/>\n<meta name=\"twitter:label1\" content=\"Geschrieben von\" \/>\n\t<meta name=\"twitter:data1\" content=\"berliner\" \/>\n\t<meta name=\"twitter:label2\" content=\"Gesch\u00e4tzte Lesezeit\" \/>\n\t<meta name=\"twitter:data2\" content=\"2\u00a0Minuten\" \/>\n<script type=\"application\/ld+json\" class=\"yoast-schema-graph\">{\"@context\":\"https:\/\/schema.org\",\"@graph\":[{\"@type\":\"WebPage\",\"@id\":\"https:\/\/blog.zeit.de\/berlinjournal\/?p=28\",\"url\":\"https:\/\/blog.zeit.de\/berlinjournal\/?p=28\",\"name\":\"Der U2-Mann - Berlin-Journal\",\"isPartOf\":{\"@id\":\"https:\/\/blog.zeit.de\/berlinjournal\/#website\"},\"datePublished\":\"2005-11-08T12:54:56+00:00\",\"dateModified\":\"2005-11-08T12:54:56+00:00\",\"author\":{\"@id\":\"https:\/\/blog.zeit.de\/berlinjournal\/#\/schema\/person\/7de0632ea4090a35af0dc17cec68dd94\"},\"breadcrumb\":{\"@id\":\"https:\/\/blog.zeit.de\/berlinjournal\/?p=28#breadcrumb\"},\"inLanguage\":\"de\",\"potentialAction\":[{\"@type\":\"ReadAction\",\"target\":[\"https:\/\/blog.zeit.de\/berlinjournal\/?p=28\"]}]},{\"@type\":\"BreadcrumbList\",\"@id\":\"https:\/\/blog.zeit.de\/berlinjournal\/?p=28#breadcrumb\",\"itemListElement\":[{\"@type\":\"ListItem\",\"position\":1,\"name\":\"Startseite\",\"item\":\"https:\/\/blog.zeit.de\/berlinjournal\"},{\"@type\":\"ListItem\",\"position\":2,\"name\":\"Der U2-Mann\"}]},{\"@type\":\"WebSite\",\"@id\":\"https:\/\/blog.zeit.de\/berlinjournal\/#website\",\"url\":\"https:\/\/blog.zeit.de\/berlinjournal\/\",\"name\":\"Berlin-Journal\",\"description\":\"Der B\u00e4r groovt!\",\"potentialAction\":[{\"@type\":\"SearchAction\",\"target\":{\"@type\":\"EntryPoint\",\"urlTemplate\":\"https:\/\/blog.zeit.de\/berlinjournal\/?s={search_term_string}\"},\"query-input\":\"required name=search_term_string\"}],\"inLanguage\":\"de\"},{\"@type\":\"Person\",\"@id\":\"https:\/\/blog.zeit.de\/berlinjournal\/#\/schema\/person\/7de0632ea4090a35af0dc17cec68dd94\",\"name\":\"berliner\",\"image\":{\"@type\":\"ImageObject\",\"inLanguage\":\"de\",\"@id\":\"https:\/\/blog.zeit.de\/berlinjournal\/#\/schema\/person\/image\/\",\"url\":\"https:\/\/secure.gravatar.com\/avatar\/?s=96&d=mm&r=g\",\"contentUrl\":\"https:\/\/secure.gravatar.com\/avatar\/?s=96&d=mm&r=g\",\"caption\":\"berliner\"},\"url\":\"https:\/\/blog.zeit.de\/berlinjournal\/?author=49\"}]}<\/script>\n<!-- \/ Yoast SEO plugin. -->","yoast_head_json":{"title":"Der U2-Mann - Berlin-Journal","robots":{"index":"index","follow":"follow","max-snippet":"max-snippet:-1","max-image-preview":"max-image-preview:large","max-video-preview":"max-video-preview:-1"},"canonical":"https:\/\/blog.zeit.de\/berlinjournal\/?p=28","og_locale":"de_DE","og_type":"article","og_title":"Der U2-Mann - Berlin-Journal","og_description":"Ich fahre eigentlich nicht gerne U-Bahn. In der U-Bahn scheint es nur schlecht gelaunte Menschen zu geben, die es ganz schlimm finden, dass sie mit den anderen zusammen in einem Wagon sitzen m\u00fcssen. Das muss wohl daran liegen, dass der gef\u00fchlte Sicherheitsabstand zu seinen Mitmenschen im Bus oder in der U-Bahn &#8211; \u00e4hnlich wie im [&hellip;]","og_url":"https:\/\/blog.zeit.de\/berlinjournal\/?p=28","og_site_name":"Berlin-Journal","article_published_time":"2005-11-08T12:54:56+00:00","author":"berliner","twitter_card":"summary_large_image","twitter_misc":{"Geschrieben von":"berliner","Gesch\u00e4tzte Lesezeit":"2\u00a0Minuten"},"schema":{"@context":"https:\/\/schema.org","@graph":[{"@type":"WebPage","@id":"https:\/\/blog.zeit.de\/berlinjournal\/?p=28","url":"https:\/\/blog.zeit.de\/berlinjournal\/?p=28","name":"Der U2-Mann - Berlin-Journal","isPartOf":{"@id":"https:\/\/blog.zeit.de\/berlinjournal\/#website"},"datePublished":"2005-11-08T12:54:56+00:00","dateModified":"2005-11-08T12:54:56+00:00","author":{"@id":"https:\/\/blog.zeit.de\/berlinjournal\/#\/schema\/person\/7de0632ea4090a35af0dc17cec68dd94"},"breadcrumb":{"@id":"https:\/\/blog.zeit.de\/berlinjournal\/?p=28#breadcrumb"},"inLanguage":"de","potentialAction":[{"@type":"ReadAction","target":["https:\/\/blog.zeit.de\/berlinjournal\/?p=28"]}]},{"@type":"BreadcrumbList","@id":"https:\/\/blog.zeit.de\/berlinjournal\/?p=28#breadcrumb","itemListElement":[{"@type":"ListItem","position":1,"name":"Startseite","item":"https:\/\/blog.zeit.de\/berlinjournal"},{"@type":"ListItem","position":2,"name":"Der U2-Mann"}]},{"@type":"WebSite","@id":"https:\/\/blog.zeit.de\/berlinjournal\/#website","url":"https:\/\/blog.zeit.de\/berlinjournal\/","name":"Berlin-Journal","description":"Der B\u00e4r groovt!","potentialAction":[{"@type":"SearchAction","target":{"@type":"EntryPoint","urlTemplate":"https:\/\/blog.zeit.de\/berlinjournal\/?s={search_term_string}"},"query-input":"required name=search_term_string"}],"inLanguage":"de"},{"@type":"Person","@id":"https:\/\/blog.zeit.de\/berlinjournal\/#\/schema\/person\/7de0632ea4090a35af0dc17cec68dd94","name":"berliner","image":{"@type":"ImageObject","inLanguage":"de","@id":"https:\/\/blog.zeit.de\/berlinjournal\/#\/schema\/person\/image\/","url":"https:\/\/secure.gravatar.com\/avatar\/?s=96&d=mm&r=g","contentUrl":"https:\/\/secure.gravatar.com\/avatar\/?s=96&d=mm&r=g","caption":"berliner"},"url":"https:\/\/blog.zeit.de\/berlinjournal\/?author=49"}]}},"jetpack_featured_media_url":"","_links":{"self":[{"href":"https:\/\/blog.zeit.de\/berlinjournal\/index.php?rest_route=\/wp\/v2\/posts\/28","targetHints":{"allow":["GET"]}}],"collection":[{"href":"https:\/\/blog.zeit.de\/berlinjournal\/index.php?rest_route=\/wp\/v2\/posts"}],"about":[{"href":"https:\/\/blog.zeit.de\/berlinjournal\/index.php?rest_route=\/wp\/v2\/types\/post"}],"author":[{"embeddable":true,"href":"https:\/\/blog.zeit.de\/berlinjournal\/index.php?rest_route=\/wp\/v2\/users\/49"}],"replies":[{"embeddable":true,"href":"https:\/\/blog.zeit.de\/berlinjournal\/index.php?rest_route=%2Fwp%2Fv2%2Fcomments&post=28"}],"version-history":[{"count":0,"href":"https:\/\/blog.zeit.de\/berlinjournal\/index.php?rest_route=\/wp\/v2\/posts\/28\/revisions"}],"wp:attachment":[{"href":"https:\/\/blog.zeit.de\/berlinjournal\/index.php?rest_route=%2Fwp%2Fv2%2Fmedia&parent=28"}],"wp:term":[{"taxonomy":"category","embeddable":true,"href":"https:\/\/blog.zeit.de\/berlinjournal\/index.php?rest_route=%2Fwp%2Fv2%2Fcategories&post=28"},{"taxonomy":"post_tag","embeddable":true,"href":"https:\/\/blog.zeit.de\/berlinjournal\/index.php?rest_route=%2Fwp%2Fv2%2Ftags&post=28"}],"curies":[{"name":"wp","href":"https:\/\/api.w.org\/{rel}","templated":true}]}}