{"id":281,"date":"2007-06-26T16:13:00","date_gmt":"2007-06-26T14:13:00","guid":{"rendered":"http:\/\/blog.zeit.de\/berlinjournal\/?p=281"},"modified":"2007-06-26T16:13:00","modified_gmt":"2007-06-26T14:13:00","slug":"rattus-norvegicus","status":"publish","type":"post","link":"https:\/\/blog.zeit.de\/berlinjournal\/?p=281","title":{"rendered":"Rattus norvegicus&#8230;"},"content":{"rendered":"<p>hei\u00dft nicht nur ein sch\u00f6nes Album der Stranglers, sondern auch die Tierart, mit der ich nun Bekanntschaft machen durfte. Unter die Rubrik &#8222;Mythen in T\u00fcten&#8220; f\u00e4llt ja der sch\u00f6ne Satz, dass es angeblich in Berlin pro Einwohner drei Ratten gibt. Indes, vielleicht ist das gar nicht so falsch. Doch ich erz\u00e4hle mal sch\u00f6n der Reihe nach.<\/p>\n<p>Wir sind am Mittwoch umgezogen. In eine neue Wohnung. In eine sch\u00f6ne neue Wohnung. Ein bisschen wunderte uns ein etwas, nun, muffiger Geruch im G\u00e4ste-WC. Am Donnerstag muffte es dann auch im Badezimmer. Urspr\u00fcunglich war beides ein einziger, gro\u00dfer Raum, wir haben diesen Raum umbauen lassen zu einem mittelgro\u00dfen Bad und einem G\u00e4ste-WC. Woran denkt man, wenn es muffelt? An ein defektes Abwasserrohr.<\/p>\n<p>Am Freitag kam dann auch der liebe Herr Klempner, schn\u00fcffelte kurz und sagte: &#8222;Nein, das sind keine Abw\u00e4sser&#8220;. Er schn\u00fcffelte weiter, an der Wand entlang, und landete mit seiner Nase an der Verkleidung des Toilettensp\u00fclkastens, welcher in die Wand eingelassen. Mit einem Ruck rupfte er die Verkleidung des Sp\u00fclknopfes ab, drehte sie um und erbleichte. Sie war angenagt.<\/p>\n<p>Von innen.<\/p>\n<p>In einem Halbkreis von 1,5 cm Durchmesser.<\/p>\n<p>Sogleich rekapitulierte der Klempner: Im Rahmen der Sanierungsarbeiten der Wohnungen hatte man die alten Toiletten aus der Wohnung entfernt, eine Woche sp\u00e4ter neue Toiletten eingebaut &#8211; und in der Zwischenzeit die Fallrohre nicht verschlossen. Klarer Fall: Die lieben Tierchen (man vermutet 2-3) sind aus der Kanalisation in die erste Etage hochgeklettert, haben sich irgendwo versteckt und wurden dann von den Bauarbeitern eingemauert, die aus dem einen gro\u00dfen Bad zwei gemacht haben. Sie steckten zwischen Wand und Zwischenwand. Eine &#8211; und daher der Geruch, der sich bis heute ins Unertr\u00e4gliche gesteigert hat &#8211; ist wohl schon dout, die andere (die anderen beiden) lebt noch, wie wir feststellen durften, denn ab etwa ein Uhr morgens h\u00f6rt man aus der Zwischenwand Ger\u00e4usche, die auch Menschen mit starken Nerven als nicht angenehm bezeichnen w\u00fcrde.<\/p>\n<p>Auftritt Kammerj\u00e4ger: Einwurf von Giftk\u00f6der. Sodann: &#8222;Die verrecken jetze, dann stinkts noch swei Wochen bis die ausjetrocknet sind und dann jehts wieda&#8220;. Ich: &#8222;N\u00d6&#8220;.<\/p>\n<p>Am Donnerstag wird man, das konnte ich erwirken, die besagte Zwischenwand anbohren und mit einem Endoskop ins Innere schauen. Wenn man die Leichen findet, wird die Wand ebenda aufgestemmt und die Tiere abtransportiert.<\/p>\n<p>Ich freu mich schon. Auf den Tag, an dem es nicht mehr stinkt.<\/p>\n","protected":false},"excerpt":{"rendered":"<p>hei\u00dft nicht nur ein sch\u00f6nes Album der Stranglers, sondern auch die Tierart, mit der ich nun Bekanntschaft machen durfte. Unter die Rubrik &#8222;Mythen in T\u00fcten&#8220; f\u00e4llt ja der sch\u00f6ne Satz, dass es angeblich in Berlin pro Einwohner drei Ratten gibt. Indes, vielleicht ist das gar nicht so falsch. Doch ich erz\u00e4hle mal sch\u00f6n der Reihe [&hellip;]<\/p>\n","protected":false},"author":48,"featured_media":0,"comment_status":"closed","ping_status":"closed","sticky":false,"template":"","format":"standard","meta":{"footnotes":""},"categories":[150],"tags":[],"class_list":["post-281","post","type-post","status-publish","format-standard","hentry","category-aus-der-hauptstadt"],"yoast_head":"<!-- This site is optimized with the Yoast SEO plugin v21.0 - https:\/\/yoast.com\/wordpress\/plugins\/seo\/ -->\n<title>Rattus norvegicus... - Berlin-Journal<\/title>\n<meta name=\"robots\" content=\"index, follow, max-snippet:-1, max-image-preview:large, max-video-preview:-1\" \/>\n<link rel=\"canonical\" href=\"https:\/\/blog.zeit.de\/berlinjournal\/?p=281\" \/>\n<meta property=\"og:locale\" content=\"de_DE\" \/>\n<meta property=\"og:type\" content=\"article\" \/>\n<meta property=\"og:title\" content=\"Rattus norvegicus... - Berlin-Journal\" \/>\n<meta property=\"og:description\" content=\"hei\u00dft nicht nur ein sch\u00f6nes Album der Stranglers, sondern auch die Tierart, mit der ich nun Bekanntschaft machen durfte. Unter die Rubrik &#8222;Mythen in T\u00fcten&#8220; f\u00e4llt ja der sch\u00f6ne Satz, dass es angeblich in Berlin pro Einwohner drei Ratten gibt. Indes, vielleicht ist das gar nicht so falsch. Doch ich erz\u00e4hle mal sch\u00f6n der Reihe [&hellip;]\" \/>\n<meta property=\"og:url\" content=\"https:\/\/blog.zeit.de\/berlinjournal\/?p=281\" \/>\n<meta property=\"og:site_name\" content=\"Berlin-Journal\" \/>\n<meta property=\"article:published_time\" content=\"2007-06-26T14:13:00+00:00\" \/>\n<meta name=\"author\" content=\"jochen.reinecke\" \/>\n<meta name=\"twitter:card\" content=\"summary_large_image\" \/>\n<meta name=\"twitter:label1\" content=\"Geschrieben von\" \/>\n\t<meta name=\"twitter:data1\" content=\"jochen.reinecke\" \/>\n\t<meta name=\"twitter:label2\" content=\"Gesch\u00e4tzte Lesezeit\" \/>\n\t<meta name=\"twitter:data2\" content=\"2\u00a0Minuten\" \/>\n<script type=\"application\/ld+json\" class=\"yoast-schema-graph\">{\"@context\":\"https:\/\/schema.org\",\"@graph\":[{\"@type\":\"WebPage\",\"@id\":\"https:\/\/blog.zeit.de\/berlinjournal\/?p=281\",\"url\":\"https:\/\/blog.zeit.de\/berlinjournal\/?p=281\",\"name\":\"Rattus norvegicus... - Berlin-Journal\",\"isPartOf\":{\"@id\":\"https:\/\/blog.zeit.de\/berlinjournal\/#website\"},\"datePublished\":\"2007-06-26T14:13:00+00:00\",\"dateModified\":\"2007-06-26T14:13:00+00:00\",\"author\":{\"@id\":\"https:\/\/blog.zeit.de\/berlinjournal\/#\/schema\/person\/579a122047754c410b6b5a9e1bdebd6a\"},\"breadcrumb\":{\"@id\":\"https:\/\/blog.zeit.de\/berlinjournal\/?p=281#breadcrumb\"},\"inLanguage\":\"de\",\"potentialAction\":[{\"@type\":\"ReadAction\",\"target\":[\"https:\/\/blog.zeit.de\/berlinjournal\/?p=281\"]}]},{\"@type\":\"BreadcrumbList\",\"@id\":\"https:\/\/blog.zeit.de\/berlinjournal\/?p=281#breadcrumb\",\"itemListElement\":[{\"@type\":\"ListItem\",\"position\":1,\"name\":\"Startseite\",\"item\":\"https:\/\/blog.zeit.de\/berlinjournal\"},{\"@type\":\"ListItem\",\"position\":2,\"name\":\"Rattus norvegicus&#8230;\"}]},{\"@type\":\"WebSite\",\"@id\":\"https:\/\/blog.zeit.de\/berlinjournal\/#website\",\"url\":\"https:\/\/blog.zeit.de\/berlinjournal\/\",\"name\":\"Berlin-Journal\",\"description\":\"Der B\u00e4r groovt!\",\"potentialAction\":[{\"@type\":\"SearchAction\",\"target\":{\"@type\":\"EntryPoint\",\"urlTemplate\":\"https:\/\/blog.zeit.de\/berlinjournal\/?s={search_term_string}\"},\"query-input\":\"required name=search_term_string\"}],\"inLanguage\":\"de\"},{\"@type\":\"Person\",\"@id\":\"https:\/\/blog.zeit.de\/berlinjournal\/#\/schema\/person\/579a122047754c410b6b5a9e1bdebd6a\",\"name\":\"jochen.reinecke\",\"image\":{\"@type\":\"ImageObject\",\"inLanguage\":\"de\",\"@id\":\"https:\/\/blog.zeit.de\/berlinjournal\/#\/schema\/person\/image\/\",\"url\":\"https:\/\/secure.gravatar.com\/avatar\/?s=96&d=mm&r=g\",\"contentUrl\":\"https:\/\/secure.gravatar.com\/avatar\/?s=96&d=mm&r=g\",\"caption\":\"jochen.reinecke\"},\"url\":\"https:\/\/blog.zeit.de\/berlinjournal\/?author=48\"}]}<\/script>\n<!-- \/ Yoast SEO plugin. -->","yoast_head_json":{"title":"Rattus norvegicus... - Berlin-Journal","robots":{"index":"index","follow":"follow","max-snippet":"max-snippet:-1","max-image-preview":"max-image-preview:large","max-video-preview":"max-video-preview:-1"},"canonical":"https:\/\/blog.zeit.de\/berlinjournal\/?p=281","og_locale":"de_DE","og_type":"article","og_title":"Rattus norvegicus... - Berlin-Journal","og_description":"hei\u00dft nicht nur ein sch\u00f6nes Album der Stranglers, sondern auch die Tierart, mit der ich nun Bekanntschaft machen durfte. Unter die Rubrik &#8222;Mythen in T\u00fcten&#8220; f\u00e4llt ja der sch\u00f6ne Satz, dass es angeblich in Berlin pro Einwohner drei Ratten gibt. Indes, vielleicht ist das gar nicht so falsch. Doch ich erz\u00e4hle mal sch\u00f6n der Reihe [&hellip;]","og_url":"https:\/\/blog.zeit.de\/berlinjournal\/?p=281","og_site_name":"Berlin-Journal","article_published_time":"2007-06-26T14:13:00+00:00","author":"jochen.reinecke","twitter_card":"summary_large_image","twitter_misc":{"Geschrieben von":"jochen.reinecke","Gesch\u00e4tzte Lesezeit":"2\u00a0Minuten"},"schema":{"@context":"https:\/\/schema.org","@graph":[{"@type":"WebPage","@id":"https:\/\/blog.zeit.de\/berlinjournal\/?p=281","url":"https:\/\/blog.zeit.de\/berlinjournal\/?p=281","name":"Rattus norvegicus... - Berlin-Journal","isPartOf":{"@id":"https:\/\/blog.zeit.de\/berlinjournal\/#website"},"datePublished":"2007-06-26T14:13:00+00:00","dateModified":"2007-06-26T14:13:00+00:00","author":{"@id":"https:\/\/blog.zeit.de\/berlinjournal\/#\/schema\/person\/579a122047754c410b6b5a9e1bdebd6a"},"breadcrumb":{"@id":"https:\/\/blog.zeit.de\/berlinjournal\/?p=281#breadcrumb"},"inLanguage":"de","potentialAction":[{"@type":"ReadAction","target":["https:\/\/blog.zeit.de\/berlinjournal\/?p=281"]}]},{"@type":"BreadcrumbList","@id":"https:\/\/blog.zeit.de\/berlinjournal\/?p=281#breadcrumb","itemListElement":[{"@type":"ListItem","position":1,"name":"Startseite","item":"https:\/\/blog.zeit.de\/berlinjournal"},{"@type":"ListItem","position":2,"name":"Rattus norvegicus&#8230;"}]},{"@type":"WebSite","@id":"https:\/\/blog.zeit.de\/berlinjournal\/#website","url":"https:\/\/blog.zeit.de\/berlinjournal\/","name":"Berlin-Journal","description":"Der B\u00e4r groovt!","potentialAction":[{"@type":"SearchAction","target":{"@type":"EntryPoint","urlTemplate":"https:\/\/blog.zeit.de\/berlinjournal\/?s={search_term_string}"},"query-input":"required name=search_term_string"}],"inLanguage":"de"},{"@type":"Person","@id":"https:\/\/blog.zeit.de\/berlinjournal\/#\/schema\/person\/579a122047754c410b6b5a9e1bdebd6a","name":"jochen.reinecke","image":{"@type":"ImageObject","inLanguage":"de","@id":"https:\/\/blog.zeit.de\/berlinjournal\/#\/schema\/person\/image\/","url":"https:\/\/secure.gravatar.com\/avatar\/?s=96&d=mm&r=g","contentUrl":"https:\/\/secure.gravatar.com\/avatar\/?s=96&d=mm&r=g","caption":"jochen.reinecke"},"url":"https:\/\/blog.zeit.de\/berlinjournal\/?author=48"}]}},"jetpack_featured_media_url":"","_links":{"self":[{"href":"https:\/\/blog.zeit.de\/berlinjournal\/index.php?rest_route=\/wp\/v2\/posts\/281","targetHints":{"allow":["GET"]}}],"collection":[{"href":"https:\/\/blog.zeit.de\/berlinjournal\/index.php?rest_route=\/wp\/v2\/posts"}],"about":[{"href":"https:\/\/blog.zeit.de\/berlinjournal\/index.php?rest_route=\/wp\/v2\/types\/post"}],"author":[{"embeddable":true,"href":"https:\/\/blog.zeit.de\/berlinjournal\/index.php?rest_route=\/wp\/v2\/users\/48"}],"replies":[{"embeddable":true,"href":"https:\/\/blog.zeit.de\/berlinjournal\/index.php?rest_route=%2Fwp%2Fv2%2Fcomments&post=281"}],"version-history":[{"count":0,"href":"https:\/\/blog.zeit.de\/berlinjournal\/index.php?rest_route=\/wp\/v2\/posts\/281\/revisions"}],"wp:attachment":[{"href":"https:\/\/blog.zeit.de\/berlinjournal\/index.php?rest_route=%2Fwp%2Fv2%2Fmedia&parent=281"}],"wp:term":[{"taxonomy":"category","embeddable":true,"href":"https:\/\/blog.zeit.de\/berlinjournal\/index.php?rest_route=%2Fwp%2Fv2%2Fcategories&post=281"},{"taxonomy":"post_tag","embeddable":true,"href":"https:\/\/blog.zeit.de\/berlinjournal\/index.php?rest_route=%2Fwp%2Fv2%2Ftags&post=281"}],"curies":[{"name":"wp","href":"https:\/\/api.w.org\/{rel}","templated":true}]}}