{"id":311,"date":"2007-10-26T13:25:49","date_gmt":"2007-10-26T11:25:49","guid":{"rendered":"http:\/\/blog.zeit.de\/berlinjournal\/?p=311"},"modified":"2007-10-26T13:25:49","modified_gmt":"2007-10-26T11:25:49","slug":"michael-stein-ist-tot","status":"publish","type":"post","link":"https:\/\/blog.zeit.de\/berlinjournal\/?p=311","title":{"rendered":"Michael Stein ist tot."},"content":{"rendered":"<p>Ein halbes Jahr nach der <a href=\"https:\/\/blog.zeit.de\/berlinjournal\/?p=262\">Ank\u00fcndigung der Solidarit\u00e4tslesung<\/a> ist der Berliner Extremperformer Michael Stein an seiner Lungenkrebserkrankung gestorben. F\u00fcr seinen Mut, v\u00f6llig aus dem Bauch heraus vor eine Menschenmenge zu treten und seinen Stream of (Un-)Consciousness ungebremst auf sie niederprasseln zu lassen, habe ich ihn mehr als einmal bewundert. Er hat dem Berliner Leseb\u00fchnenpublikum viele funkelnde, irrlichternde Momente gegeben.<\/p>\n<p>Hier einige Stimmen von Kollegen:<\/p>\n<p><a href=\"http:\/\/bov.antville.org\/stories\/1711499\/\">Bov Bjerg<\/a><br \/>\n<a href=\"http:\/\/www.berlinonline.de\/berliner-zeitung\/print\/feuilleton\/696914.html\">Falko Hennig, Berliner Zeitung<\/a><br \/>\n<a href=\"http:\/\/www.jungewelt.de\/2007\/10-25\/023.php\">Dr. Seltsam, Junge Welt<\/a><br \/>\n<a href=\"http:\/\/volkerstruebing.wordpress.com\/2007\/10\/25\/lieber-michael\/\">Volker Str\u00fcbing<\/a><br \/>\n<a href=\"http:\/\/taz.de\/blogs\/reptilienfonds\/2007\/10\/25\/robert-weber-zum-tod-von-michael-stein\/\">Robert Weber, taz<\/a><\/p>\n","protected":false},"excerpt":{"rendered":"<p>Ein halbes Jahr nach der Ank\u00fcndigung der Solidarit\u00e4tslesung ist der Berliner Extremperformer Michael Stein an seiner Lungenkrebserkrankung gestorben. F\u00fcr seinen Mut, v\u00f6llig aus dem Bauch heraus vor eine Menschenmenge zu treten und seinen Stream of (Un-)Consciousness ungebremst auf sie niederprasseln zu lassen, habe ich ihn mehr als einmal bewundert. Er hat dem Berliner Leseb\u00fchnenpublikum viele [&hellip;]<\/p>\n","protected":false},"author":48,"featured_media":0,"comment_status":"closed","ping_status":"closed","sticky":false,"template":"","format":"standard","meta":{"footnotes":""},"categories":[150],"tags":[],"class_list":["post-311","post","type-post","status-publish","format-standard","hentry","category-aus-der-hauptstadt"],"yoast_head":"<!-- This site is optimized with the Yoast SEO plugin v21.0 - https:\/\/yoast.com\/wordpress\/plugins\/seo\/ -->\n<title>Michael Stein ist tot. - Berlin-Journal<\/title>\n<meta name=\"robots\" content=\"index, follow, max-snippet:-1, max-image-preview:large, max-video-preview:-1\" \/>\n<link rel=\"canonical\" href=\"https:\/\/blog.zeit.de\/berlinjournal\/?p=311\" \/>\n<meta property=\"og:locale\" content=\"de_DE\" \/>\n<meta property=\"og:type\" content=\"article\" \/>\n<meta property=\"og:title\" content=\"Michael Stein ist tot. - Berlin-Journal\" \/>\n<meta property=\"og:description\" content=\"Ein halbes Jahr nach der Ank\u00fcndigung der Solidarit\u00e4tslesung ist der Berliner Extremperformer Michael Stein an seiner Lungenkrebserkrankung gestorben. F\u00fcr seinen Mut, v\u00f6llig aus dem Bauch heraus vor eine Menschenmenge zu treten und seinen Stream of (Un-)Consciousness ungebremst auf sie niederprasseln zu lassen, habe ich ihn mehr als einmal bewundert. Er hat dem Berliner Leseb\u00fchnenpublikum viele [&hellip;]\" \/>\n<meta property=\"og:url\" content=\"https:\/\/blog.zeit.de\/berlinjournal\/?p=311\" \/>\n<meta property=\"og:site_name\" content=\"Berlin-Journal\" \/>\n<meta property=\"article:published_time\" content=\"2007-10-26T11:25:49+00:00\" \/>\n<meta name=\"author\" content=\"jochen.reinecke\" \/>\n<meta name=\"twitter:card\" content=\"summary_large_image\" \/>\n<meta name=\"twitter:label1\" content=\"Geschrieben von\" \/>\n\t<meta name=\"twitter:data1\" content=\"jochen.reinecke\" \/>\n<script type=\"application\/ld+json\" class=\"yoast-schema-graph\">{\"@context\":\"https:\/\/schema.org\",\"@graph\":[{\"@type\":\"WebPage\",\"@id\":\"https:\/\/blog.zeit.de\/berlinjournal\/?p=311\",\"url\":\"https:\/\/blog.zeit.de\/berlinjournal\/?p=311\",\"name\":\"Michael Stein ist tot. - Berlin-Journal\",\"isPartOf\":{\"@id\":\"https:\/\/blog.zeit.de\/berlinjournal\/#website\"},\"datePublished\":\"2007-10-26T11:25:49+00:00\",\"dateModified\":\"2007-10-26T11:25:49+00:00\",\"author\":{\"@id\":\"https:\/\/blog.zeit.de\/berlinjournal\/#\/schema\/person\/579a122047754c410b6b5a9e1bdebd6a\"},\"breadcrumb\":{\"@id\":\"https:\/\/blog.zeit.de\/berlinjournal\/?p=311#breadcrumb\"},\"inLanguage\":\"de\",\"potentialAction\":[{\"@type\":\"ReadAction\",\"target\":[\"https:\/\/blog.zeit.de\/berlinjournal\/?p=311\"]}]},{\"@type\":\"BreadcrumbList\",\"@id\":\"https:\/\/blog.zeit.de\/berlinjournal\/?p=311#breadcrumb\",\"itemListElement\":[{\"@type\":\"ListItem\",\"position\":1,\"name\":\"Startseite\",\"item\":\"https:\/\/blog.zeit.de\/berlinjournal\"},{\"@type\":\"ListItem\",\"position\":2,\"name\":\"Michael Stein ist tot.\"}]},{\"@type\":\"WebSite\",\"@id\":\"https:\/\/blog.zeit.de\/berlinjournal\/#website\",\"url\":\"https:\/\/blog.zeit.de\/berlinjournal\/\",\"name\":\"Berlin-Journal\",\"description\":\"Der B\u00e4r groovt!\",\"potentialAction\":[{\"@type\":\"SearchAction\",\"target\":{\"@type\":\"EntryPoint\",\"urlTemplate\":\"https:\/\/blog.zeit.de\/berlinjournal\/?s={search_term_string}\"},\"query-input\":\"required name=search_term_string\"}],\"inLanguage\":\"de\"},{\"@type\":\"Person\",\"@id\":\"https:\/\/blog.zeit.de\/berlinjournal\/#\/schema\/person\/579a122047754c410b6b5a9e1bdebd6a\",\"name\":\"jochen.reinecke\",\"image\":{\"@type\":\"ImageObject\",\"inLanguage\":\"de\",\"@id\":\"https:\/\/blog.zeit.de\/berlinjournal\/#\/schema\/person\/image\/\",\"url\":\"https:\/\/secure.gravatar.com\/avatar\/?s=96&d=mm&r=g\",\"contentUrl\":\"https:\/\/secure.gravatar.com\/avatar\/?s=96&d=mm&r=g\",\"caption\":\"jochen.reinecke\"},\"url\":\"https:\/\/blog.zeit.de\/berlinjournal\/?author=48\"}]}<\/script>\n<!-- \/ Yoast SEO plugin. -->","yoast_head_json":{"title":"Michael Stein ist tot. - Berlin-Journal","robots":{"index":"index","follow":"follow","max-snippet":"max-snippet:-1","max-image-preview":"max-image-preview:large","max-video-preview":"max-video-preview:-1"},"canonical":"https:\/\/blog.zeit.de\/berlinjournal\/?p=311","og_locale":"de_DE","og_type":"article","og_title":"Michael Stein ist tot. - Berlin-Journal","og_description":"Ein halbes Jahr nach der Ank\u00fcndigung der Solidarit\u00e4tslesung ist der Berliner Extremperformer Michael Stein an seiner Lungenkrebserkrankung gestorben. F\u00fcr seinen Mut, v\u00f6llig aus dem Bauch heraus vor eine Menschenmenge zu treten und seinen Stream of (Un-)Consciousness ungebremst auf sie niederprasseln zu lassen, habe ich ihn mehr als einmal bewundert. Er hat dem Berliner Leseb\u00fchnenpublikum viele [&hellip;]","og_url":"https:\/\/blog.zeit.de\/berlinjournal\/?p=311","og_site_name":"Berlin-Journal","article_published_time":"2007-10-26T11:25:49+00:00","author":"jochen.reinecke","twitter_card":"summary_large_image","twitter_misc":{"Geschrieben von":"jochen.reinecke"},"schema":{"@context":"https:\/\/schema.org","@graph":[{"@type":"WebPage","@id":"https:\/\/blog.zeit.de\/berlinjournal\/?p=311","url":"https:\/\/blog.zeit.de\/berlinjournal\/?p=311","name":"Michael Stein ist tot. - Berlin-Journal","isPartOf":{"@id":"https:\/\/blog.zeit.de\/berlinjournal\/#website"},"datePublished":"2007-10-26T11:25:49+00:00","dateModified":"2007-10-26T11:25:49+00:00","author":{"@id":"https:\/\/blog.zeit.de\/berlinjournal\/#\/schema\/person\/579a122047754c410b6b5a9e1bdebd6a"},"breadcrumb":{"@id":"https:\/\/blog.zeit.de\/berlinjournal\/?p=311#breadcrumb"},"inLanguage":"de","potentialAction":[{"@type":"ReadAction","target":["https:\/\/blog.zeit.de\/berlinjournal\/?p=311"]}]},{"@type":"BreadcrumbList","@id":"https:\/\/blog.zeit.de\/berlinjournal\/?p=311#breadcrumb","itemListElement":[{"@type":"ListItem","position":1,"name":"Startseite","item":"https:\/\/blog.zeit.de\/berlinjournal"},{"@type":"ListItem","position":2,"name":"Michael Stein ist tot."}]},{"@type":"WebSite","@id":"https:\/\/blog.zeit.de\/berlinjournal\/#website","url":"https:\/\/blog.zeit.de\/berlinjournal\/","name":"Berlin-Journal","description":"Der B\u00e4r groovt!","potentialAction":[{"@type":"SearchAction","target":{"@type":"EntryPoint","urlTemplate":"https:\/\/blog.zeit.de\/berlinjournal\/?s={search_term_string}"},"query-input":"required name=search_term_string"}],"inLanguage":"de"},{"@type":"Person","@id":"https:\/\/blog.zeit.de\/berlinjournal\/#\/schema\/person\/579a122047754c410b6b5a9e1bdebd6a","name":"jochen.reinecke","image":{"@type":"ImageObject","inLanguage":"de","@id":"https:\/\/blog.zeit.de\/berlinjournal\/#\/schema\/person\/image\/","url":"https:\/\/secure.gravatar.com\/avatar\/?s=96&d=mm&r=g","contentUrl":"https:\/\/secure.gravatar.com\/avatar\/?s=96&d=mm&r=g","caption":"jochen.reinecke"},"url":"https:\/\/blog.zeit.de\/berlinjournal\/?author=48"}]}},"jetpack_featured_media_url":"","_links":{"self":[{"href":"https:\/\/blog.zeit.de\/berlinjournal\/index.php?rest_route=\/wp\/v2\/posts\/311","targetHints":{"allow":["GET"]}}],"collection":[{"href":"https:\/\/blog.zeit.de\/berlinjournal\/index.php?rest_route=\/wp\/v2\/posts"}],"about":[{"href":"https:\/\/blog.zeit.de\/berlinjournal\/index.php?rest_route=\/wp\/v2\/types\/post"}],"author":[{"embeddable":true,"href":"https:\/\/blog.zeit.de\/berlinjournal\/index.php?rest_route=\/wp\/v2\/users\/48"}],"replies":[{"embeddable":true,"href":"https:\/\/blog.zeit.de\/berlinjournal\/index.php?rest_route=%2Fwp%2Fv2%2Fcomments&post=311"}],"version-history":[{"count":0,"href":"https:\/\/blog.zeit.de\/berlinjournal\/index.php?rest_route=\/wp\/v2\/posts\/311\/revisions"}],"wp:attachment":[{"href":"https:\/\/blog.zeit.de\/berlinjournal\/index.php?rest_route=%2Fwp%2Fv2%2Fmedia&parent=311"}],"wp:term":[{"taxonomy":"category","embeddable":true,"href":"https:\/\/blog.zeit.de\/berlinjournal\/index.php?rest_route=%2Fwp%2Fv2%2Fcategories&post=311"},{"taxonomy":"post_tag","embeddable":true,"href":"https:\/\/blog.zeit.de\/berlinjournal\/index.php?rest_route=%2Fwp%2Fv2%2Ftags&post=311"}],"curies":[{"name":"wp","href":"https:\/\/api.w.org\/{rel}","templated":true}]}}