{"id":384,"date":"2008-10-30T07:55:43","date_gmt":"2008-10-30T05:55:43","guid":{"rendered":"http:\/\/blog.zeit.de\/berlinjournal\/?p=384"},"modified":"2008-10-30T07:55:43","modified_gmt":"2008-10-30T05:55:43","slug":"jetz-isser-endlich-vorbei","status":"publish","type":"post","link":"https:\/\/blog.zeit.de\/berlinjournal\/?p=384","title":{"rendered":"Jetz isser&#8216; endlich vorbei"},"content":{"rendered":"<p>&#8230; mit diesen melancholischen Zeilen, mit denen der gro\u00dfartige Peter Licht eigentlich den Kapitalismus besingt, m\u00f6chte ich Abschied vom Flughafen Tempelhof nennen, den ich stets in einem Anfall von Jux auch Teghafen Flumpelhof nannte. Eine richtiggehende Abschiedsfeier f\u00fcr den normalen B\u00fcrger gibt es nicht. Heute ist sogar schon die Haupthalle gesperrt f\u00fcr alle &#8211; bis auf diejenigen, die noch einen der letzten Linienfl\u00fcge absolvieren. Um 20:50 Uhr startet der Abschiedsflug von Cirrus Airlines nach Mannheim &#8211; dann ist Ende.<\/p>\n<p>Um 23:55 Uhr werden einige Ju52 und DC3 feierlich und parallel abheben; ein gewagtes Spektakel und ein leichtes Herausfordern des Schicksals &#8211; denn eigentlich kann ein Parallelstart hier nicht funktionieren, weil der Abstand der Bahnen nicht ausreicht.<\/p>\n<p>Wer nicht zum erlauchten Kreis der Eingeladenen z\u00e4hlt, kann die letzten Starts vom U-Bahnhof Paradestra\u00dfe aus beobachten, hier hat man gute Sicht auf die Start- und Landebahnen. Tsch\u00fcs Tempelhof&#8230;<\/p>\n","protected":false},"excerpt":{"rendered":"<p>&#8230; mit diesen melancholischen Zeilen, mit denen der gro\u00dfartige Peter Licht eigentlich den Kapitalismus besingt, m\u00f6chte ich Abschied vom Flughafen Tempelhof nennen, den ich stets in einem Anfall von Jux auch Teghafen Flumpelhof nannte. Eine richtiggehende Abschiedsfeier f\u00fcr den normalen B\u00fcrger gibt es nicht. Heute ist sogar schon die Haupthalle gesperrt f\u00fcr alle &#8211; bis [&hellip;]<\/p>\n","protected":false},"author":48,"featured_media":0,"comment_status":"closed","ping_status":"closed","sticky":false,"template":"","format":"standard","meta":{"footnotes":""},"categories":[150],"tags":[],"class_list":["post-384","post","type-post","status-publish","format-standard","hentry","category-aus-der-hauptstadt"],"yoast_head":"<!-- This site is optimized with the Yoast SEO plugin v21.0 - https:\/\/yoast.com\/wordpress\/plugins\/seo\/ -->\n<title>Jetz isser&#039; endlich vorbei - Berlin-Journal<\/title>\n<meta name=\"robots\" content=\"index, follow, max-snippet:-1, max-image-preview:large, max-video-preview:-1\" \/>\n<link rel=\"canonical\" href=\"https:\/\/blog.zeit.de\/berlinjournal\/?p=384\" \/>\n<meta property=\"og:locale\" content=\"de_DE\" \/>\n<meta property=\"og:type\" content=\"article\" \/>\n<meta property=\"og:title\" content=\"Jetz isser&#039; endlich vorbei - Berlin-Journal\" \/>\n<meta property=\"og:description\" content=\"&#8230; mit diesen melancholischen Zeilen, mit denen der gro\u00dfartige Peter Licht eigentlich den Kapitalismus besingt, m\u00f6chte ich Abschied vom Flughafen Tempelhof nennen, den ich stets in einem Anfall von Jux auch Teghafen Flumpelhof nannte. Eine richtiggehende Abschiedsfeier f\u00fcr den normalen B\u00fcrger gibt es nicht. Heute ist sogar schon die Haupthalle gesperrt f\u00fcr alle &#8211; bis [&hellip;]\" \/>\n<meta property=\"og:url\" content=\"https:\/\/blog.zeit.de\/berlinjournal\/?p=384\" \/>\n<meta property=\"og:site_name\" content=\"Berlin-Journal\" \/>\n<meta property=\"article:published_time\" content=\"2008-10-30T05:55:43+00:00\" \/>\n<meta name=\"author\" content=\"jochen.reinecke\" \/>\n<meta name=\"twitter:card\" content=\"summary_large_image\" \/>\n<meta name=\"twitter:label1\" content=\"Geschrieben von\" \/>\n\t<meta name=\"twitter:data1\" content=\"jochen.reinecke\" \/>\n\t<meta name=\"twitter:label2\" content=\"Gesch\u00e4tzte Lesezeit\" \/>\n\t<meta name=\"twitter:data2\" content=\"1\u00a0Minute\" \/>\n<script type=\"application\/ld+json\" class=\"yoast-schema-graph\">{\"@context\":\"https:\/\/schema.org\",\"@graph\":[{\"@type\":\"WebPage\",\"@id\":\"https:\/\/blog.zeit.de\/berlinjournal\/?p=384\",\"url\":\"https:\/\/blog.zeit.de\/berlinjournal\/?p=384\",\"name\":\"Jetz isser' endlich vorbei - Berlin-Journal\",\"isPartOf\":{\"@id\":\"https:\/\/blog.zeit.de\/berlinjournal\/#website\"},\"datePublished\":\"2008-10-30T05:55:43+00:00\",\"dateModified\":\"2008-10-30T05:55:43+00:00\",\"author\":{\"@id\":\"https:\/\/blog.zeit.de\/berlinjournal\/#\/schema\/person\/579a122047754c410b6b5a9e1bdebd6a\"},\"breadcrumb\":{\"@id\":\"https:\/\/blog.zeit.de\/berlinjournal\/?p=384#breadcrumb\"},\"inLanguage\":\"de\",\"potentialAction\":[{\"@type\":\"ReadAction\",\"target\":[\"https:\/\/blog.zeit.de\/berlinjournal\/?p=384\"]}]},{\"@type\":\"BreadcrumbList\",\"@id\":\"https:\/\/blog.zeit.de\/berlinjournal\/?p=384#breadcrumb\",\"itemListElement\":[{\"@type\":\"ListItem\",\"position\":1,\"name\":\"Startseite\",\"item\":\"https:\/\/blog.zeit.de\/berlinjournal\"},{\"@type\":\"ListItem\",\"position\":2,\"name\":\"Jetz isser&#8216; endlich vorbei\"}]},{\"@type\":\"WebSite\",\"@id\":\"https:\/\/blog.zeit.de\/berlinjournal\/#website\",\"url\":\"https:\/\/blog.zeit.de\/berlinjournal\/\",\"name\":\"Berlin-Journal\",\"description\":\"Der B\u00e4r groovt!\",\"potentialAction\":[{\"@type\":\"SearchAction\",\"target\":{\"@type\":\"EntryPoint\",\"urlTemplate\":\"https:\/\/blog.zeit.de\/berlinjournal\/?s={search_term_string}\"},\"query-input\":\"required name=search_term_string\"}],\"inLanguage\":\"de\"},{\"@type\":\"Person\",\"@id\":\"https:\/\/blog.zeit.de\/berlinjournal\/#\/schema\/person\/579a122047754c410b6b5a9e1bdebd6a\",\"name\":\"jochen.reinecke\",\"image\":{\"@type\":\"ImageObject\",\"inLanguage\":\"de\",\"@id\":\"https:\/\/blog.zeit.de\/berlinjournal\/#\/schema\/person\/image\/\",\"url\":\"https:\/\/secure.gravatar.com\/avatar\/?s=96&d=mm&r=g\",\"contentUrl\":\"https:\/\/secure.gravatar.com\/avatar\/?s=96&d=mm&r=g\",\"caption\":\"jochen.reinecke\"},\"url\":\"https:\/\/blog.zeit.de\/berlinjournal\/?author=48\"}]}<\/script>\n<!-- \/ Yoast SEO plugin. -->","yoast_head_json":{"title":"Jetz isser' endlich vorbei - Berlin-Journal","robots":{"index":"index","follow":"follow","max-snippet":"max-snippet:-1","max-image-preview":"max-image-preview:large","max-video-preview":"max-video-preview:-1"},"canonical":"https:\/\/blog.zeit.de\/berlinjournal\/?p=384","og_locale":"de_DE","og_type":"article","og_title":"Jetz isser' endlich vorbei - Berlin-Journal","og_description":"&#8230; mit diesen melancholischen Zeilen, mit denen der gro\u00dfartige Peter Licht eigentlich den Kapitalismus besingt, m\u00f6chte ich Abschied vom Flughafen Tempelhof nennen, den ich stets in einem Anfall von Jux auch Teghafen Flumpelhof nannte. Eine richtiggehende Abschiedsfeier f\u00fcr den normalen B\u00fcrger gibt es nicht. Heute ist sogar schon die Haupthalle gesperrt f\u00fcr alle &#8211; bis [&hellip;]","og_url":"https:\/\/blog.zeit.de\/berlinjournal\/?p=384","og_site_name":"Berlin-Journal","article_published_time":"2008-10-30T05:55:43+00:00","author":"jochen.reinecke","twitter_card":"summary_large_image","twitter_misc":{"Geschrieben von":"jochen.reinecke","Gesch\u00e4tzte Lesezeit":"1\u00a0Minute"},"schema":{"@context":"https:\/\/schema.org","@graph":[{"@type":"WebPage","@id":"https:\/\/blog.zeit.de\/berlinjournal\/?p=384","url":"https:\/\/blog.zeit.de\/berlinjournal\/?p=384","name":"Jetz isser' endlich vorbei - Berlin-Journal","isPartOf":{"@id":"https:\/\/blog.zeit.de\/berlinjournal\/#website"},"datePublished":"2008-10-30T05:55:43+00:00","dateModified":"2008-10-30T05:55:43+00:00","author":{"@id":"https:\/\/blog.zeit.de\/berlinjournal\/#\/schema\/person\/579a122047754c410b6b5a9e1bdebd6a"},"breadcrumb":{"@id":"https:\/\/blog.zeit.de\/berlinjournal\/?p=384#breadcrumb"},"inLanguage":"de","potentialAction":[{"@type":"ReadAction","target":["https:\/\/blog.zeit.de\/berlinjournal\/?p=384"]}]},{"@type":"BreadcrumbList","@id":"https:\/\/blog.zeit.de\/berlinjournal\/?p=384#breadcrumb","itemListElement":[{"@type":"ListItem","position":1,"name":"Startseite","item":"https:\/\/blog.zeit.de\/berlinjournal"},{"@type":"ListItem","position":2,"name":"Jetz isser&#8216; endlich vorbei"}]},{"@type":"WebSite","@id":"https:\/\/blog.zeit.de\/berlinjournal\/#website","url":"https:\/\/blog.zeit.de\/berlinjournal\/","name":"Berlin-Journal","description":"Der B\u00e4r groovt!","potentialAction":[{"@type":"SearchAction","target":{"@type":"EntryPoint","urlTemplate":"https:\/\/blog.zeit.de\/berlinjournal\/?s={search_term_string}"},"query-input":"required name=search_term_string"}],"inLanguage":"de"},{"@type":"Person","@id":"https:\/\/blog.zeit.de\/berlinjournal\/#\/schema\/person\/579a122047754c410b6b5a9e1bdebd6a","name":"jochen.reinecke","image":{"@type":"ImageObject","inLanguage":"de","@id":"https:\/\/blog.zeit.de\/berlinjournal\/#\/schema\/person\/image\/","url":"https:\/\/secure.gravatar.com\/avatar\/?s=96&d=mm&r=g","contentUrl":"https:\/\/secure.gravatar.com\/avatar\/?s=96&d=mm&r=g","caption":"jochen.reinecke"},"url":"https:\/\/blog.zeit.de\/berlinjournal\/?author=48"}]}},"jetpack_featured_media_url":"","_links":{"self":[{"href":"https:\/\/blog.zeit.de\/berlinjournal\/index.php?rest_route=\/wp\/v2\/posts\/384","targetHints":{"allow":["GET"]}}],"collection":[{"href":"https:\/\/blog.zeit.de\/berlinjournal\/index.php?rest_route=\/wp\/v2\/posts"}],"about":[{"href":"https:\/\/blog.zeit.de\/berlinjournal\/index.php?rest_route=\/wp\/v2\/types\/post"}],"author":[{"embeddable":true,"href":"https:\/\/blog.zeit.de\/berlinjournal\/index.php?rest_route=\/wp\/v2\/users\/48"}],"replies":[{"embeddable":true,"href":"https:\/\/blog.zeit.de\/berlinjournal\/index.php?rest_route=%2Fwp%2Fv2%2Fcomments&post=384"}],"version-history":[{"count":0,"href":"https:\/\/blog.zeit.de\/berlinjournal\/index.php?rest_route=\/wp\/v2\/posts\/384\/revisions"}],"wp:attachment":[{"href":"https:\/\/blog.zeit.de\/berlinjournal\/index.php?rest_route=%2Fwp%2Fv2%2Fmedia&parent=384"}],"wp:term":[{"taxonomy":"category","embeddable":true,"href":"https:\/\/blog.zeit.de\/berlinjournal\/index.php?rest_route=%2Fwp%2Fv2%2Fcategories&post=384"},{"taxonomy":"post_tag","embeddable":true,"href":"https:\/\/blog.zeit.de\/berlinjournal\/index.php?rest_route=%2Fwp%2Fv2%2Ftags&post=384"}],"curies":[{"name":"wp","href":"https:\/\/api.w.org\/{rel}","templated":true}]}}