{"id":396,"date":"2008-12-21T23:12:16","date_gmt":"2008-12-21T21:12:16","guid":{"rendered":"http:\/\/blog.zeit.de\/berlinjournal\/?p=396"},"modified":"2008-12-21T23:12:16","modified_gmt":"2008-12-21T21:12:16","slug":"weihnachtsoratorium-perfekt","status":"publish","type":"post","link":"https:\/\/blog.zeit.de\/berlinjournal\/?p=396","title":{"rendered":"Weihnachtsoratorium &#8211; perfekt"},"content":{"rendered":"<p>Es gibt ja St\u00fccke der klassischen Musik, die die imagin\u00e4ren Charts besetzen, die man daher oft nicht mehr mit Genuss h\u00f6ren kann, weil man sie sich schlicht und einfach totgeh\u00f6rt hat. Dazu z\u00e4hlen die &#8222;Vier Jahreszeiten&#8220; von Vivaldi, die &#8222;Toccata und Fuge d-moll&#8220; von J.S. Bach, aber auch Smetanas &#8222;Moldau&#8220; &#8211; und eben das Weihnachtsoratorium, das p\u00fcnktlich zum 1. Advent wieder ausgegraben wird und die deutsche Wohnstube beschallt. Dem zum Trotze waren wir heute in der &#8211; ausverkauften &#8211; Kirche zum guten Hirten an der Bundesallee, wo die <a href=\"http:\/\/www.friedenauerkantorei.de\/\">Friedenauer Kantorei<\/a> unter der Leitung von Maria J\u00fcrgensen heute um 18 Uhr die Tage 1 und 4-6 sang und spielte.<\/p>\n<p>Was dort geboten wurde, war schlicht und einfach grandios. Ein bis in die Haarspitzen synchrones, perfekt eingespieltes und hochspielfreudiges Orchester, ein stimmgewaltiger und gut besetzter Chor, fantastische Solisten und eine Dirigentin, die all dies traumhaft sicher und elanvoll beisammen hielt. Kantorin Maria J\u00fcrgensen gab ein durchaus sportliches Tempo vor, das aber zu keiner Zeit die Feierlichkeit des Werkes schm\u00e4lerte &#8211; und vom pr\u00e4zise arbeitenden Orchester dankbar angenommen wurde. Satt schmelzende Oboen, gloriose Trompeten, sichere Streicher, geradezu knackiger Basso Continuo, und all dies mit guter Laune und echter Versenkung ins Werk vorgetragen. Der Chor vielschichtig, sauber abgestimmt, in allen Lagen voll und kr\u00e4ftig, aber durchaus dynamisch. Bei den Solisten besonders hervorzuheben der Bass Tobias Berndt, der einem vor allem im vierten Tag beim Immanuel-Rezitativ nachgerade Tr\u00e4nen in die eigenen Augen sang.<\/p>\n<p>Sp\u00e4testens beim geradezu rauschhaft triumphierenden Schlusschoral des sechsten Tages war klar, dass hier soeben ein kleines Wunder geschehen war, n\u00e4mlich eine begl\u00fcckende, von vorne bis hinten perfekte Auff\u00fchrung. Dass man mit dieser Meinung nicht alleine war, umso sch\u00f6ner: der Applaus war donnernd, ewig lang und m\u00fcndete teilweise in standing ovations. Bravo.<\/p>\n<p>Maria J\u00fcrgensen ist \u00fcbrigens am 31. Dezember um 20 Uhr ebenda noch einmal an der Orgel zu h\u00f6ren, mit Werken von Bruhns, J.S. Bach, Vierne und einigen anderen.<\/p>\n","protected":false},"excerpt":{"rendered":"<p>Es gibt ja St\u00fccke der klassischen Musik, die die imagin\u00e4ren Charts besetzen, die man daher oft nicht mehr mit Genuss h\u00f6ren kann, weil man sie sich schlicht und einfach totgeh\u00f6rt hat. Dazu z\u00e4hlen die &#8222;Vier Jahreszeiten&#8220; von Vivaldi, die &#8222;Toccata und Fuge d-moll&#8220; von J.S. Bach, aber auch Smetanas &#8222;Moldau&#8220; &#8211; und eben das Weihnachtsoratorium, [&hellip;]<\/p>\n","protected":false},"author":48,"featured_media":0,"comment_status":"closed","ping_status":"closed","sticky":false,"template":"","format":"standard","meta":{"footnotes":""},"categories":[150],"tags":[],"class_list":["post-396","post","type-post","status-publish","format-standard","hentry","category-aus-der-hauptstadt"],"yoast_head":"<!-- This site is optimized with the Yoast SEO plugin v21.0 - https:\/\/yoast.com\/wordpress\/plugins\/seo\/ -->\n<title>Weihnachtsoratorium - perfekt - Berlin-Journal<\/title>\n<meta name=\"robots\" content=\"index, follow, max-snippet:-1, max-image-preview:large, max-video-preview:-1\" \/>\n<link rel=\"canonical\" href=\"https:\/\/blog.zeit.de\/berlinjournal\/?p=396\" \/>\n<meta property=\"og:locale\" content=\"de_DE\" \/>\n<meta property=\"og:type\" content=\"article\" \/>\n<meta property=\"og:title\" content=\"Weihnachtsoratorium - perfekt - Berlin-Journal\" \/>\n<meta property=\"og:description\" content=\"Es gibt ja St\u00fccke der klassischen Musik, die die imagin\u00e4ren Charts besetzen, die man daher oft nicht mehr mit Genuss h\u00f6ren kann, weil man sie sich schlicht und einfach totgeh\u00f6rt hat. Dazu z\u00e4hlen die &#8222;Vier Jahreszeiten&#8220; von Vivaldi, die &#8222;Toccata und Fuge d-moll&#8220; von J.S. Bach, aber auch Smetanas &#8222;Moldau&#8220; &#8211; und eben das Weihnachtsoratorium, [&hellip;]\" \/>\n<meta property=\"og:url\" content=\"https:\/\/blog.zeit.de\/berlinjournal\/?p=396\" \/>\n<meta property=\"og:site_name\" content=\"Berlin-Journal\" \/>\n<meta property=\"article:published_time\" content=\"2008-12-21T21:12:16+00:00\" \/>\n<meta name=\"author\" content=\"jochen.reinecke\" \/>\n<meta name=\"twitter:card\" content=\"summary_large_image\" \/>\n<meta name=\"twitter:label1\" content=\"Geschrieben von\" \/>\n\t<meta name=\"twitter:data1\" content=\"jochen.reinecke\" \/>\n\t<meta name=\"twitter:label2\" content=\"Gesch\u00e4tzte Lesezeit\" \/>\n\t<meta name=\"twitter:data2\" content=\"2\u00a0Minuten\" \/>\n<script type=\"application\/ld+json\" class=\"yoast-schema-graph\">{\"@context\":\"https:\/\/schema.org\",\"@graph\":[{\"@type\":\"WebPage\",\"@id\":\"https:\/\/blog.zeit.de\/berlinjournal\/?p=396\",\"url\":\"https:\/\/blog.zeit.de\/berlinjournal\/?p=396\",\"name\":\"Weihnachtsoratorium - perfekt - Berlin-Journal\",\"isPartOf\":{\"@id\":\"https:\/\/blog.zeit.de\/berlinjournal\/#website\"},\"datePublished\":\"2008-12-21T21:12:16+00:00\",\"dateModified\":\"2008-12-21T21:12:16+00:00\",\"author\":{\"@id\":\"https:\/\/blog.zeit.de\/berlinjournal\/#\/schema\/person\/579a122047754c410b6b5a9e1bdebd6a\"},\"breadcrumb\":{\"@id\":\"https:\/\/blog.zeit.de\/berlinjournal\/?p=396#breadcrumb\"},\"inLanguage\":\"de\",\"potentialAction\":[{\"@type\":\"ReadAction\",\"target\":[\"https:\/\/blog.zeit.de\/berlinjournal\/?p=396\"]}]},{\"@type\":\"BreadcrumbList\",\"@id\":\"https:\/\/blog.zeit.de\/berlinjournal\/?p=396#breadcrumb\",\"itemListElement\":[{\"@type\":\"ListItem\",\"position\":1,\"name\":\"Startseite\",\"item\":\"https:\/\/blog.zeit.de\/berlinjournal\"},{\"@type\":\"ListItem\",\"position\":2,\"name\":\"Weihnachtsoratorium &#8211; perfekt\"}]},{\"@type\":\"WebSite\",\"@id\":\"https:\/\/blog.zeit.de\/berlinjournal\/#website\",\"url\":\"https:\/\/blog.zeit.de\/berlinjournal\/\",\"name\":\"Berlin-Journal\",\"description\":\"Der B\u00e4r groovt!\",\"potentialAction\":[{\"@type\":\"SearchAction\",\"target\":{\"@type\":\"EntryPoint\",\"urlTemplate\":\"https:\/\/blog.zeit.de\/berlinjournal\/?s={search_term_string}\"},\"query-input\":\"required name=search_term_string\"}],\"inLanguage\":\"de\"},{\"@type\":\"Person\",\"@id\":\"https:\/\/blog.zeit.de\/berlinjournal\/#\/schema\/person\/579a122047754c410b6b5a9e1bdebd6a\",\"name\":\"jochen.reinecke\",\"image\":{\"@type\":\"ImageObject\",\"inLanguage\":\"de\",\"@id\":\"https:\/\/blog.zeit.de\/berlinjournal\/#\/schema\/person\/image\/\",\"url\":\"https:\/\/secure.gravatar.com\/avatar\/?s=96&d=mm&r=g\",\"contentUrl\":\"https:\/\/secure.gravatar.com\/avatar\/?s=96&d=mm&r=g\",\"caption\":\"jochen.reinecke\"},\"url\":\"https:\/\/blog.zeit.de\/berlinjournal\/?author=48\"}]}<\/script>\n<!-- \/ Yoast SEO plugin. -->","yoast_head_json":{"title":"Weihnachtsoratorium - perfekt - Berlin-Journal","robots":{"index":"index","follow":"follow","max-snippet":"max-snippet:-1","max-image-preview":"max-image-preview:large","max-video-preview":"max-video-preview:-1"},"canonical":"https:\/\/blog.zeit.de\/berlinjournal\/?p=396","og_locale":"de_DE","og_type":"article","og_title":"Weihnachtsoratorium - perfekt - Berlin-Journal","og_description":"Es gibt ja St\u00fccke der klassischen Musik, die die imagin\u00e4ren Charts besetzen, die man daher oft nicht mehr mit Genuss h\u00f6ren kann, weil man sie sich schlicht und einfach totgeh\u00f6rt hat. Dazu z\u00e4hlen die &#8222;Vier Jahreszeiten&#8220; von Vivaldi, die &#8222;Toccata und Fuge d-moll&#8220; von J.S. Bach, aber auch Smetanas &#8222;Moldau&#8220; &#8211; und eben das Weihnachtsoratorium, [&hellip;]","og_url":"https:\/\/blog.zeit.de\/berlinjournal\/?p=396","og_site_name":"Berlin-Journal","article_published_time":"2008-12-21T21:12:16+00:00","author":"jochen.reinecke","twitter_card":"summary_large_image","twitter_misc":{"Geschrieben von":"jochen.reinecke","Gesch\u00e4tzte Lesezeit":"2\u00a0Minuten"},"schema":{"@context":"https:\/\/schema.org","@graph":[{"@type":"WebPage","@id":"https:\/\/blog.zeit.de\/berlinjournal\/?p=396","url":"https:\/\/blog.zeit.de\/berlinjournal\/?p=396","name":"Weihnachtsoratorium - perfekt - Berlin-Journal","isPartOf":{"@id":"https:\/\/blog.zeit.de\/berlinjournal\/#website"},"datePublished":"2008-12-21T21:12:16+00:00","dateModified":"2008-12-21T21:12:16+00:00","author":{"@id":"https:\/\/blog.zeit.de\/berlinjournal\/#\/schema\/person\/579a122047754c410b6b5a9e1bdebd6a"},"breadcrumb":{"@id":"https:\/\/blog.zeit.de\/berlinjournal\/?p=396#breadcrumb"},"inLanguage":"de","potentialAction":[{"@type":"ReadAction","target":["https:\/\/blog.zeit.de\/berlinjournal\/?p=396"]}]},{"@type":"BreadcrumbList","@id":"https:\/\/blog.zeit.de\/berlinjournal\/?p=396#breadcrumb","itemListElement":[{"@type":"ListItem","position":1,"name":"Startseite","item":"https:\/\/blog.zeit.de\/berlinjournal"},{"@type":"ListItem","position":2,"name":"Weihnachtsoratorium &#8211; perfekt"}]},{"@type":"WebSite","@id":"https:\/\/blog.zeit.de\/berlinjournal\/#website","url":"https:\/\/blog.zeit.de\/berlinjournal\/","name":"Berlin-Journal","description":"Der B\u00e4r groovt!","potentialAction":[{"@type":"SearchAction","target":{"@type":"EntryPoint","urlTemplate":"https:\/\/blog.zeit.de\/berlinjournal\/?s={search_term_string}"},"query-input":"required name=search_term_string"}],"inLanguage":"de"},{"@type":"Person","@id":"https:\/\/blog.zeit.de\/berlinjournal\/#\/schema\/person\/579a122047754c410b6b5a9e1bdebd6a","name":"jochen.reinecke","image":{"@type":"ImageObject","inLanguage":"de","@id":"https:\/\/blog.zeit.de\/berlinjournal\/#\/schema\/person\/image\/","url":"https:\/\/secure.gravatar.com\/avatar\/?s=96&d=mm&r=g","contentUrl":"https:\/\/secure.gravatar.com\/avatar\/?s=96&d=mm&r=g","caption":"jochen.reinecke"},"url":"https:\/\/blog.zeit.de\/berlinjournal\/?author=48"}]}},"jetpack_featured_media_url":"","_links":{"self":[{"href":"https:\/\/blog.zeit.de\/berlinjournal\/index.php?rest_route=\/wp\/v2\/posts\/396","targetHints":{"allow":["GET"]}}],"collection":[{"href":"https:\/\/blog.zeit.de\/berlinjournal\/index.php?rest_route=\/wp\/v2\/posts"}],"about":[{"href":"https:\/\/blog.zeit.de\/berlinjournal\/index.php?rest_route=\/wp\/v2\/types\/post"}],"author":[{"embeddable":true,"href":"https:\/\/blog.zeit.de\/berlinjournal\/index.php?rest_route=\/wp\/v2\/users\/48"}],"replies":[{"embeddable":true,"href":"https:\/\/blog.zeit.de\/berlinjournal\/index.php?rest_route=%2Fwp%2Fv2%2Fcomments&post=396"}],"version-history":[{"count":0,"href":"https:\/\/blog.zeit.de\/berlinjournal\/index.php?rest_route=\/wp\/v2\/posts\/396\/revisions"}],"wp:attachment":[{"href":"https:\/\/blog.zeit.de\/berlinjournal\/index.php?rest_route=%2Fwp%2Fv2%2Fmedia&parent=396"}],"wp:term":[{"taxonomy":"category","embeddable":true,"href":"https:\/\/blog.zeit.de\/berlinjournal\/index.php?rest_route=%2Fwp%2Fv2%2Fcategories&post=396"},{"taxonomy":"post_tag","embeddable":true,"href":"https:\/\/blog.zeit.de\/berlinjournal\/index.php?rest_route=%2Fwp%2Fv2%2Ftags&post=396"}],"curies":[{"name":"wp","href":"https:\/\/api.w.org\/{rel}","templated":true}]}}