{"id":453,"date":"2009-05-28T13:41:21","date_gmt":"2009-05-28T11:41:21","guid":{"rendered":"http:\/\/blog.zeit.de\/berlinjournal\/?p=453"},"modified":"2009-05-28T13:41:21","modified_gmt":"2009-05-28T11:41:21","slug":"bis-hierhin-vielen-dank","status":"publish","type":"post","link":"https:\/\/blog.zeit.de\/berlinjournal\/?p=453","title":{"rendered":"&#8222;Bis hierhin vielen Dank&#8220;"},"content":{"rendered":"<p>Liebe Leserinnen, liebe Leser. Eigentlich war dies nie ein typisches Blog. Eines, in das man einigerma\u00dfen h\u00e4ufig schreibt. Eines, das eine gewisse Kontinuit\u00e4t hat. Wer meine bisherigen Blogs kennt wei\u00df, dass ich nur dann einen Beitrag poste, wenn ich etwas zu sagen habe oder das zumindest glaube.<\/p>\n<p>Da ich zurzeit au\u00dferordentlich eingespannt bin mit einem Vollzeitjob und zwei B\u00fcchern, die geschrieben werden und in diesem Jahr noch erscheinen werden, leidet dieses Blog. Vor allem insofern, als dass in Berlin Tag f\u00fcr Tag so viel Berichtenswertes passiert. Und mir schlicht und einfach die Zeit fehlt, dies in einer Form zu tun, die ZEIT ONLINE angemessen ist. Daher ziehe ich jetzt hier einmal die Rei\u00dfleine und mache einen Schnitt.<\/p>\n<p>F\u00fcr all die wunderbaren Kommentare und Zuschriften bedanke ich mich bei Ihnen. Mein Dank gilt auch dem Team von ZEIT ONLINE, das mich hier immer ohne redaktionelle Einmischung und mit jedem erdenklichen Support hat spielen lassen.<\/p>\n<p>Wir lesen uns mit Sicherheit wieder. Wenn Sie wollen \ud83d\ude42<\/p>\n<p>Ihr JR<\/p>\n","protected":false},"excerpt":{"rendered":"<p>Liebe Leserinnen, liebe Leser. Eigentlich war dies nie ein typisches Blog. Eines, in das man einigerma\u00dfen h\u00e4ufig schreibt. Eines, das eine gewisse Kontinuit\u00e4t hat. Wer meine bisherigen Blogs kennt wei\u00df, dass ich nur dann einen Beitrag poste, wenn ich etwas zu sagen habe oder das zumindest glaube. Da ich zurzeit au\u00dferordentlich eingespannt bin mit einem [&hellip;]<\/p>\n","protected":false},"author":48,"featured_media":0,"comment_status":"closed","ping_status":"closed","sticky":false,"template":"","format":"standard","meta":{"footnotes":""},"categories":[150],"tags":[],"class_list":["post-453","post","type-post","status-publish","format-standard","hentry","category-aus-der-hauptstadt"],"yoast_head":"<!-- This site is optimized with the Yoast SEO plugin v21.0 - https:\/\/yoast.com\/wordpress\/plugins\/seo\/ -->\n<title>&quot;Bis hierhin vielen Dank&quot; - Berlin-Journal<\/title>\n<meta name=\"robots\" content=\"index, follow, max-snippet:-1, max-image-preview:large, max-video-preview:-1\" \/>\n<link rel=\"canonical\" href=\"https:\/\/blog.zeit.de\/berlinjournal\/?p=453\" \/>\n<meta property=\"og:locale\" content=\"de_DE\" \/>\n<meta property=\"og:type\" content=\"article\" \/>\n<meta property=\"og:title\" content=\"&quot;Bis hierhin vielen Dank&quot; - Berlin-Journal\" \/>\n<meta property=\"og:description\" content=\"Liebe Leserinnen, liebe Leser. Eigentlich war dies nie ein typisches Blog. Eines, in das man einigerma\u00dfen h\u00e4ufig schreibt. Eines, das eine gewisse Kontinuit\u00e4t hat. Wer meine bisherigen Blogs kennt wei\u00df, dass ich nur dann einen Beitrag poste, wenn ich etwas zu sagen habe oder das zumindest glaube. Da ich zurzeit au\u00dferordentlich eingespannt bin mit einem [&hellip;]\" \/>\n<meta property=\"og:url\" content=\"https:\/\/blog.zeit.de\/berlinjournal\/?p=453\" \/>\n<meta property=\"og:site_name\" content=\"Berlin-Journal\" \/>\n<meta property=\"article:published_time\" content=\"2009-05-28T11:41:21+00:00\" \/>\n<meta name=\"author\" content=\"jochen.reinecke\" \/>\n<meta name=\"twitter:card\" content=\"summary_large_image\" \/>\n<meta name=\"twitter:label1\" content=\"Geschrieben von\" \/>\n\t<meta name=\"twitter:data1\" content=\"jochen.reinecke\" \/>\n\t<meta name=\"twitter:label2\" content=\"Gesch\u00e4tzte Lesezeit\" \/>\n\t<meta name=\"twitter:data2\" content=\"1\u00a0Minute\" \/>\n<script type=\"application\/ld+json\" class=\"yoast-schema-graph\">{\"@context\":\"https:\/\/schema.org\",\"@graph\":[{\"@type\":\"WebPage\",\"@id\":\"https:\/\/blog.zeit.de\/berlinjournal\/?p=453\",\"url\":\"https:\/\/blog.zeit.de\/berlinjournal\/?p=453\",\"name\":\"\\\"Bis hierhin vielen Dank\\\" - Berlin-Journal\",\"isPartOf\":{\"@id\":\"https:\/\/blog.zeit.de\/berlinjournal\/#website\"},\"datePublished\":\"2009-05-28T11:41:21+00:00\",\"dateModified\":\"2009-05-28T11:41:21+00:00\",\"author\":{\"@id\":\"https:\/\/blog.zeit.de\/berlinjournal\/#\/schema\/person\/579a122047754c410b6b5a9e1bdebd6a\"},\"breadcrumb\":{\"@id\":\"https:\/\/blog.zeit.de\/berlinjournal\/?p=453#breadcrumb\"},\"inLanguage\":\"de\",\"potentialAction\":[{\"@type\":\"ReadAction\",\"target\":[\"https:\/\/blog.zeit.de\/berlinjournal\/?p=453\"]}]},{\"@type\":\"BreadcrumbList\",\"@id\":\"https:\/\/blog.zeit.de\/berlinjournal\/?p=453#breadcrumb\",\"itemListElement\":[{\"@type\":\"ListItem\",\"position\":1,\"name\":\"Startseite\",\"item\":\"https:\/\/blog.zeit.de\/berlinjournal\"},{\"@type\":\"ListItem\",\"position\":2,\"name\":\"&#8222;Bis hierhin vielen Dank&#8220;\"}]},{\"@type\":\"WebSite\",\"@id\":\"https:\/\/blog.zeit.de\/berlinjournal\/#website\",\"url\":\"https:\/\/blog.zeit.de\/berlinjournal\/\",\"name\":\"Berlin-Journal\",\"description\":\"Der B\u00e4r groovt!\",\"potentialAction\":[{\"@type\":\"SearchAction\",\"target\":{\"@type\":\"EntryPoint\",\"urlTemplate\":\"https:\/\/blog.zeit.de\/berlinjournal\/?s={search_term_string}\"},\"query-input\":\"required name=search_term_string\"}],\"inLanguage\":\"de\"},{\"@type\":\"Person\",\"@id\":\"https:\/\/blog.zeit.de\/berlinjournal\/#\/schema\/person\/579a122047754c410b6b5a9e1bdebd6a\",\"name\":\"jochen.reinecke\",\"image\":{\"@type\":\"ImageObject\",\"inLanguage\":\"de\",\"@id\":\"https:\/\/blog.zeit.de\/berlinjournal\/#\/schema\/person\/image\/\",\"url\":\"https:\/\/secure.gravatar.com\/avatar\/?s=96&d=mm&r=g\",\"contentUrl\":\"https:\/\/secure.gravatar.com\/avatar\/?s=96&d=mm&r=g\",\"caption\":\"jochen.reinecke\"},\"url\":\"https:\/\/blog.zeit.de\/berlinjournal\/?author=48\"}]}<\/script>\n<!-- \/ Yoast SEO plugin. -->","yoast_head_json":{"title":"\"Bis hierhin vielen Dank\" - Berlin-Journal","robots":{"index":"index","follow":"follow","max-snippet":"max-snippet:-1","max-image-preview":"max-image-preview:large","max-video-preview":"max-video-preview:-1"},"canonical":"https:\/\/blog.zeit.de\/berlinjournal\/?p=453","og_locale":"de_DE","og_type":"article","og_title":"\"Bis hierhin vielen Dank\" - Berlin-Journal","og_description":"Liebe Leserinnen, liebe Leser. Eigentlich war dies nie ein typisches Blog. Eines, in das man einigerma\u00dfen h\u00e4ufig schreibt. Eines, das eine gewisse Kontinuit\u00e4t hat. Wer meine bisherigen Blogs kennt wei\u00df, dass ich nur dann einen Beitrag poste, wenn ich etwas zu sagen habe oder das zumindest glaube. Da ich zurzeit au\u00dferordentlich eingespannt bin mit einem [&hellip;]","og_url":"https:\/\/blog.zeit.de\/berlinjournal\/?p=453","og_site_name":"Berlin-Journal","article_published_time":"2009-05-28T11:41:21+00:00","author":"jochen.reinecke","twitter_card":"summary_large_image","twitter_misc":{"Geschrieben von":"jochen.reinecke","Gesch\u00e4tzte Lesezeit":"1\u00a0Minute"},"schema":{"@context":"https:\/\/schema.org","@graph":[{"@type":"WebPage","@id":"https:\/\/blog.zeit.de\/berlinjournal\/?p=453","url":"https:\/\/blog.zeit.de\/berlinjournal\/?p=453","name":"\"Bis hierhin vielen Dank\" - Berlin-Journal","isPartOf":{"@id":"https:\/\/blog.zeit.de\/berlinjournal\/#website"},"datePublished":"2009-05-28T11:41:21+00:00","dateModified":"2009-05-28T11:41:21+00:00","author":{"@id":"https:\/\/blog.zeit.de\/berlinjournal\/#\/schema\/person\/579a122047754c410b6b5a9e1bdebd6a"},"breadcrumb":{"@id":"https:\/\/blog.zeit.de\/berlinjournal\/?p=453#breadcrumb"},"inLanguage":"de","potentialAction":[{"@type":"ReadAction","target":["https:\/\/blog.zeit.de\/berlinjournal\/?p=453"]}]},{"@type":"BreadcrumbList","@id":"https:\/\/blog.zeit.de\/berlinjournal\/?p=453#breadcrumb","itemListElement":[{"@type":"ListItem","position":1,"name":"Startseite","item":"https:\/\/blog.zeit.de\/berlinjournal"},{"@type":"ListItem","position":2,"name":"&#8222;Bis hierhin vielen Dank&#8220;"}]},{"@type":"WebSite","@id":"https:\/\/blog.zeit.de\/berlinjournal\/#website","url":"https:\/\/blog.zeit.de\/berlinjournal\/","name":"Berlin-Journal","description":"Der B\u00e4r groovt!","potentialAction":[{"@type":"SearchAction","target":{"@type":"EntryPoint","urlTemplate":"https:\/\/blog.zeit.de\/berlinjournal\/?s={search_term_string}"},"query-input":"required name=search_term_string"}],"inLanguage":"de"},{"@type":"Person","@id":"https:\/\/blog.zeit.de\/berlinjournal\/#\/schema\/person\/579a122047754c410b6b5a9e1bdebd6a","name":"jochen.reinecke","image":{"@type":"ImageObject","inLanguage":"de","@id":"https:\/\/blog.zeit.de\/berlinjournal\/#\/schema\/person\/image\/","url":"https:\/\/secure.gravatar.com\/avatar\/?s=96&d=mm&r=g","contentUrl":"https:\/\/secure.gravatar.com\/avatar\/?s=96&d=mm&r=g","caption":"jochen.reinecke"},"url":"https:\/\/blog.zeit.de\/berlinjournal\/?author=48"}]}},"jetpack_featured_media_url":"","_links":{"self":[{"href":"https:\/\/blog.zeit.de\/berlinjournal\/index.php?rest_route=\/wp\/v2\/posts\/453","targetHints":{"allow":["GET"]}}],"collection":[{"href":"https:\/\/blog.zeit.de\/berlinjournal\/index.php?rest_route=\/wp\/v2\/posts"}],"about":[{"href":"https:\/\/blog.zeit.de\/berlinjournal\/index.php?rest_route=\/wp\/v2\/types\/post"}],"author":[{"embeddable":true,"href":"https:\/\/blog.zeit.de\/berlinjournal\/index.php?rest_route=\/wp\/v2\/users\/48"}],"replies":[{"embeddable":true,"href":"https:\/\/blog.zeit.de\/berlinjournal\/index.php?rest_route=%2Fwp%2Fv2%2Fcomments&post=453"}],"version-history":[{"count":0,"href":"https:\/\/blog.zeit.de\/berlinjournal\/index.php?rest_route=\/wp\/v2\/posts\/453\/revisions"}],"wp:attachment":[{"href":"https:\/\/blog.zeit.de\/berlinjournal\/index.php?rest_route=%2Fwp%2Fv2%2Fmedia&parent=453"}],"wp:term":[{"taxonomy":"category","embeddable":true,"href":"https:\/\/blog.zeit.de\/berlinjournal\/index.php?rest_route=%2Fwp%2Fv2%2Fcategories&post=453"},{"taxonomy":"post_tag","embeddable":true,"href":"https:\/\/blog.zeit.de\/berlinjournal\/index.php?rest_route=%2Fwp%2Fv2%2Ftags&post=453"}],"curies":[{"name":"wp","href":"https:\/\/api.w.org\/{rel}","templated":true}]}}