{"id":87,"date":"2006-01-17T11:03:23","date_gmt":"2006-01-17T09:03:23","guid":{"rendered":"http:\/\/blog.zeit.de\/berlinjournal\/?p=86"},"modified":"2006-01-17T11:03:23","modified_gmt":"2006-01-17T09:03:23","slug":"stadtkerle","status":"publish","type":"post","link":"https:\/\/blog.zeit.de\/berlinjournal\/?p=87","title":{"rendered":"Stadtkerle"},"content":{"rendered":"<p>Es gibt sie noch: Junge Maler, die einen eigenen, sicheren Stil entwickelt haben. Einer, von dem man noch sehr viel h\u00f6ren wird, ist sicherlich der Berliner Maler <a href=\"http:\/\/www.maxdiel.de\/\">Max Diel<\/a>. Seine durchaus gegenst\u00e4ndlichen Kunstwerke zeigen angerissene Situationen, faszinierende Schattenwelten und scheinen ganze Geschichten zu erz\u00e4hlen, verdichtet in einem vordergr\u00fcndig harmlosen Schnappschuss, der oft erst bei l\u00e4ngerer Betrachtung den einen oder anderen Abgrund verbirgt. Seine Werke, sowie die ebenfalls sehr sehenswerten Exponate von Georg Weise und Christian Hahn kann man noch bis einschlie\u00dflich 11. Februar im Rahmen der Ausstellung &#8222;Urban Guys&#8220; in der Galerie Nord (Turmstr. 75, Bln-Tiergarten) besichtigen. Und \u00fcbrigens auch kaufen. Ich m\u00f6chte wetten, es lohnt sich.<\/p>\n","protected":false},"excerpt":{"rendered":"<p>Es gibt sie noch: Junge Maler, die einen eigenen, sicheren Stil entwickelt haben. Einer, von dem man noch sehr viel h\u00f6ren wird, ist sicherlich der Berliner Maler Max Diel. Seine durchaus gegenst\u00e4ndlichen Kunstwerke zeigen angerissene Situationen, faszinierende Schattenwelten und scheinen ganze Geschichten zu erz\u00e4hlen, verdichtet in einem vordergr\u00fcndig harmlosen Schnappschuss, der oft erst bei l\u00e4ngerer [&hellip;]<\/p>\n","protected":false},"author":48,"featured_media":0,"comment_status":"closed","ping_status":"closed","sticky":false,"template":"","format":"standard","meta":{"footnotes":""},"categories":[141],"tags":[],"class_list":["post-87","post","type-post","status-publish","format-standard","hentry","category-durchsagen"],"yoast_head":"<!-- This site is optimized with the Yoast SEO plugin v21.0 - https:\/\/yoast.com\/wordpress\/plugins\/seo\/ -->\n<title>Stadtkerle - Berlin-Journal<\/title>\n<meta name=\"robots\" content=\"index, follow, max-snippet:-1, max-image-preview:large, max-video-preview:-1\" \/>\n<link rel=\"canonical\" href=\"https:\/\/blog.zeit.de\/berlinjournal\/?p=87\" \/>\n<meta property=\"og:locale\" content=\"de_DE\" \/>\n<meta property=\"og:type\" content=\"article\" \/>\n<meta property=\"og:title\" content=\"Stadtkerle - Berlin-Journal\" \/>\n<meta property=\"og:description\" content=\"Es gibt sie noch: Junge Maler, die einen eigenen, sicheren Stil entwickelt haben. Einer, von dem man noch sehr viel h\u00f6ren wird, ist sicherlich der Berliner Maler Max Diel. Seine durchaus gegenst\u00e4ndlichen Kunstwerke zeigen angerissene Situationen, faszinierende Schattenwelten und scheinen ganze Geschichten zu erz\u00e4hlen, verdichtet in einem vordergr\u00fcndig harmlosen Schnappschuss, der oft erst bei l\u00e4ngerer [&hellip;]\" \/>\n<meta property=\"og:url\" content=\"https:\/\/blog.zeit.de\/berlinjournal\/?p=87\" \/>\n<meta property=\"og:site_name\" content=\"Berlin-Journal\" \/>\n<meta property=\"article:published_time\" content=\"2006-01-17T09:03:23+00:00\" \/>\n<meta name=\"author\" content=\"jochen.reinecke\" \/>\n<meta name=\"twitter:card\" content=\"summary_large_image\" \/>\n<meta name=\"twitter:label1\" content=\"Geschrieben von\" \/>\n\t<meta name=\"twitter:data1\" content=\"jochen.reinecke\" \/>\n\t<meta name=\"twitter:label2\" content=\"Gesch\u00e4tzte Lesezeit\" \/>\n\t<meta name=\"twitter:data2\" content=\"1\u00a0Minute\" \/>\n<script type=\"application\/ld+json\" class=\"yoast-schema-graph\">{\"@context\":\"https:\/\/schema.org\",\"@graph\":[{\"@type\":\"WebPage\",\"@id\":\"https:\/\/blog.zeit.de\/berlinjournal\/?p=87\",\"url\":\"https:\/\/blog.zeit.de\/berlinjournal\/?p=87\",\"name\":\"Stadtkerle - Berlin-Journal\",\"isPartOf\":{\"@id\":\"https:\/\/blog.zeit.de\/berlinjournal\/#website\"},\"datePublished\":\"2006-01-17T09:03:23+00:00\",\"dateModified\":\"2006-01-17T09:03:23+00:00\",\"author\":{\"@id\":\"https:\/\/blog.zeit.de\/berlinjournal\/#\/schema\/person\/579a122047754c410b6b5a9e1bdebd6a\"},\"breadcrumb\":{\"@id\":\"https:\/\/blog.zeit.de\/berlinjournal\/?p=87#breadcrumb\"},\"inLanguage\":\"de\",\"potentialAction\":[{\"@type\":\"ReadAction\",\"target\":[\"https:\/\/blog.zeit.de\/berlinjournal\/?p=87\"]}]},{\"@type\":\"BreadcrumbList\",\"@id\":\"https:\/\/blog.zeit.de\/berlinjournal\/?p=87#breadcrumb\",\"itemListElement\":[{\"@type\":\"ListItem\",\"position\":1,\"name\":\"Startseite\",\"item\":\"https:\/\/blog.zeit.de\/berlinjournal\"},{\"@type\":\"ListItem\",\"position\":2,\"name\":\"Stadtkerle\"}]},{\"@type\":\"WebSite\",\"@id\":\"https:\/\/blog.zeit.de\/berlinjournal\/#website\",\"url\":\"https:\/\/blog.zeit.de\/berlinjournal\/\",\"name\":\"Berlin-Journal\",\"description\":\"Der B\u00e4r groovt!\",\"potentialAction\":[{\"@type\":\"SearchAction\",\"target\":{\"@type\":\"EntryPoint\",\"urlTemplate\":\"https:\/\/blog.zeit.de\/berlinjournal\/?s={search_term_string}\"},\"query-input\":\"required name=search_term_string\"}],\"inLanguage\":\"de\"},{\"@type\":\"Person\",\"@id\":\"https:\/\/blog.zeit.de\/berlinjournal\/#\/schema\/person\/579a122047754c410b6b5a9e1bdebd6a\",\"name\":\"jochen.reinecke\",\"image\":{\"@type\":\"ImageObject\",\"inLanguage\":\"de\",\"@id\":\"https:\/\/blog.zeit.de\/berlinjournal\/#\/schema\/person\/image\/\",\"url\":\"https:\/\/secure.gravatar.com\/avatar\/?s=96&d=mm&r=g\",\"contentUrl\":\"https:\/\/secure.gravatar.com\/avatar\/?s=96&d=mm&r=g\",\"caption\":\"jochen.reinecke\"},\"url\":\"https:\/\/blog.zeit.de\/berlinjournal\/?author=48\"}]}<\/script>\n<!-- \/ Yoast SEO plugin. -->","yoast_head_json":{"title":"Stadtkerle - Berlin-Journal","robots":{"index":"index","follow":"follow","max-snippet":"max-snippet:-1","max-image-preview":"max-image-preview:large","max-video-preview":"max-video-preview:-1"},"canonical":"https:\/\/blog.zeit.de\/berlinjournal\/?p=87","og_locale":"de_DE","og_type":"article","og_title":"Stadtkerle - Berlin-Journal","og_description":"Es gibt sie noch: Junge Maler, die einen eigenen, sicheren Stil entwickelt haben. Einer, von dem man noch sehr viel h\u00f6ren wird, ist sicherlich der Berliner Maler Max Diel. Seine durchaus gegenst\u00e4ndlichen Kunstwerke zeigen angerissene Situationen, faszinierende Schattenwelten und scheinen ganze Geschichten zu erz\u00e4hlen, verdichtet in einem vordergr\u00fcndig harmlosen Schnappschuss, der oft erst bei l\u00e4ngerer [&hellip;]","og_url":"https:\/\/blog.zeit.de\/berlinjournal\/?p=87","og_site_name":"Berlin-Journal","article_published_time":"2006-01-17T09:03:23+00:00","author":"jochen.reinecke","twitter_card":"summary_large_image","twitter_misc":{"Geschrieben von":"jochen.reinecke","Gesch\u00e4tzte Lesezeit":"1\u00a0Minute"},"schema":{"@context":"https:\/\/schema.org","@graph":[{"@type":"WebPage","@id":"https:\/\/blog.zeit.de\/berlinjournal\/?p=87","url":"https:\/\/blog.zeit.de\/berlinjournal\/?p=87","name":"Stadtkerle - Berlin-Journal","isPartOf":{"@id":"https:\/\/blog.zeit.de\/berlinjournal\/#website"},"datePublished":"2006-01-17T09:03:23+00:00","dateModified":"2006-01-17T09:03:23+00:00","author":{"@id":"https:\/\/blog.zeit.de\/berlinjournal\/#\/schema\/person\/579a122047754c410b6b5a9e1bdebd6a"},"breadcrumb":{"@id":"https:\/\/blog.zeit.de\/berlinjournal\/?p=87#breadcrumb"},"inLanguage":"de","potentialAction":[{"@type":"ReadAction","target":["https:\/\/blog.zeit.de\/berlinjournal\/?p=87"]}]},{"@type":"BreadcrumbList","@id":"https:\/\/blog.zeit.de\/berlinjournal\/?p=87#breadcrumb","itemListElement":[{"@type":"ListItem","position":1,"name":"Startseite","item":"https:\/\/blog.zeit.de\/berlinjournal"},{"@type":"ListItem","position":2,"name":"Stadtkerle"}]},{"@type":"WebSite","@id":"https:\/\/blog.zeit.de\/berlinjournal\/#website","url":"https:\/\/blog.zeit.de\/berlinjournal\/","name":"Berlin-Journal","description":"Der B\u00e4r groovt!","potentialAction":[{"@type":"SearchAction","target":{"@type":"EntryPoint","urlTemplate":"https:\/\/blog.zeit.de\/berlinjournal\/?s={search_term_string}"},"query-input":"required name=search_term_string"}],"inLanguage":"de"},{"@type":"Person","@id":"https:\/\/blog.zeit.de\/berlinjournal\/#\/schema\/person\/579a122047754c410b6b5a9e1bdebd6a","name":"jochen.reinecke","image":{"@type":"ImageObject","inLanguage":"de","@id":"https:\/\/blog.zeit.de\/berlinjournal\/#\/schema\/person\/image\/","url":"https:\/\/secure.gravatar.com\/avatar\/?s=96&d=mm&r=g","contentUrl":"https:\/\/secure.gravatar.com\/avatar\/?s=96&d=mm&r=g","caption":"jochen.reinecke"},"url":"https:\/\/blog.zeit.de\/berlinjournal\/?author=48"}]}},"jetpack_featured_media_url":"","_links":{"self":[{"href":"https:\/\/blog.zeit.de\/berlinjournal\/index.php?rest_route=\/wp\/v2\/posts\/87","targetHints":{"allow":["GET"]}}],"collection":[{"href":"https:\/\/blog.zeit.de\/berlinjournal\/index.php?rest_route=\/wp\/v2\/posts"}],"about":[{"href":"https:\/\/blog.zeit.de\/berlinjournal\/index.php?rest_route=\/wp\/v2\/types\/post"}],"author":[{"embeddable":true,"href":"https:\/\/blog.zeit.de\/berlinjournal\/index.php?rest_route=\/wp\/v2\/users\/48"}],"replies":[{"embeddable":true,"href":"https:\/\/blog.zeit.de\/berlinjournal\/index.php?rest_route=%2Fwp%2Fv2%2Fcomments&post=87"}],"version-history":[{"count":0,"href":"https:\/\/blog.zeit.de\/berlinjournal\/index.php?rest_route=\/wp\/v2\/posts\/87\/revisions"}],"wp:attachment":[{"href":"https:\/\/blog.zeit.de\/berlinjournal\/index.php?rest_route=%2Fwp%2Fv2%2Fmedia&parent=87"}],"wp:term":[{"taxonomy":"category","embeddable":true,"href":"https:\/\/blog.zeit.de\/berlinjournal\/index.php?rest_route=%2Fwp%2Fv2%2Fcategories&post=87"},{"taxonomy":"post_tag","embeddable":true,"href":"https:\/\/blog.zeit.de\/berlinjournal\/index.php?rest_route=%2Fwp%2Fv2%2Ftags&post=87"}],"curies":[{"name":"wp","href":"https:\/\/api.w.org\/{rel}","templated":true}]}}