{"id":596,"date":"2009-05-20T10:36:32","date_gmt":"2009-05-20T09:36:32","guid":{"rendered":"http:\/\/blog.zeit.de\/bittner-blog\/?p=596"},"modified":"2009-05-20T10:36:32","modified_gmt":"2009-05-20T09:36:32","slug":"topolanek-der-vertrag-ist-schlecht","status":"publish","type":"post","link":"https:\/\/blog.zeit.de\/bittner-blog\/2009\/05\/20\/topolanek-der-vertrag-ist-schlecht_596","title":{"rendered":"Topolanek: &#8222;Der Vertrag ist schlecht&#8220;"},"content":{"rendered":"<p>Es ist schon erstaunlich, welches Gest\u00e4ndnis der Europa-Korrespondent der BBC, <a href=\"http:\/\/www.bbc.co.uk\/blogs\/thereporters\/markmardell\/2009\/05\/a_nutfree_tory_product.html\">Mark Mardell<\/a>, dem ehemaligen tschechischen Ministerpr\u00e4sidenten Mirek Topolanek \u00fcber den Vertrag von Lissabon entlockt hat.<\/p>\n<p>&#8222;Der Vertrag ist schlecht, und wir sind uns im Klaren dar\u00fcber.&#8220;<\/p>\n<p>Topolaneks christdemokratische Regierung hat in den vergangenen Monaten die EU-Ratspr\u00e4sidentschaft innegehabt. W\u00e4hrend dieser Zeit hat er sein politisches Gewicht daf\u00fcr eingesetzt, den Vertrag durch den Prager Senat zu bekommen. Der stimmte dem Reformwerk Anfang Mai &#8211; zum gro\u00dfen Aufatmen Br\u00fcssels &#8211; zu.<\/p>\n<p>Was hat Topolanek dazu bewogen, die Ratifizierung eines Vertrags voranzutreiben, den er f\u00fcr nicht gelungen h\u00e4lt?<\/p>\n<p>&#8222;Wir haben den Vertrag unter anderem deshalb unterst\u00fctzt&#8220;, sagte er Mark Mardell, &#8222;weil wir die Regierungspartei waren und weil wir einem Kompromiss auf Ebene des Europ\u00e4ischen Rates zugestimmt haben. Wenn wir den Lissabon-Vertrag nicht unterzeichnet h\u00e4tten, h\u00e4tten wir keine Chance, unsere nationalen Interessen voranzubringen.<br \/>\nDas ist der Hauptgrund gewesen. Es war das kleinere von zwei \u00dcbeln.&#8220;<\/p>\n<p>Fragt sich blo\u00df, wie gut dieser Handel war. Ob es Tschechien also langfristig mehr n\u00fctzt, mit einer &#8211; nach Topolaneks Ansicht &#8211; schlechten EU-Verfassung zu leben als sich dieser Perspektive entgegenzustellen.<\/p>\n","protected":false},"excerpt":{"rendered":"<p>Es ist schon erstaunlich, welches Gest\u00e4ndnis der Europa-Korrespondent der BBC, Mark Mardell, dem ehemaligen tschechischen Ministerpr\u00e4sidenten Mirek Topolanek \u00fcber den Vertrag von Lissabon entlockt hat. &#8222;Der Vertrag ist schlecht, und wir sind uns im Klaren dar\u00fcber.&#8220; Topolaneks christdemokratische Regierung hat in den vergangenen Monaten die EU-Ratspr\u00e4sidentschaft innegehabt. W\u00e4hrend dieser Zeit hat er sein politisches Gewicht [&hellip;]<\/p>\n","protected":false},"author":66,"featured_media":0,"comment_status":"open","ping_status":"closed","sticky":false,"template":"","format":"standard","meta":{"footnotes":""},"categories":[612],"tags":[],"class_list":["post-596","post","type-post","status-publish","format-standard","hentry","category-europas-neue-bedienungsanleitung"],"jetpack_featured_media_url":"","_links":{"self":[{"href":"https:\/\/blog.zeit.de\/bittner-blog\/wp-json\/wp\/v2\/posts\/596","targetHints":{"allow":["GET"]}}],"collection":[{"href":"https:\/\/blog.zeit.de\/bittner-blog\/wp-json\/wp\/v2\/posts"}],"about":[{"href":"https:\/\/blog.zeit.de\/bittner-blog\/wp-json\/wp\/v2\/types\/post"}],"author":[{"embeddable":true,"href":"https:\/\/blog.zeit.de\/bittner-blog\/wp-json\/wp\/v2\/users\/66"}],"replies":[{"embeddable":true,"href":"https:\/\/blog.zeit.de\/bittner-blog\/wp-json\/wp\/v2\/comments?post=596"}],"version-history":[{"count":0,"href":"https:\/\/blog.zeit.de\/bittner-blog\/wp-json\/wp\/v2\/posts\/596\/revisions"}],"wp:attachment":[{"href":"https:\/\/blog.zeit.de\/bittner-blog\/wp-json\/wp\/v2\/media?parent=596"}],"wp:term":[{"taxonomy":"category","embeddable":true,"href":"https:\/\/blog.zeit.de\/bittner-blog\/wp-json\/wp\/v2\/categories?post=596"},{"taxonomy":"post_tag","embeddable":true,"href":"https:\/\/blog.zeit.de\/bittner-blog\/wp-json\/wp\/v2\/tags?post=596"}],"curies":[{"name":"wp","href":"https:\/\/api.w.org\/{rel}","templated":true}]}}