{"id":2573,"date":"2014-10-14T10:17:30","date_gmt":"2014-10-14T08:17:30","guid":{"rendered":"http:\/\/blog.zeit.de\/china\/?p=2573"},"modified":"2014-10-14T11:22:10","modified_gmt":"2014-10-14T09:22:10","slug":"chinas-automarkt-geht-die-luft-aus","status":"publish","type":"post","link":"https:\/\/blog.zeit.de\/china\/2014\/10\/14\/chinas-automarkt-geht-die-luft-aus\/","title":{"rendered":"Chinesische Autos werden zu Ladenh\u00fctern"},"content":{"rendered":"<p>Wie stark sich China mittlerweile entwickelt hat, l\u00e4sst sich am besten auf dem Automobilmarkt ablesen. F\u00fcr die gro\u00dfen Autokonzerne der Welt war China in der Vergangenheit immer ein Markt mit sehr guten Wachstumsperspektiven. Bislang.<\/p>\n<p>Im September ist die Zahl der Autoverk\u00e4ufe nur um 2,5 Prozent gestiegen, wie <a href=\"http:\/\/english.peopledaily.com.cn\/business\/n\/2014\/1013\/c90778-8794100.html\">der chinesische Autoverband (CAAM) <\/a>am Montag mitteilte. Das ist f\u00fcr chinesische Verh\u00e4ltnisse wenig. Im Jahr zuvor lag das Absatzplus noch bei \u00fcber 20 Prozent.<\/p>\n<p><!--more--><\/p>\n<p>Der September ist in China normalerweise ein starker Monat f\u00fcr die Autokonzerne. Kurz vor den freien Tagen rund um den Nationalfeiertag am 1. Oktober ist das Interesse an Neuk\u00e4ufen besonders gro\u00df. Viele Chinesen wollen die Feiertage f\u00fcr einen Ausflug mit einem neuen Gef\u00e4hrt nutzen. Doch stattdessen war das Wachstum so niedrig wie seit anderthalb Jahren nicht.<\/p>\n<p>Damals hatte die chinesische F\u00fchrung eine Reihe von neuen Regeln eingef\u00fchrt. Die Zahl der neu zugelassenen Autos in Gro\u00dfst\u00e4dten sollte angesichts der hohen Luftverschmutzung und der vielen Staus reduziert werden. Der Absatz brach daraufhin ein, erholte sich aber relativ rasch wieder. Ihr Ziel konnte die Regierung nicht erreichen.<\/p>\n<p>Die jetzige Wachstumsschw\u00e4che d\u00fcrfte l\u00e4nger andauern. Denn tats\u00e4chlich gibt es auf dem gr\u00f6\u00dften Automarkt der Welt Anzeichen einer \u00dcbers\u00e4ttigung. Vor allem in St\u00e4dten mit f\u00fcnf Millionen Einwohnern und weniger \u2013 die bis vor Kurzem noch erfolgversprechende M\u00e4rkte waren \u2013 gehen die Verkaufszahlen nach einem Bericht des <a href=\"http:\/\/online.wsj.com\/articles\/auto-sales-slow-in-china-1413182093\"><em>Wall Street Journal<\/em><\/a> zur\u00fcck. Nach Angaben des chinesischen Autoh\u00e4ndlerverbands stand ein Neuwagen zuletzt im Schnitt 45 Tage unverkauft im Autohaus. Vor einem Jahr waren es noch 36 Tage. Vor allem chinesische Automarken entpuppen sich als Ladenh\u00fcter. Viele chinesische Autofirmen beklagen \u00dcberkapazit\u00e4ten.<\/p>\n<p>Davon sind die deutschen Autobauer zwar noch weit entfernt. Sie verzeichnen weiter hohe Wachstumsraten. Allein Volkswagen hat nach eigenen Angaben in den ersten neun Monaten des Jahres seinen Absatz um 15,2 Prozent (im Vergleich zum Vorjahr) auf \u00fcber 2,7 Millionen Fahrzeuge gesteigert. VWs Marktanteil in China wuchs auf rund 16 Prozent.<\/p>\n<p>Doch genau der hohe Marktanteil k\u00f6nnte f\u00fcr ausl\u00e4ndische Autokonzerne zum Problem werden. Die chinesische F\u00fchrung hatte viele internationale Autounternehmen nur ins Land gelassen, um den chinesischen Herstellern technologisch auf die Spr\u00fcnge zu helfen. In kaum einer anderen Branche m\u00fcssen ausl\u00e4ndische Unternehmen in Form von sogenannten Joint Ventures so eng mit chinesischen Firmen kooperieren wie in der Autoindustrie.<\/p>\n<p>Diese Taktik ist aber nur zum Teil aufgegangen. Obwohl viele chinesische Automarken technisch aufgeholt haben und noch dazu deutlich g\u00fcnstiger als die ausl\u00e4ndische Konkurrenz sind, sinkt seit einiger Zeit der Marktanteil auf dem Heimatmarkt. Er liegt derzeit bei nur noch 37,6 Prozent und damit um rund 2,5 Prozent niedriger als im Vorjahreszeitraum.<\/p>\n<p>Die m\u00e4chtige Nationale Planungs- und Regulierungsbeh\u00f6rde (NDRC) hat auch deshalb in den Sommermonaten eine Reihe von Ma\u00dfnahmen eingeleitet, die den Wettbewerbsvorsprung ausl\u00e4ndischer Autobauer schm\u00e4lern sollen. Angebliche Verst\u00f6\u00dfe gegen das chinesische Wettbewerbsrecht werden verst\u00e4rkt geahndet. Audi wurde wegen &#8222;unerlaubter Preisabsprachen&#8220; bereits zur Kasse gebeten.<\/p>\n","protected":false},"excerpt":{"rendered":"<p>Wie stark sich China mittlerweile entwickelt hat, l\u00e4sst sich am besten auf dem Automobilmarkt ablesen. F\u00fcr die gro\u00dfen Autokonzerne der Welt war China in der Vergangenheit immer ein Markt mit sehr guten Wachstumsperspektiven. Bislang. Im September ist die Zahl der Autoverk\u00e4ufe nur um 2,5 Prozent gestiegen, wie der chinesische Autoverband (CAAM) am Montag mitteilte. Das [&hellip;]<\/p>\n","protected":false},"author":361,"featured_media":0,"comment_status":"open","ping_status":"open","sticky":false,"template":"","format":"standard","meta":{"_jetpack_memberships_contains_paid_content":false,"footnotes":""},"categories":[19319],"tags":[55,34,153,31647,32351,24432],"class_list":["post-2573","post","type-post","status-publish","format-standard","hentry","category-roter-kapitalismus","tag-auto","tag-automarkt","tag-china","tag-ndrc","tag-verkauf","tag-volkswagen"],"yoast_head":"<!-- This site is optimized with the Yoast SEO plugin v21.0 - https:\/\/yoast.com\/wordpress\/plugins\/seo\/ -->\n<title>Chinesische Autos werden zu Ladenh\u00fctern - China-Blog<\/title>\n<meta name=\"robots\" content=\"index, follow, max-snippet:-1, max-image-preview:large, max-video-preview:-1\" \/>\n<link rel=\"canonical\" href=\"https:\/\/blog.zeit.de\/china\/2014\/10\/14\/chinas-automarkt-geht-die-luft-aus\/\" \/>\n<meta property=\"og:locale\" content=\"de_DE\" \/>\n<meta property=\"og:type\" content=\"article\" \/>\n<meta property=\"og:title\" content=\"Chinesische Autos werden zu Ladenh\u00fctern - China-Blog\" \/>\n<meta property=\"og:description\" content=\"Wie stark sich China mittlerweile entwickelt hat, l\u00e4sst sich am besten auf dem Automobilmarkt ablesen. F\u00fcr die gro\u00dfen Autokonzerne der Welt war China in der Vergangenheit immer ein Markt mit sehr guten Wachstumsperspektiven. Bislang. Im September ist die Zahl der Autoverk\u00e4ufe nur um 2,5 Prozent gestiegen, wie der chinesische Autoverband (CAAM) am Montag mitteilte. Das [&hellip;]\" \/>\n<meta property=\"og:url\" content=\"https:\/\/blog.zeit.de\/china\/2014\/10\/14\/chinas-automarkt-geht-die-luft-aus\/\" \/>\n<meta property=\"og:site_name\" content=\"China-Blog\" \/>\n<meta property=\"article:published_time\" content=\"2014-10-14T08:17:30+00:00\" \/>\n<meta property=\"article:modified_time\" content=\"2014-10-14T09:22:10+00:00\" \/>\n<meta name=\"author\" content=\"Felix Lee\" \/>\n<meta name=\"twitter:card\" content=\"summary_large_image\" \/>\n<meta name=\"twitter:creator\" content=\"@zeitonline\" \/>\n<meta name=\"twitter:site\" content=\"@zeitonline\" \/>\n<meta name=\"twitter:label1\" content=\"Geschrieben von\" \/>\n\t<meta name=\"twitter:data1\" content=\"Felix Lee\" \/>\n\t<meta name=\"twitter:label2\" content=\"Gesch\u00e4tzte Lesezeit\" \/>\n\t<meta name=\"twitter:data2\" content=\"2\u00a0Minuten\" \/>\n<script type=\"application\/ld+json\" class=\"yoast-schema-graph\">{\"@context\":\"https:\/\/schema.org\",\"@graph\":[{\"@type\":\"WebPage\",\"@id\":\"https:\/\/blog.zeit.de\/china\/2014\/10\/14\/chinas-automarkt-geht-die-luft-aus\/\",\"url\":\"https:\/\/blog.zeit.de\/china\/2014\/10\/14\/chinas-automarkt-geht-die-luft-aus\/\",\"name\":\"Chinesische Autos werden zu Ladenh\u00fctern - China-Blog\",\"isPartOf\":{\"@id\":\"https:\/\/blog.zeit.de\/china\/#website\"},\"datePublished\":\"2014-10-14T08:17:30+00:00\",\"dateModified\":\"2014-10-14T09:22:10+00:00\",\"author\":{\"@id\":\"https:\/\/blog.zeit.de\/china\/#\/schema\/person\/e06c03df150a643c8444ec3a17b338b5\"},\"breadcrumb\":{\"@id\":\"https:\/\/blog.zeit.de\/china\/2014\/10\/14\/chinas-automarkt-geht-die-luft-aus\/#breadcrumb\"},\"inLanguage\":\"de\",\"potentialAction\":[{\"@type\":\"ReadAction\",\"target\":[\"https:\/\/blog.zeit.de\/china\/2014\/10\/14\/chinas-automarkt-geht-die-luft-aus\/\"]}]},{\"@type\":\"BreadcrumbList\",\"@id\":\"https:\/\/blog.zeit.de\/china\/2014\/10\/14\/chinas-automarkt-geht-die-luft-aus\/#breadcrumb\",\"itemListElement\":[{\"@type\":\"ListItem\",\"position\":1,\"name\":\"Startseite\",\"item\":\"https:\/\/blog.zeit.de\/china\/\"},{\"@type\":\"ListItem\",\"position\":2,\"name\":\"Chinesische Autos werden zu Ladenh\u00fctern\"}]},{\"@type\":\"WebSite\",\"@id\":\"https:\/\/blog.zeit.de\/china\/#website\",\"url\":\"https:\/\/blog.zeit.de\/china\/\",\"name\":\"China-Blog\",\"description\":\"Felix Lee \u00fcber Roten Kapitalismus und chinesische Online-Ph\u00e4nomene\",\"potentialAction\":[{\"@type\":\"SearchAction\",\"target\":{\"@type\":\"EntryPoint\",\"urlTemplate\":\"https:\/\/blog.zeit.de\/china\/?s={search_term_string}\"},\"query-input\":\"required name=search_term_string\"}],\"inLanguage\":\"de\"},{\"@type\":\"Person\",\"@id\":\"https:\/\/blog.zeit.de\/china\/#\/schema\/person\/e06c03df150a643c8444ec3a17b338b5\",\"name\":\"Felix Lee\",\"image\":{\"@type\":\"ImageObject\",\"inLanguage\":\"de\",\"@id\":\"https:\/\/blog.zeit.de\/china\/#\/schema\/person\/image\/\",\"url\":\"https:\/\/secure.gravatar.com\/avatar\/187d98b365bccd20a7458ac069005a32e0645f6a538e32d9bf4468ba8e718486?s=96&d=mm&r=g\",\"contentUrl\":\"https:\/\/secure.gravatar.com\/avatar\/187d98b365bccd20a7458ac069005a32e0645f6a538e32d9bf4468ba8e718486?s=96&d=mm&r=g\",\"caption\":\"Felix Lee\"},\"description\":\"Jahrgang 1975, kennt China seit seiner fr\u00fchen Kindheit. Geboren in Deutschland hat er mit f\u00fcnf Jahren das erste Mal seine Verwandten in der Volksrepublik besucht. Damals war das Land noch arm, die Menschen hatten kaum genug zu essen und viele standen noch unter dem Eindruck der kulturrevolution\u00e4ren Wirren, die f\u00fcr sehr viel Leid gesorgt haben. Seitdem hat er China fast jedes Jahr besucht, zwischendurch auch immer wieder f\u00fcr einige Jahre im Reich der Mitte gelebt und hat die rasanten Ver\u00e4nderungen der vergangenen drei Jahrzehnte immer wieder hautnah miterlebt. Inzwischen ist er China-Korrespondent der taz und schreibt aus Peking regelm\u00e4\u00dfig f\u00fcr Zeit-Online und f\u00fcr eine Reihe von anderen deutschsprachigen Medien.\",\"url\":\"https:\/\/blog.zeit.de\/china\/author\/flee\/\"}]}<\/script>\n<!-- \/ Yoast SEO plugin. -->","yoast_head_json":{"title":"Chinesische Autos werden zu Ladenh\u00fctern - China-Blog","robots":{"index":"index","follow":"follow","max-snippet":"max-snippet:-1","max-image-preview":"max-image-preview:large","max-video-preview":"max-video-preview:-1"},"canonical":"https:\/\/blog.zeit.de\/china\/2014\/10\/14\/chinas-automarkt-geht-die-luft-aus\/","og_locale":"de_DE","og_type":"article","og_title":"Chinesische Autos werden zu Ladenh\u00fctern - China-Blog","og_description":"Wie stark sich China mittlerweile entwickelt hat, l\u00e4sst sich am besten auf dem Automobilmarkt ablesen. F\u00fcr die gro\u00dfen Autokonzerne der Welt war China in der Vergangenheit immer ein Markt mit sehr guten Wachstumsperspektiven. Bislang. Im September ist die Zahl der Autoverk\u00e4ufe nur um 2,5 Prozent gestiegen, wie der chinesische Autoverband (CAAM) am Montag mitteilte. Das [&hellip;]","og_url":"https:\/\/blog.zeit.de\/china\/2014\/10\/14\/chinas-automarkt-geht-die-luft-aus\/","og_site_name":"China-Blog","article_published_time":"2014-10-14T08:17:30+00:00","article_modified_time":"2014-10-14T09:22:10+00:00","author":"Felix Lee","twitter_card":"summary_large_image","twitter_creator":"@zeitonline","twitter_site":"@zeitonline","twitter_misc":{"Geschrieben von":"Felix Lee","Gesch\u00e4tzte Lesezeit":"2\u00a0Minuten"},"schema":{"@context":"https:\/\/schema.org","@graph":[{"@type":"WebPage","@id":"https:\/\/blog.zeit.de\/china\/2014\/10\/14\/chinas-automarkt-geht-die-luft-aus\/","url":"https:\/\/blog.zeit.de\/china\/2014\/10\/14\/chinas-automarkt-geht-die-luft-aus\/","name":"Chinesische Autos werden zu Ladenh\u00fctern - China-Blog","isPartOf":{"@id":"https:\/\/blog.zeit.de\/china\/#website"},"datePublished":"2014-10-14T08:17:30+00:00","dateModified":"2014-10-14T09:22:10+00:00","author":{"@id":"https:\/\/blog.zeit.de\/china\/#\/schema\/person\/e06c03df150a643c8444ec3a17b338b5"},"breadcrumb":{"@id":"https:\/\/blog.zeit.de\/china\/2014\/10\/14\/chinas-automarkt-geht-die-luft-aus\/#breadcrumb"},"inLanguage":"de","potentialAction":[{"@type":"ReadAction","target":["https:\/\/blog.zeit.de\/china\/2014\/10\/14\/chinas-automarkt-geht-die-luft-aus\/"]}]},{"@type":"BreadcrumbList","@id":"https:\/\/blog.zeit.de\/china\/2014\/10\/14\/chinas-automarkt-geht-die-luft-aus\/#breadcrumb","itemListElement":[{"@type":"ListItem","position":1,"name":"Startseite","item":"https:\/\/blog.zeit.de\/china\/"},{"@type":"ListItem","position":2,"name":"Chinesische Autos werden zu Ladenh\u00fctern"}]},{"@type":"WebSite","@id":"https:\/\/blog.zeit.de\/china\/#website","url":"https:\/\/blog.zeit.de\/china\/","name":"China-Blog","description":"Felix Lee \u00fcber Roten Kapitalismus und chinesische Online-Ph\u00e4nomene","potentialAction":[{"@type":"SearchAction","target":{"@type":"EntryPoint","urlTemplate":"https:\/\/blog.zeit.de\/china\/?s={search_term_string}"},"query-input":"required name=search_term_string"}],"inLanguage":"de"},{"@type":"Person","@id":"https:\/\/blog.zeit.de\/china\/#\/schema\/person\/e06c03df150a643c8444ec3a17b338b5","name":"Felix Lee","image":{"@type":"ImageObject","inLanguage":"de","@id":"https:\/\/blog.zeit.de\/china\/#\/schema\/person\/image\/","url":"https:\/\/secure.gravatar.com\/avatar\/187d98b365bccd20a7458ac069005a32e0645f6a538e32d9bf4468ba8e718486?s=96&d=mm&r=g","contentUrl":"https:\/\/secure.gravatar.com\/avatar\/187d98b365bccd20a7458ac069005a32e0645f6a538e32d9bf4468ba8e718486?s=96&d=mm&r=g","caption":"Felix Lee"},"description":"Jahrgang 1975, kennt China seit seiner fr\u00fchen Kindheit. Geboren in Deutschland hat er mit f\u00fcnf Jahren das erste Mal seine Verwandten in der Volksrepublik besucht. Damals war das Land noch arm, die Menschen hatten kaum genug zu essen und viele standen noch unter dem Eindruck der kulturrevolution\u00e4ren Wirren, die f\u00fcr sehr viel Leid gesorgt haben. Seitdem hat er China fast jedes Jahr besucht, zwischendurch auch immer wieder f\u00fcr einige Jahre im Reich der Mitte gelebt und hat die rasanten Ver\u00e4nderungen der vergangenen drei Jahrzehnte immer wieder hautnah miterlebt. Inzwischen ist er China-Korrespondent der taz und schreibt aus Peking regelm\u00e4\u00dfig f\u00fcr Zeit-Online und f\u00fcr eine Reihe von anderen deutschsprachigen Medien.","url":"https:\/\/blog.zeit.de\/china\/author\/flee\/"}]}},"jetpack_featured_media_url":"","jetpack_sharing_enabled":true,"_links":{"self":[{"href":"https:\/\/blog.zeit.de\/china\/wp-json\/wp\/v2\/posts\/2573","targetHints":{"allow":["GET"]}}],"collection":[{"href":"https:\/\/blog.zeit.de\/china\/wp-json\/wp\/v2\/posts"}],"about":[{"href":"https:\/\/blog.zeit.de\/china\/wp-json\/wp\/v2\/types\/post"}],"author":[{"embeddable":true,"href":"https:\/\/blog.zeit.de\/china\/wp-json\/wp\/v2\/users\/361"}],"replies":[{"embeddable":true,"href":"https:\/\/blog.zeit.de\/china\/wp-json\/wp\/v2\/comments?post=2573"}],"version-history":[{"count":5,"href":"https:\/\/blog.zeit.de\/china\/wp-json\/wp\/v2\/posts\/2573\/revisions"}],"predecessor-version":[{"id":2579,"href":"https:\/\/blog.zeit.de\/china\/wp-json\/wp\/v2\/posts\/2573\/revisions\/2579"}],"wp:attachment":[{"href":"https:\/\/blog.zeit.de\/china\/wp-json\/wp\/v2\/media?parent=2573"}],"wp:term":[{"taxonomy":"category","embeddable":true,"href":"https:\/\/blog.zeit.de\/china\/wp-json\/wp\/v2\/categories?post=2573"},{"taxonomy":"post_tag","embeddable":true,"href":"https:\/\/blog.zeit.de\/china\/wp-json\/wp\/v2\/tags?post=2573"}],"curies":[{"name":"wp","href":"https:\/\/api.w.org\/{rel}","templated":true}]}}