{"id":2598,"date":"2014-10-21T13:18:24","date_gmt":"2014-10-21T11:18:24","guid":{"rendered":"http:\/\/blog.zeit.de\/china\/?p=2598"},"modified":"2014-10-21T13:18:24","modified_gmt":"2014-10-21T11:18:24","slug":"china-wachstum-konsum","status":"publish","type":"post","link":"https:\/\/blog.zeit.de\/china\/2014\/10\/21\/china-wachstum-konsum\/","title":{"rendered":"Chinas F\u00fcnfjahrestief ist gewollt"},"content":{"rendered":"<p>Die Weltwirtschaft w\u00e4chst weiterhin nur gering. Wer gehofft hatte, die Triebkraft k\u00f6nnte schon bald wieder von China ausgehen, sieht sich get\u00e4uscht. <a href=\"http:\/\/www.handelsblatt.com\/politik\/konjunktur\/nachrichten\/konjunktur-chinas-wachstum-verlangsamt-sich\/10866462.html\">Um nur noch 7,3 Prozent ist die zweitgr\u00f6\u00dfte Volkswirtschaft der Welt im dritten Quartal gewachsen, so wenig wie seit f\u00fcnf Jahren nicht.<\/a><\/p>\n<p>Damals hatte die von den USA ausgehende Finanzkrise auch Chinas Wirtschaft getroffen. Peking hat mit massiven Konjunkturprogrammen erfolgreich gegengesteuert und nicht nur sich selbst auf die Beine geholfen, sondern der gesamten Weltwirtschaft. Dieser Impuls wird dieses Mal ausbleiben.<!--more--><\/p>\n<p>Denn die chinesische F\u00fchrung verfolgt inzwischen eine andere Agenda. Das verlangsamte Wachstum ist von ihr gewollt. Zwar hatte sie zu Beginn des Jahres noch eine Rate von 7,5 Prozent f\u00fcr das gesamte Jahr ausgegeben. Ministerpr\u00e4sident Li Keqiang hat zwischenzeitlich jedoch mehrfach betont, dass die Rate auch darunter liegen d\u00fcrfe, so lange sich der Arbeitsmarkt behaupte. Und das tut er. Die Arbeitslosenquote bleibt stabil bei unter f\u00fcnf Prozent.<\/p>\n<p>Die Regierung strukturiert die Wirtschaft derzeit grundlegend um. Sie will weg von der investitionsgetriebenen Expansion der vergangenen Jahre. Diese Wirtschaftspolitik hat zwar jede Menge neue Fabriken, Hochh\u00e4user und Autobahnen geschaffen. Sie hat allerdings auch zu \u00dcberkapazit\u00e4ten, <a href=\"http:\/\/www.zeit.de\/2014\/27\/immobilienmarkt-china-blase\">Geisterst\u00e4dten<\/a> und zu einer <a href=\"https:\/\/blog.zeit.de\/china\/2014\/07\/21\/chinas-unternehmer-haben-schuld\/\">massiven Verschuldung der Kommunen und Provinzen beigetragen<\/a>.<\/p>\n<p>Nun setzt die Staatsf\u00fchrung auf h\u00f6here L\u00f6hne. Denn steigende Einkommen bedeuten, dass im Land mehr konsumiert wird. Das drosselt zwar auch das Wachstum, denn f\u00fcr viele internationale Unternehmen lohnt sich die Produktion von preisg\u00fcnstiger Massenware in China nicht mehr. Doch aus Sicht der chinesischen F\u00fchrung sollen nicht mehr der Staat und die billige Exportwirtschaft die Wirtschaft antreiben, sondern die Konsumenten, sprich der Binnenmarkt.<\/p>\n<p>Mit dieser Wirtschaftspolitik d\u00fcrfte nicht zuletzt den Deutschen gedient sein. Denn Chinesen mit h\u00f6herem Einkommen stehen auf Produkte <em>made in Germany<\/em>.<\/p>\n","protected":false},"excerpt":{"rendered":"<p>Die Weltwirtschaft w\u00e4chst weiterhin nur gering. Wer gehofft hatte, die Triebkraft k\u00f6nnte schon bald wieder von China ausgehen, sieht sich get\u00e4uscht. Um nur noch 7,3 Prozent ist die zweitgr\u00f6\u00dfte Volkswirtschaft der Welt im dritten Quartal gewachsen, so wenig wie seit f\u00fcnf Jahren nicht. Damals hatte die von den USA ausgehende Finanzkrise auch Chinas Wirtschaft getroffen. [&hellip;]<\/p>\n","protected":false},"author":361,"featured_media":0,"comment_status":"open","ping_status":"open","sticky":false,"template":"","format":"standard","meta":{"_jetpack_memberships_contains_paid_content":false,"footnotes":""},"categories":[19319],"tags":[962,153,24387,33383,28771,19314],"class_list":["post-2598","post","type-post","status-publish","format-standard","hentry","category-roter-kapitalismus","tag-arbeitslosigkeit","tag-china","tag-einkommen","tag-geisterstaedte","tag-uberkapazitaten","tag-wachstum"],"yoast_head":"<!-- This site is optimized with the Yoast SEO plugin v21.0 - https:\/\/yoast.com\/wordpress\/plugins\/seo\/ -->\n<title>Chinas F\u00fcnfjahrestief ist gewollt - China-Blog<\/title>\n<meta name=\"robots\" content=\"index, follow, max-snippet:-1, max-image-preview:large, max-video-preview:-1\" \/>\n<link rel=\"canonical\" href=\"https:\/\/blog.zeit.de\/china\/2014\/10\/21\/china-wachstum-konsum\/\" \/>\n<meta property=\"og:locale\" content=\"de_DE\" \/>\n<meta property=\"og:type\" content=\"article\" \/>\n<meta property=\"og:title\" content=\"Chinas F\u00fcnfjahrestief ist gewollt - China-Blog\" \/>\n<meta property=\"og:description\" content=\"Die Weltwirtschaft w\u00e4chst weiterhin nur gering. Wer gehofft hatte, die Triebkraft k\u00f6nnte schon bald wieder von China ausgehen, sieht sich get\u00e4uscht. Um nur noch 7,3 Prozent ist die zweitgr\u00f6\u00dfte Volkswirtschaft der Welt im dritten Quartal gewachsen, so wenig wie seit f\u00fcnf Jahren nicht. Damals hatte die von den USA ausgehende Finanzkrise auch Chinas Wirtschaft getroffen. [&hellip;]\" \/>\n<meta property=\"og:url\" content=\"https:\/\/blog.zeit.de\/china\/2014\/10\/21\/china-wachstum-konsum\/\" \/>\n<meta property=\"og:site_name\" content=\"China-Blog\" \/>\n<meta property=\"article:published_time\" content=\"2014-10-21T11:18:24+00:00\" \/>\n<meta name=\"author\" content=\"Felix Lee\" \/>\n<meta name=\"twitter:card\" content=\"summary_large_image\" \/>\n<meta name=\"twitter:creator\" content=\"@zeitonline\" \/>\n<meta name=\"twitter:site\" content=\"@zeitonline\" \/>\n<meta name=\"twitter:label1\" content=\"Geschrieben von\" \/>\n\t<meta name=\"twitter:data1\" content=\"Felix Lee\" \/>\n\t<meta name=\"twitter:label2\" content=\"Gesch\u00e4tzte Lesezeit\" \/>\n\t<meta name=\"twitter:data2\" content=\"1\u00a0Minute\" \/>\n<script type=\"application\/ld+json\" class=\"yoast-schema-graph\">{\"@context\":\"https:\/\/schema.org\",\"@graph\":[{\"@type\":\"WebPage\",\"@id\":\"https:\/\/blog.zeit.de\/china\/2014\/10\/21\/china-wachstum-konsum\/\",\"url\":\"https:\/\/blog.zeit.de\/china\/2014\/10\/21\/china-wachstum-konsum\/\",\"name\":\"Chinas F\u00fcnfjahrestief ist gewollt - China-Blog\",\"isPartOf\":{\"@id\":\"https:\/\/blog.zeit.de\/china\/#website\"},\"datePublished\":\"2014-10-21T11:18:24+00:00\",\"dateModified\":\"2014-10-21T11:18:24+00:00\",\"author\":{\"@id\":\"https:\/\/blog.zeit.de\/china\/#\/schema\/person\/e06c03df150a643c8444ec3a17b338b5\"},\"breadcrumb\":{\"@id\":\"https:\/\/blog.zeit.de\/china\/2014\/10\/21\/china-wachstum-konsum\/#breadcrumb\"},\"inLanguage\":\"de\",\"potentialAction\":[{\"@type\":\"ReadAction\",\"target\":[\"https:\/\/blog.zeit.de\/china\/2014\/10\/21\/china-wachstum-konsum\/\"]}]},{\"@type\":\"BreadcrumbList\",\"@id\":\"https:\/\/blog.zeit.de\/china\/2014\/10\/21\/china-wachstum-konsum\/#breadcrumb\",\"itemListElement\":[{\"@type\":\"ListItem\",\"position\":1,\"name\":\"Startseite\",\"item\":\"https:\/\/blog.zeit.de\/china\/\"},{\"@type\":\"ListItem\",\"position\":2,\"name\":\"Chinas F\u00fcnfjahrestief ist gewollt\"}]},{\"@type\":\"WebSite\",\"@id\":\"https:\/\/blog.zeit.de\/china\/#website\",\"url\":\"https:\/\/blog.zeit.de\/china\/\",\"name\":\"China-Blog\",\"description\":\"Felix Lee \u00fcber Roten Kapitalismus und chinesische Online-Ph\u00e4nomene\",\"potentialAction\":[{\"@type\":\"SearchAction\",\"target\":{\"@type\":\"EntryPoint\",\"urlTemplate\":\"https:\/\/blog.zeit.de\/china\/?s={search_term_string}\"},\"query-input\":\"required name=search_term_string\"}],\"inLanguage\":\"de\"},{\"@type\":\"Person\",\"@id\":\"https:\/\/blog.zeit.de\/china\/#\/schema\/person\/e06c03df150a643c8444ec3a17b338b5\",\"name\":\"Felix Lee\",\"image\":{\"@type\":\"ImageObject\",\"inLanguage\":\"de\",\"@id\":\"https:\/\/blog.zeit.de\/china\/#\/schema\/person\/image\/\",\"url\":\"https:\/\/secure.gravatar.com\/avatar\/187d98b365bccd20a7458ac069005a32e0645f6a538e32d9bf4468ba8e718486?s=96&d=mm&r=g\",\"contentUrl\":\"https:\/\/secure.gravatar.com\/avatar\/187d98b365bccd20a7458ac069005a32e0645f6a538e32d9bf4468ba8e718486?s=96&d=mm&r=g\",\"caption\":\"Felix Lee\"},\"description\":\"Jahrgang 1975, kennt China seit seiner fr\u00fchen Kindheit. Geboren in Deutschland hat er mit f\u00fcnf Jahren das erste Mal seine Verwandten in der Volksrepublik besucht. Damals war das Land noch arm, die Menschen hatten kaum genug zu essen und viele standen noch unter dem Eindruck der kulturrevolution\u00e4ren Wirren, die f\u00fcr sehr viel Leid gesorgt haben. Seitdem hat er China fast jedes Jahr besucht, zwischendurch auch immer wieder f\u00fcr einige Jahre im Reich der Mitte gelebt und hat die rasanten Ver\u00e4nderungen der vergangenen drei Jahrzehnte immer wieder hautnah miterlebt. Inzwischen ist er China-Korrespondent der taz und schreibt aus Peking regelm\u00e4\u00dfig f\u00fcr Zeit-Online und f\u00fcr eine Reihe von anderen deutschsprachigen Medien.\",\"url\":\"https:\/\/blog.zeit.de\/china\/author\/flee\/\"}]}<\/script>\n<!-- \/ Yoast SEO plugin. -->","yoast_head_json":{"title":"Chinas F\u00fcnfjahrestief ist gewollt - China-Blog","robots":{"index":"index","follow":"follow","max-snippet":"max-snippet:-1","max-image-preview":"max-image-preview:large","max-video-preview":"max-video-preview:-1"},"canonical":"https:\/\/blog.zeit.de\/china\/2014\/10\/21\/china-wachstum-konsum\/","og_locale":"de_DE","og_type":"article","og_title":"Chinas F\u00fcnfjahrestief ist gewollt - China-Blog","og_description":"Die Weltwirtschaft w\u00e4chst weiterhin nur gering. Wer gehofft hatte, die Triebkraft k\u00f6nnte schon bald wieder von China ausgehen, sieht sich get\u00e4uscht. Um nur noch 7,3 Prozent ist die zweitgr\u00f6\u00dfte Volkswirtschaft der Welt im dritten Quartal gewachsen, so wenig wie seit f\u00fcnf Jahren nicht. Damals hatte die von den USA ausgehende Finanzkrise auch Chinas Wirtschaft getroffen. [&hellip;]","og_url":"https:\/\/blog.zeit.de\/china\/2014\/10\/21\/china-wachstum-konsum\/","og_site_name":"China-Blog","article_published_time":"2014-10-21T11:18:24+00:00","author":"Felix Lee","twitter_card":"summary_large_image","twitter_creator":"@zeitonline","twitter_site":"@zeitonline","twitter_misc":{"Geschrieben von":"Felix Lee","Gesch\u00e4tzte Lesezeit":"1\u00a0Minute"},"schema":{"@context":"https:\/\/schema.org","@graph":[{"@type":"WebPage","@id":"https:\/\/blog.zeit.de\/china\/2014\/10\/21\/china-wachstum-konsum\/","url":"https:\/\/blog.zeit.de\/china\/2014\/10\/21\/china-wachstum-konsum\/","name":"Chinas F\u00fcnfjahrestief ist gewollt - China-Blog","isPartOf":{"@id":"https:\/\/blog.zeit.de\/china\/#website"},"datePublished":"2014-10-21T11:18:24+00:00","dateModified":"2014-10-21T11:18:24+00:00","author":{"@id":"https:\/\/blog.zeit.de\/china\/#\/schema\/person\/e06c03df150a643c8444ec3a17b338b5"},"breadcrumb":{"@id":"https:\/\/blog.zeit.de\/china\/2014\/10\/21\/china-wachstum-konsum\/#breadcrumb"},"inLanguage":"de","potentialAction":[{"@type":"ReadAction","target":["https:\/\/blog.zeit.de\/china\/2014\/10\/21\/china-wachstum-konsum\/"]}]},{"@type":"BreadcrumbList","@id":"https:\/\/blog.zeit.de\/china\/2014\/10\/21\/china-wachstum-konsum\/#breadcrumb","itemListElement":[{"@type":"ListItem","position":1,"name":"Startseite","item":"https:\/\/blog.zeit.de\/china\/"},{"@type":"ListItem","position":2,"name":"Chinas F\u00fcnfjahrestief ist gewollt"}]},{"@type":"WebSite","@id":"https:\/\/blog.zeit.de\/china\/#website","url":"https:\/\/blog.zeit.de\/china\/","name":"China-Blog","description":"Felix Lee \u00fcber Roten Kapitalismus und chinesische Online-Ph\u00e4nomene","potentialAction":[{"@type":"SearchAction","target":{"@type":"EntryPoint","urlTemplate":"https:\/\/blog.zeit.de\/china\/?s={search_term_string}"},"query-input":"required name=search_term_string"}],"inLanguage":"de"},{"@type":"Person","@id":"https:\/\/blog.zeit.de\/china\/#\/schema\/person\/e06c03df150a643c8444ec3a17b338b5","name":"Felix Lee","image":{"@type":"ImageObject","inLanguage":"de","@id":"https:\/\/blog.zeit.de\/china\/#\/schema\/person\/image\/","url":"https:\/\/secure.gravatar.com\/avatar\/187d98b365bccd20a7458ac069005a32e0645f6a538e32d9bf4468ba8e718486?s=96&d=mm&r=g","contentUrl":"https:\/\/secure.gravatar.com\/avatar\/187d98b365bccd20a7458ac069005a32e0645f6a538e32d9bf4468ba8e718486?s=96&d=mm&r=g","caption":"Felix Lee"},"description":"Jahrgang 1975, kennt China seit seiner fr\u00fchen Kindheit. Geboren in Deutschland hat er mit f\u00fcnf Jahren das erste Mal seine Verwandten in der Volksrepublik besucht. Damals war das Land noch arm, die Menschen hatten kaum genug zu essen und viele standen noch unter dem Eindruck der kulturrevolution\u00e4ren Wirren, die f\u00fcr sehr viel Leid gesorgt haben. Seitdem hat er China fast jedes Jahr besucht, zwischendurch auch immer wieder f\u00fcr einige Jahre im Reich der Mitte gelebt und hat die rasanten Ver\u00e4nderungen der vergangenen drei Jahrzehnte immer wieder hautnah miterlebt. Inzwischen ist er China-Korrespondent der taz und schreibt aus Peking regelm\u00e4\u00dfig f\u00fcr Zeit-Online und f\u00fcr eine Reihe von anderen deutschsprachigen Medien.","url":"https:\/\/blog.zeit.de\/china\/author\/flee\/"}]}},"jetpack_featured_media_url":"","jetpack_sharing_enabled":true,"_links":{"self":[{"href":"https:\/\/blog.zeit.de\/china\/wp-json\/wp\/v2\/posts\/2598","targetHints":{"allow":["GET"]}}],"collection":[{"href":"https:\/\/blog.zeit.de\/china\/wp-json\/wp\/v2\/posts"}],"about":[{"href":"https:\/\/blog.zeit.de\/china\/wp-json\/wp\/v2\/types\/post"}],"author":[{"embeddable":true,"href":"https:\/\/blog.zeit.de\/china\/wp-json\/wp\/v2\/users\/361"}],"replies":[{"embeddable":true,"href":"https:\/\/blog.zeit.de\/china\/wp-json\/wp\/v2\/comments?post=2598"}],"version-history":[{"count":5,"href":"https:\/\/blog.zeit.de\/china\/wp-json\/wp\/v2\/posts\/2598\/revisions"}],"predecessor-version":[{"id":2604,"href":"https:\/\/blog.zeit.de\/china\/wp-json\/wp\/v2\/posts\/2598\/revisions\/2604"}],"wp:attachment":[{"href":"https:\/\/blog.zeit.de\/china\/wp-json\/wp\/v2\/media?parent=2598"}],"wp:term":[{"taxonomy":"category","embeddable":true,"href":"https:\/\/blog.zeit.de\/china\/wp-json\/wp\/v2\/categories?post=2598"},{"taxonomy":"post_tag","embeddable":true,"href":"https:\/\/blog.zeit.de\/china\/wp-json\/wp\/v2\/tags?post=2598"}],"curies":[{"name":"wp","href":"https:\/\/api.w.org\/{rel}","templated":true}]}}