{"id":235,"date":"2013-01-11T12:10:44","date_gmt":"2013-01-11T11:10:44","guid":{"rendered":"http:\/\/blog.zeit.de\/dev\/?p=235"},"modified":"2015-09-17T11:26:52","modified_gmt":"2015-09-17T09:26:52","slug":"zeitremix-facettierung-durch-schlagworte","status":"publish","type":"post","link":"https:\/\/blog.zeit.de\/dev\/zeitremix-facettierung-durch-schlagworte\/","title":{"rendered":"zeitRemix &#8211; Facettierung durch Schlagworte"},"content":{"rendered":"<p>Auf Basis der ZEIT ONLINE Api hat <a href=\"https:\/\/twitter.com\/rondrongowski\/\">Ron Drongowski<\/a> die Anwendung <a href=\"http:\/\/zeitremix.appspot.com\/\">zeitRemix<\/a> erstellt.<br \/>\nDie Anwendung erschlie\u00dft den umfangreichen Textbestand \u00fcber eine Facettierung der Schlagworte. Dabei k\u00f6nnen die Schlagworte der Artikel kombiniert werden, um die Anzahl der zutreffenden Artikel einzugrenzen. \u00dcber den abgefragten Zeitraum ist eine zweite Eingrenzungsebene gegeben.<\/p>\n<p><!--more--><\/p>\n<p><img loading=\"lazy\" decoding=\"async\" class=\"aligncenter wp-image-241 size-large\" src=\"https:\/\/blog.zeit.de\/dev\/files\/2013\/01\/Bildschirmfoto-2013-01-11-um-11.33.24-836x1024.png\" alt=\"Screenshot der zeitremix Anwendung mit den Schlagworten: Europ\u00e4ische Union Erderw\u00e4rmung Klimawandel China\" width=\"640\" height=\"784\" srcset=\"https:\/\/blog.zeit.de\/dev\/files\/2013\/01\/Bildschirmfoto-2013-01-11-um-11.33.24-836x1024.png 836w, https:\/\/blog.zeit.de\/dev\/files\/2013\/01\/Bildschirmfoto-2013-01-11-um-11.33.24-441x540.png 441w, https:\/\/blog.zeit.de\/dev\/files\/2013\/01\/Bildschirmfoto-2013-01-11-um-11.33.24.png 856w\" sizes=\"auto, (max-width: 640px) 100vw, 640px\" \/><\/p>\n<p>&nbsp;<\/p>\n<p><strong>Facts:<\/strong><\/p>\n<ul>\n<li>Typ: Webbasierte Anwendung<\/li>\n<li>Name: <a href=\"http:\/\/zeitremix.appspot.com\/\">zeitRemix -Facetten-Explorer von ZEIT ONLINE und DIE ZEIT<\/a><\/li>\n<li>Autor: <a href=\"https:\/\/twitter.com\/rondrongowski\/\">Ron Drongowski<\/a><\/li>\n<li>Verwendet: <a href=\"http:\/\/developer.zeit.de\/\">ZEIT ONLINE Api<\/a>, <a href=\"https:\/\/developers.google.com\/appengine\/\">Google App-Engine<\/a>, <a href=\"http:\/\/jquery.org\/\">jQuery<\/a><\/li>\n<\/ul>\n<p><small>Disclaimer: Ron Drongowski leitet das Technik-Backend Team von ZEIT ONLINE.<\/small><\/p>\n","protected":false},"excerpt":{"rendered":"<p>Auf Basis der ZEIT ONLINE Api hat Ron Drongowski die Anwendung zeitRemix erstellt. Die Anwendung erschlie\u00dft den umfangreichen Textbestand \u00fcber eine Facettierung der Schlagworte. Dabei k\u00f6nnen die Schlagworte der Artikel kombiniert werden, um die Anzahl der zutreffenden Artikel einzugrenzen. \u00dcber den abgefragten Zeitraum ist eine zweite Eingrenzungsebene gegeben.<\/p>\n","protected":false},"author":388,"featured_media":0,"comment_status":"open","ping_status":"open","sticky":false,"template":"","format":"standard","meta":{"_jetpack_memberships_contains_paid_content":false,"footnotes":""},"categories":[25045,17446],"tags":[],"class_list":["post-235","post","type-post","status-publish","format-standard","hentry","category-anwendung","category-api"],"yoast_head":"<!-- This site is optimized with the Yoast SEO plugin v21.0 - https:\/\/yoast.com\/wordpress\/plugins\/seo\/ -->\n<title>zeitRemix - Facettierung durch Schlagworte - Dev-Blog<\/title>\n<meta name=\"robots\" content=\"index, follow, max-snippet:-1, max-image-preview:large, max-video-preview:-1\" \/>\n<link rel=\"canonical\" href=\"https:\/\/blog.zeit.de\/dev\/zeitremix-facettierung-durch-schlagworte\/\" \/>\n<meta property=\"og:locale\" content=\"de_DE\" \/>\n<meta property=\"og:type\" content=\"article\" \/>\n<meta property=\"og:title\" content=\"zeitRemix - Facettierung durch Schlagworte - Dev-Blog\" \/>\n<meta property=\"og:description\" content=\"Auf Basis der ZEIT ONLINE Api hat Ron Drongowski die Anwendung zeitRemix erstellt. Die Anwendung erschlie\u00dft den umfangreichen Textbestand \u00fcber eine Facettierung der Schlagworte. Dabei k\u00f6nnen die Schlagworte der Artikel kombiniert werden, um die Anzahl der zutreffenden Artikel einzugrenzen. \u00dcber den abgefragten Zeitraum ist eine zweite Eingrenzungsebene gegeben.\" \/>\n<meta property=\"og:url\" content=\"https:\/\/blog.zeit.de\/dev\/zeitremix-facettierung-durch-schlagworte\/\" \/>\n<meta property=\"og:site_name\" content=\"Dev-Blog\" \/>\n<meta property=\"article:published_time\" content=\"2013-01-11T11:10:44+00:00\" \/>\n<meta property=\"article:modified_time\" content=\"2015-09-17T09:26:52+00:00\" \/>\n<meta property=\"og:image\" content=\"https:\/\/blog.zeit.de\/dev\/files\/2013\/01\/Bildschirmfoto-2013-01-11-um-11.33.24-836x1024.png\" \/>\n<meta name=\"author\" content=\"Thomas J\u00f6chler\" \/>\n<meta name=\"twitter:card\" content=\"summary_large_image\" \/>\n<meta name=\"twitter:label1\" content=\"Geschrieben von\" \/>\n\t<meta name=\"twitter:data1\" content=\"Thomas J\u00f6chler\" \/>\n<script type=\"application\/ld+json\" class=\"yoast-schema-graph\">{\"@context\":\"https:\/\/schema.org\",\"@graph\":[{\"@type\":\"WebPage\",\"@id\":\"https:\/\/blog.zeit.de\/dev\/zeitremix-facettierung-durch-schlagworte\/\",\"url\":\"https:\/\/blog.zeit.de\/dev\/zeitremix-facettierung-durch-schlagworte\/\",\"name\":\"zeitRemix - Facettierung durch Schlagworte - Dev-Blog\",\"isPartOf\":{\"@id\":\"https:\/\/blog.zeit.de\/dev\/#website\"},\"datePublished\":\"2013-01-11T11:10:44+00:00\",\"dateModified\":\"2015-09-17T09:26:52+00:00\",\"author\":{\"@id\":\"https:\/\/blog.zeit.de\/dev\/#\/schema\/person\/f9ec9352c2d080d59360c94b16e31028\"},\"breadcrumb\":{\"@id\":\"https:\/\/blog.zeit.de\/dev\/zeitremix-facettierung-durch-schlagworte\/#breadcrumb\"},\"inLanguage\":\"de\",\"potentialAction\":[{\"@type\":\"ReadAction\",\"target\":[\"https:\/\/blog.zeit.de\/dev\/zeitremix-facettierung-durch-schlagworte\/\"]}]},{\"@type\":\"BreadcrumbList\",\"@id\":\"https:\/\/blog.zeit.de\/dev\/zeitremix-facettierung-durch-schlagworte\/#breadcrumb\",\"itemListElement\":[{\"@type\":\"ListItem\",\"position\":1,\"name\":\"Startseite\",\"item\":\"https:\/\/blog.zeit.de\/dev\/\"},{\"@type\":\"ListItem\",\"position\":2,\"name\":\"zeitRemix &#8211; Facettierung durch Schlagworte\"}]},{\"@type\":\"WebSite\",\"@id\":\"https:\/\/blog.zeit.de\/dev\/#website\",\"url\":\"https:\/\/blog.zeit.de\/dev\/\",\"name\":\"Dev-Blog\",\"description\":\"Entwicklungsblog von ZEIT ONLINE\",\"potentialAction\":[{\"@type\":\"SearchAction\",\"target\":{\"@type\":\"EntryPoint\",\"urlTemplate\":\"https:\/\/blog.zeit.de\/dev\/?s={search_term_string}\"},\"query-input\":\"required name=search_term_string\"}],\"inLanguage\":\"de\"},{\"@type\":\"Person\",\"@id\":\"https:\/\/blog.zeit.de\/dev\/#\/schema\/person\/f9ec9352c2d080d59360c94b16e31028\",\"name\":\"Thomas J\u00f6chler\",\"image\":{\"@type\":\"ImageObject\",\"inLanguage\":\"de\",\"@id\":\"https:\/\/blog.zeit.de\/dev\/#\/schema\/person\/image\/\",\"url\":\"https:\/\/secure.gravatar.com\/avatar\/23ae35ba535fad85e699abf20da35be178d208d3fd164bc36a5f9202e9926513?s=96&d=mm&r=g\",\"contentUrl\":\"https:\/\/secure.gravatar.com\/avatar\/23ae35ba535fad85e699abf20da35be178d208d3fd164bc36a5f9202e9926513?s=96&d=mm&r=g\",\"caption\":\"Thomas J\u00f6chler\"},\"url\":\"https:\/\/blog.zeit.de\/dev\/author\/tjoechler\/\"}]}<\/script>\n<!-- \/ Yoast SEO plugin. -->","yoast_head_json":{"title":"zeitRemix - Facettierung durch Schlagworte - Dev-Blog","robots":{"index":"index","follow":"follow","max-snippet":"max-snippet:-1","max-image-preview":"max-image-preview:large","max-video-preview":"max-video-preview:-1"},"canonical":"https:\/\/blog.zeit.de\/dev\/zeitremix-facettierung-durch-schlagworte\/","og_locale":"de_DE","og_type":"article","og_title":"zeitRemix - Facettierung durch Schlagworte - Dev-Blog","og_description":"Auf Basis der ZEIT ONLINE Api hat Ron Drongowski die Anwendung zeitRemix erstellt. Die Anwendung erschlie\u00dft den umfangreichen Textbestand \u00fcber eine Facettierung der Schlagworte. Dabei k\u00f6nnen die Schlagworte der Artikel kombiniert werden, um die Anzahl der zutreffenden Artikel einzugrenzen. \u00dcber den abgefragten Zeitraum ist eine zweite Eingrenzungsebene gegeben.","og_url":"https:\/\/blog.zeit.de\/dev\/zeitremix-facettierung-durch-schlagworte\/","og_site_name":"Dev-Blog","article_published_time":"2013-01-11T11:10:44+00:00","article_modified_time":"2015-09-17T09:26:52+00:00","og_image":[{"url":"https:\/\/blog.zeit.de\/dev\/files\/2013\/01\/Bildschirmfoto-2013-01-11-um-11.33.24-836x1024.png"}],"author":"Thomas J\u00f6chler","twitter_card":"summary_large_image","twitter_misc":{"Geschrieben von":"Thomas J\u00f6chler"},"schema":{"@context":"https:\/\/schema.org","@graph":[{"@type":"WebPage","@id":"https:\/\/blog.zeit.de\/dev\/zeitremix-facettierung-durch-schlagworte\/","url":"https:\/\/blog.zeit.de\/dev\/zeitremix-facettierung-durch-schlagworte\/","name":"zeitRemix - Facettierung durch Schlagworte - Dev-Blog","isPartOf":{"@id":"https:\/\/blog.zeit.de\/dev\/#website"},"datePublished":"2013-01-11T11:10:44+00:00","dateModified":"2015-09-17T09:26:52+00:00","author":{"@id":"https:\/\/blog.zeit.de\/dev\/#\/schema\/person\/f9ec9352c2d080d59360c94b16e31028"},"breadcrumb":{"@id":"https:\/\/blog.zeit.de\/dev\/zeitremix-facettierung-durch-schlagworte\/#breadcrumb"},"inLanguage":"de","potentialAction":[{"@type":"ReadAction","target":["https:\/\/blog.zeit.de\/dev\/zeitremix-facettierung-durch-schlagworte\/"]}]},{"@type":"BreadcrumbList","@id":"https:\/\/blog.zeit.de\/dev\/zeitremix-facettierung-durch-schlagworte\/#breadcrumb","itemListElement":[{"@type":"ListItem","position":1,"name":"Startseite","item":"https:\/\/blog.zeit.de\/dev\/"},{"@type":"ListItem","position":2,"name":"zeitRemix &#8211; Facettierung durch Schlagworte"}]},{"@type":"WebSite","@id":"https:\/\/blog.zeit.de\/dev\/#website","url":"https:\/\/blog.zeit.de\/dev\/","name":"Dev-Blog","description":"Entwicklungsblog von ZEIT ONLINE","potentialAction":[{"@type":"SearchAction","target":{"@type":"EntryPoint","urlTemplate":"https:\/\/blog.zeit.de\/dev\/?s={search_term_string}"},"query-input":"required name=search_term_string"}],"inLanguage":"de"},{"@type":"Person","@id":"https:\/\/blog.zeit.de\/dev\/#\/schema\/person\/f9ec9352c2d080d59360c94b16e31028","name":"Thomas J\u00f6chler","image":{"@type":"ImageObject","inLanguage":"de","@id":"https:\/\/blog.zeit.de\/dev\/#\/schema\/person\/image\/","url":"https:\/\/secure.gravatar.com\/avatar\/23ae35ba535fad85e699abf20da35be178d208d3fd164bc36a5f9202e9926513?s=96&d=mm&r=g","contentUrl":"https:\/\/secure.gravatar.com\/avatar\/23ae35ba535fad85e699abf20da35be178d208d3fd164bc36a5f9202e9926513?s=96&d=mm&r=g","caption":"Thomas J\u00f6chler"},"url":"https:\/\/blog.zeit.de\/dev\/author\/tjoechler\/"}]}},"jetpack_featured_media_url":"","jetpack_sharing_enabled":true,"_links":{"self":[{"href":"https:\/\/blog.zeit.de\/dev\/wp-json\/wp\/v2\/posts\/235","targetHints":{"allow":["GET"]}}],"collection":[{"href":"https:\/\/blog.zeit.de\/dev\/wp-json\/wp\/v2\/posts"}],"about":[{"href":"https:\/\/blog.zeit.de\/dev\/wp-json\/wp\/v2\/types\/post"}],"author":[{"embeddable":true,"href":"https:\/\/blog.zeit.de\/dev\/wp-json\/wp\/v2\/users\/388"}],"replies":[{"embeddable":true,"href":"https:\/\/blog.zeit.de\/dev\/wp-json\/wp\/v2\/comments?post=235"}],"version-history":[{"count":20,"href":"https:\/\/blog.zeit.de\/dev\/wp-json\/wp\/v2\/posts\/235\/revisions"}],"predecessor-version":[{"id":720,"href":"https:\/\/blog.zeit.de\/dev\/wp-json\/wp\/v2\/posts\/235\/revisions\/720"}],"wp:attachment":[{"href":"https:\/\/blog.zeit.de\/dev\/wp-json\/wp\/v2\/media?parent=235"}],"wp:term":[{"taxonomy":"category","embeddable":true,"href":"https:\/\/blog.zeit.de\/dev\/wp-json\/wp\/v2\/categories?post=235"},{"taxonomy":"post_tag","embeddable":true,"href":"https:\/\/blog.zeit.de\/dev\/wp-json\/wp\/v2\/tags?post=235"}],"curies":[{"name":"wp","href":"https:\/\/api.w.org\/{rel}","templated":true}]}}