{"id":332,"date":"2013-07-18T16:41:03","date_gmt":"2013-07-18T14:41:03","guid":{"rendered":"http:\/\/blog.zeit.de\/dev\/?p=332"},"modified":"2015-09-14T08:51:02","modified_gmt":"2015-09-14T06:51:02","slug":"shortcuts-fur-longform","status":"publish","type":"post","link":"https:\/\/blog.zeit.de\/dev\/shortcuts-fur-longform\/","title":{"rendered":"Shortcuts f\u00fcr Longform"},"content":{"rendered":"<p>F\u00fcr unser am Dienstag gelaunchte Longformprojekt <a href=\"http:\/\/www.zeit.de\/sport\/tour-de-france.html\">100 Jahre Tour de France<\/a> gibt es jetzt eine Reihe von Deeplinks zu den multimedialen Inhalten.<!--more--><\/p>\n<p>Hier die Liste (m\u00f6glichst selbstsprechend benamst)<\/p>\n<p><a href=\"http:\/\/www.zeit.de\/sport\/tour-de-france.html#quote-helden-castillan\" target=\"_blank\" data-behavior=\"truncate\">http:\/\/www.zeit.de\/sport\/tour-de-france.html#chapter-01<br \/>\nhttp:\/\/www.zeit.de\/sport\/tour-de-france.html#quote-helden-castillan<\/a><br \/>\n<a href=\"http:\/\/www.zeit.de\/sport\/tour-de-france.html#video-alpe-d-huez\" target=\"_blank\" data-behavior=\"truncate\">http:\/\/www.zeit.de\/sport\/tour-de-france.html#video-alpe-d-huez<\/a><br \/>\n<a href=\"http:\/\/www.zeit.de\/sport\/tour-de-france.html#video-dopingfall-1978\" target=\"_blank\" data-behavior=\"truncate\">http:\/\/www.zeit.de\/sport\/tour-de-france.html#video-dopingfall-1978<\/a><br \/>\n<a href=\"http:\/\/www.zeit.de\/sport\/tour-de-france.html#bilder-alpe-d-huez\" target=\"_blank\" data-behavior=\"truncate\">http:\/\/www.zeit.de\/sport\/tour-de-france.html#bilder-alpe-d-huez<\/a><br \/>\n<a href=\"http:\/\/www.zeit.de\/sport\/tour-de-france.html#bilder-historische-fahrraeder\" target=\"_blank\" data-behavior=\"truncate\">http:\/\/www.zeit.de\/sport\/tour-de-france.html#bilder-historische-fahrraeder<\/a><\/p>\n<p><a href=\"http:\/\/www.zeit.de\/sport\/tour-de-france.html#chapter-02\" target=\"_blank\" data-behavior=\"truncate\">http:\/\/www.zeit.de\/sport\/tour-de-france.html#chapter-02<\/a><br \/>\n<a href=\"http:\/\/www.zeit.de\/sport\/tour-de-france.html#video-bernhard-kohl\" target=\"_blank\" data-behavior=\"truncate\">http:\/\/www.zeit.de\/sport\/tour-de-france.html#video-bernhard-kohl<\/a><br \/>\n<a href=\"http:\/\/www.zeit.de\/sport\/tour-de-france.html#doping-historie\" target=\"_blank\" data-behavior=\"truncate\">http:\/\/www.zeit.de\/sport\/tour-de-france.html#doping-historie<\/a><br \/>\n<a href=\"http:\/\/www.zeit.de\/sport\/tour-de-france.html#infografik-blutdoping\" target=\"_blank\" data-behavior=\"truncate\">http:\/\/www.zeit.de\/sport\/tour-de-france.html#infografik-blutdoping<\/a><br \/>\n<a href=\"http:\/\/www.zeit.de\/sport\/tour-de-france.html#dopingplan-bernhard-kohl\" target=\"_blank\" data-behavior=\"truncate\">http:\/\/www.zeit.de\/sport\/tour-de-france.html#dopingplan-bernhard-kohl<\/a><br \/>\n<a href=\"http:\/\/www.zeit.de\/sport\/tour-de-france.html#bilder-bernhard-kohl\" target=\"_blank\" data-behavior=\"truncate\">http:\/\/www.zeit.de\/sport\/tour-de-france.html#bilder-bernhard-kohl<\/a><\/p>\n<p><a href=\"http:\/\/www.zeit.de\/sport\/tour-de-france.html#chapter-03\" target=\"_blank\" data-behavior=\"truncate\">http:\/\/www.zeit.de\/sport\/tour-de-france.html#chapter-03<\/a><br \/>\n<a href=\"http:\/\/www.zeit.de\/sport\/tour-de-france.html#datenvisualisierung-leistung-profi-hobbyfahrer\">http:\/\/www.zeit.de\/sport\/tour-de-france.html#video-helmkamera-hobbyfahrer<br \/>\nhttp:\/\/www.zeit.de\/sport\/tour-de-france.html#datenvisualisierung-leistung-profi-hobbyfahrer<\/a><br \/>\n<a href=\"http:\/\/www.zeit.de\/sport\/tour-de-france.html#video-interview-hobbyfahrer\" target=\"_blank\" data-behavior=\"truncate\">http:\/\/www.zeit.de\/sport\/tour-de-france.html#video-interview-hobbyfahrer<\/a><\/p>\n","protected":false},"excerpt":{"rendered":"<p>F\u00fcr unser am Dienstag gelaunchte Longformprojekt 100 Jahre Tour de France gibt es jetzt eine Reihe von Deeplinks zu den multimedialen Inhalten.<\/p>\n","protected":false},"author":388,"featured_media":0,"comment_status":"open","ping_status":"open","sticky":false,"template":"","format":"standard","meta":{"_jetpack_memberships_contains_paid_content":false,"footnotes":""},"categories":[16],"tags":[],"class_list":["post-332","post","type-post","status-publish","format-standard","hentry","category-allgemein"],"yoast_head":"<!-- This site is optimized with the Yoast SEO plugin v21.0 - https:\/\/yoast.com\/wordpress\/plugins\/seo\/ -->\n<title>Shortcuts f\u00fcr Longform - Dev-Blog<\/title>\n<meta name=\"robots\" content=\"index, follow, max-snippet:-1, max-image-preview:large, max-video-preview:-1\" \/>\n<link rel=\"canonical\" href=\"https:\/\/blog.zeit.de\/dev\/shortcuts-fur-longform\/\" \/>\n<meta property=\"og:locale\" content=\"de_DE\" \/>\n<meta property=\"og:type\" content=\"article\" \/>\n<meta property=\"og:title\" content=\"Shortcuts f\u00fcr Longform - Dev-Blog\" \/>\n<meta property=\"og:description\" content=\"F\u00fcr unser am Dienstag gelaunchte Longformprojekt 100 Jahre Tour de France gibt es jetzt eine Reihe von Deeplinks zu den multimedialen Inhalten.\" \/>\n<meta property=\"og:url\" content=\"https:\/\/blog.zeit.de\/dev\/shortcuts-fur-longform\/\" \/>\n<meta property=\"og:site_name\" content=\"Dev-Blog\" \/>\n<meta property=\"article:published_time\" content=\"2013-07-18T14:41:03+00:00\" \/>\n<meta property=\"article:modified_time\" content=\"2015-09-14T06:51:02+00:00\" \/>\n<meta name=\"author\" content=\"Thomas J\u00f6chler\" \/>\n<meta name=\"twitter:card\" content=\"summary_large_image\" \/>\n<meta name=\"twitter:label1\" content=\"Geschrieben von\" \/>\n\t<meta name=\"twitter:data1\" content=\"Thomas J\u00f6chler\" \/>\n\t<meta name=\"twitter:label2\" content=\"Gesch\u00e4tzte Lesezeit\" \/>\n\t<meta name=\"twitter:data2\" content=\"1\u00a0Minute\" \/>\n<script type=\"application\/ld+json\" class=\"yoast-schema-graph\">{\"@context\":\"https:\/\/schema.org\",\"@graph\":[{\"@type\":\"WebPage\",\"@id\":\"https:\/\/blog.zeit.de\/dev\/shortcuts-fur-longform\/\",\"url\":\"https:\/\/blog.zeit.de\/dev\/shortcuts-fur-longform\/\",\"name\":\"Shortcuts f\u00fcr Longform - Dev-Blog\",\"isPartOf\":{\"@id\":\"https:\/\/blog.zeit.de\/dev\/#website\"},\"datePublished\":\"2013-07-18T14:41:03+00:00\",\"dateModified\":\"2015-09-14T06:51:02+00:00\",\"author\":{\"@id\":\"https:\/\/blog.zeit.de\/dev\/#\/schema\/person\/f9ec9352c2d080d59360c94b16e31028\"},\"breadcrumb\":{\"@id\":\"https:\/\/blog.zeit.de\/dev\/shortcuts-fur-longform\/#breadcrumb\"},\"inLanguage\":\"de\",\"potentialAction\":[{\"@type\":\"ReadAction\",\"target\":[\"https:\/\/blog.zeit.de\/dev\/shortcuts-fur-longform\/\"]}]},{\"@type\":\"BreadcrumbList\",\"@id\":\"https:\/\/blog.zeit.de\/dev\/shortcuts-fur-longform\/#breadcrumb\",\"itemListElement\":[{\"@type\":\"ListItem\",\"position\":1,\"name\":\"Startseite\",\"item\":\"https:\/\/blog.zeit.de\/dev\/\"},{\"@type\":\"ListItem\",\"position\":2,\"name\":\"Shortcuts f\u00fcr Longform\"}]},{\"@type\":\"WebSite\",\"@id\":\"https:\/\/blog.zeit.de\/dev\/#website\",\"url\":\"https:\/\/blog.zeit.de\/dev\/\",\"name\":\"Dev-Blog\",\"description\":\"Entwicklungsblog von ZEIT ONLINE\",\"potentialAction\":[{\"@type\":\"SearchAction\",\"target\":{\"@type\":\"EntryPoint\",\"urlTemplate\":\"https:\/\/blog.zeit.de\/dev\/?s={search_term_string}\"},\"query-input\":\"required name=search_term_string\"}],\"inLanguage\":\"de\"},{\"@type\":\"Person\",\"@id\":\"https:\/\/blog.zeit.de\/dev\/#\/schema\/person\/f9ec9352c2d080d59360c94b16e31028\",\"name\":\"Thomas J\u00f6chler\",\"image\":{\"@type\":\"ImageObject\",\"inLanguage\":\"de\",\"@id\":\"https:\/\/blog.zeit.de\/dev\/#\/schema\/person\/image\/\",\"url\":\"https:\/\/secure.gravatar.com\/avatar\/23ae35ba535fad85e699abf20da35be178d208d3fd164bc36a5f9202e9926513?s=96&d=mm&r=g\",\"contentUrl\":\"https:\/\/secure.gravatar.com\/avatar\/23ae35ba535fad85e699abf20da35be178d208d3fd164bc36a5f9202e9926513?s=96&d=mm&r=g\",\"caption\":\"Thomas J\u00f6chler\"},\"url\":\"https:\/\/blog.zeit.de\/dev\/author\/tjoechler\/\"}]}<\/script>\n<!-- \/ Yoast SEO plugin. -->","yoast_head_json":{"title":"Shortcuts f\u00fcr Longform - Dev-Blog","robots":{"index":"index","follow":"follow","max-snippet":"max-snippet:-1","max-image-preview":"max-image-preview:large","max-video-preview":"max-video-preview:-1"},"canonical":"https:\/\/blog.zeit.de\/dev\/shortcuts-fur-longform\/","og_locale":"de_DE","og_type":"article","og_title":"Shortcuts f\u00fcr Longform - Dev-Blog","og_description":"F\u00fcr unser am Dienstag gelaunchte Longformprojekt 100 Jahre Tour de France gibt es jetzt eine Reihe von Deeplinks zu den multimedialen Inhalten.","og_url":"https:\/\/blog.zeit.de\/dev\/shortcuts-fur-longform\/","og_site_name":"Dev-Blog","article_published_time":"2013-07-18T14:41:03+00:00","article_modified_time":"2015-09-14T06:51:02+00:00","author":"Thomas J\u00f6chler","twitter_card":"summary_large_image","twitter_misc":{"Geschrieben von":"Thomas J\u00f6chler","Gesch\u00e4tzte Lesezeit":"1\u00a0Minute"},"schema":{"@context":"https:\/\/schema.org","@graph":[{"@type":"WebPage","@id":"https:\/\/blog.zeit.de\/dev\/shortcuts-fur-longform\/","url":"https:\/\/blog.zeit.de\/dev\/shortcuts-fur-longform\/","name":"Shortcuts f\u00fcr Longform - Dev-Blog","isPartOf":{"@id":"https:\/\/blog.zeit.de\/dev\/#website"},"datePublished":"2013-07-18T14:41:03+00:00","dateModified":"2015-09-14T06:51:02+00:00","author":{"@id":"https:\/\/blog.zeit.de\/dev\/#\/schema\/person\/f9ec9352c2d080d59360c94b16e31028"},"breadcrumb":{"@id":"https:\/\/blog.zeit.de\/dev\/shortcuts-fur-longform\/#breadcrumb"},"inLanguage":"de","potentialAction":[{"@type":"ReadAction","target":["https:\/\/blog.zeit.de\/dev\/shortcuts-fur-longform\/"]}]},{"@type":"BreadcrumbList","@id":"https:\/\/blog.zeit.de\/dev\/shortcuts-fur-longform\/#breadcrumb","itemListElement":[{"@type":"ListItem","position":1,"name":"Startseite","item":"https:\/\/blog.zeit.de\/dev\/"},{"@type":"ListItem","position":2,"name":"Shortcuts f\u00fcr Longform"}]},{"@type":"WebSite","@id":"https:\/\/blog.zeit.de\/dev\/#website","url":"https:\/\/blog.zeit.de\/dev\/","name":"Dev-Blog","description":"Entwicklungsblog von ZEIT ONLINE","potentialAction":[{"@type":"SearchAction","target":{"@type":"EntryPoint","urlTemplate":"https:\/\/blog.zeit.de\/dev\/?s={search_term_string}"},"query-input":"required name=search_term_string"}],"inLanguage":"de"},{"@type":"Person","@id":"https:\/\/blog.zeit.de\/dev\/#\/schema\/person\/f9ec9352c2d080d59360c94b16e31028","name":"Thomas J\u00f6chler","image":{"@type":"ImageObject","inLanguage":"de","@id":"https:\/\/blog.zeit.de\/dev\/#\/schema\/person\/image\/","url":"https:\/\/secure.gravatar.com\/avatar\/23ae35ba535fad85e699abf20da35be178d208d3fd164bc36a5f9202e9926513?s=96&d=mm&r=g","contentUrl":"https:\/\/secure.gravatar.com\/avatar\/23ae35ba535fad85e699abf20da35be178d208d3fd164bc36a5f9202e9926513?s=96&d=mm&r=g","caption":"Thomas J\u00f6chler"},"url":"https:\/\/blog.zeit.de\/dev\/author\/tjoechler\/"}]}},"jetpack_featured_media_url":"","jetpack_sharing_enabled":true,"_links":{"self":[{"href":"https:\/\/blog.zeit.de\/dev\/wp-json\/wp\/v2\/posts\/332","targetHints":{"allow":["GET"]}}],"collection":[{"href":"https:\/\/blog.zeit.de\/dev\/wp-json\/wp\/v2\/posts"}],"about":[{"href":"https:\/\/blog.zeit.de\/dev\/wp-json\/wp\/v2\/types\/post"}],"author":[{"embeddable":true,"href":"https:\/\/blog.zeit.de\/dev\/wp-json\/wp\/v2\/users\/388"}],"replies":[{"embeddable":true,"href":"https:\/\/blog.zeit.de\/dev\/wp-json\/wp\/v2\/comments?post=332"}],"version-history":[{"count":3,"href":"https:\/\/blog.zeit.de\/dev\/wp-json\/wp\/v2\/posts\/332\/revisions"}],"predecessor-version":[{"id":645,"href":"https:\/\/blog.zeit.de\/dev\/wp-json\/wp\/v2\/posts\/332\/revisions\/645"}],"wp:attachment":[{"href":"https:\/\/blog.zeit.de\/dev\/wp-json\/wp\/v2\/media?parent=332"}],"wp:term":[{"taxonomy":"category","embeddable":true,"href":"https:\/\/blog.zeit.de\/dev\/wp-json\/wp\/v2\/categories?post=332"},{"taxonomy":"post_tag","embeddable":true,"href":"https:\/\/blog.zeit.de\/dev\/wp-json\/wp\/v2\/tags?post=332"}],"curies":[{"name":"wp","href":"https:\/\/api.w.org\/{rel}","templated":true}]}}