{"id":605,"date":"2015-03-05T21:34:04","date_gmt":"2015-03-05T20:34:04","guid":{"rendered":"http:\/\/blog.zeit.de\/dev\/?p=605"},"modified":"2015-09-17T11:00:10","modified_gmt":"2015-09-17T09:00:10","slug":"kluge-uhren-gebogene-displays","status":"publish","type":"post","link":"https:\/\/blog.zeit.de\/dev\/kluge-uhren-gebogene-displays\/","title":{"rendered":"Kluge Uhren, gebogene Displays"},"content":{"rendered":"<p>Auf dem Mobile World Congress in Barcelona haben Technologiekonzerne in dieser Woche zahlreiche Neuerungen gezeigt. Nicht alle sind spektakul\u00e4r. Welche der vielen Neuerungen werden also Konzeption, Design und Programmierung von Webanwendungen und Apps nachhaltig beeinflussen? F\u00fcnf Erkenntnisse aus Barcelona:<!--more--><\/p>\n<p><strong>1. Es gibt einen Smart-Watch Hype<\/strong><\/p>\n<p>Ja, es gibt ihn, den Hype um Wearables und Smart-Watches. Im Moment aber nur auf Herstellerseite. Alle gro\u00dfen Smartphone-Hersteller haben sich dem Thema noch ein Mal gewidmet und die n\u00e4chste Generation von Modellen in Barcelona vorgestellt. Die Palette reicht dabei vom einfachen Fitnessband, \u00fcber ein Smartband mit E-Ink Display hin zur Android-Wear-Uhr mit Amoled-Display. Viele der neuen Modelle orientieren sich an der runden Moto 360. Anders die Samsung Gear S, die durch ihr verh\u00e4ltnism\u00e4\u00dfig gro\u00dfes, gebogenes Hochkant-Display deutlich mehr Bedienelemente und Inhalte darstellen kann. Wer sich also mit der Entwicklung einer Android-Wear-App besch\u00e4ftigt hat, besch\u00e4ftigt oder besch\u00e4ftigen will, wird seinen Ger\u00e4te-Zoo erweitern m\u00fcssen.<\/p>\n<p>Der Grund f\u00fcr die neuerliche Ger\u00e4teflut ist klar: Alle warten auf Apple. Falls es Apple gelingt, seine Uhr erfolgreich und in hohen St\u00fcckzahlen am Markt zu platzieren, wollen viele Hersteller dabei sein.<\/p>\n<p><strong>2. Mehr gebogene Displays bei Handys<\/strong><\/p>\n<p>LG hat f\u00fcr sein G Flex\u00a0\u2013 wohl als Antwort auf das Apple \u201cBendgate\u201d\u00a0\u2013 eher Ges\u00e4\u00dftaschentr\u00e4ger als Zielgruppe ausgemacht. Samsung biegt kurzerhand den Display-Rand seines neuen Galaxy S6 Edge. F\u00fcr Webdesign und Entwicklung hat das Auswirkungen, falls sich diese Variante des Galaxy S6 gut verkauft. Man m\u00fcsste generell mehr Wei\u00dfraum am Rand der Inhalte einplanen oder diesen Ger\u00e4ten per Device-Erkennung eine andere Layoutvariante spendieren.<\/p>\n<blockquote class=\"twitter-tweet\" lang=\"de\"><p>Yesterday&#8217;s new device announcements. Today&#8217;s multi-device design challenges. <a href=\"http:\/\/t.co\/VXgh6ciIMB\">pic.twitter.com\/VXgh6ciIMB<\/a><\/p>\n<p>\u2014 Luke Wroblewski (@lukew) <a href=\"https:\/\/twitter.com\/lukew\/status\/572430006493704193\">2. M\u00e4rz 2015<\/a><\/p><\/blockquote>\n<p><script src=\"\/\/platform.twitter.com\/widgets.js\" async=\"\" charset=\"utf-8\"><\/script><\/p>\n<p>Sowohl das Samsung Edge als auch die vielen runden Smart-Watches verdeutlichen noch einmal das Problem des Bildercroppings. Wie bestimmt man die wesentlichen Informationen in einem Bild und schneidet es \u00fcber verschiedene Plattformen und Technologien zu, ohne wichtige Informationen zu verlieren? F\u00fcr responsives Webdesign gibt es Ans\u00e4tze wie <a href=\"https:\/\/github.com\/adamdbradley\/focal-point\" target=\"_blank\">focal-point<\/a> oder <a href=\"https:\/\/github.com\/jonom\/jquery-focuspoint\" target=\"_blank\">jquery-focuspoint<\/a> \u2013 cross-platform ist dies aber noch eine Herausforderung.<\/p>\n<p><strong>3. Microsoft sollte man nicht untersch\u00e4tzen<\/strong><\/p>\n<p>Die neue Generation von Lumia Modellen l\u00e4uft seit Dezember nicht mehr unter Nokia, sondern unter dem Namen Microsoft. Sie sehen gut aus und f\u00fchlen sich auch so an. Auch die Betaversion von Windows 10 macht sowohl optisch als auch funktional einen sehr angenehmen Eindruck. Ob Microsoft damit den gro\u00dfen Abstand zu iOS und Android verringern kann, ist jedoch unklar.<\/p>\n<p><strong>4. Ubuntu und FirefoxOS mit neuer Hardware<\/strong><\/p>\n<p>Ubuntu f\u00fcr Telefone konnte man bisher auf Android-Ger\u00e4ten installieren. Auf dem Mobile World Congress hat Ubuntu nun das erste eigene Telefon vom spanischen Hersteller BQ vorgestellt. Eher im Niedrigpreissegment angesiedelt, richtet es sich zun\u00e4chst an Linux-Fans und kommt nat\u00fcrlich mit einer Konsole. Ein h\u00f6herwertiges Ger\u00e4t von Meizu wird bald in Asien erh\u00e4ltlich sein.<\/p>\n\n<div class=\"embed-wrapper embed-wrapper--blocked js-embed-consent\" data-method=\"iframe\">\n<script class=\"raw__source\" type=\"text\/template\"><iframe loading=\"lazy\" frameborder=\"0\" height=\"315\" src=\"https:\/\/www.youtube.com\/embed\/-dpfHYpfEXY\" width=\"560\"><\/iframe><\/script>\n<div class=\"embed-wrapper__inner\">\n<div class=\"embed-wrapper__text\">\n<h3>Empfohlener redaktioneller Inhalt<\/h3>\n<p data-replace=\"no\">An dieser Stelle finden Sie externen Inhalt, der den Artikel erg\u00e4nzt. Sie k\u00f6nnen sich externe Inhalte mit einem Klick anzeigen lassen und wieder ausblenden.<noscript>Bitte aktivieren Sie JavaScript damit Sie diesen Inhalt anzeigen k\u00f6nnen.<\/noscript><\/p>\n<\/div>\n<div class=\"embed-consent\">\n<label class=\"embed-consent__toggle\">\n<input class=\"js-embed-consent__toggle\" type=\"checkbox\" autocomplete=\"off\">\n<span><\/span>\nExterner Inhalt\n<\/label>\n<a href=\"https:\/\/www.zeit.de\/hilfe\/datenschutz\" target=\"_blank\" class=\"embed-consent__datalink-when-active\">Datenschutzerkl\u00e4rung<\/a>\n<\/div>\n<div class=\"embed-wrapper__footer\">\n<p data-replace=\"no\">\nIch bin damit einverstanden, dass mir externe Inhalte angezeigt werden. Damit k\u00f6nnen personenbezogene Daten an Drittplattformen \u00fcbermittelt werden. <a href=\"https:\/\/www.zeit.de\/hilfe\/datenschutz\" target=\"_blank\">Mehr dazu in unserer Datenschutzerkl\u00e4rung.<\/a>\n<\/p>\n<\/div>\n<\/div>\n<\/div>\n<p>Neue Hardware gab es auch am Messestand von Firefox. Noch vor knapp zwei Jahren floppte die Markteinf\u00fchrung des Firefox-Phones in Europa, weil die Nutzer sich an hochwertige Ger\u00e4te gew\u00f6hnt hatten. Trotzdem setzt Mozilla weiter auf g\u00fcnstige Hardware und Webstandards. Alle Apps in FirefoxOS k\u00f6nnen einfach mit HTML, CSS und JavaScript entwickelt werden. Bereits im vergangenen Sommer war es Mozilla gelungen, ein Handy f\u00fcr 25 US-Dollar auf den Markt zu bringen. Das ist insofern bemerkenswert als ein niedriger Preis eines Handys mehr Menschen Zugang zum Internet verschafft.<\/p>\n<p><strong>5. Der n\u00e4chste gro\u00dfe Schritt ist die n\u00e4chste Milliarde Nutzer<\/strong><\/p>\n<p>Zugang zum Internet f\u00fcr alle Menschen, das war ohnehin eines der dominierenden Themen. Google und Facebook werden sich hier weiter engagieren. Sowohl Sundar Pichai von Google als auch Mark Zuckerberg k\u00fcndigten an, <a href=\"http:\/\/www.google.com\/loon\/\" target=\"_blank\">Project Loon<\/a> (Internetballons von Google) und <a href=\"http:\/\/www.internet.org\" target=\"_blank\">internet.org<\/a> (Kostenloses Basis-Internet von Facebook) weiter zu forcieren. F\u00fcr Konzept, Design, Web- und App-Entwicklung mit globalem Scope bedeutet das nat\u00fcrlich: Einfacher ist immer besser \u2013 besonders auf \u00f6konomischer Hardware und bei geringen Bandbreiten.<\/p>\n<p><em>Michael Schulthei\u00df ist Leiter der Entwicklungsredaktion bei ZEIT ONLINE.<\/em><\/p>\n","protected":false},"excerpt":{"rendered":"<p>Auf dem Mobile World Congress in Barcelona haben Technologiekonzerne in dieser Woche zahlreiche Neuerungen gezeigt. Nicht alle sind spektakul\u00e4r. Welche der vielen Neuerungen werden also Konzeption, Design und Programmierung von Webanwendungen und Apps nachhaltig beeinflussen? F\u00fcnf Erkenntnisse aus Barcelona:<\/p>\n","protected":false},"author":377,"featured_media":0,"comment_status":"open","ping_status":"open","sticky":false,"template":"","format":"standard","meta":{"_jetpack_memberships_contains_paid_content":false,"footnotes":""},"categories":[8661],"tags":[],"class_list":["post-605","post","type-post","status-publish","format-standard","hentry","category-veranstaltungen"],"yoast_head":"<!-- This site is optimized with the Yoast SEO plugin v21.0 - https:\/\/yoast.com\/wordpress\/plugins\/seo\/ -->\n<title>Kluge Uhren, gebogene Displays - Dev-Blog<\/title>\n<meta name=\"robots\" content=\"index, follow, max-snippet:-1, max-image-preview:large, max-video-preview:-1\" \/>\n<link rel=\"canonical\" href=\"https:\/\/blog.zeit.de\/dev\/kluge-uhren-gebogene-displays\/\" \/>\n<meta property=\"og:locale\" content=\"de_DE\" \/>\n<meta property=\"og:type\" content=\"article\" \/>\n<meta property=\"og:title\" content=\"Kluge Uhren, gebogene Displays - Dev-Blog\" \/>\n<meta property=\"og:description\" content=\"Auf dem Mobile World Congress in Barcelona haben Technologiekonzerne in dieser Woche zahlreiche Neuerungen gezeigt. Nicht alle sind spektakul\u00e4r. Welche der vielen Neuerungen werden also Konzeption, Design und Programmierung von Webanwendungen und Apps nachhaltig beeinflussen? F\u00fcnf Erkenntnisse aus Barcelona:\" \/>\n<meta property=\"og:url\" content=\"https:\/\/blog.zeit.de\/dev\/kluge-uhren-gebogene-displays\/\" \/>\n<meta property=\"og:site_name\" content=\"Dev-Blog\" \/>\n<meta property=\"article:published_time\" content=\"2015-03-05T20:34:04+00:00\" \/>\n<meta property=\"article:modified_time\" content=\"2015-09-17T09:00:10+00:00\" \/>\n<meta name=\"author\" content=\"Michael Schultheiss\" \/>\n<meta name=\"twitter:card\" content=\"summary_large_image\" \/>\n<meta name=\"twitter:label1\" content=\"Geschrieben von\" \/>\n\t<meta name=\"twitter:data1\" content=\"Michael Schultheiss\" \/>\n\t<meta name=\"twitter:label2\" content=\"Gesch\u00e4tzte Lesezeit\" \/>\n\t<meta name=\"twitter:data2\" content=\"3\u00a0Minuten\" \/>\n<script type=\"application\/ld+json\" class=\"yoast-schema-graph\">{\"@context\":\"https:\/\/schema.org\",\"@graph\":[{\"@type\":\"WebPage\",\"@id\":\"https:\/\/blog.zeit.de\/dev\/kluge-uhren-gebogene-displays\/\",\"url\":\"https:\/\/blog.zeit.de\/dev\/kluge-uhren-gebogene-displays\/\",\"name\":\"Kluge Uhren, gebogene Displays - Dev-Blog\",\"isPartOf\":{\"@id\":\"https:\/\/blog.zeit.de\/dev\/#website\"},\"datePublished\":\"2015-03-05T20:34:04+00:00\",\"dateModified\":\"2015-09-17T09:00:10+00:00\",\"author\":{\"@id\":\"https:\/\/blog.zeit.de\/dev\/#\/schema\/person\/1d7c39d7c39f9c59e173e89f223167a3\"},\"breadcrumb\":{\"@id\":\"https:\/\/blog.zeit.de\/dev\/kluge-uhren-gebogene-displays\/#breadcrumb\"},\"inLanguage\":\"de\",\"potentialAction\":[{\"@type\":\"ReadAction\",\"target\":[\"https:\/\/blog.zeit.de\/dev\/kluge-uhren-gebogene-displays\/\"]}]},{\"@type\":\"BreadcrumbList\",\"@id\":\"https:\/\/blog.zeit.de\/dev\/kluge-uhren-gebogene-displays\/#breadcrumb\",\"itemListElement\":[{\"@type\":\"ListItem\",\"position\":1,\"name\":\"Startseite\",\"item\":\"https:\/\/blog.zeit.de\/dev\/\"},{\"@type\":\"ListItem\",\"position\":2,\"name\":\"Kluge Uhren, gebogene Displays\"}]},{\"@type\":\"WebSite\",\"@id\":\"https:\/\/blog.zeit.de\/dev\/#website\",\"url\":\"https:\/\/blog.zeit.de\/dev\/\",\"name\":\"Dev-Blog\",\"description\":\"Entwicklungsblog von ZEIT ONLINE\",\"potentialAction\":[{\"@type\":\"SearchAction\",\"target\":{\"@type\":\"EntryPoint\",\"urlTemplate\":\"https:\/\/blog.zeit.de\/dev\/?s={search_term_string}\"},\"query-input\":\"required name=search_term_string\"}],\"inLanguage\":\"de\"},{\"@type\":\"Person\",\"@id\":\"https:\/\/blog.zeit.de\/dev\/#\/schema\/person\/1d7c39d7c39f9c59e173e89f223167a3\",\"name\":\"Michael Schultheiss\",\"image\":{\"@type\":\"ImageObject\",\"inLanguage\":\"de\",\"@id\":\"https:\/\/blog.zeit.de\/dev\/#\/schema\/person\/image\/\",\"url\":\"https:\/\/secure.gravatar.com\/avatar\/afac37d6e6ecdffcd62bfa51d4bc5b4b7776e55b643c07ec38489ee11d8afc96?s=96&d=mm&r=g\",\"contentUrl\":\"https:\/\/secure.gravatar.com\/avatar\/afac37d6e6ecdffcd62bfa51d4bc5b4b7776e55b643c07ec38489ee11d8afc96?s=96&d=mm&r=g\",\"caption\":\"Michael Schultheiss\"},\"description\":\"war bis 2017 Leiter der Entwicklungsredaktion von ZEIT ONLINE.\",\"url\":\"https:\/\/blog.zeit.de\/dev\/author\/mschultheiss\/\"}]}<\/script>\n<!-- \/ Yoast SEO plugin. -->","yoast_head_json":{"title":"Kluge Uhren, gebogene Displays - Dev-Blog","robots":{"index":"index","follow":"follow","max-snippet":"max-snippet:-1","max-image-preview":"max-image-preview:large","max-video-preview":"max-video-preview:-1"},"canonical":"https:\/\/blog.zeit.de\/dev\/kluge-uhren-gebogene-displays\/","og_locale":"de_DE","og_type":"article","og_title":"Kluge Uhren, gebogene Displays - Dev-Blog","og_description":"Auf dem Mobile World Congress in Barcelona haben Technologiekonzerne in dieser Woche zahlreiche Neuerungen gezeigt. Nicht alle sind spektakul\u00e4r. Welche der vielen Neuerungen werden also Konzeption, Design und Programmierung von Webanwendungen und Apps nachhaltig beeinflussen? F\u00fcnf Erkenntnisse aus Barcelona:","og_url":"https:\/\/blog.zeit.de\/dev\/kluge-uhren-gebogene-displays\/","og_site_name":"Dev-Blog","article_published_time":"2015-03-05T20:34:04+00:00","article_modified_time":"2015-09-17T09:00:10+00:00","author":"Michael Schultheiss","twitter_card":"summary_large_image","twitter_misc":{"Geschrieben von":"Michael Schultheiss","Gesch\u00e4tzte Lesezeit":"3\u00a0Minuten"},"schema":{"@context":"https:\/\/schema.org","@graph":[{"@type":"WebPage","@id":"https:\/\/blog.zeit.de\/dev\/kluge-uhren-gebogene-displays\/","url":"https:\/\/blog.zeit.de\/dev\/kluge-uhren-gebogene-displays\/","name":"Kluge Uhren, gebogene Displays - Dev-Blog","isPartOf":{"@id":"https:\/\/blog.zeit.de\/dev\/#website"},"datePublished":"2015-03-05T20:34:04+00:00","dateModified":"2015-09-17T09:00:10+00:00","author":{"@id":"https:\/\/blog.zeit.de\/dev\/#\/schema\/person\/1d7c39d7c39f9c59e173e89f223167a3"},"breadcrumb":{"@id":"https:\/\/blog.zeit.de\/dev\/kluge-uhren-gebogene-displays\/#breadcrumb"},"inLanguage":"de","potentialAction":[{"@type":"ReadAction","target":["https:\/\/blog.zeit.de\/dev\/kluge-uhren-gebogene-displays\/"]}]},{"@type":"BreadcrumbList","@id":"https:\/\/blog.zeit.de\/dev\/kluge-uhren-gebogene-displays\/#breadcrumb","itemListElement":[{"@type":"ListItem","position":1,"name":"Startseite","item":"https:\/\/blog.zeit.de\/dev\/"},{"@type":"ListItem","position":2,"name":"Kluge Uhren, gebogene Displays"}]},{"@type":"WebSite","@id":"https:\/\/blog.zeit.de\/dev\/#website","url":"https:\/\/blog.zeit.de\/dev\/","name":"Dev-Blog","description":"Entwicklungsblog von ZEIT ONLINE","potentialAction":[{"@type":"SearchAction","target":{"@type":"EntryPoint","urlTemplate":"https:\/\/blog.zeit.de\/dev\/?s={search_term_string}"},"query-input":"required name=search_term_string"}],"inLanguage":"de"},{"@type":"Person","@id":"https:\/\/blog.zeit.de\/dev\/#\/schema\/person\/1d7c39d7c39f9c59e173e89f223167a3","name":"Michael Schultheiss","image":{"@type":"ImageObject","inLanguage":"de","@id":"https:\/\/blog.zeit.de\/dev\/#\/schema\/person\/image\/","url":"https:\/\/secure.gravatar.com\/avatar\/afac37d6e6ecdffcd62bfa51d4bc5b4b7776e55b643c07ec38489ee11d8afc96?s=96&d=mm&r=g","contentUrl":"https:\/\/secure.gravatar.com\/avatar\/afac37d6e6ecdffcd62bfa51d4bc5b4b7776e55b643c07ec38489ee11d8afc96?s=96&d=mm&r=g","caption":"Michael Schultheiss"},"description":"war bis 2017 Leiter der Entwicklungsredaktion von ZEIT ONLINE.","url":"https:\/\/blog.zeit.de\/dev\/author\/mschultheiss\/"}]}},"jetpack_featured_media_url":"","jetpack_sharing_enabled":true,"_links":{"self":[{"href":"https:\/\/blog.zeit.de\/dev\/wp-json\/wp\/v2\/posts\/605","targetHints":{"allow":["GET"]}}],"collection":[{"href":"https:\/\/blog.zeit.de\/dev\/wp-json\/wp\/v2\/posts"}],"about":[{"href":"https:\/\/blog.zeit.de\/dev\/wp-json\/wp\/v2\/types\/post"}],"author":[{"embeddable":true,"href":"https:\/\/blog.zeit.de\/dev\/wp-json\/wp\/v2\/users\/377"}],"replies":[{"embeddable":true,"href":"https:\/\/blog.zeit.de\/dev\/wp-json\/wp\/v2\/comments?post=605"}],"version-history":[{"count":21,"href":"https:\/\/blog.zeit.de\/dev\/wp-json\/wp\/v2\/posts\/605\/revisions"}],"predecessor-version":[{"id":706,"href":"https:\/\/blog.zeit.de\/dev\/wp-json\/wp\/v2\/posts\/605\/revisions\/706"}],"wp:attachment":[{"href":"https:\/\/blog.zeit.de\/dev\/wp-json\/wp\/v2\/media?parent=605"}],"wp:term":[{"taxonomy":"category","embeddable":true,"href":"https:\/\/blog.zeit.de\/dev\/wp-json\/wp\/v2\/categories?post=605"},{"taxonomy":"post_tag","embeddable":true,"href":"https:\/\/blog.zeit.de\/dev\/wp-json\/wp\/v2\/tags?post=605"}],"curies":[{"name":"wp","href":"https:\/\/api.w.org\/{rel}","templated":true}]}}