{"id":1076,"date":"2012-11-07T08:45:19","date_gmt":"2012-11-07T07:45:19","guid":{"rendered":"http:\/\/blog.zeit.de\/fahrrad\/?p=1076"},"modified":"2012-11-07T10:01:40","modified_gmt":"2012-11-07T09:01:40","slug":"tandems-sind-fur-familien-ideal","status":"publish","type":"post","link":"https:\/\/blog.zeit.de\/fahrrad\/2012\/11\/07\/tandems-sind-fur-familien-ideal\/","title":{"rendered":"Tandems sind f\u00fcr Familien ideal"},"content":{"rendered":"<p><figure id=\"attachment_1080\" aria-describedby=\"caption-attachment-1080\" style=\"width: 540px\" class=\"wp-caption aligncenter\"><img loading=\"lazy\" decoding=\"async\" class=\"size-medium wp-image-1080\" title=\"Tandem1\" src=\"https:\/\/blog.zeit.de\/fahrrad\/files\/2012\/11\/Tandem1-540x390.jpg\" alt=\"\" width=\"540\" height=\"390\" srcset=\"https:\/\/blog.zeit.de\/fahrrad\/files\/2012\/11\/Tandem1-540x390.jpg 540w, https:\/\/blog.zeit.de\/fahrrad\/files\/2012\/11\/Tandem1-1024x740.jpg 1024w\" sizes=\"auto, (max-width: 540px) 100vw, 540px\" \/><figcaption id=\"caption-attachment-1080\" class=\"wp-caption-text\">Doppelter Fahrspa\u00df \u00a9 Reidl<\/figcaption><\/figure><\/p>\n<p>Es nieselt. Mittlerweile seit drei Stunden. Aber wenigstens ist es windstill. Hinter mir auf dem Tandem summt mein Sohn zufrieden ein Lied. Seine Schwester rollt mit ihrem Vater gerade breit grinsend an uns vorbei. Die beiden \u00fcberholen uns heute st\u00e4ndig. Kein Wunder. Sie sind auf dem <a href=\"http:\/\/www.santana-tandem.com\/\" target=\"_blank\">Santana<\/a>-Tandem unterwegs, dem Rennrad unter den Tandems.<\/p>\n<p>Der Kurzurlaub ist ein Test. Seitdem wir Kinder haben, suchen wir f\u00fcr unsere Radreisen immer wieder neue L\u00f6sungen, mit der alle zufrieden sind. Zuerst zogen wir sie im Anh\u00e4nger \u00fcber den Asphalt, sp\u00e4ter per Tandem-Kupplung <a href=\"http:\/\/www.followme-tandem.com\/\" target=\"_blank\">FollowMe<\/a>. Im zur\u00fcckliegenden Sommerurlaub war erstmals die ganze Familie autark auf ihren R\u00e4dern unterwegs. Aber einige Stra\u00dfen in Italien und Kroatien waren doch steiler und st\u00e4rker befahren als in der Beschreibung angek\u00fcndigt. Das kostete uns Eltern Nerven und die Kinder Kraft und Lust.<!--more--><\/p>\n<p>Um beides zu schonen, nun also der Versuch mit Tandems. \u00dcberzeugte Fahrer von Zweisitzern schw\u00e4rmen stets von den Vorteilen. Sind die Kinder erst mal alt genug und sitzen sicher im Sattel, treten sie auf dem Tandem per Kinderkurbelsatz so stark mit, wie sie wollen. Im Windschatten plaudern sie w\u00e4hrend der Fahrt mit ihrem Chauffeur, essen etwas oder fahren freih\u00e4ndig. Derweil kurbeln die Erwachsenen ihr gewohntes Tempo und machen Strecke. H\u00f6rt sich gut an. Aber ist es wirklich so einfach? Und welches Tandem w\u00e4hlt man, wenn pl\u00f6tzlich zwei mitfahren?<\/p>\n<p><figure id=\"attachment_1081\" aria-describedby=\"caption-attachment-1081\" style=\"width: 540px\" class=\"wp-caption aligncenter\"><img loading=\"lazy\" decoding=\"async\" class=\"size-medium wp-image-1081\" title=\"Tandem2\" src=\"https:\/\/blog.zeit.de\/fahrrad\/files\/2012\/11\/Tandem2-540x360.jpg\" alt=\"\" width=\"540\" height=\"360\" srcset=\"https:\/\/blog.zeit.de\/fahrrad\/files\/2012\/11\/Tandem2-540x360.jpg 540w, https:\/\/blog.zeit.de\/fahrrad\/files\/2012\/11\/Tandem2-1024x682.jpg 1024w\" sizes=\"auto, (max-width: 540px) 100vw, 540px\" \/><figcaption id=\"caption-attachment-1081\" class=\"wp-caption-text\">Zweirad komfort von Zwei plus Zwei \u00a9 Reidl<\/figcaption><\/figure><\/p>\n<p>&#8222;Ich will auf das blaue Rad, das Silberne ist mir zu kippelig&#8220;, hatte unser Sohn Luis nach der Probefahrt erkl\u00e4rt. Das gl\u00e4nzende Santana Tandem ist in der Tat etwas gew\u00f6hnungsbed\u00fcrftig. Es ist sehr agil, reagiert auf jede Lagever\u00e4nderung von Fahrer und Beifahrer. Mit einem Kind im R\u00fccken f\u00fchrt das manchmal zu \u00dcberraschungen, wenn es Flugzeug spielt oder beim Singen pl\u00f6tzlich wild mit den Armen fuchtelt. Aber man f\u00e4hrt sich schnell ein, und f\u00fcr das geringe Gewicht des Titan-Tandems (18 Kilogramm) nehme ich eine kurze Eingew\u00f6hnungsphase gerne in Kauf.<\/p>\n<p>Denn gegen das Santana ist das <a href=\"http:\/\/www.zweirad-tandem.de\/modelle\/komfort\/\" target=\"_blank\">Zweirad<\/a> von <a href=\"http:\/\/www.zweipluszwei.com\/\" target=\"_blank\">Zwei plus Zwei <\/a>recht schwer. 24 Kilogramm bringt es auf die Waage. Sein gro\u00dfer Vorteil ist: Es f\u00e4hrt sich so stabil wie ein Einsitzer. Der Hersteller hat zwei Modelle in verschiedenen Varianten im Programm. Wir sind mit dem Tiefeinsteiger unterwegs, das f\u00fcr die Ebene konzipiert ist. F\u00fcr einen Mitfahrer mit k\u00f6rperlichen Einschr\u00e4nkungen oder Paaren, die gerne gemeinsam an Flussl\u00e4ufen entlang radeln \u2013 oder eben f\u00fcr Touren mit Kindern.<\/p>\n<p><figure id=\"attachment_1082\" aria-describedby=\"caption-attachment-1082\" style=\"width: 540px\" class=\"wp-caption aligncenter\"><img loading=\"lazy\" decoding=\"async\" class=\"size-medium wp-image-1082 \" title=\"Tandem3\" src=\"https:\/\/blog.zeit.de\/fahrrad\/files\/2012\/11\/Tandem3-540x360.jpg\" alt=\"\" width=\"540\" height=\"360\" srcset=\"https:\/\/blog.zeit.de\/fahrrad\/files\/2012\/11\/Tandem3-540x360.jpg 540w, https:\/\/blog.zeit.de\/fahrrad\/files\/2012\/11\/Tandem3-1024x682.jpg 1024w\" sizes=\"auto, (max-width: 540px) 100vw, 540px\" \/><figcaption id=\"caption-attachment-1082\" class=\"wp-caption-text\">Unkomplizierter Transport mit Gep\u00e4ck \u00a9 Reidl<\/figcaption><\/figure><\/p>\n<p>Die Fahrruhe gibt dem Beifahrer Sicherheit. Meinem Kind so viel, dass es immer wieder ins Tr\u00e4umen ger\u00e4t und nur noch der Pedalbewegung folgt. Das soll kein Dauerzustand sein, aber f\u00fcr eine Weile oder zum Ausruhen ist das v\u00f6llig in Ordnung.<\/p>\n<p>&#8222;Ist es noch weit? Mir ist kalt&#8220;, ruft Smilla vom anderen Tandem. Etwa 20 Kilometer liegen noch vor uns bis nach Lauenburg. Bislang sind wir an diesem Tag nur in der Ebene geradelt. 65 Kilometer, aber wir waren z\u00fcgig unterwegs. Drei Stunden haben wir gebraucht. Das letzte St\u00fcck durch den Wald gibt es ein paar kurze, knackige Anstiege. Au\u00dferdem d\u00e4mmert es, nass ist es sowieso, und auf den Waldwegen liegt ein dickes Polster aus Laub. Eigentlich keine guten Voraussetzungen, um mit Kindern unterwegs zu sein. Aber auf den Tandems macht das nichts. Im Gegenteil. Da Smilla kalt ist, kann sie bergauf mit in die Pedale treten. Sie macht das gern. F\u00fcr sie ist das ein Spiel. Und schon d\u00fcsen sie und ihr Vater los. Auf Asphalt fahren die beiden problemlos 40 km\/h.<\/p>\n<p>Mit dem Cityrad sind wir wesentlich langsamer unterwegs. Aber die Nuvinci-Nabenschaltung kann auch bei den Steigungen gut mithalten. Anderthalb Stunden sp\u00e4ter sind wir da. Mittlerweile ist es finster. Das letzte St\u00fcck fahren wir \u00fcber eine befahrene Stra\u00dfe. Wir Fahrer sind entspannt. Schlie\u00dflich wissen wir die Kinder sicher auf den hinteren S\u00e4tteln. Die beiden sind auch zufrieden. Sie hatten einen erlebnisreichen Tag, mit Tierf\u00fctterung, einer F\u00e4hrfahrt, Kuchen essen und vielem mehr.<\/p>\n<p>Am n\u00e4chsten Tag fahren wir nur 35 Kilometer bis nach M\u00f6lln. Wir starteten im Sonnenschein, doch unterwegs begann es immer st\u00e4rker zu regnen. Deshalb brechen wir f\u00fcr heute ab und packen die Tandems in den Regionalexpress. Das geht erstaunlich gut. Mitfahrer fassen am Heck mit an und so sind die R\u00e4der schneller im Zug verstaut als vier Einzelr\u00e4der. Alle sind zufrieden, und der Entschluss ist einstimmig: Kommendes Jahr gehen wir mit Tandems auf Radreise.<\/p>\n<p>&nbsp;<\/p>\n<blockquote><p>Die R\u00e4der:<\/p>\n<p>Ein sportliches Santana Tandem mit einer Shimano XTR Mountainbikeschaltung und Rennradschalthebeln. Es ist schnell, bequem, komfortabel und wendig. Santana-Gr\u00fcnder\u00a0Bill McCready hat vor rund 35 Jahren beschlossen, die besten Tandems der Welt zu bauen. Seitdem versorgt er den Markt mit schnellen Flitzern, die gut durchdacht sind, extrem stabil, sehr leicht und mit hochwertigen Komponenten ausgestattet. Das Santana-Tandem, mit dem wir unterwegs waren, kann man zudem auseinandernehmen und somit einfach in einem Pkw verstauen. Es ist mit stabilen S&amp;S-Kupplungen verbunden. Wir haben ein Rad von <a href=\"http:\/\/www.fahrrad-ro.de\/index.html\" target=\"_blank\">Wolfgang Haas<\/a> geliehen, dem Exklusivvertreter von Santana f\u00fcr Deutschland und Europa.<\/p>\n<p>Das Zweirad komfort von Zwei plus Zwei ist ein solides Fahrrad, mit dem man in der Ebene und in leicht h\u00fcgeligem Gel\u00e4nde souver\u00e4n unterwegs ist. Man untersch\u00e4tzt es leicht, weil es etwas beh\u00e4big wirkt. Aber mit einem Erwachsenen im Heck ist es durchaus schnell \u2013 au\u00dferdem unglaublich stabil, sicher und bequem. Es f\u00e4hrt sich wie ein Einsitzer. Mit der Nuvnici-Nabe 360 und dem Nabendynamo ist es sehr bedienungsfreundlich und wartungsfrei. In der Sportversion gibt es das als Zweiradtour mit Kettenschaltung oder Rohloff-Nabe.<\/p>\n<p>&nbsp;<\/p><\/blockquote>\n","protected":false},"excerpt":{"rendered":"<p>Es nieselt. Mittlerweile seit drei Stunden. Aber wenigstens ist es windstill. Hinter mir auf dem Tandem summt mein Sohn zufrieden ein Lied. Seine Schwester rollt mit ihrem Vater gerade breit grinsend an uns vorbei. Die beiden \u00fcberholen uns heute st\u00e4ndig. Kein Wunder. Sie sind auf dem Santana-Tandem unterwegs, dem Rennrad unter den Tandems. Der Kurzurlaub [&hellip;]<\/p>\n","protected":false},"author":385,"featured_media":1080,"comment_status":"open","ping_status":"open","sticky":false,"template":"","format":"standard","meta":{"_jetpack_memberships_contains_paid_content":false,"footnotes":""},"categories":[23024,23033],"tags":[36147,23070,23071,23068,23072],"class_list":["post-1076","post","type-post","status-publish","format-standard","has-post-thumbnail","hentry","category-abgefahren","category-rader","tag-kinder","tag-radreise","tag-santana","tag-tandem","tag-zweirad"],"yoast_head":"<!-- This site is optimized with the Yoast SEO plugin v21.0 - https:\/\/yoast.com\/wordpress\/plugins\/seo\/ -->\n<title>Tandems sind f\u00fcr Familien ideal - Velophil<\/title>\n<meta name=\"robots\" content=\"index, follow, max-snippet:-1, max-image-preview:large, max-video-preview:-1\" \/>\n<link rel=\"canonical\" href=\"https:\/\/blog.zeit.de\/fahrrad\/2012\/11\/07\/tandems-sind-fur-familien-ideal\/\" \/>\n<meta property=\"og:locale\" content=\"de_DE\" \/>\n<meta property=\"og:type\" content=\"article\" \/>\n<meta property=\"og:title\" content=\"Tandems sind f\u00fcr Familien ideal - Velophil\" \/>\n<meta property=\"og:description\" content=\"Es nieselt. Mittlerweile seit drei Stunden. Aber wenigstens ist es windstill. Hinter mir auf dem Tandem summt mein Sohn zufrieden ein Lied. Seine Schwester rollt mit ihrem Vater gerade breit grinsend an uns vorbei. Die beiden \u00fcberholen uns heute st\u00e4ndig. Kein Wunder. Sie sind auf dem Santana-Tandem unterwegs, dem Rennrad unter den Tandems. Der Kurzurlaub [&hellip;]\" \/>\n<meta property=\"og:url\" content=\"https:\/\/blog.zeit.de\/fahrrad\/2012\/11\/07\/tandems-sind-fur-familien-ideal\/\" \/>\n<meta property=\"og:site_name\" content=\"Velophil\" \/>\n<meta property=\"article:published_time\" content=\"2012-11-07T07:45:19+00:00\" \/>\n<meta property=\"article:modified_time\" content=\"2012-11-07T09:01:40+00:00\" \/>\n<meta property=\"og:image\" content=\"https:\/\/blog.zeit.de\/fahrrad\/files\/2012\/11\/Tandem1-1024x740.jpg\" \/>\n\t<meta property=\"og:image:width\" content=\"1024\" \/>\n\t<meta property=\"og:image:height\" content=\"740\" \/>\n\t<meta property=\"og:image:type\" content=\"image\/jpeg\" \/>\n<meta name=\"author\" content=\"Andrea Reidl\" \/>\n<meta name=\"twitter:card\" content=\"summary_large_image\" \/>\n<meta name=\"twitter:creator\" content=\"@zeitonline\" \/>\n<meta name=\"twitter:site\" content=\"@zeitonline\" \/>\n<meta name=\"twitter:label1\" content=\"Geschrieben von\" \/>\n\t<meta name=\"twitter:data1\" content=\"Andrea Reidl\" \/>\n\t<meta name=\"twitter:label2\" content=\"Gesch\u00e4tzte Lesezeit\" \/>\n\t<meta name=\"twitter:data2\" content=\"5\u00a0Minuten\" \/>\n<script type=\"application\/ld+json\" class=\"yoast-schema-graph\">{\"@context\":\"https:\/\/schema.org\",\"@graph\":[{\"@type\":\"WebPage\",\"@id\":\"https:\/\/blog.zeit.de\/fahrrad\/2012\/11\/07\/tandems-sind-fur-familien-ideal\/\",\"url\":\"https:\/\/blog.zeit.de\/fahrrad\/2012\/11\/07\/tandems-sind-fur-familien-ideal\/\",\"name\":\"Tandems sind f\u00fcr Familien ideal - Velophil\",\"isPartOf\":{\"@id\":\"https:\/\/blog.zeit.de\/fahrrad\/#website\"},\"datePublished\":\"2012-11-07T07:45:19+00:00\",\"dateModified\":\"2012-11-07T09:01:40+00:00\",\"author\":{\"@id\":\"https:\/\/blog.zeit.de\/fahrrad\/#\/schema\/person\/9fe49d0d69e31b7d1d311f861f764dfc\"},\"breadcrumb\":{\"@id\":\"https:\/\/blog.zeit.de\/fahrrad\/2012\/11\/07\/tandems-sind-fur-familien-ideal\/#breadcrumb\"},\"inLanguage\":\"de\",\"potentialAction\":[{\"@type\":\"ReadAction\",\"target\":[\"https:\/\/blog.zeit.de\/fahrrad\/2012\/11\/07\/tandems-sind-fur-familien-ideal\/\"]}]},{\"@type\":\"BreadcrumbList\",\"@id\":\"https:\/\/blog.zeit.de\/fahrrad\/2012\/11\/07\/tandems-sind-fur-familien-ideal\/#breadcrumb\",\"itemListElement\":[{\"@type\":\"ListItem\",\"position\":1,\"name\":\"Startseite\",\"item\":\"https:\/\/blog.zeit.de\/fahrrad\/\"},{\"@type\":\"ListItem\",\"position\":2,\"name\":\"Tandems sind f\u00fcr Familien ideal\"}]},{\"@type\":\"WebSite\",\"@id\":\"https:\/\/blog.zeit.de\/fahrrad\/#website\",\"url\":\"https:\/\/blog.zeit.de\/fahrrad\/\",\"name\":\"Velophil\",\"description\":\"Das Fahrrad-Blog\",\"potentialAction\":[{\"@type\":\"SearchAction\",\"target\":{\"@type\":\"EntryPoint\",\"urlTemplate\":\"https:\/\/blog.zeit.de\/fahrrad\/?s={search_term_string}\"},\"query-input\":\"required name=search_term_string\"}],\"inLanguage\":\"de\"},{\"@type\":\"Person\",\"@id\":\"https:\/\/blog.zeit.de\/fahrrad\/#\/schema\/person\/9fe49d0d69e31b7d1d311f861f764dfc\",\"name\":\"Andrea Reidl\",\"image\":{\"@type\":\"ImageObject\",\"inLanguage\":\"de\",\"@id\":\"https:\/\/blog.zeit.de\/fahrrad\/#\/schema\/person\/image\/\",\"url\":\"https:\/\/secure.gravatar.com\/avatar\/52595868054cdd5e076af9664613db489c74a4ed484ee30b2f82136c624f1797?s=96&d=mm&r=g\",\"contentUrl\":\"https:\/\/secure.gravatar.com\/avatar\/52595868054cdd5e076af9664613db489c74a4ed484ee30b2f82136c624f1797?s=96&d=mm&r=g\",\"caption\":\"Andrea Reidl\"},\"url\":\"https:\/\/blog.zeit.de\/fahrrad\/author\/areidl\/\"}]}<\/script>\n<!-- \/ Yoast SEO plugin. -->","yoast_head_json":{"title":"Tandems sind f\u00fcr Familien ideal - Velophil","robots":{"index":"index","follow":"follow","max-snippet":"max-snippet:-1","max-image-preview":"max-image-preview:large","max-video-preview":"max-video-preview:-1"},"canonical":"https:\/\/blog.zeit.de\/fahrrad\/2012\/11\/07\/tandems-sind-fur-familien-ideal\/","og_locale":"de_DE","og_type":"article","og_title":"Tandems sind f\u00fcr Familien ideal - Velophil","og_description":"Es nieselt. Mittlerweile seit drei Stunden. Aber wenigstens ist es windstill. Hinter mir auf dem Tandem summt mein Sohn zufrieden ein Lied. Seine Schwester rollt mit ihrem Vater gerade breit grinsend an uns vorbei. Die beiden \u00fcberholen uns heute st\u00e4ndig. Kein Wunder. Sie sind auf dem Santana-Tandem unterwegs, dem Rennrad unter den Tandems. Der Kurzurlaub [&hellip;]","og_url":"https:\/\/blog.zeit.de\/fahrrad\/2012\/11\/07\/tandems-sind-fur-familien-ideal\/","og_site_name":"Velophil","article_published_time":"2012-11-07T07:45:19+00:00","article_modified_time":"2012-11-07T09:01:40+00:00","og_image":[{"width":"1024","height":"740","url":"https:\/\/blog.zeit.de\/fahrrad\/files\/2012\/11\/Tandem1-1024x740.jpg","type":"image\/jpeg"}],"author":"Andrea Reidl","twitter_card":"summary_large_image","twitter_creator":"@zeitonline","twitter_site":"@zeitonline","twitter_misc":{"Geschrieben von":"Andrea Reidl","Gesch\u00e4tzte Lesezeit":"5\u00a0Minuten"},"schema":{"@context":"https:\/\/schema.org","@graph":[{"@type":"WebPage","@id":"https:\/\/blog.zeit.de\/fahrrad\/2012\/11\/07\/tandems-sind-fur-familien-ideal\/","url":"https:\/\/blog.zeit.de\/fahrrad\/2012\/11\/07\/tandems-sind-fur-familien-ideal\/","name":"Tandems sind f\u00fcr Familien ideal - Velophil","isPartOf":{"@id":"https:\/\/blog.zeit.de\/fahrrad\/#website"},"datePublished":"2012-11-07T07:45:19+00:00","dateModified":"2012-11-07T09:01:40+00:00","author":{"@id":"https:\/\/blog.zeit.de\/fahrrad\/#\/schema\/person\/9fe49d0d69e31b7d1d311f861f764dfc"},"breadcrumb":{"@id":"https:\/\/blog.zeit.de\/fahrrad\/2012\/11\/07\/tandems-sind-fur-familien-ideal\/#breadcrumb"},"inLanguage":"de","potentialAction":[{"@type":"ReadAction","target":["https:\/\/blog.zeit.de\/fahrrad\/2012\/11\/07\/tandems-sind-fur-familien-ideal\/"]}]},{"@type":"BreadcrumbList","@id":"https:\/\/blog.zeit.de\/fahrrad\/2012\/11\/07\/tandems-sind-fur-familien-ideal\/#breadcrumb","itemListElement":[{"@type":"ListItem","position":1,"name":"Startseite","item":"https:\/\/blog.zeit.de\/fahrrad\/"},{"@type":"ListItem","position":2,"name":"Tandems sind f\u00fcr Familien ideal"}]},{"@type":"WebSite","@id":"https:\/\/blog.zeit.de\/fahrrad\/#website","url":"https:\/\/blog.zeit.de\/fahrrad\/","name":"Velophil","description":"Das Fahrrad-Blog","potentialAction":[{"@type":"SearchAction","target":{"@type":"EntryPoint","urlTemplate":"https:\/\/blog.zeit.de\/fahrrad\/?s={search_term_string}"},"query-input":"required name=search_term_string"}],"inLanguage":"de"},{"@type":"Person","@id":"https:\/\/blog.zeit.de\/fahrrad\/#\/schema\/person\/9fe49d0d69e31b7d1d311f861f764dfc","name":"Andrea Reidl","image":{"@type":"ImageObject","inLanguage":"de","@id":"https:\/\/blog.zeit.de\/fahrrad\/#\/schema\/person\/image\/","url":"https:\/\/secure.gravatar.com\/avatar\/52595868054cdd5e076af9664613db489c74a4ed484ee30b2f82136c624f1797?s=96&d=mm&r=g","contentUrl":"https:\/\/secure.gravatar.com\/avatar\/52595868054cdd5e076af9664613db489c74a4ed484ee30b2f82136c624f1797?s=96&d=mm&r=g","caption":"Andrea Reidl"},"url":"https:\/\/blog.zeit.de\/fahrrad\/author\/areidl\/"}]}},"jetpack_featured_media_url":"https:\/\/blog.zeit.de\/fahrrad\/files\/2012\/11\/Tandem1.jpg","jetpack_sharing_enabled":true,"_links":{"self":[{"href":"https:\/\/blog.zeit.de\/fahrrad\/wp-json\/wp\/v2\/posts\/1076","targetHints":{"allow":["GET"]}}],"collection":[{"href":"https:\/\/blog.zeit.de\/fahrrad\/wp-json\/wp\/v2\/posts"}],"about":[{"href":"https:\/\/blog.zeit.de\/fahrrad\/wp-json\/wp\/v2\/types\/post"}],"author":[{"embeddable":true,"href":"https:\/\/blog.zeit.de\/fahrrad\/wp-json\/wp\/v2\/users\/385"}],"replies":[{"embeddable":true,"href":"https:\/\/blog.zeit.de\/fahrrad\/wp-json\/wp\/v2\/comments?post=1076"}],"version-history":[{"count":24,"href":"https:\/\/blog.zeit.de\/fahrrad\/wp-json\/wp\/v2\/posts\/1076\/revisions"}],"predecessor-version":[{"id":1098,"href":"https:\/\/blog.zeit.de\/fahrrad\/wp-json\/wp\/v2\/posts\/1076\/revisions\/1098"}],"wp:featuredmedia":[{"embeddable":true,"href":"https:\/\/blog.zeit.de\/fahrrad\/wp-json\/wp\/v2\/media\/1080"}],"wp:attachment":[{"href":"https:\/\/blog.zeit.de\/fahrrad\/wp-json\/wp\/v2\/media?parent=1076"}],"wp:term":[{"taxonomy":"category","embeddable":true,"href":"https:\/\/blog.zeit.de\/fahrrad\/wp-json\/wp\/v2\/categories?post=1076"},{"taxonomy":"post_tag","embeddable":true,"href":"https:\/\/blog.zeit.de\/fahrrad\/wp-json\/wp\/v2\/tags?post=1076"}],"curies":[{"name":"wp","href":"https:\/\/api.w.org\/{rel}","templated":true}]}}