{"id":1637,"date":"2013-01-04T11:02:16","date_gmt":"2013-01-04T10:02:16","guid":{"rendered":"http:\/\/blog.zeit.de\/fahrrad\/?p=1637"},"modified":"2013-01-04T12:28:26","modified_gmt":"2013-01-04T11:28:26","slug":"getriebe-fur-fahrrader","status":"publish","type":"post","link":"https:\/\/blog.zeit.de\/fahrrad\/2013\/01\/04\/getriebe-fur-fahrrader\/","title":{"rendered":"Getriebe f\u00fcr Fahrr\u00e4der"},"content":{"rendered":"<p><figure id=\"attachment_1636\" aria-describedby=\"caption-attachment-1636\" style=\"width: 540px\" class=\"wp-caption aligncenter\"><img loading=\"lazy\" decoding=\"async\" class=\"size-medium wp-image-1636\" title=\"Pinion\" src=\"https:\/\/blog.zeit.de\/fahrrad\/files\/2012\/12\/Pinion-540x359.jpg\" alt=\"\" width=\"540\" height=\"359\" srcset=\"https:\/\/blog.zeit.de\/fahrrad\/files\/2012\/12\/Pinion-540x359.jpg 540w, https:\/\/blog.zeit.de\/fahrrad\/files\/2012\/12\/Pinion.jpg 1024w\" sizes=\"auto, (max-width: 540px) 100vw, 540px\" \/><figcaption id=\"caption-attachment-1636\" class=\"wp-caption-text\">\u00a9 Pinion<\/figcaption><\/figure><\/p>\n<p>Lange Zeit galt die <a href=\"http:\/\/www.rohloff.de\/de\/produkte\/speedhub\/index.html\" target=\"_blank\">Rohloff<\/a>-Schaltung als die K\u00f6nigin unter den Nabenschaltungen. Im Gegensatz zu Kettenschaltungen ist ihr Geh\u00e4use gekapselt und damit wartungsarm. Vor ein paar Monaten hat sie nun Konkurrenz bekommen. Zwei junge Entwickler haben mit dem <a href=\"http:\/\/pinion.eu\/\" target=\"_blank\">Pinion<\/a> P1.18. ein Getriebe f\u00fcrs Fahrrad auf dem Niveau eines Autogetriebes auf den Markt gebracht. Die ersten R\u00e4der mit diesem Getriebe sind bereits ausgeliefert.<\/p>\n<p>Die Anleihe in der Autobranche lag f\u00fcr die beiden Entwickler nahe. Schlie\u00dflich haben sich Christoph Lermen (Diplom-Ingenieur) und Michael Schmitz (Wirtschafts-Ingenieur) als Werksstudenten in der Getriebeabteilung bei Porsche kennengelernt. Die beiden interessierten sich nicht nur f\u00fcr Motoren, sondern fuhren auch gern Mountainbike. Und noch eines teilten sie: ihre Unzufriedenheit mit der Kettenschaltung. In ihren Augen eine v\u00f6llig veraltete Technik.<\/p>\n<p>Vier Jahre lang haben die beiden Modelle entwickelt, verworfen, \u00fcberarbeitet und schlie\u00dflich produziert. Sie hatten Gl\u00fcck. Nach einigen Anl\u00e4ufen haben sie einen Investor gefunden, der mehr Mentor war als Geldgeber und sich mit der Technik auskannte. Er lie\u00df sie in Ruhe arbeiten \u2013 und seit einigen Monaten werden R\u00e4der mit dem Pinion-Getriebe ausgeliefert.<\/p>\n<p><figure id=\"attachment_1634\" aria-describedby=\"caption-attachment-1634\" style=\"width: 409px\" class=\"wp-caption aligncenter\"><img loading=\"lazy\" decoding=\"async\" class=\"size-medium wp-image-1634\" title=\"Getriebe,jpg\" src=\"https:\/\/blog.zeit.de\/fahrrad\/files\/2012\/12\/Getriebejpg-409x540.jpg\" alt=\"\" width=\"409\" height=\"540\" srcset=\"https:\/\/blog.zeit.de\/fahrrad\/files\/2012\/12\/Getriebejpg-409x540.jpg 409w, https:\/\/blog.zeit.de\/fahrrad\/files\/2012\/12\/Getriebejpg.jpg 582w\" sizes=\"auto, (max-width: 409px) 100vw, 409px\" \/><figcaption id=\"caption-attachment-1634\" class=\"wp-caption-text\">\u00a9 Pinion<\/figcaption><\/figure><\/p>\n<p>Die Stuttgarter haben zwei Teilgetriebe mit drei und sechs G\u00e4ngen hintereinander geschaltet. So erh\u00e4lt das Getriebe 18 echte G\u00e4nge. Kettenschaltungen haben bis zu 27 G\u00e4nge, aber es \u00fcberschneiden sich viele Schaltstufen und so stehen effektiv nur 14 zur Verf\u00fcgung, wie bei der Rohloff-Schaltung. Das Gesamt\u00fcbersetzungsverh\u00e4ltnis ist im Pinion-Getriebe mit 636 Prozent h\u00f6her als bei allen Kettenschaltungen; das hei\u00dft, vom kleinsten bis zum gr\u00f6\u00dften Gang steht eine gr\u00f6\u00dfere Bandbreite zur Verf\u00fcgung.<\/p>\n<p>Eine weitere Besonderheit des Konzepts: Anders als herk\u00f6mmliche Schaltungen ist das Getriebe von Pinion nicht in der Fahrradnabe untergebracht, sondern sitzt direkt im Tretlager. Damit ist es optimal platziert: tief im Rahmen und ziemlich genau in der Fahrzeugmitte. Das ist gut f\u00fcr die Fahreigenschaften. Denn das zus\u00e4tzliche Gewicht im Hinterrad entf\u00e4llt. Die Fahrdynamik wird von der Schaltung praktisch gar nicht mehr beeinflusst.<\/p>\n<p>Einen extremen Belastungstest hat sie schon bestanden: Ein befreundeter Extremradler fuhr mit dem Getriebe im Himalaja-Gebirge: 1.500 Kilometer weit, 24.000 H\u00f6henmeter \u00fcber die Strecke. Das Getriebe arbeitete wie ein Uhrwerk.<\/p>\n<p><figure id=\"attachment_1701\" aria-describedby=\"caption-attachment-1701\" style=\"width: 540px\" class=\"wp-caption aligncenter\"><img loading=\"lazy\" decoding=\"async\" class=\"size-medium wp-image-1701\" title=\"gruender\" src=\"https:\/\/blog.zeit.de\/fahrrad\/files\/2013\/01\/gruender-540x359.jpg\" alt=\"\" width=\"540\" height=\"359\" srcset=\"https:\/\/blog.zeit.de\/fahrrad\/files\/2013\/01\/gruender-540x359.jpg 540w, https:\/\/blog.zeit.de\/fahrrad\/files\/2013\/01\/gruender.jpg 1024w\" sizes=\"auto, (max-width: 540px) 100vw, 540px\" \/><figcaption id=\"caption-attachment-1701\" class=\"wp-caption-text\">Die Pinion-Erfinder Christoph Lermen (rechts) und Michael Schmitz \u00a9 Pinion<\/figcaption><\/figure><\/p>\n","protected":false},"excerpt":{"rendered":"<p>Lange Zeit galt die Rohloff-Schaltung als die K\u00f6nigin unter den Nabenschaltungen. Im Gegensatz zu Kettenschaltungen ist ihr Geh\u00e4use gekapselt und damit wartungsarm. Vor ein paar Monaten hat sie nun Konkurrenz bekommen. Zwei junge Entwickler haben mit dem Pinion P1.18. ein Getriebe f\u00fcrs Fahrrad auf dem Niveau eines Autogetriebes auf den Markt gebracht. Die ersten R\u00e4der [&hellip;]<\/p>\n","protected":false},"author":385,"featured_media":1636,"comment_status":"open","ping_status":"open","sticky":false,"template":"","format":"standard","meta":{"_jetpack_memberships_contains_paid_content":false,"footnotes":""},"categories":[23036,319,23031],"tags":[24875,24876,20694,24874,24877,24873],"class_list":["post-1637","post","type-post","status-publish","format-standard","has-post-thumbnail","hentry","category-fahrradtechnik","category-forschung","category-leute","tag-automotive","tag-christoph-lermen","tag-fahrrad","tag-getriebe","tag-michael-schmitz","tag-pinion"],"yoast_head":"<!-- This site is optimized with the Yoast SEO plugin v21.0 - https:\/\/yoast.com\/wordpress\/plugins\/seo\/ -->\n<title>Getriebe f\u00fcr Fahrr\u00e4der  - Velophil<\/title>\n<meta name=\"robots\" content=\"index, follow, max-snippet:-1, max-image-preview:large, max-video-preview:-1\" \/>\n<link rel=\"canonical\" href=\"https:\/\/blog.zeit.de\/fahrrad\/2013\/01\/04\/getriebe-fur-fahrrader\/\" \/>\n<meta property=\"og:locale\" content=\"de_DE\" \/>\n<meta property=\"og:type\" content=\"article\" \/>\n<meta property=\"og:title\" content=\"Getriebe f\u00fcr Fahrr\u00e4der  - Velophil\" \/>\n<meta property=\"og:description\" content=\"Lange Zeit galt die Rohloff-Schaltung als die K\u00f6nigin unter den Nabenschaltungen. Im Gegensatz zu Kettenschaltungen ist ihr Geh\u00e4use gekapselt und damit wartungsarm. Vor ein paar Monaten hat sie nun Konkurrenz bekommen. Zwei junge Entwickler haben mit dem Pinion P1.18. ein Getriebe f\u00fcrs Fahrrad auf dem Niveau eines Autogetriebes auf den Markt gebracht. Die ersten R\u00e4der [&hellip;]\" \/>\n<meta property=\"og:url\" content=\"https:\/\/blog.zeit.de\/fahrrad\/2013\/01\/04\/getriebe-fur-fahrrader\/\" \/>\n<meta property=\"og:site_name\" content=\"Velophil\" \/>\n<meta property=\"article:published_time\" content=\"2013-01-04T10:02:16+00:00\" \/>\n<meta property=\"article:modified_time\" content=\"2013-01-04T11:28:26+00:00\" \/>\n<meta property=\"og:image\" content=\"https:\/\/blog.zeit.de\/fahrrad\/files\/2012\/12\/Pinion.jpg\" \/>\n\t<meta property=\"og:image:width\" content=\"1024\" \/>\n\t<meta property=\"og:image:height\" content=\"682\" \/>\n\t<meta property=\"og:image:type\" content=\"image\/jpeg\" \/>\n<meta name=\"author\" content=\"Andrea Reidl\" \/>\n<meta name=\"twitter:card\" content=\"summary_large_image\" \/>\n<meta name=\"twitter:creator\" content=\"@zeitonline\" \/>\n<meta name=\"twitter:site\" content=\"@zeitonline\" \/>\n<meta name=\"twitter:label1\" content=\"Geschrieben von\" \/>\n\t<meta name=\"twitter:data1\" content=\"Andrea Reidl\" \/>\n\t<meta name=\"twitter:label2\" content=\"Gesch\u00e4tzte Lesezeit\" \/>\n\t<meta name=\"twitter:data2\" content=\"2\u00a0Minuten\" \/>\n<script type=\"application\/ld+json\" class=\"yoast-schema-graph\">{\"@context\":\"https:\/\/schema.org\",\"@graph\":[{\"@type\":\"WebPage\",\"@id\":\"https:\/\/blog.zeit.de\/fahrrad\/2013\/01\/04\/getriebe-fur-fahrrader\/\",\"url\":\"https:\/\/blog.zeit.de\/fahrrad\/2013\/01\/04\/getriebe-fur-fahrrader\/\",\"name\":\"Getriebe f\u00fcr Fahrr\u00e4der - Velophil\",\"isPartOf\":{\"@id\":\"https:\/\/blog.zeit.de\/fahrrad\/#website\"},\"datePublished\":\"2013-01-04T10:02:16+00:00\",\"dateModified\":\"2013-01-04T11:28:26+00:00\",\"author\":{\"@id\":\"https:\/\/blog.zeit.de\/fahrrad\/#\/schema\/person\/9fe49d0d69e31b7d1d311f861f764dfc\"},\"breadcrumb\":{\"@id\":\"https:\/\/blog.zeit.de\/fahrrad\/2013\/01\/04\/getriebe-fur-fahrrader\/#breadcrumb\"},\"inLanguage\":\"de\",\"potentialAction\":[{\"@type\":\"ReadAction\",\"target\":[\"https:\/\/blog.zeit.de\/fahrrad\/2013\/01\/04\/getriebe-fur-fahrrader\/\"]}]},{\"@type\":\"BreadcrumbList\",\"@id\":\"https:\/\/blog.zeit.de\/fahrrad\/2013\/01\/04\/getriebe-fur-fahrrader\/#breadcrumb\",\"itemListElement\":[{\"@type\":\"ListItem\",\"position\":1,\"name\":\"Startseite\",\"item\":\"https:\/\/blog.zeit.de\/fahrrad\/\"},{\"@type\":\"ListItem\",\"position\":2,\"name\":\"Getriebe f\u00fcr Fahrr\u00e4der\"}]},{\"@type\":\"WebSite\",\"@id\":\"https:\/\/blog.zeit.de\/fahrrad\/#website\",\"url\":\"https:\/\/blog.zeit.de\/fahrrad\/\",\"name\":\"Velophil\",\"description\":\"Das Fahrrad-Blog\",\"potentialAction\":[{\"@type\":\"SearchAction\",\"target\":{\"@type\":\"EntryPoint\",\"urlTemplate\":\"https:\/\/blog.zeit.de\/fahrrad\/?s={search_term_string}\"},\"query-input\":\"required name=search_term_string\"}],\"inLanguage\":\"de\"},{\"@type\":\"Person\",\"@id\":\"https:\/\/blog.zeit.de\/fahrrad\/#\/schema\/person\/9fe49d0d69e31b7d1d311f861f764dfc\",\"name\":\"Andrea Reidl\",\"image\":{\"@type\":\"ImageObject\",\"inLanguage\":\"de\",\"@id\":\"https:\/\/blog.zeit.de\/fahrrad\/#\/schema\/person\/image\/\",\"url\":\"https:\/\/secure.gravatar.com\/avatar\/52595868054cdd5e076af9664613db489c74a4ed484ee30b2f82136c624f1797?s=96&d=mm&r=g\",\"contentUrl\":\"https:\/\/secure.gravatar.com\/avatar\/52595868054cdd5e076af9664613db489c74a4ed484ee30b2f82136c624f1797?s=96&d=mm&r=g\",\"caption\":\"Andrea Reidl\"},\"url\":\"https:\/\/blog.zeit.de\/fahrrad\/author\/areidl\/\"}]}<\/script>\n<!-- \/ Yoast SEO plugin. -->","yoast_head_json":{"title":"Getriebe f\u00fcr Fahrr\u00e4der  - Velophil","robots":{"index":"index","follow":"follow","max-snippet":"max-snippet:-1","max-image-preview":"max-image-preview:large","max-video-preview":"max-video-preview:-1"},"canonical":"https:\/\/blog.zeit.de\/fahrrad\/2013\/01\/04\/getriebe-fur-fahrrader\/","og_locale":"de_DE","og_type":"article","og_title":"Getriebe f\u00fcr Fahrr\u00e4der  - Velophil","og_description":"Lange Zeit galt die Rohloff-Schaltung als die K\u00f6nigin unter den Nabenschaltungen. Im Gegensatz zu Kettenschaltungen ist ihr Geh\u00e4use gekapselt und damit wartungsarm. Vor ein paar Monaten hat sie nun Konkurrenz bekommen. Zwei junge Entwickler haben mit dem Pinion P1.18. ein Getriebe f\u00fcrs Fahrrad auf dem Niveau eines Autogetriebes auf den Markt gebracht. Die ersten R\u00e4der [&hellip;]","og_url":"https:\/\/blog.zeit.de\/fahrrad\/2013\/01\/04\/getriebe-fur-fahrrader\/","og_site_name":"Velophil","article_published_time":"2013-01-04T10:02:16+00:00","article_modified_time":"2013-01-04T11:28:26+00:00","og_image":[{"width":"1024","height":"682","url":"https:\/\/blog.zeit.de\/fahrrad\/files\/2012\/12\/Pinion.jpg","type":"image\/jpeg"}],"author":"Andrea Reidl","twitter_card":"summary_large_image","twitter_creator":"@zeitonline","twitter_site":"@zeitonline","twitter_misc":{"Geschrieben von":"Andrea Reidl","Gesch\u00e4tzte Lesezeit":"2\u00a0Minuten"},"schema":{"@context":"https:\/\/schema.org","@graph":[{"@type":"WebPage","@id":"https:\/\/blog.zeit.de\/fahrrad\/2013\/01\/04\/getriebe-fur-fahrrader\/","url":"https:\/\/blog.zeit.de\/fahrrad\/2013\/01\/04\/getriebe-fur-fahrrader\/","name":"Getriebe f\u00fcr Fahrr\u00e4der - Velophil","isPartOf":{"@id":"https:\/\/blog.zeit.de\/fahrrad\/#website"},"datePublished":"2013-01-04T10:02:16+00:00","dateModified":"2013-01-04T11:28:26+00:00","author":{"@id":"https:\/\/blog.zeit.de\/fahrrad\/#\/schema\/person\/9fe49d0d69e31b7d1d311f861f764dfc"},"breadcrumb":{"@id":"https:\/\/blog.zeit.de\/fahrrad\/2013\/01\/04\/getriebe-fur-fahrrader\/#breadcrumb"},"inLanguage":"de","potentialAction":[{"@type":"ReadAction","target":["https:\/\/blog.zeit.de\/fahrrad\/2013\/01\/04\/getriebe-fur-fahrrader\/"]}]},{"@type":"BreadcrumbList","@id":"https:\/\/blog.zeit.de\/fahrrad\/2013\/01\/04\/getriebe-fur-fahrrader\/#breadcrumb","itemListElement":[{"@type":"ListItem","position":1,"name":"Startseite","item":"https:\/\/blog.zeit.de\/fahrrad\/"},{"@type":"ListItem","position":2,"name":"Getriebe f\u00fcr Fahrr\u00e4der"}]},{"@type":"WebSite","@id":"https:\/\/blog.zeit.de\/fahrrad\/#website","url":"https:\/\/blog.zeit.de\/fahrrad\/","name":"Velophil","description":"Das Fahrrad-Blog","potentialAction":[{"@type":"SearchAction","target":{"@type":"EntryPoint","urlTemplate":"https:\/\/blog.zeit.de\/fahrrad\/?s={search_term_string}"},"query-input":"required name=search_term_string"}],"inLanguage":"de"},{"@type":"Person","@id":"https:\/\/blog.zeit.de\/fahrrad\/#\/schema\/person\/9fe49d0d69e31b7d1d311f861f764dfc","name":"Andrea Reidl","image":{"@type":"ImageObject","inLanguage":"de","@id":"https:\/\/blog.zeit.de\/fahrrad\/#\/schema\/person\/image\/","url":"https:\/\/secure.gravatar.com\/avatar\/52595868054cdd5e076af9664613db489c74a4ed484ee30b2f82136c624f1797?s=96&d=mm&r=g","contentUrl":"https:\/\/secure.gravatar.com\/avatar\/52595868054cdd5e076af9664613db489c74a4ed484ee30b2f82136c624f1797?s=96&d=mm&r=g","caption":"Andrea Reidl"},"url":"https:\/\/blog.zeit.de\/fahrrad\/author\/areidl\/"}]}},"jetpack_featured_media_url":"https:\/\/blog.zeit.de\/fahrrad\/files\/2012\/12\/Pinion.jpg","jetpack_sharing_enabled":true,"_links":{"self":[{"href":"https:\/\/blog.zeit.de\/fahrrad\/wp-json\/wp\/v2\/posts\/1637","targetHints":{"allow":["GET"]}}],"collection":[{"href":"https:\/\/blog.zeit.de\/fahrrad\/wp-json\/wp\/v2\/posts"}],"about":[{"href":"https:\/\/blog.zeit.de\/fahrrad\/wp-json\/wp\/v2\/types\/post"}],"author":[{"embeddable":true,"href":"https:\/\/blog.zeit.de\/fahrrad\/wp-json\/wp\/v2\/users\/385"}],"replies":[{"embeddable":true,"href":"https:\/\/blog.zeit.de\/fahrrad\/wp-json\/wp\/v2\/comments?post=1637"}],"version-history":[{"count":8,"href":"https:\/\/blog.zeit.de\/fahrrad\/wp-json\/wp\/v2\/posts\/1637\/revisions"}],"predecessor-version":[{"id":1700,"href":"https:\/\/blog.zeit.de\/fahrrad\/wp-json\/wp\/v2\/posts\/1637\/revisions\/1700"}],"wp:featuredmedia":[{"embeddable":true,"href":"https:\/\/blog.zeit.de\/fahrrad\/wp-json\/wp\/v2\/media\/1636"}],"wp:attachment":[{"href":"https:\/\/blog.zeit.de\/fahrrad\/wp-json\/wp\/v2\/media?parent=1637"}],"wp:term":[{"taxonomy":"category","embeddable":true,"href":"https:\/\/blog.zeit.de\/fahrrad\/wp-json\/wp\/v2\/categories?post=1637"},{"taxonomy":"post_tag","embeddable":true,"href":"https:\/\/blog.zeit.de\/fahrrad\/wp-json\/wp\/v2\/tags?post=1637"}],"curies":[{"name":"wp","href":"https:\/\/api.w.org\/{rel}","templated":true}]}}