{"id":2744,"date":"2013-06-27T12:53:24","date_gmt":"2013-06-27T10:53:24","guid":{"rendered":"http:\/\/blog.zeit.de\/fahrrad\/?p=2744"},"modified":"2013-06-27T12:53:50","modified_gmt":"2013-06-27T10:53:50","slug":"guter-kumpel-fur-ruppige-gelande-touren","status":"publish","type":"post","link":"https:\/\/blog.zeit.de\/fahrrad\/2013\/06\/27\/guter-kumpel-fur-ruppige-gelande-touren\/","title":{"rendered":"Guter Kumpel f\u00fcr ruppige Gel\u00e4ndetouren"},"content":{"rendered":"<p><figure id=\"attachment_2736\" aria-describedby=\"caption-attachment-2736\" style=\"width: 540px\" class=\"wp-caption aligncenter\"><img decoding=\"async\" class=\" wp-image-2736 \" alt=\"\u00a9 Reidl\" src=\"https:\/\/blog.zeit.de\/fahrrad\/files\/2013\/06\/Fatbike.jpg\" width=\"540\" srcset=\"https:\/\/blog.zeit.de\/fahrrad\/files\/2013\/06\/Fatbike.jpg 640w, https:\/\/blog.zeit.de\/fahrrad\/files\/2013\/06\/Fatbike-148x84.jpg 148w, https:\/\/blog.zeit.de\/fahrrad\/files\/2013\/06\/Fatbike-540x303.jpg 540w\" sizes=\"(max-width: 640px) 100vw, 640px\" \/><figcaption id=\"caption-attachment-2736\" class=\"wp-caption-text\">\u00a9 Reidl<\/figcaption><\/figure><\/p>\n<p>Vor einiger Zeit durfte ich dieses <em>Fatbike<\/em> von Walter Lauter fahren. Ein unglaubliches Gef\u00e4hrt \u2013 so in etwa stelle ich mir einen Traktor auf zwei R\u00e4dern vor. Aber das Rad mit den faustbreiten Reifen hat viele Vorz\u00fcge. Lauter f\u00e4hrt damit den Jakobsweg.<!--more--><\/p>\n<p>Das Fahrgef\u00fchl auf dem <em>Fatbike<\/em> ist vor allem weich. Sehr weich. Es erinnert entfernt an die H\u00fcpfb\u00e4lle, mit denen man als Kind durch die Gegend sprang. Aber im Gegensatz dazu ist <em>Fatbike<\/em>fahren ziemlich anstrengend. Nach zehn Minuten auf dem Rad melden sich meine Oberschenkelmuskeln. Es f\u00e4hrt sich v\u00f6llig anders als jedes andere Rad. Es fordert mehr als stramme Oberschenkel und knackige Waden, es fordert den ganzen K\u00f6rper.<\/p>\n<p>Aber das kleine Velo mit den dicken Reifen hat eine gro\u00dfartige Eigenschaft: Es ignoriert fast jedes Hindernis. Es rollt einfach durch oder dr\u00fcber hinweg \u2013 halt ein Traktor. Mein Schl\u00fcsselerlebnis war eine lange Sandabfahrt, die ich mit meinem 29er Mountainbike nur m\u00fchsam bew\u00e4ltigt h\u00e4tte, weil die R\u00e4der in dem weichen Puderzucker-Sand hoffnungslos versinken. Das <em>Fatbike<\/em> gleitet \u00fcber die lange Sandpiste hinweg wie auf planem Asphalt. Schnee, Sand, Matsch oder nasse Wiesen: \u00dcberall dort, wo herk\u00f6mmliche Mountainbikes an ihre Grenzen sto\u00dfen, trumpfen die R\u00e4der mit den faustbreiten M\u00e4nteln auf.<\/p>\n<p>Jetzt bricht Walter Lauter mit dem ungew\u00f6hnlichen Rad zum Jakobsweg auf. 2.550 Kilometer und 54.500 H\u00f6henmeter liegen vor ihm. Der 56-J\u00e4hrige kennt die Strecke, er ist sie vor Jahren mit dem Mountainbike gefahren.<\/p>\n<p><figure id=\"attachment_2734\" aria-describedby=\"caption-attachment-2734\" style=\"width: 540px\" class=\"wp-caption aligncenter\"><img decoding=\"async\" class=\" wp-image-2734 \" alt=\"\u00a9 Walter Lauter\" src=\"https:\/\/blog.zeit.de\/fahrrad\/files\/2013\/06\/WalterLauter.jpg\" width=\"540\" srcset=\"https:\/\/blog.zeit.de\/fahrrad\/files\/2013\/06\/WalterLauter.jpg 2448w, https:\/\/blog.zeit.de\/fahrrad\/files\/2013\/06\/WalterLauter-405x540.jpg 405w, https:\/\/blog.zeit.de\/fahrrad\/files\/2013\/06\/WalterLauter-768x1024.jpg 768w\" sizes=\"(max-width: 2448px) 100vw, 2448px\" \/><figcaption id=\"caption-attachment-2734\" class=\"wp-caption-text\">\u00a9 Walter Lauter<\/figcaption><\/figure><\/p>\n<p>Dieses Mal will der Sportler aus Unterfranken geruhsamer unterwegs sein \u2013 richtig pilgern eben. Das kann er nur, weil er gut trainiert ist, kompakt, ein Kraftpaket. Ihm glaubt man sofort, dass er mit dem Rad Spa\u00df hat. Lauter f\u00e4hrt zwischen 15.000 und 20.000 Kilometer im Jahr mit Rennrad und Mountainbike \u2013 viel in der Rh\u00f6n, wo er lebt. Das <em>Fatbike<\/em> hat er seit August. Es ist sein neuer Kumpel f\u00fcr langsame Outdoor-Touren im ruppigen Gel\u00e4nde. Jetzt muss sich auf der Fahrt nach Santiago de Compostela zeigen, ob die beiden dicke Freunde werden.<\/p>\n<p><figure id=\"attachment_2735\" aria-describedby=\"caption-attachment-2735\" style=\"width: 540px\" class=\"wp-caption aligncenter\"><img decoding=\"async\" class=\" wp-image-2735 \" alt=\"\u00a9 Reidl\" src=\"https:\/\/blog.zeit.de\/fahrrad\/files\/2013\/06\/20130427_175844.jpg\" width=\"540\" srcset=\"https:\/\/blog.zeit.de\/fahrrad\/files\/2013\/06\/20130427_175844.jpg 1280w, https:\/\/blog.zeit.de\/fahrrad\/files\/2013\/06\/20130427_175844-148x84.jpg 148w, https:\/\/blog.zeit.de\/fahrrad\/files\/2013\/06\/20130427_175844-540x303.jpg 540w, https:\/\/blog.zeit.de\/fahrrad\/files\/2013\/06\/20130427_175844-1024x576.jpg 1024w\" sizes=\"(max-width: 1280px) 100vw, 1280px\" \/><figcaption id=\"caption-attachment-2735\" class=\"wp-caption-text\">Mit dabei, das kleine Rh\u00f6nschaf im Vorderrad. Es ist ein Geschenk von einem Freund \u00a9 Reidl<\/figcaption><\/figure><\/p>\n","protected":false},"excerpt":{"rendered":"<p>Vor einiger Zeit durfte ich dieses Fatbike von Walter Lauter fahren. Ein unglaubliches Gef\u00e4hrt \u2013 so in etwa stelle ich mir einen Traktor auf zwei R\u00e4dern vor. Aber das Rad mit den faustbreiten Reifen hat viele Vorz\u00fcge. Lauter f\u00e4hrt damit den Jakobsweg.<\/p>\n","protected":false},"author":385,"featured_media":0,"comment_status":"open","ping_status":"open","sticky":false,"template":"","format":"standard","meta":{"_jetpack_memberships_contains_paid_content":false,"footnotes":""},"categories":[23026,23031,23033],"tags":[27133,27135,27134,27136],"class_list":["post-2744","post","type-post","status-publish","format-standard","hentry","category-fahrstil","category-leute","category-rader","tag-fatbike","tag-jakobsweg","tag-untergrund","tag-walter-lauter"],"yoast_head":"<!-- This site is optimized with the Yoast SEO plugin v21.0 - https:\/\/yoast.com\/wordpress\/plugins\/seo\/ -->\n<title>Guter Kumpel f\u00fcr ruppige Gel\u00e4ndetouren - Velophil<\/title>\n<meta name=\"robots\" content=\"index, follow, max-snippet:-1, max-image-preview:large, max-video-preview:-1\" \/>\n<link rel=\"canonical\" href=\"https:\/\/blog.zeit.de\/fahrrad\/2013\/06\/27\/guter-kumpel-fur-ruppige-gelande-touren\/\" \/>\n<meta property=\"og:locale\" content=\"de_DE\" \/>\n<meta property=\"og:type\" content=\"article\" \/>\n<meta property=\"og:title\" content=\"Guter Kumpel f\u00fcr ruppige Gel\u00e4ndetouren - Velophil\" \/>\n<meta property=\"og:description\" content=\"Vor einiger Zeit durfte ich dieses Fatbike von Walter Lauter fahren. Ein unglaubliches Gef\u00e4hrt \u2013 so in etwa stelle ich mir einen Traktor auf zwei R\u00e4dern vor. Aber das Rad mit den faustbreiten Reifen hat viele Vorz\u00fcge. Lauter f\u00e4hrt damit den Jakobsweg.\" \/>\n<meta property=\"og:url\" content=\"https:\/\/blog.zeit.de\/fahrrad\/2013\/06\/27\/guter-kumpel-fur-ruppige-gelande-touren\/\" \/>\n<meta property=\"og:site_name\" content=\"Velophil\" \/>\n<meta property=\"article:published_time\" content=\"2013-06-27T10:53:24+00:00\" \/>\n<meta property=\"article:modified_time\" content=\"2013-06-27T10:53:50+00:00\" \/>\n<meta property=\"og:image\" content=\"https:\/\/blog.zeit.de\/fahrrad\/files\/2013\/06\/Fatbike.jpg\" \/>\n<meta name=\"author\" content=\"Andrea Reidl\" \/>\n<meta name=\"twitter:card\" content=\"summary_large_image\" \/>\n<meta name=\"twitter:creator\" content=\"@zeitonline\" \/>\n<meta name=\"twitter:site\" content=\"@zeitonline\" \/>\n<meta name=\"twitter:label1\" content=\"Geschrieben von\" \/>\n\t<meta name=\"twitter:data1\" content=\"Andrea Reidl\" \/>\n\t<meta name=\"twitter:label2\" content=\"Gesch\u00e4tzte Lesezeit\" \/>\n\t<meta name=\"twitter:data2\" content=\"2\u00a0Minuten\" \/>\n<script type=\"application\/ld+json\" class=\"yoast-schema-graph\">{\"@context\":\"https:\/\/schema.org\",\"@graph\":[{\"@type\":\"WebPage\",\"@id\":\"https:\/\/blog.zeit.de\/fahrrad\/2013\/06\/27\/guter-kumpel-fur-ruppige-gelande-touren\/\",\"url\":\"https:\/\/blog.zeit.de\/fahrrad\/2013\/06\/27\/guter-kumpel-fur-ruppige-gelande-touren\/\",\"name\":\"Guter Kumpel f\u00fcr ruppige Gel\u00e4ndetouren - Velophil\",\"isPartOf\":{\"@id\":\"https:\/\/blog.zeit.de\/fahrrad\/#website\"},\"datePublished\":\"2013-06-27T10:53:24+00:00\",\"dateModified\":\"2013-06-27T10:53:50+00:00\",\"author\":{\"@id\":\"https:\/\/blog.zeit.de\/fahrrad\/#\/schema\/person\/9fe49d0d69e31b7d1d311f861f764dfc\"},\"breadcrumb\":{\"@id\":\"https:\/\/blog.zeit.de\/fahrrad\/2013\/06\/27\/guter-kumpel-fur-ruppige-gelande-touren\/#breadcrumb\"},\"inLanguage\":\"de\",\"potentialAction\":[{\"@type\":\"ReadAction\",\"target\":[\"https:\/\/blog.zeit.de\/fahrrad\/2013\/06\/27\/guter-kumpel-fur-ruppige-gelande-touren\/\"]}]},{\"@type\":\"BreadcrumbList\",\"@id\":\"https:\/\/blog.zeit.de\/fahrrad\/2013\/06\/27\/guter-kumpel-fur-ruppige-gelande-touren\/#breadcrumb\",\"itemListElement\":[{\"@type\":\"ListItem\",\"position\":1,\"name\":\"Startseite\",\"item\":\"https:\/\/blog.zeit.de\/fahrrad\/\"},{\"@type\":\"ListItem\",\"position\":2,\"name\":\"Guter Kumpel f\u00fcr ruppige Gel\u00e4ndetouren\"}]},{\"@type\":\"WebSite\",\"@id\":\"https:\/\/blog.zeit.de\/fahrrad\/#website\",\"url\":\"https:\/\/blog.zeit.de\/fahrrad\/\",\"name\":\"Velophil\",\"description\":\"Das Fahrrad-Blog\",\"potentialAction\":[{\"@type\":\"SearchAction\",\"target\":{\"@type\":\"EntryPoint\",\"urlTemplate\":\"https:\/\/blog.zeit.de\/fahrrad\/?s={search_term_string}\"},\"query-input\":\"required name=search_term_string\"}],\"inLanguage\":\"de\"},{\"@type\":\"Person\",\"@id\":\"https:\/\/blog.zeit.de\/fahrrad\/#\/schema\/person\/9fe49d0d69e31b7d1d311f861f764dfc\",\"name\":\"Andrea Reidl\",\"image\":{\"@type\":\"ImageObject\",\"inLanguage\":\"de\",\"@id\":\"https:\/\/blog.zeit.de\/fahrrad\/#\/schema\/person\/image\/\",\"url\":\"https:\/\/secure.gravatar.com\/avatar\/52595868054cdd5e076af9664613db489c74a4ed484ee30b2f82136c624f1797?s=96&d=mm&r=g\",\"contentUrl\":\"https:\/\/secure.gravatar.com\/avatar\/52595868054cdd5e076af9664613db489c74a4ed484ee30b2f82136c624f1797?s=96&d=mm&r=g\",\"caption\":\"Andrea Reidl\"},\"url\":\"https:\/\/blog.zeit.de\/fahrrad\/author\/areidl\/\"}]}<\/script>\n<!-- \/ Yoast SEO plugin. -->","yoast_head_json":{"title":"Guter Kumpel f\u00fcr ruppige Gel\u00e4ndetouren - Velophil","robots":{"index":"index","follow":"follow","max-snippet":"max-snippet:-1","max-image-preview":"max-image-preview:large","max-video-preview":"max-video-preview:-1"},"canonical":"https:\/\/blog.zeit.de\/fahrrad\/2013\/06\/27\/guter-kumpel-fur-ruppige-gelande-touren\/","og_locale":"de_DE","og_type":"article","og_title":"Guter Kumpel f\u00fcr ruppige Gel\u00e4ndetouren - Velophil","og_description":"Vor einiger Zeit durfte ich dieses Fatbike von Walter Lauter fahren. Ein unglaubliches Gef\u00e4hrt \u2013 so in etwa stelle ich mir einen Traktor auf zwei R\u00e4dern vor. Aber das Rad mit den faustbreiten Reifen hat viele Vorz\u00fcge. Lauter f\u00e4hrt damit den Jakobsweg.","og_url":"https:\/\/blog.zeit.de\/fahrrad\/2013\/06\/27\/guter-kumpel-fur-ruppige-gelande-touren\/","og_site_name":"Velophil","article_published_time":"2013-06-27T10:53:24+00:00","article_modified_time":"2013-06-27T10:53:50+00:00","og_image":[{"url":"https:\/\/blog.zeit.de\/fahrrad\/files\/2013\/06\/Fatbike.jpg"}],"author":"Andrea Reidl","twitter_card":"summary_large_image","twitter_creator":"@zeitonline","twitter_site":"@zeitonline","twitter_misc":{"Geschrieben von":"Andrea Reidl","Gesch\u00e4tzte Lesezeit":"2\u00a0Minuten"},"schema":{"@context":"https:\/\/schema.org","@graph":[{"@type":"WebPage","@id":"https:\/\/blog.zeit.de\/fahrrad\/2013\/06\/27\/guter-kumpel-fur-ruppige-gelande-touren\/","url":"https:\/\/blog.zeit.de\/fahrrad\/2013\/06\/27\/guter-kumpel-fur-ruppige-gelande-touren\/","name":"Guter Kumpel f\u00fcr ruppige Gel\u00e4ndetouren - Velophil","isPartOf":{"@id":"https:\/\/blog.zeit.de\/fahrrad\/#website"},"datePublished":"2013-06-27T10:53:24+00:00","dateModified":"2013-06-27T10:53:50+00:00","author":{"@id":"https:\/\/blog.zeit.de\/fahrrad\/#\/schema\/person\/9fe49d0d69e31b7d1d311f861f764dfc"},"breadcrumb":{"@id":"https:\/\/blog.zeit.de\/fahrrad\/2013\/06\/27\/guter-kumpel-fur-ruppige-gelande-touren\/#breadcrumb"},"inLanguage":"de","potentialAction":[{"@type":"ReadAction","target":["https:\/\/blog.zeit.de\/fahrrad\/2013\/06\/27\/guter-kumpel-fur-ruppige-gelande-touren\/"]}]},{"@type":"BreadcrumbList","@id":"https:\/\/blog.zeit.de\/fahrrad\/2013\/06\/27\/guter-kumpel-fur-ruppige-gelande-touren\/#breadcrumb","itemListElement":[{"@type":"ListItem","position":1,"name":"Startseite","item":"https:\/\/blog.zeit.de\/fahrrad\/"},{"@type":"ListItem","position":2,"name":"Guter Kumpel f\u00fcr ruppige Gel\u00e4ndetouren"}]},{"@type":"WebSite","@id":"https:\/\/blog.zeit.de\/fahrrad\/#website","url":"https:\/\/blog.zeit.de\/fahrrad\/","name":"Velophil","description":"Das Fahrrad-Blog","potentialAction":[{"@type":"SearchAction","target":{"@type":"EntryPoint","urlTemplate":"https:\/\/blog.zeit.de\/fahrrad\/?s={search_term_string}"},"query-input":"required name=search_term_string"}],"inLanguage":"de"},{"@type":"Person","@id":"https:\/\/blog.zeit.de\/fahrrad\/#\/schema\/person\/9fe49d0d69e31b7d1d311f861f764dfc","name":"Andrea Reidl","image":{"@type":"ImageObject","inLanguage":"de","@id":"https:\/\/blog.zeit.de\/fahrrad\/#\/schema\/person\/image\/","url":"https:\/\/secure.gravatar.com\/avatar\/52595868054cdd5e076af9664613db489c74a4ed484ee30b2f82136c624f1797?s=96&d=mm&r=g","contentUrl":"https:\/\/secure.gravatar.com\/avatar\/52595868054cdd5e076af9664613db489c74a4ed484ee30b2f82136c624f1797?s=96&d=mm&r=g","caption":"Andrea Reidl"},"url":"https:\/\/blog.zeit.de\/fahrrad\/author\/areidl\/"}]}},"jetpack_featured_media_url":"","jetpack_sharing_enabled":true,"_links":{"self":[{"href":"https:\/\/blog.zeit.de\/fahrrad\/wp-json\/wp\/v2\/posts\/2744","targetHints":{"allow":["GET"]}}],"collection":[{"href":"https:\/\/blog.zeit.de\/fahrrad\/wp-json\/wp\/v2\/posts"}],"about":[{"href":"https:\/\/blog.zeit.de\/fahrrad\/wp-json\/wp\/v2\/types\/post"}],"author":[{"embeddable":true,"href":"https:\/\/blog.zeit.de\/fahrrad\/wp-json\/wp\/v2\/users\/385"}],"replies":[{"embeddable":true,"href":"https:\/\/blog.zeit.de\/fahrrad\/wp-json\/wp\/v2\/comments?post=2744"}],"version-history":[{"count":7,"href":"https:\/\/blog.zeit.de\/fahrrad\/wp-json\/wp\/v2\/posts\/2744\/revisions"}],"predecessor-version":[{"id":2756,"href":"https:\/\/blog.zeit.de\/fahrrad\/wp-json\/wp\/v2\/posts\/2744\/revisions\/2756"}],"wp:attachment":[{"href":"https:\/\/blog.zeit.de\/fahrrad\/wp-json\/wp\/v2\/media?parent=2744"}],"wp:term":[{"taxonomy":"category","embeddable":true,"href":"https:\/\/blog.zeit.de\/fahrrad\/wp-json\/wp\/v2\/categories?post=2744"},{"taxonomy":"post_tag","embeddable":true,"href":"https:\/\/blog.zeit.de\/fahrrad\/wp-json\/wp\/v2\/tags?post=2744"}],"curies":[{"name":"wp","href":"https:\/\/api.w.org\/{rel}","templated":true}]}}