{"id":2973,"date":"2013-07-29T11:27:41","date_gmt":"2013-07-29T09:27:41","guid":{"rendered":"http:\/\/blog.zeit.de\/fahrrad\/?p=2973"},"modified":"2013-07-29T11:37:29","modified_gmt":"2013-07-29T09:37:29","slug":"praktische-taschen","status":"publish","type":"post","link":"https:\/\/blog.zeit.de\/fahrrad\/2013\/07\/29\/praktische-taschen\/","title":{"rendered":"Praktische Taschen"},"content":{"rendered":"<p><figure id=\"attachment_2982\" aria-describedby=\"caption-attachment-2982\" style=\"width: 511px\" class=\"wp-caption aligncenter\"><img loading=\"lazy\" decoding=\"async\" class=\"size-full wp-image-2982\" alt=\"\u00a9 Ortlieb\" src=\"https:\/\/blog.zeit.de\/fahrrad\/files\/2013\/07\/bags_hv_group.jpeg\" width=\"511\" height=\"399\" \/><figcaption id=\"caption-attachment-2982\" class=\"wp-caption-text\">\u00a9 Ortlieb<\/figcaption><\/figure><\/p>\n<p>Die Taschenauswahl f\u00fcr das Fahrrad ist mittlerweile gro\u00df und vielf\u00e4ltig. Hier drei clevere Beispiele f\u00fcr den Gep\u00e4cktr\u00e4ger, den Lenker und den R\u00fccken.<\/p>\n<p>Mit einem komplett neuen Konzept kommt der Taschenhersteller Ortlieb 2014 auf den Markt. Statt nur Reflektorstreifen anzubringen, bringt der Hersteller mit Hilfe eines reflektierenden Garns die komplette Packtasche zum Leuchten. In der neuen Serie High-Visibility ist das Garn in dem Cordurastoff eingearbeitet. Wird die Tasche angestrahlt, reflektiert sie. Selbst schwarze Taschen beginnen so nachts und in der D\u00e4mmerung zu leuchten. Das Garn wird auch f\u00fcr die Office-Bag, Lenker- und Lowridertaschen verwendet. Eine echte Innovation, die die Sicherheit f\u00fcr Radfahrer erh\u00f6ht.<\/p>\n<p>Seit ein paar Jahren sind K\u00f6rbe f\u00fcr Citybikes ziemlich im Kommen. Racktime bietet mit dem Korb Handle-it ein System f\u00fcr den Lenker an, das recht praktisch ist. Der Korb l\u00e4sst sich leicht abnehmen, die Halterung kann man aber abschlie\u00dfen und das Verdeck l\u00e4sst sich schnell per Gummizug schlie\u00dfen. Es h\u00e4lt allerdings nur bei leichten Schauern dicht, f\u00fcr den kr\u00e4ftigen Guss gibt es eine Regenhaube dazu.<\/p>\n<p><figure id=\"attachment_2969\" aria-describedby=\"caption-attachment-2969\" style=\"width: 300px\" class=\"wp-caption aligncenter\"><img decoding=\"async\" class=\" wp-image-2969 \" alt=\"\u00a9 Racktime\" src=\"https:\/\/blog.zeit.de\/fahrrad\/files\/2013\/07\/handleit_t20047_front1.jpg\" width=\"300\" srcset=\"https:\/\/blog.zeit.de\/fahrrad\/files\/2013\/07\/handleit_t20047_front1.jpg 2126w, https:\/\/blog.zeit.de\/fahrrad\/files\/2013\/07\/handleit_t20047_front1-540x480.jpg 540w, https:\/\/blog.zeit.de\/fahrrad\/files\/2013\/07\/handleit_t20047_front1-1024x910.jpg 1024w\" sizes=\"(max-width: 2126px) 100vw, 2126px\" \/><figcaption id=\"caption-attachment-2969\" class=\"wp-caption-text\">\u00a9 Racktime<\/figcaption><\/figure><\/p>\n<p><figure id=\"attachment_2968\" aria-describedby=\"caption-attachment-2968\" style=\"width: 300px\" class=\"wp-caption aligncenter\"><img loading=\"lazy\" decoding=\"async\" class=\" wp-image-2968 \" alt=\"\u00a9 Racktime\" src=\"https:\/\/blog.zeit.de\/fahrrad\/files\/2013\/07\/handleit_t20046_back.jpg\" width=\"300\" height=\"267\" \/><figcaption id=\"caption-attachment-2968\" class=\"wp-caption-text\">\u00a9 Racktime<\/figcaption><\/figure><\/p>\n<p>Manchmal ist es allerdings auch praktisch, beim Radfahren einen Rucksack zu tragen. Mir gefallen Modelle, wenn sie gerade mal handbreit sind und zwischen 1,5 und 2 Liter fassen. Ein gutes Volumen, um einen Snack, die Windjacke sowie Arm- und Beinlinge zu verstauen. Wir haben ein altes Modell in unserem Haushalt, allerdings ist es schon 20 Jahre alt und wir suchen jetzt etwas Vergleichbares. F\u00fcndig geworden bin ich bislang nur bei Trinkrucks\u00e4cken. Die besten Alternativen finde ich zurzeit die beiden Trinkrucks\u00e4cke Rogue (2l) und Skeeter (1,5l)\u00a0 von Camelbak \u2013 ohne Inhalt.<\/p>\n<p><figure id=\"attachment_2932\" aria-describedby=\"caption-attachment-2932\" style=\"width: 300px\" class=\"wp-caption aligncenter\"><img decoding=\"async\" class=\" wp-image-2932 \" alt=\"Camelbak Skeeter \/ Camelbak\" src=\"https:\/\/blog.zeit.de\/fahrrad\/files\/2013\/07\/camelbakskeeterpink.jpg\" width=\"300\" srcset=\"https:\/\/blog.zeit.de\/fahrrad\/files\/2013\/07\/camelbakskeeterpink.jpg 3000w, https:\/\/blog.zeit.de\/fahrrad\/files\/2013\/07\/camelbakskeeterpink-540x540.jpg 540w, https:\/\/blog.zeit.de\/fahrrad\/files\/2013\/07\/camelbakskeeterpink-1024x1024.jpg 1024w\" sizes=\"(max-width: 3000px) 100vw, 3000px\" \/><figcaption id=\"caption-attachment-2932\" class=\"wp-caption-text\">Camelbak Skeeter \/ Camelbak<\/figcaption><\/figure><\/p>\n<p><figure id=\"attachment_2931\" aria-describedby=\"caption-attachment-2931\" style=\"width: 300px\" class=\"wp-caption aligncenter\"><img decoding=\"async\" class=\" wp-image-2931 \" alt=\"Camelbak Rouge \u00a9  Camelbak\" src=\"https:\/\/blog.zeit.de\/fahrrad\/files\/2013\/07\/camelbakroguered.jpg\" width=\"300\" srcset=\"https:\/\/blog.zeit.de\/fahrrad\/files\/2013\/07\/camelbakroguered.jpg 3000w, https:\/\/blog.zeit.de\/fahrrad\/files\/2013\/07\/camelbakroguered-540x540.jpg 540w, https:\/\/blog.zeit.de\/fahrrad\/files\/2013\/07\/camelbakroguered-1024x1024.jpg 1024w\" sizes=\"(max-width: 3000px) 100vw, 3000px\" \/><figcaption id=\"caption-attachment-2931\" class=\"wp-caption-text\">Camelbak Rouge \u00a9 Camelbak<\/figcaption><\/figure><\/p>\n","protected":false},"excerpt":{"rendered":"<p>Die Taschenauswahl f\u00fcr das Fahrrad ist mittlerweile gro\u00df und vielf\u00e4ltig. Hier drei clevere Beispiele f\u00fcr den Gep\u00e4cktr\u00e4ger, den Lenker und den R\u00fccken. Mit einem komplett neuen Konzept kommt der Taschenhersteller Ortlieb 2014 auf den Markt. Statt nur Reflektorstreifen anzubringen, bringt der Hersteller mit Hilfe eines reflektierenden Garns die komplette Packtasche zum Leuchten. In der neuen [&hellip;]<\/p>\n","protected":false},"author":385,"featured_media":0,"comment_status":"open","ping_status":"open","sticky":false,"template":"","format":"standard","meta":{"_jetpack_memberships_contains_paid_content":false,"footnotes":""},"categories":[23037,1,319,1692],"tags":[20694,27187,27058,27189,27186,27188,27097],"class_list":["post-2973","post","type-post","status-publish","format-standard","hentry","category-accessoire","category-uncategorized","category-forschung","category-mode","tag-fahrrad","tag-korb","tag-lenker","tag-material-reflektiert","tag-packtasche","tag-rucksack","tag-tasche"],"yoast_head":"<!-- This site is optimized with the Yoast SEO plugin v21.0 - https:\/\/yoast.com\/wordpress\/plugins\/seo\/ -->\n<title>Praktische Taschen - Velophil<\/title>\n<meta name=\"robots\" content=\"index, follow, max-snippet:-1, max-image-preview:large, max-video-preview:-1\" \/>\n<link rel=\"canonical\" href=\"https:\/\/blog.zeit.de\/fahrrad\/2013\/07\/29\/praktische-taschen\/\" \/>\n<meta property=\"og:locale\" content=\"de_DE\" \/>\n<meta property=\"og:type\" content=\"article\" \/>\n<meta property=\"og:title\" content=\"Praktische Taschen - Velophil\" \/>\n<meta property=\"og:description\" content=\"Die Taschenauswahl f\u00fcr das Fahrrad ist mittlerweile gro\u00df und vielf\u00e4ltig. Hier drei clevere Beispiele f\u00fcr den Gep\u00e4cktr\u00e4ger, den Lenker und den R\u00fccken. Mit einem komplett neuen Konzept kommt der Taschenhersteller Ortlieb 2014 auf den Markt. Statt nur Reflektorstreifen anzubringen, bringt der Hersteller mit Hilfe eines reflektierenden Garns die komplette Packtasche zum Leuchten. In der neuen [&hellip;]\" \/>\n<meta property=\"og:url\" content=\"https:\/\/blog.zeit.de\/fahrrad\/2013\/07\/29\/praktische-taschen\/\" \/>\n<meta property=\"og:site_name\" content=\"Velophil\" \/>\n<meta property=\"article:published_time\" content=\"2013-07-29T09:27:41+00:00\" \/>\n<meta property=\"article:modified_time\" content=\"2013-07-29T09:37:29+00:00\" \/>\n<meta property=\"og:image\" content=\"https:\/\/blog.zeit.de\/fahrrad\/files\/2013\/07\/bags_hv_group.jpeg\" \/>\n<meta name=\"author\" content=\"Andrea Reidl\" \/>\n<meta name=\"twitter:card\" content=\"summary_large_image\" \/>\n<meta name=\"twitter:creator\" content=\"@zeitonline\" \/>\n<meta name=\"twitter:site\" content=\"@zeitonline\" \/>\n<meta name=\"twitter:label1\" content=\"Geschrieben von\" \/>\n\t<meta name=\"twitter:data1\" content=\"Andrea Reidl\" \/>\n\t<meta name=\"twitter:label2\" content=\"Gesch\u00e4tzte Lesezeit\" \/>\n\t<meta name=\"twitter:data2\" content=\"2\u00a0Minuten\" \/>\n<script type=\"application\/ld+json\" class=\"yoast-schema-graph\">{\"@context\":\"https:\/\/schema.org\",\"@graph\":[{\"@type\":\"WebPage\",\"@id\":\"https:\/\/blog.zeit.de\/fahrrad\/2013\/07\/29\/praktische-taschen\/\",\"url\":\"https:\/\/blog.zeit.de\/fahrrad\/2013\/07\/29\/praktische-taschen\/\",\"name\":\"Praktische Taschen - Velophil\",\"isPartOf\":{\"@id\":\"https:\/\/blog.zeit.de\/fahrrad\/#website\"},\"datePublished\":\"2013-07-29T09:27:41+00:00\",\"dateModified\":\"2013-07-29T09:37:29+00:00\",\"author\":{\"@id\":\"https:\/\/blog.zeit.de\/fahrrad\/#\/schema\/person\/9fe49d0d69e31b7d1d311f861f764dfc\"},\"breadcrumb\":{\"@id\":\"https:\/\/blog.zeit.de\/fahrrad\/2013\/07\/29\/praktische-taschen\/#breadcrumb\"},\"inLanguage\":\"de\",\"potentialAction\":[{\"@type\":\"ReadAction\",\"target\":[\"https:\/\/blog.zeit.de\/fahrrad\/2013\/07\/29\/praktische-taschen\/\"]}]},{\"@type\":\"BreadcrumbList\",\"@id\":\"https:\/\/blog.zeit.de\/fahrrad\/2013\/07\/29\/praktische-taschen\/#breadcrumb\",\"itemListElement\":[{\"@type\":\"ListItem\",\"position\":1,\"name\":\"Startseite\",\"item\":\"https:\/\/blog.zeit.de\/fahrrad\/\"},{\"@type\":\"ListItem\",\"position\":2,\"name\":\"Praktische Taschen\"}]},{\"@type\":\"WebSite\",\"@id\":\"https:\/\/blog.zeit.de\/fahrrad\/#website\",\"url\":\"https:\/\/blog.zeit.de\/fahrrad\/\",\"name\":\"Velophil\",\"description\":\"Das Fahrrad-Blog\",\"potentialAction\":[{\"@type\":\"SearchAction\",\"target\":{\"@type\":\"EntryPoint\",\"urlTemplate\":\"https:\/\/blog.zeit.de\/fahrrad\/?s={search_term_string}\"},\"query-input\":\"required name=search_term_string\"}],\"inLanguage\":\"de\"},{\"@type\":\"Person\",\"@id\":\"https:\/\/blog.zeit.de\/fahrrad\/#\/schema\/person\/9fe49d0d69e31b7d1d311f861f764dfc\",\"name\":\"Andrea Reidl\",\"image\":{\"@type\":\"ImageObject\",\"inLanguage\":\"de\",\"@id\":\"https:\/\/blog.zeit.de\/fahrrad\/#\/schema\/person\/image\/\",\"url\":\"https:\/\/secure.gravatar.com\/avatar\/52595868054cdd5e076af9664613db489c74a4ed484ee30b2f82136c624f1797?s=96&d=mm&r=g\",\"contentUrl\":\"https:\/\/secure.gravatar.com\/avatar\/52595868054cdd5e076af9664613db489c74a4ed484ee30b2f82136c624f1797?s=96&d=mm&r=g\",\"caption\":\"Andrea Reidl\"},\"url\":\"https:\/\/blog.zeit.de\/fahrrad\/author\/areidl\/\"}]}<\/script>\n<!-- \/ Yoast SEO plugin. -->","yoast_head_json":{"title":"Praktische Taschen - Velophil","robots":{"index":"index","follow":"follow","max-snippet":"max-snippet:-1","max-image-preview":"max-image-preview:large","max-video-preview":"max-video-preview:-1"},"canonical":"https:\/\/blog.zeit.de\/fahrrad\/2013\/07\/29\/praktische-taschen\/","og_locale":"de_DE","og_type":"article","og_title":"Praktische Taschen - Velophil","og_description":"Die Taschenauswahl f\u00fcr das Fahrrad ist mittlerweile gro\u00df und vielf\u00e4ltig. Hier drei clevere Beispiele f\u00fcr den Gep\u00e4cktr\u00e4ger, den Lenker und den R\u00fccken. Mit einem komplett neuen Konzept kommt der Taschenhersteller Ortlieb 2014 auf den Markt. Statt nur Reflektorstreifen anzubringen, bringt der Hersteller mit Hilfe eines reflektierenden Garns die komplette Packtasche zum Leuchten. In der neuen [&hellip;]","og_url":"https:\/\/blog.zeit.de\/fahrrad\/2013\/07\/29\/praktische-taschen\/","og_site_name":"Velophil","article_published_time":"2013-07-29T09:27:41+00:00","article_modified_time":"2013-07-29T09:37:29+00:00","og_image":[{"url":"https:\/\/blog.zeit.de\/fahrrad\/files\/2013\/07\/bags_hv_group.jpeg"}],"author":"Andrea Reidl","twitter_card":"summary_large_image","twitter_creator":"@zeitonline","twitter_site":"@zeitonline","twitter_misc":{"Geschrieben von":"Andrea Reidl","Gesch\u00e4tzte Lesezeit":"2\u00a0Minuten"},"schema":{"@context":"https:\/\/schema.org","@graph":[{"@type":"WebPage","@id":"https:\/\/blog.zeit.de\/fahrrad\/2013\/07\/29\/praktische-taschen\/","url":"https:\/\/blog.zeit.de\/fahrrad\/2013\/07\/29\/praktische-taschen\/","name":"Praktische Taschen - Velophil","isPartOf":{"@id":"https:\/\/blog.zeit.de\/fahrrad\/#website"},"datePublished":"2013-07-29T09:27:41+00:00","dateModified":"2013-07-29T09:37:29+00:00","author":{"@id":"https:\/\/blog.zeit.de\/fahrrad\/#\/schema\/person\/9fe49d0d69e31b7d1d311f861f764dfc"},"breadcrumb":{"@id":"https:\/\/blog.zeit.de\/fahrrad\/2013\/07\/29\/praktische-taschen\/#breadcrumb"},"inLanguage":"de","potentialAction":[{"@type":"ReadAction","target":["https:\/\/blog.zeit.de\/fahrrad\/2013\/07\/29\/praktische-taschen\/"]}]},{"@type":"BreadcrumbList","@id":"https:\/\/blog.zeit.de\/fahrrad\/2013\/07\/29\/praktische-taschen\/#breadcrumb","itemListElement":[{"@type":"ListItem","position":1,"name":"Startseite","item":"https:\/\/blog.zeit.de\/fahrrad\/"},{"@type":"ListItem","position":2,"name":"Praktische Taschen"}]},{"@type":"WebSite","@id":"https:\/\/blog.zeit.de\/fahrrad\/#website","url":"https:\/\/blog.zeit.de\/fahrrad\/","name":"Velophil","description":"Das Fahrrad-Blog","potentialAction":[{"@type":"SearchAction","target":{"@type":"EntryPoint","urlTemplate":"https:\/\/blog.zeit.de\/fahrrad\/?s={search_term_string}"},"query-input":"required name=search_term_string"}],"inLanguage":"de"},{"@type":"Person","@id":"https:\/\/blog.zeit.de\/fahrrad\/#\/schema\/person\/9fe49d0d69e31b7d1d311f861f764dfc","name":"Andrea Reidl","image":{"@type":"ImageObject","inLanguage":"de","@id":"https:\/\/blog.zeit.de\/fahrrad\/#\/schema\/person\/image\/","url":"https:\/\/secure.gravatar.com\/avatar\/52595868054cdd5e076af9664613db489c74a4ed484ee30b2f82136c624f1797?s=96&d=mm&r=g","contentUrl":"https:\/\/secure.gravatar.com\/avatar\/52595868054cdd5e076af9664613db489c74a4ed484ee30b2f82136c624f1797?s=96&d=mm&r=g","caption":"Andrea Reidl"},"url":"https:\/\/blog.zeit.de\/fahrrad\/author\/areidl\/"}]}},"jetpack_featured_media_url":"","jetpack_sharing_enabled":true,"_links":{"self":[{"href":"https:\/\/blog.zeit.de\/fahrrad\/wp-json\/wp\/v2\/posts\/2973","targetHints":{"allow":["GET"]}}],"collection":[{"href":"https:\/\/blog.zeit.de\/fahrrad\/wp-json\/wp\/v2\/posts"}],"about":[{"href":"https:\/\/blog.zeit.de\/fahrrad\/wp-json\/wp\/v2\/types\/post"}],"author":[{"embeddable":true,"href":"https:\/\/blog.zeit.de\/fahrrad\/wp-json\/wp\/v2\/users\/385"}],"replies":[{"embeddable":true,"href":"https:\/\/blog.zeit.de\/fahrrad\/wp-json\/wp\/v2\/comments?post=2973"}],"version-history":[{"count":13,"href":"https:\/\/blog.zeit.de\/fahrrad\/wp-json\/wp\/v2\/posts\/2973\/revisions"}],"predecessor-version":[{"id":3014,"href":"https:\/\/blog.zeit.de\/fahrrad\/wp-json\/wp\/v2\/posts\/2973\/revisions\/3014"}],"wp:attachment":[{"href":"https:\/\/blog.zeit.de\/fahrrad\/wp-json\/wp\/v2\/media?parent=2973"}],"wp:term":[{"taxonomy":"category","embeddable":true,"href":"https:\/\/blog.zeit.de\/fahrrad\/wp-json\/wp\/v2\/categories?post=2973"},{"taxonomy":"post_tag","embeddable":true,"href":"https:\/\/blog.zeit.de\/fahrrad\/wp-json\/wp\/v2\/tags?post=2973"}],"curies":[{"name":"wp","href":"https:\/\/api.w.org\/{rel}","templated":true}]}}