{"id":3059,"date":"2013-08-19T11:10:46","date_gmt":"2013-08-19T09:10:46","guid":{"rendered":"http:\/\/blog.zeit.de\/fahrrad\/?p=3059"},"modified":"2013-08-19T12:05:16","modified_gmt":"2013-08-19T10:05:16","slug":"cooler-langstreckenrenner-auf-drei-radern","status":"publish","type":"post","link":"https:\/\/blog.zeit.de\/fahrrad\/2013\/08\/19\/cooler-langstreckenrenner-auf-drei-radern\/","title":{"rendered":"Cooler Langstreckenrenner auf drei R\u00e4dern"},"content":{"rendered":"<p><figure id=\"attachment_3055\" aria-describedby=\"caption-attachment-3055\" style=\"width: 540px\" class=\"wp-caption aligncenter\"><img decoding=\"async\" class=\" wp-image-3055 \" alt=\" \u00a9 HP Velotechnik\" src=\"https:\/\/blog.zeit.de\/fahrrad\/files\/2013\/08\/DDK7114_HP.jpg\" width=\"540\" srcset=\"https:\/\/blog.zeit.de\/fahrrad\/files\/2013\/08\/DDK7114_HP.jpg 639w, https:\/\/blog.zeit.de\/fahrrad\/files\/2013\/08\/DDK7114_HP-540x360.jpg 540w\" sizes=\"(max-width: 639px) 100vw, 639px\" \/><figcaption id=\"caption-attachment-3055\" class=\"wp-caption-text\">\u00a9 HP Velotechnik<\/figcaption><\/figure><\/p>\n<p>Und wo ist der Sicherheitsgurt? Diese Frage blitzt kurz auf, als ich das erste Mal auf dem Scorpion fs 26 Platz nehme. Der Sitz ist bequem, seine Position 30 Zentimeter \u00fcber dem Boden sportlich. 500 Watt hat der Bionx Motor, das Hinterrad ist mit 26 Zoll gr\u00f6\u00dfer als die beiden vorne. Das erh\u00f6ht den Fahrkomfort auf schlechten Stra\u00dfen. In Kombination mit der verbauten Automobiltechnik wird schnell deutlich: Das ist kein Rad f\u00fcr Tr\u00e4umer oder Tr\u00f6dler, das ist ein Renner.<!--more--><\/p>\n<p>45 km\/h schafft der Scorpion mit Motor. &#8222;Fahren Sie vorsichtig&#8220;, hatte mich der Hersteller Paul Hollants von HP Velotechnik vor der ersten Probefahrt gewarnt. Auch ein Dreirad kann umkippen, wenn man die Kurven zu schnell nimmt.<\/p>\n<p>Die Warnung ist angebracht, denn die Versuchung ist gro\u00df. Mit Motor erreicht jeder Fahrer Geschwindigkeitsbereiche, in denen sich sonst nur trainierte Rennradfahrer bewegen. Sie haben sich die F\u00e4higkeit zum Tempo meist lange erarbeitet. Anders die Fahrer mit Motor: Sie bekommen das Tempo frei Haus, das fahrerische K\u00f6nnen muss im Schnellverfahren nachr\u00fccken. Denn langsam fahren die wenigsten, wenn die Energie aus der Konserve kommt.<\/p>\n<p>Bei dem Scorpion fs 26 ist das Techniktraining recht unkompliziert. Wer sich auf einer vertrauten, kurvenreichen Strecke mit wenig Verkehr langsam einf\u00e4hrt, hat den Dreh schnell raus. Dann beginnt das, was mir mit dem Dreirad am meisten Spa\u00df gemacht hat: um die Kurven zu tanzen. Gerne immer wieder und dann auch mit 35 km\/h.<\/p>\n<p>Dabei ist der Scorpion eher ein Langstreckenrenner, ein ziemlich cooles Pendlergef\u00e4hrt und, wenn ich an die vielen Kommentare auf der Stra\u00dfe denke, anscheinend ein echtes M\u00e4nnerfahrzeug.<\/p>\n<p><figure id=\"attachment_3058\" aria-describedby=\"caption-attachment-3058\" style=\"width: 480px\" class=\"wp-caption aligncenter\"><img loading=\"lazy\" decoding=\"async\" class=\"size-full wp-image-3058 \" alt=\"MacPherson Federbein \u00a9 Reidl\" src=\"https:\/\/blog.zeit.de\/fahrrad\/files\/2013\/08\/20130630_181319.jpg\" width=\"480\" height=\"640\" srcset=\"https:\/\/blog.zeit.de\/fahrrad\/files\/2013\/08\/20130630_181319.jpg 480w, https:\/\/blog.zeit.de\/fahrrad\/files\/2013\/08\/20130630_181319-405x540.jpg 405w\" sizes=\"auto, (max-width: 480px) 100vw, 480px\" \/><figcaption id=\"caption-attachment-3058\" class=\"wp-caption-text\">McPherson Federbein \u00a9 Reidl<\/figcaption><\/figure><\/p>\n<p>Sobald ich anhielt, wurde ich von M\u00e4nnern in acht von zehn F\u00e4llen nach den McPherson Federbeinen gefragt. Das ist eine Einzelradaufh\u00e4ngung. In Kombination mit einem Querstabilisator sorgt sie daf\u00fcr, dass der Scorpion bei schnellen Kurvenfahrten die Spur h\u00e4lt. Die Federung f\u00e4llt auf: Sie ist an dem Fahrzeug das einzige Element in blau. Das sieht gut aus und ist ein cleverer Schachzug des Herstellers. Technikaffine Fahrer erkennen dieses Detail sofort und schauen sich das Fahrzeug intensiv an.<\/p>\n<p>Das zweite beliebte Gespr\u00e4chsthema mit Unbekannten auf der Stra\u00dfe ist die Reichweite, denn Lieger\u00e4der sind von jeher Kilometerfresser. Das Scorpion fs 26 hat einen sehr variablen Aktionsradius. Mit Unterst\u00fctzungsstufe zwei bin ich 70 Kilometer weit gefahren und hatte noch zwei von f\u00fcnf Akkuladungen in petto. Bei voller Motorleistung und Steigungen saugt der Motor den Akku dagegen so schnell leer, dass man fast dabei zusehen kann. Ich kam damit etwas \u00fcber 50 Kilometer weit.<\/p>\n<p>Was man nicht vergessen darf, ist die Arbeit, die man selbst leistet. Ein Pedelec f\u00e4hrt nicht von allein. Der Fahrer muss kr\u00e4ftig in die Pedale treten, um Geschwindigkeiten von \u00fcber 40 km\/h \u00fcberhaupt zu erreichen. Das ist beim Scorpion anfangs etwas ungewohnt, weil andere Muskeln beansprucht werden als beim herk\u00f6mmlichen Radfahren. Grunds\u00e4tzlich ist das Fahren in der Liegesitzposition aber erstaunlich bequem. Verspannte Schultern gibt es auf dem Rad nicht. Im Gegenteil, die Haltung entlastet den gesamten Nacken- und Schulterbereich.<\/p>\n<p>Man kann mit dem Trike durchaus auch Feldwege bew\u00e4ltigen, aber sein Terrain ist die Stra\u00dfe. Als Verkehrsteilnehmer ist man dort komfortabler unterwegs als mit einem herk\u00f6mmlichen Zweirad. Das hat einen einfachen Grund: Die Autofahrer halten mehr Abstand. Vielleicht macht einen das Kennzeichen am Heck zum Verb\u00fcndeten, vielleicht ist es auch nur das fremde Gef\u00e4hrt oder ein subjektives Empfinden. Schlie\u00dflich sind beim Trike nicht die H\u00e4nde am Lenker die \u00e4u\u00dferste Seitenbegrenzung, sondern die beiden Vorderr\u00e4der mit ihren Schutzblechen. Sie erweitern noch mal die Pufferzone zu dem gr\u00f6\u00dferen Abstand, den die Autos einhalten.<\/p>\n<p>Als Fahrer bewegt man sich im Stadtverkehr aufmerksamer als \u00fcblich. Insbesondere an Kreuzungen. Auf dem Trike beginnt man aus Eigeninteresse das, wof\u00fcr Verkehrsplaner in Berlin und Freiburg mit ihrer R\u00fccksicht-Kampagne derzeit werben: Man nimmt bewusst Blickkontakt zu den Autofahrern auf. Denn die Bef\u00fcrchtung, von abbiegenden Autos \u00fcbersehen zu werden, ist an un\u00fcbersichtlichen Kreuzungen durchaus realistisch.<\/p>\n<p><figure id=\"attachment_3056\" aria-describedby=\"caption-attachment-3056\" style=\"width: 640px\" class=\"wp-caption aligncenter\"><img loading=\"lazy\" decoding=\"async\" class=\"size-full wp-image-3056\" alt=\"Akku und 500 Watt Bionx Motorim neuen Design. Das Hinterrad misst 26 Zoll, die Vorderr\u00e4der 20 Zoll \u00a9 Reidl\" src=\"https:\/\/blog.zeit.de\/fahrrad\/files\/2013\/08\/20130630_081809.jpg\" width=\"640\" height=\"480\" srcset=\"https:\/\/blog.zeit.de\/fahrrad\/files\/2013\/08\/20130630_081809.jpg 640w, https:\/\/blog.zeit.de\/fahrrad\/files\/2013\/08\/20130630_081809-540x405.jpg 540w\" sizes=\"auto, (max-width: 640px) 100vw, 640px\" \/><figcaption id=\"caption-attachment-3056\" class=\"wp-caption-text\">Akku und 500 Watt Bionx Motor im neuen Design. Das Hinterrad misst 26 Zoll, die Vorderr\u00e4der 20 Zoll \u00a9 Reidl<\/figcaption><\/figure><\/p>\n","protected":false},"excerpt":{"rendered":"<p>Und wo ist der Sicherheitsgurt? Diese Frage blitzt kurz auf, als ich das erste Mal auf dem Scorpion fs 26 Platz nehme. Der Sitz ist bequem, seine Position 30 Zentimeter \u00fcber dem Boden sportlich. 500 Watt hat der Bionx Motor, das Hinterrad ist mit 26 Zoll gr\u00f6\u00dfer als die beiden vorne. Das erh\u00f6ht den Fahrkomfort [&hellip;]<\/p>\n","protected":false},"author":385,"featured_media":0,"comment_status":"open","ping_status":"open","sticky":false,"template":"","format":"standard","meta":{"_jetpack_memberships_contains_paid_content":false,"footnotes":""},"categories":[22997,23036,23033],"tags":[27207,27206,36150,23100,27209,12653,27190],"class_list":["post-3059","post","type-post","status-publish","format-standard","hentry","category-e-bike","category-fahrradtechnik","category-rader","tag-45-kmh","tag-scorpion-fs-26","tag-stadt","tag-strase","tag-strasenlage","tag-technik","tag-trike"],"yoast_head":"<!-- This site is optimized with the Yoast SEO plugin v21.0 - https:\/\/yoast.com\/wordpress\/plugins\/seo\/ -->\n<title>Cooler Langstreckenrenner auf drei R\u00e4dern - Velophil<\/title>\n<meta name=\"robots\" content=\"index, follow, max-snippet:-1, max-image-preview:large, max-video-preview:-1\" \/>\n<link rel=\"canonical\" href=\"https:\/\/blog.zeit.de\/fahrrad\/2013\/08\/19\/cooler-langstreckenrenner-auf-drei-radern\/\" \/>\n<meta property=\"og:locale\" content=\"de_DE\" \/>\n<meta property=\"og:type\" content=\"article\" \/>\n<meta property=\"og:title\" content=\"Cooler Langstreckenrenner auf drei R\u00e4dern - Velophil\" \/>\n<meta property=\"og:description\" content=\"Und wo ist der Sicherheitsgurt? Diese Frage blitzt kurz auf, als ich das erste Mal auf dem Scorpion fs 26 Platz nehme. Der Sitz ist bequem, seine Position 30 Zentimeter \u00fcber dem Boden sportlich. 500 Watt hat der Bionx Motor, das Hinterrad ist mit 26 Zoll gr\u00f6\u00dfer als die beiden vorne. Das erh\u00f6ht den Fahrkomfort [&hellip;]\" \/>\n<meta property=\"og:url\" content=\"https:\/\/blog.zeit.de\/fahrrad\/2013\/08\/19\/cooler-langstreckenrenner-auf-drei-radern\/\" \/>\n<meta property=\"og:site_name\" content=\"Velophil\" \/>\n<meta property=\"article:published_time\" content=\"2013-08-19T09:10:46+00:00\" \/>\n<meta property=\"article:modified_time\" content=\"2013-08-19T10:05:16+00:00\" \/>\n<meta property=\"og:image\" content=\"https:\/\/blog.zeit.de\/fahrrad\/files\/2013\/08\/DDK7114_HP.jpg\" \/>\n<meta name=\"author\" content=\"Andrea Reidl\" \/>\n<meta name=\"twitter:card\" content=\"summary_large_image\" \/>\n<meta name=\"twitter:creator\" content=\"@zeitonline\" \/>\n<meta name=\"twitter:site\" content=\"@zeitonline\" \/>\n<meta name=\"twitter:label1\" content=\"Geschrieben von\" \/>\n\t<meta name=\"twitter:data1\" content=\"Andrea Reidl\" \/>\n\t<meta name=\"twitter:label2\" content=\"Gesch\u00e4tzte Lesezeit\" \/>\n\t<meta name=\"twitter:data2\" content=\"4\u00a0Minuten\" \/>\n<script type=\"application\/ld+json\" class=\"yoast-schema-graph\">{\"@context\":\"https:\/\/schema.org\",\"@graph\":[{\"@type\":\"WebPage\",\"@id\":\"https:\/\/blog.zeit.de\/fahrrad\/2013\/08\/19\/cooler-langstreckenrenner-auf-drei-radern\/\",\"url\":\"https:\/\/blog.zeit.de\/fahrrad\/2013\/08\/19\/cooler-langstreckenrenner-auf-drei-radern\/\",\"name\":\"Cooler Langstreckenrenner auf drei R\u00e4dern - Velophil\",\"isPartOf\":{\"@id\":\"https:\/\/blog.zeit.de\/fahrrad\/#website\"},\"datePublished\":\"2013-08-19T09:10:46+00:00\",\"dateModified\":\"2013-08-19T10:05:16+00:00\",\"author\":{\"@id\":\"https:\/\/blog.zeit.de\/fahrrad\/#\/schema\/person\/9fe49d0d69e31b7d1d311f861f764dfc\"},\"breadcrumb\":{\"@id\":\"https:\/\/blog.zeit.de\/fahrrad\/2013\/08\/19\/cooler-langstreckenrenner-auf-drei-radern\/#breadcrumb\"},\"inLanguage\":\"de\",\"potentialAction\":[{\"@type\":\"ReadAction\",\"target\":[\"https:\/\/blog.zeit.de\/fahrrad\/2013\/08\/19\/cooler-langstreckenrenner-auf-drei-radern\/\"]}]},{\"@type\":\"BreadcrumbList\",\"@id\":\"https:\/\/blog.zeit.de\/fahrrad\/2013\/08\/19\/cooler-langstreckenrenner-auf-drei-radern\/#breadcrumb\",\"itemListElement\":[{\"@type\":\"ListItem\",\"position\":1,\"name\":\"Startseite\",\"item\":\"https:\/\/blog.zeit.de\/fahrrad\/\"},{\"@type\":\"ListItem\",\"position\":2,\"name\":\"Cooler Langstreckenrenner auf drei R\u00e4dern\"}]},{\"@type\":\"WebSite\",\"@id\":\"https:\/\/blog.zeit.de\/fahrrad\/#website\",\"url\":\"https:\/\/blog.zeit.de\/fahrrad\/\",\"name\":\"Velophil\",\"description\":\"Das Fahrrad-Blog\",\"potentialAction\":[{\"@type\":\"SearchAction\",\"target\":{\"@type\":\"EntryPoint\",\"urlTemplate\":\"https:\/\/blog.zeit.de\/fahrrad\/?s={search_term_string}\"},\"query-input\":\"required name=search_term_string\"}],\"inLanguage\":\"de\"},{\"@type\":\"Person\",\"@id\":\"https:\/\/blog.zeit.de\/fahrrad\/#\/schema\/person\/9fe49d0d69e31b7d1d311f861f764dfc\",\"name\":\"Andrea Reidl\",\"image\":{\"@type\":\"ImageObject\",\"inLanguage\":\"de\",\"@id\":\"https:\/\/blog.zeit.de\/fahrrad\/#\/schema\/person\/image\/\",\"url\":\"https:\/\/secure.gravatar.com\/avatar\/52595868054cdd5e076af9664613db489c74a4ed484ee30b2f82136c624f1797?s=96&d=mm&r=g\",\"contentUrl\":\"https:\/\/secure.gravatar.com\/avatar\/52595868054cdd5e076af9664613db489c74a4ed484ee30b2f82136c624f1797?s=96&d=mm&r=g\",\"caption\":\"Andrea Reidl\"},\"url\":\"https:\/\/blog.zeit.de\/fahrrad\/author\/areidl\/\"}]}<\/script>\n<!-- \/ Yoast SEO plugin. -->","yoast_head_json":{"title":"Cooler Langstreckenrenner auf drei R\u00e4dern - Velophil","robots":{"index":"index","follow":"follow","max-snippet":"max-snippet:-1","max-image-preview":"max-image-preview:large","max-video-preview":"max-video-preview:-1"},"canonical":"https:\/\/blog.zeit.de\/fahrrad\/2013\/08\/19\/cooler-langstreckenrenner-auf-drei-radern\/","og_locale":"de_DE","og_type":"article","og_title":"Cooler Langstreckenrenner auf drei R\u00e4dern - Velophil","og_description":"Und wo ist der Sicherheitsgurt? Diese Frage blitzt kurz auf, als ich das erste Mal auf dem Scorpion fs 26 Platz nehme. Der Sitz ist bequem, seine Position 30 Zentimeter \u00fcber dem Boden sportlich. 500 Watt hat der Bionx Motor, das Hinterrad ist mit 26 Zoll gr\u00f6\u00dfer als die beiden vorne. Das erh\u00f6ht den Fahrkomfort [&hellip;]","og_url":"https:\/\/blog.zeit.de\/fahrrad\/2013\/08\/19\/cooler-langstreckenrenner-auf-drei-radern\/","og_site_name":"Velophil","article_published_time":"2013-08-19T09:10:46+00:00","article_modified_time":"2013-08-19T10:05:16+00:00","og_image":[{"url":"https:\/\/blog.zeit.de\/fahrrad\/files\/2013\/08\/DDK7114_HP.jpg"}],"author":"Andrea Reidl","twitter_card":"summary_large_image","twitter_creator":"@zeitonline","twitter_site":"@zeitonline","twitter_misc":{"Geschrieben von":"Andrea Reidl","Gesch\u00e4tzte Lesezeit":"4\u00a0Minuten"},"schema":{"@context":"https:\/\/schema.org","@graph":[{"@type":"WebPage","@id":"https:\/\/blog.zeit.de\/fahrrad\/2013\/08\/19\/cooler-langstreckenrenner-auf-drei-radern\/","url":"https:\/\/blog.zeit.de\/fahrrad\/2013\/08\/19\/cooler-langstreckenrenner-auf-drei-radern\/","name":"Cooler Langstreckenrenner auf drei R\u00e4dern - Velophil","isPartOf":{"@id":"https:\/\/blog.zeit.de\/fahrrad\/#website"},"datePublished":"2013-08-19T09:10:46+00:00","dateModified":"2013-08-19T10:05:16+00:00","author":{"@id":"https:\/\/blog.zeit.de\/fahrrad\/#\/schema\/person\/9fe49d0d69e31b7d1d311f861f764dfc"},"breadcrumb":{"@id":"https:\/\/blog.zeit.de\/fahrrad\/2013\/08\/19\/cooler-langstreckenrenner-auf-drei-radern\/#breadcrumb"},"inLanguage":"de","potentialAction":[{"@type":"ReadAction","target":["https:\/\/blog.zeit.de\/fahrrad\/2013\/08\/19\/cooler-langstreckenrenner-auf-drei-radern\/"]}]},{"@type":"BreadcrumbList","@id":"https:\/\/blog.zeit.de\/fahrrad\/2013\/08\/19\/cooler-langstreckenrenner-auf-drei-radern\/#breadcrumb","itemListElement":[{"@type":"ListItem","position":1,"name":"Startseite","item":"https:\/\/blog.zeit.de\/fahrrad\/"},{"@type":"ListItem","position":2,"name":"Cooler Langstreckenrenner auf drei R\u00e4dern"}]},{"@type":"WebSite","@id":"https:\/\/blog.zeit.de\/fahrrad\/#website","url":"https:\/\/blog.zeit.de\/fahrrad\/","name":"Velophil","description":"Das Fahrrad-Blog","potentialAction":[{"@type":"SearchAction","target":{"@type":"EntryPoint","urlTemplate":"https:\/\/blog.zeit.de\/fahrrad\/?s={search_term_string}"},"query-input":"required name=search_term_string"}],"inLanguage":"de"},{"@type":"Person","@id":"https:\/\/blog.zeit.de\/fahrrad\/#\/schema\/person\/9fe49d0d69e31b7d1d311f861f764dfc","name":"Andrea Reidl","image":{"@type":"ImageObject","inLanguage":"de","@id":"https:\/\/blog.zeit.de\/fahrrad\/#\/schema\/person\/image\/","url":"https:\/\/secure.gravatar.com\/avatar\/52595868054cdd5e076af9664613db489c74a4ed484ee30b2f82136c624f1797?s=96&d=mm&r=g","contentUrl":"https:\/\/secure.gravatar.com\/avatar\/52595868054cdd5e076af9664613db489c74a4ed484ee30b2f82136c624f1797?s=96&d=mm&r=g","caption":"Andrea Reidl"},"url":"https:\/\/blog.zeit.de\/fahrrad\/author\/areidl\/"}]}},"jetpack_featured_media_url":"","jetpack_sharing_enabled":true,"_links":{"self":[{"href":"https:\/\/blog.zeit.de\/fahrrad\/wp-json\/wp\/v2\/posts\/3059","targetHints":{"allow":["GET"]}}],"collection":[{"href":"https:\/\/blog.zeit.de\/fahrrad\/wp-json\/wp\/v2\/posts"}],"about":[{"href":"https:\/\/blog.zeit.de\/fahrrad\/wp-json\/wp\/v2\/types\/post"}],"author":[{"embeddable":true,"href":"https:\/\/blog.zeit.de\/fahrrad\/wp-json\/wp\/v2\/users\/385"}],"replies":[{"embeddable":true,"href":"https:\/\/blog.zeit.de\/fahrrad\/wp-json\/wp\/v2\/comments?post=3059"}],"version-history":[{"count":10,"href":"https:\/\/blog.zeit.de\/fahrrad\/wp-json\/wp\/v2\/posts\/3059\/revisions"}],"predecessor-version":[{"id":3068,"href":"https:\/\/blog.zeit.de\/fahrrad\/wp-json\/wp\/v2\/posts\/3059\/revisions\/3068"}],"wp:attachment":[{"href":"https:\/\/blog.zeit.de\/fahrrad\/wp-json\/wp\/v2\/media?parent=3059"}],"wp:term":[{"taxonomy":"category","embeddable":true,"href":"https:\/\/blog.zeit.de\/fahrrad\/wp-json\/wp\/v2\/categories?post=3059"},{"taxonomy":"post_tag","embeddable":true,"href":"https:\/\/blog.zeit.de\/fahrrad\/wp-json\/wp\/v2\/tags?post=3059"}],"curies":[{"name":"wp","href":"https:\/\/api.w.org\/{rel}","templated":true}]}}