{"id":3119,"date":"2013-08-30T12:32:38","date_gmt":"2013-08-30T10:32:38","guid":{"rendered":"http:\/\/blog.zeit.de\/fahrrad\/?p=3119"},"modified":"2013-08-30T15:07:56","modified_gmt":"2013-08-30T13:07:56","slug":"eurobike-neuheiten","status":"publish","type":"post","link":"https:\/\/blog.zeit.de\/fahrrad\/2013\/08\/30\/eurobike-neuheiten\/","title":{"rendered":"Und, was gibt&#8217;s Neues auf der Eurobike?"},"content":{"rendered":"<p><figure id=\"attachment_3115\" aria-describedby=\"caption-attachment-3115\" style=\"width: 540px\" class=\"wp-caption aligncenter\"><img decoding=\"async\" class=\" wp-image-3115 \" alt=\"\u00a9 Reidl\" src=\"https:\/\/blog.zeit.de\/fahrrad\/files\/2013\/08\/20130828_122005.jpg\" width=\"540\" srcset=\"https:\/\/blog.zeit.de\/fahrrad\/files\/2013\/08\/20130828_122005.jpg 640w, https:\/\/blog.zeit.de\/fahrrad\/files\/2013\/08\/20130828_122005-540x405.jpg 540w\" sizes=\"(max-width: 640px) 100vw, 640px\" \/><figcaption id=\"caption-attachment-3115\" class=\"wp-caption-text\">\u00a9 Reidl<\/figcaption><\/figure><\/p>\n<p>Nach drei Messetagen zeigen sich auf der <a href=\"http:\/\/www.eurobike-show.de\/\" target=\"_blank\">Eurobike<\/a> allm\u00e4hlich die ersten Erm\u00fcdungserscheinungen. Die Mitarbeiter an den St\u00e4nden werden heiser, Kollegen sprechen gegen Abend nicht mehr miteinander, sondern nicken einander nur noch zu. Die Wangen sind rot, die Blicke leicht glasig, der Notizblock ist zwar voller, aber die To-do-Liste leert sich kaum.<\/p>\n<p>In just diesem Moment erwischte mich dann gestern Abend die Frage: &#8222;Was sind Ihre Eindr\u00fccke, was gibt es interessantes Neues auf der Messe?&#8220; O weia, wo anfangen? Doch dann fallen mir die Riemenantriebe ein. Es ist auff\u00e4llig: Fast jeder gr\u00f6\u00dfere Hersteller hat mittlerweile R\u00e4der mit Gates-Riemen im Programm.<!--more--><\/p>\n<p>Der Vorteil ist offensichtlich: Der Wartungsaufwand entf\u00e4llt, keine Schmiererei mehr mit der Kette. Vor allem im Winter ist der Riemen extrem komfortabel. Aber ist er nicht sehr empfindlich? Anke Namendorf von Koga winkt ab: Das niederl\u00e4ndische Unternehmen verbaue ihn seit Jahren ohne nennenswerte Reklamationen. Zudem ist die Lebensdauer eines Riemens bedeutend l\u00e4nger als die einer Kette.<\/p>\n<p>Ein Nachteil ist auf den ersten Blick mit Sicherheit das Wechseln eines Reifens. Aber mit etwas \u00dcbung kann man den Riemen laut Aussage verschiedener Hersteller auch gut alleine wieder einspannen.<\/p>\n<p>Nat\u00fcrlich werden auf der Weltleitmesse unglaublich viele High-End-R\u00e4der und Neuheiten gezeigt. Die Liste der Eurobike-Award-Gewinner zeigt einige davon geb\u00fcndelt <a href=\"http:\/\/www.eurobike-show.de\/eb-de\/programm\/preistraeger-2013.php\" target=\"_blank\">hier<\/a>. Als Stadtrad hat mir das Coboc eCycles besonders gut gefallen. Das Pedelec ist mit 13,7 Kilogramm ein absolutes Leichtgewicht und f\u00e4hrt sich sehr agil und wendig. Die Antriebskomponenten haben die Entwickler in den Rahmen integriert. Per Knopfdruck schaltet man den Motor ein, anschlie\u00dfend \u00fcbernimmt die Software. \u00dcber den Pedaldruck wird dann die Unterst\u00fctzung automatisch geregelt.<\/p>\n<p><figure id=\"attachment_3123\" aria-describedby=\"caption-attachment-3123\" style=\"width: 540px\" class=\"wp-caption aligncenter\"><img decoding=\"async\" class=\" wp-image-3123 \" alt=\"Coboc \u00a9 eCycles\" src=\"https:\/\/blog.zeit.de\/fahrrad\/files\/2013\/08\/COBOC_crediteCycles.jpg\" width=\"540\" srcset=\"https:\/\/blog.zeit.de\/fahrrad\/files\/2013\/08\/COBOC_crediteCycles.jpg 639w, https:\/\/blog.zeit.de\/fahrrad\/files\/2013\/08\/COBOC_crediteCycles-540x424.jpg 540w\" sizes=\"(max-width: 639px) 100vw, 639px\" \/><figcaption id=\"caption-attachment-3123\" class=\"wp-caption-text\">Coboc \u00a9 eCycles<\/figcaption><\/figure><\/p>\n<p>Es ist ein sch\u00f6nes Gef\u00e4hrt, das bestimmt noch weiterentwickelt werden kann. Seine Erfinder, zwei Hochschulabsolventen in Heidelberg, wollen im Fr\u00fchjahr erst mal eine Kleinserie mit 50 R\u00e4dern auf den Markt bringen. Es wird spannend sein zu sehen, was die beiden noch aus dem <a href=\"http:\/\/coboc.biz\/\" target=\"_blank\">Coboc<\/a> machen.<\/p>\n<p>Nach <a href=\"https:\/\/blog.zeit.de\/fahrrad\/2012\/11\/26\/vier-wochen-ohne-auto-es-regnet-und-regnet-und-regnet\/\" target=\"_blank\">meinen Erfahrungen mit dem Lastenrad von Riese und M\u00fcller<\/a> im vergangenen Herbst bin ich sehr begeistert von <a href=\"http:\/\/www.zeit.de\/auto\/2012-09\/lastenfahrrad-stadtverkehr\" target=\"_blank\">Lastenr\u00e4dern<\/a> mit verl\u00e4ngertem Heck. Deshalb ist mir das Boda Boda von Yuba direkt aufgefallen. Ich habe mich kurz auf den Gep\u00e4cktr\u00e4ger gesetzt und fand es bequemer, als es aussieht. F\u00fcr ein aussagekr\u00e4ftiges Urteil brauche ich aber jemanden, der mich eine Weile kutschiert. Vielleicht findet sich morgen noch ein netter Kollege.<\/p>\n<p><figure id=\"attachment_3121\" aria-describedby=\"caption-attachment-3121\" style=\"width: 540px\" class=\"wp-caption aligncenter\"><img decoding=\"async\" class=\" wp-image-3121 \" alt=\"Boda Boda von Yuba \u00a9 Reidl\" src=\"https:\/\/blog.zeit.de\/fahrrad\/files\/2013\/08\/20130829_1325491.jpg\" width=\"540\" srcset=\"https:\/\/blog.zeit.de\/fahrrad\/files\/2013\/08\/20130829_1325491.jpg 639w, https:\/\/blog.zeit.de\/fahrrad\/files\/2013\/08\/20130829_1325491-540x360.jpg 540w\" sizes=\"(max-width: 639px) 100vw, 639px\" \/><figcaption id=\"caption-attachment-3121\" class=\"wp-caption-text\">Boda Boda von Yuba \u00a9 Reidl<\/figcaption><\/figure><\/p>\n<p>Der generelle Trend zur Farbe findet sich an den R\u00e4dern wieder. Auch kommendes Jahr bekommt man Velos in recht poppigem Anstrich, sofern man das m\u00f6chte. Interessant ist das Kaufverhalten der Kunden. Verschiedene Hersteller beobachten, dass die Menschen im Norden Deutschlands eher das klassische Design und die Farbe Schwarz bevorzugen, wogegen die S\u00fcddeutschen es deutlich farbenfroher m\u00f6gen.<\/p>\n<p>Vielleicht liegt es daran, dass in S\u00fcddeutschland mehr Mountainbike gefahren wird und diese traditionsgem\u00e4\u00df etwas bunter und auff\u00e4lliger daherkommen. Apropos Mountainbike: Sofern man Zeit findet, kann man auf der Eurobike im Freigel\u00e4nde auf dem Bikeparcours Mountainbike- und BMX-Fahrern zusehen. Diddie Schneider, mehrfacher Landesmeister im BMX-Radfahren und f\u00fchrender Parcours-Designer, baut seit vielen Jahren die Strecke.<\/p>\n<p>Witziger und spektakul\u00e4rer ist noch der <em>Lake Jump<\/em>, der traditionsgem\u00e4\u00df am Donnerstagabend stattfindet. Die Fahrer rollen eine Rampe hinunter und springen unter dem Jubel der Zuschauer direkt in den Messesee. Besonders viel Beifall erhielt gestern ein Fahrer, der mit einem Cityrad nebst Weidenk\u00f6rbchen die Rampe hinabdonnerte. F\u00fcr Sekunden hing er kopf\u00fcber in der Luft, die H\u00e4nde am Lenker. Dann platschte er ins Wasser. Es lohnt sich immer, bei einem Lake Jump zuzuschauen. Die akrobatischen F\u00e4higkeiten der Teilnehmer sind oftmals unglaublich. Und viel sprechen muss man dort auch nicht mehr.<\/p>\n<p><figure id=\"attachment_3114\" aria-describedby=\"caption-attachment-3114\" style=\"width: 540px\" class=\"wp-caption aligncenter\"><img decoding=\"async\" class=\" wp-image-3114 \" alt=\"Lakejump - gerne auch mit Citybike \u00a9 Reidl\" src=\"https:\/\/blog.zeit.de\/fahrrad\/files\/2013\/08\/20130829_180645.jpg\" width=\"540\" srcset=\"https:\/\/blog.zeit.de\/fahrrad\/files\/2013\/08\/20130829_180645.jpg 639w, https:\/\/blog.zeit.de\/fahrrad\/files\/2013\/08\/20130829_180645-540x336.jpg 540w\" sizes=\"(max-width: 639px) 100vw, 639px\" \/><figcaption id=\"caption-attachment-3114\" class=\"wp-caption-text\">Lake Jump &#8211; gerne auch mit Citybike \u00a9 Reidl<\/figcaption><\/figure><\/p>\n","protected":false},"excerpt":{"rendered":"<p>Nach drei Messetagen zeigen sich auf der Eurobike allm\u00e4hlich die ersten Erm\u00fcdungserscheinungen. Die Mitarbeiter an den St\u00e4nden werden heiser, Kollegen sprechen gegen Abend nicht mehr miteinander, sondern nicken einander nur noch zu. Die Wangen sind rot, die Blicke leicht glasig, der Notizblock ist zwar voller, aber die To-do-Liste leert sich kaum. In just diesem Moment [&hellip;]<\/p>\n","protected":false},"author":385,"featured_media":0,"comment_status":"open","ping_status":"open","sticky":false,"template":"","format":"standard","meta":{"_jetpack_memberships_contains_paid_content":false,"footnotes":""},"categories":[1],"tags":[27219,27223,27224,36161,27222],"class_list":["post-3119","post","type-post","status-publish","format-standard","hentry","category-uncategorized","tag-eurobike","tag-gates-riemen","tag-lake-jump","tag-lastenrad","tag-neuheiten"],"yoast_head":"<!-- This site is optimized with the Yoast SEO plugin v21.0 - https:\/\/yoast.com\/wordpress\/plugins\/seo\/ -->\n<title>Und, was gibt&#039;s Neues auf der Eurobike? - Velophil<\/title>\n<meta name=\"robots\" content=\"index, follow, max-snippet:-1, max-image-preview:large, max-video-preview:-1\" \/>\n<link rel=\"canonical\" href=\"https:\/\/blog.zeit.de\/fahrrad\/2013\/08\/30\/eurobike-neuheiten\/\" \/>\n<meta property=\"og:locale\" content=\"de_DE\" \/>\n<meta property=\"og:type\" content=\"article\" \/>\n<meta property=\"og:title\" content=\"Und, was gibt&#039;s Neues auf der Eurobike? - Velophil\" \/>\n<meta property=\"og:description\" content=\"Nach drei Messetagen zeigen sich auf der Eurobike allm\u00e4hlich die ersten Erm\u00fcdungserscheinungen. Die Mitarbeiter an den St\u00e4nden werden heiser, Kollegen sprechen gegen Abend nicht mehr miteinander, sondern nicken einander nur noch zu. Die Wangen sind rot, die Blicke leicht glasig, der Notizblock ist zwar voller, aber die To-do-Liste leert sich kaum. In just diesem Moment [&hellip;]\" \/>\n<meta property=\"og:url\" content=\"https:\/\/blog.zeit.de\/fahrrad\/2013\/08\/30\/eurobike-neuheiten\/\" \/>\n<meta property=\"og:site_name\" content=\"Velophil\" \/>\n<meta property=\"article:published_time\" content=\"2013-08-30T10:32:38+00:00\" \/>\n<meta property=\"article:modified_time\" content=\"2013-08-30T13:07:56+00:00\" \/>\n<meta property=\"og:image\" content=\"https:\/\/blog.zeit.de\/fahrrad\/files\/2013\/08\/20130828_122005.jpg\" \/>\n<meta name=\"author\" content=\"Andrea Reidl\" \/>\n<meta name=\"twitter:card\" content=\"summary_large_image\" \/>\n<meta name=\"twitter:creator\" content=\"@zeitonline\" \/>\n<meta name=\"twitter:site\" content=\"@zeitonline\" \/>\n<meta name=\"twitter:label1\" content=\"Geschrieben von\" \/>\n\t<meta name=\"twitter:data1\" content=\"Andrea Reidl\" \/>\n\t<meta name=\"twitter:label2\" content=\"Gesch\u00e4tzte Lesezeit\" \/>\n\t<meta name=\"twitter:data2\" content=\"3\u00a0Minuten\" \/>\n<script type=\"application\/ld+json\" class=\"yoast-schema-graph\">{\"@context\":\"https:\/\/schema.org\",\"@graph\":[{\"@type\":\"WebPage\",\"@id\":\"https:\/\/blog.zeit.de\/fahrrad\/2013\/08\/30\/eurobike-neuheiten\/\",\"url\":\"https:\/\/blog.zeit.de\/fahrrad\/2013\/08\/30\/eurobike-neuheiten\/\",\"name\":\"Und, was gibt's Neues auf der Eurobike? - Velophil\",\"isPartOf\":{\"@id\":\"https:\/\/blog.zeit.de\/fahrrad\/#website\"},\"datePublished\":\"2013-08-30T10:32:38+00:00\",\"dateModified\":\"2013-08-30T13:07:56+00:00\",\"author\":{\"@id\":\"https:\/\/blog.zeit.de\/fahrrad\/#\/schema\/person\/9fe49d0d69e31b7d1d311f861f764dfc\"},\"breadcrumb\":{\"@id\":\"https:\/\/blog.zeit.de\/fahrrad\/2013\/08\/30\/eurobike-neuheiten\/#breadcrumb\"},\"inLanguage\":\"de\",\"potentialAction\":[{\"@type\":\"ReadAction\",\"target\":[\"https:\/\/blog.zeit.de\/fahrrad\/2013\/08\/30\/eurobike-neuheiten\/\"]}]},{\"@type\":\"BreadcrumbList\",\"@id\":\"https:\/\/blog.zeit.de\/fahrrad\/2013\/08\/30\/eurobike-neuheiten\/#breadcrumb\",\"itemListElement\":[{\"@type\":\"ListItem\",\"position\":1,\"name\":\"Startseite\",\"item\":\"https:\/\/blog.zeit.de\/fahrrad\/\"},{\"@type\":\"ListItem\",\"position\":2,\"name\":\"Und, was gibt&#8217;s Neues auf der Eurobike?\"}]},{\"@type\":\"WebSite\",\"@id\":\"https:\/\/blog.zeit.de\/fahrrad\/#website\",\"url\":\"https:\/\/blog.zeit.de\/fahrrad\/\",\"name\":\"Velophil\",\"description\":\"Das Fahrrad-Blog\",\"potentialAction\":[{\"@type\":\"SearchAction\",\"target\":{\"@type\":\"EntryPoint\",\"urlTemplate\":\"https:\/\/blog.zeit.de\/fahrrad\/?s={search_term_string}\"},\"query-input\":\"required name=search_term_string\"}],\"inLanguage\":\"de\"},{\"@type\":\"Person\",\"@id\":\"https:\/\/blog.zeit.de\/fahrrad\/#\/schema\/person\/9fe49d0d69e31b7d1d311f861f764dfc\",\"name\":\"Andrea Reidl\",\"image\":{\"@type\":\"ImageObject\",\"inLanguage\":\"de\",\"@id\":\"https:\/\/blog.zeit.de\/fahrrad\/#\/schema\/person\/image\/\",\"url\":\"https:\/\/secure.gravatar.com\/avatar\/52595868054cdd5e076af9664613db489c74a4ed484ee30b2f82136c624f1797?s=96&d=mm&r=g\",\"contentUrl\":\"https:\/\/secure.gravatar.com\/avatar\/52595868054cdd5e076af9664613db489c74a4ed484ee30b2f82136c624f1797?s=96&d=mm&r=g\",\"caption\":\"Andrea Reidl\"},\"url\":\"https:\/\/blog.zeit.de\/fahrrad\/author\/areidl\/\"}]}<\/script>\n<!-- \/ Yoast SEO plugin. -->","yoast_head_json":{"title":"Und, was gibt's Neues auf der Eurobike? - Velophil","robots":{"index":"index","follow":"follow","max-snippet":"max-snippet:-1","max-image-preview":"max-image-preview:large","max-video-preview":"max-video-preview:-1"},"canonical":"https:\/\/blog.zeit.de\/fahrrad\/2013\/08\/30\/eurobike-neuheiten\/","og_locale":"de_DE","og_type":"article","og_title":"Und, was gibt's Neues auf der Eurobike? - Velophil","og_description":"Nach drei Messetagen zeigen sich auf der Eurobike allm\u00e4hlich die ersten Erm\u00fcdungserscheinungen. Die Mitarbeiter an den St\u00e4nden werden heiser, Kollegen sprechen gegen Abend nicht mehr miteinander, sondern nicken einander nur noch zu. Die Wangen sind rot, die Blicke leicht glasig, der Notizblock ist zwar voller, aber die To-do-Liste leert sich kaum. In just diesem Moment [&hellip;]","og_url":"https:\/\/blog.zeit.de\/fahrrad\/2013\/08\/30\/eurobike-neuheiten\/","og_site_name":"Velophil","article_published_time":"2013-08-30T10:32:38+00:00","article_modified_time":"2013-08-30T13:07:56+00:00","og_image":[{"url":"https:\/\/blog.zeit.de\/fahrrad\/files\/2013\/08\/20130828_122005.jpg"}],"author":"Andrea Reidl","twitter_card":"summary_large_image","twitter_creator":"@zeitonline","twitter_site":"@zeitonline","twitter_misc":{"Geschrieben von":"Andrea Reidl","Gesch\u00e4tzte Lesezeit":"3\u00a0Minuten"},"schema":{"@context":"https:\/\/schema.org","@graph":[{"@type":"WebPage","@id":"https:\/\/blog.zeit.de\/fahrrad\/2013\/08\/30\/eurobike-neuheiten\/","url":"https:\/\/blog.zeit.de\/fahrrad\/2013\/08\/30\/eurobike-neuheiten\/","name":"Und, was gibt's Neues auf der Eurobike? - Velophil","isPartOf":{"@id":"https:\/\/blog.zeit.de\/fahrrad\/#website"},"datePublished":"2013-08-30T10:32:38+00:00","dateModified":"2013-08-30T13:07:56+00:00","author":{"@id":"https:\/\/blog.zeit.de\/fahrrad\/#\/schema\/person\/9fe49d0d69e31b7d1d311f861f764dfc"},"breadcrumb":{"@id":"https:\/\/blog.zeit.de\/fahrrad\/2013\/08\/30\/eurobike-neuheiten\/#breadcrumb"},"inLanguage":"de","potentialAction":[{"@type":"ReadAction","target":["https:\/\/blog.zeit.de\/fahrrad\/2013\/08\/30\/eurobike-neuheiten\/"]}]},{"@type":"BreadcrumbList","@id":"https:\/\/blog.zeit.de\/fahrrad\/2013\/08\/30\/eurobike-neuheiten\/#breadcrumb","itemListElement":[{"@type":"ListItem","position":1,"name":"Startseite","item":"https:\/\/blog.zeit.de\/fahrrad\/"},{"@type":"ListItem","position":2,"name":"Und, was gibt&#8217;s Neues auf der Eurobike?"}]},{"@type":"WebSite","@id":"https:\/\/blog.zeit.de\/fahrrad\/#website","url":"https:\/\/blog.zeit.de\/fahrrad\/","name":"Velophil","description":"Das Fahrrad-Blog","potentialAction":[{"@type":"SearchAction","target":{"@type":"EntryPoint","urlTemplate":"https:\/\/blog.zeit.de\/fahrrad\/?s={search_term_string}"},"query-input":"required name=search_term_string"}],"inLanguage":"de"},{"@type":"Person","@id":"https:\/\/blog.zeit.de\/fahrrad\/#\/schema\/person\/9fe49d0d69e31b7d1d311f861f764dfc","name":"Andrea Reidl","image":{"@type":"ImageObject","inLanguage":"de","@id":"https:\/\/blog.zeit.de\/fahrrad\/#\/schema\/person\/image\/","url":"https:\/\/secure.gravatar.com\/avatar\/52595868054cdd5e076af9664613db489c74a4ed484ee30b2f82136c624f1797?s=96&d=mm&r=g","contentUrl":"https:\/\/secure.gravatar.com\/avatar\/52595868054cdd5e076af9664613db489c74a4ed484ee30b2f82136c624f1797?s=96&d=mm&r=g","caption":"Andrea Reidl"},"url":"https:\/\/blog.zeit.de\/fahrrad\/author\/areidl\/"}]}},"jetpack_featured_media_url":"","jetpack_sharing_enabled":true,"_links":{"self":[{"href":"https:\/\/blog.zeit.de\/fahrrad\/wp-json\/wp\/v2\/posts\/3119","targetHints":{"allow":["GET"]}}],"collection":[{"href":"https:\/\/blog.zeit.de\/fahrrad\/wp-json\/wp\/v2\/posts"}],"about":[{"href":"https:\/\/blog.zeit.de\/fahrrad\/wp-json\/wp\/v2\/types\/post"}],"author":[{"embeddable":true,"href":"https:\/\/blog.zeit.de\/fahrrad\/wp-json\/wp\/v2\/users\/385"}],"replies":[{"embeddable":true,"href":"https:\/\/blog.zeit.de\/fahrrad\/wp-json\/wp\/v2\/comments?post=3119"}],"version-history":[{"count":11,"href":"https:\/\/blog.zeit.de\/fahrrad\/wp-json\/wp\/v2\/posts\/3119\/revisions"}],"predecessor-version":[{"id":3131,"href":"https:\/\/blog.zeit.de\/fahrrad\/wp-json\/wp\/v2\/posts\/3119\/revisions\/3131"}],"wp:attachment":[{"href":"https:\/\/blog.zeit.de\/fahrrad\/wp-json\/wp\/v2\/media?parent=3119"}],"wp:term":[{"taxonomy":"category","embeddable":true,"href":"https:\/\/blog.zeit.de\/fahrrad\/wp-json\/wp\/v2\/categories?post=3119"},{"taxonomy":"post_tag","embeddable":true,"href":"https:\/\/blog.zeit.de\/fahrrad\/wp-json\/wp\/v2\/tags?post=3119"}],"curies":[{"name":"wp","href":"https:\/\/api.w.org\/{rel}","templated":true}]}}