{"id":3562,"date":"2013-11-28T14:00:49","date_gmt":"2013-11-28T13:00:49","guid":{"rendered":"http:\/\/blog.zeit.de\/fahrrad\/?p=3562"},"modified":"2013-11-28T19:23:56","modified_gmt":"2013-11-28T18:23:56","slug":"radfahrer-zu-gast-auf-dem-gehweg","status":"publish","type":"post","link":"https:\/\/blog.zeit.de\/fahrrad\/2013\/11\/28\/radfahrer-zu-gast-auf-dem-gehweg\/","title":{"rendered":"Radfahrer zu Gast auf dem Gehweg"},"content":{"rendered":"<p>Das Verkehrsrecht ist nicht immer eindeutig. Das hat erst k\u00fcrzlich die lebhafte Debatte zur ACE-Studie <a href=\"https:\/\/blog.zeit.de\/fahrrad\/2013\/11\/12\/ace-zebrastreifen-falschinfo\/\" target=\"_blank\">hier im Blog<\/a> gezeigt, die falsche Infos zur Zebrastreifen-Nutzung enthielt. Deshalb stellen wir in den kommenden Wochen mithilfe des Rechtsanwalts Christoph Krusch die gr\u00f6\u00dften Irrt\u00fcmer und Legenden zum Thema Radfahren vor. Krusch arbeitet in Berlin und hat sich aufs Radrecht spezialisiert.<\/p>\n<p><b>Teil 2: Radfahren auf Gehwegen ist verboten<\/b><\/p>\n<p><em>\u00a7 2, Abs. 5 StVO:<\/em> <em>Kinder bis zum vollendeten achten Lebensjahr m\u00fcssen, \u00e4ltere Kinder bis zum vollendeten zehnten Lebensjahr d\u00fcrfen mit Fahrr\u00e4dern Gehwege benutzen. Auf zu Fu\u00df Gehende ist besondere R\u00fccksicht zu nehmen. Beim \u00dcberqueren einer Fahrbahn m\u00fcssen die Kinder absteigen.<\/em><\/p>\n<p>Die Rechtslage ist eindeutig: Erwachsene Radfahrer haben auf Gehwegen nichts zu suchen. Dieser Paragraf bringt allerdings Eltern j\u00fcngerer Kinder regelm\u00e4\u00dfig in Schwierigkeiten.<\/p>\n<p><!--more--> &#8222;Eigentlich m\u00fcssen die Kleinen auf dem Gehweg fahren, w\u00e4hrend die Eltern auf der Stra\u00dfe oder dem parallel verlaufenden Radweg unterwegs sind&#8220;, sagt Krusch. Im Alltag ist das selten der Fall. Meistens radeln Mutter oder Vater mit dem Kind auf dem Gehweg. Der Grund leuchtet ein: Die Kinder m\u00fcssen angeleitet werden. Sie haben weder jede Ausfahrt im Blick, die den Gehweg kreuzt, noch den Hund, der an einer Teleskopleine \u00fcber den Gehweg flitzt. Kinder sind Tr\u00e4umer, sie lassen sich schnell ablenken und brauchen daher die Hinweise ihrer Eltern. Dies ist jedoch von benachbarten Verkehrsfl\u00e4chen nicht immer m\u00f6glich, gerade wenn der Gehweg hinter Parkpl\u00e4tzen oder Bepflanzung liegt.<\/p>\n<p>Das funktioniert ziemlich gut. &#8222;Die Toleranz der Fu\u00dfg\u00e4nger ist relativ hoch&#8220;, sagt der Anwalt. &#8222;Die Menschen akzeptieren meist das gemeinsame Fahren von Familien auf ihren Wegen.&#8220; Das liegt vor allem daran, dass Eltern und Kind verh\u00e4ltnism\u00e4\u00dfig langsam unterwegs sind. Sie \u00fcberholen angemessen, und wird es trotzdem mal eng zwischen radelndem Kind und Fu\u00dfg\u00e4nger, entschuldigen sich die Eltern in der Regel umgehend.<\/p>\n<p>Streng genommen bewegen sich die Eltern auf dem Gehweg ordnungswidrig. Aber h\u00f6rt man Krusch zu, muss man ihnen eigentlich dazu raten, wenn n\u00f6tig lieber gegen Verkehrsregeln zu versto\u00dfen \u2013 denn die Eltern m\u00fcssen immer ihre Aufsichtspflicht erf\u00fcllen! Unabh\u00e4ngig davon, wo sie radeln.<\/p>\n<p>Der Anwalt schildert einen konkreten Fall, in dem eine Mutter ihre sechsj\u00e4hrige Tochter allein auf dem nur linksseitig vorhandenen Gehweg radeln lie\u00df. Die Mutter dagegen fuhr gem\u00e4\u00df der StVO rechts auf der Fahrbahn. Das Kind machte einen Fehler und fuhr mit seinem Rad gegen ein Auto. &#8222;Es kam zum Verfahren und das Gericht entschied, die Mutter m\u00fcsse f\u00fcr den Schaden aufkommen. Sie sei verantwortlich, da sie ihre Aufsichtspflicht verletzt habe&#8220;, sagt der Anwalt (<a href=\"http:\/\/dejure.org\/dienste\/vernetzung\/rechtsprechung?Text=311%20C%20734\/04\" target=\"_blank\">AG Traunstein, 311 C 734\/04<\/a>).<\/p>\n<p>Jetzt hat der ADFC mit seinem neuen verkehrspolitischen Programm einen Vorsto\u00df gewagt. In wenigen Ausnahmef\u00e4llen sollte der Gehweg f\u00fcr den Radverkehr zugelassen werden, fordert der Fahrrad-Club. &#8222;Eine solche Ausnahme w\u00e4re f\u00fcr die r\u00fccksichtsvolle Begleitung einer Aufsichtsperson sinnvoll&#8220;, schl\u00e4gt Krusch vor, &#8222;weil dies realit\u00e4tsnah den Eltern eine klare rechtliche Situation verschaffte.&#8220;<\/p>\n<p><b>Radfahren in Fu\u00dfg\u00e4ngerzonen und auf freigegebenen Gehwegen<\/b><\/p>\n<p><img loading=\"lazy\" decoding=\"async\" class=\"wp-image-3565 alignleft\" alt=\"Zusatzzeichen\" src=\"https:\/\/blog.zeit.de\/fahrrad\/files\/2013\/11\/Zusatzzeichen.png\" width=\"100\" height=\"73\" \/><\/p>\n<p><img loading=\"lazy\" decoding=\"async\" class=\"size-full wp-image-3572 alignleft\" alt=\"Radfahrer Frei.jpg\" src=\"https:\/\/blog.zeit.de\/fahrrad\/files\/2013\/11\/Radfahrer-Frei.jpg.png\" width=\"110\" height=\"169\" \/><\/p>\n<p>Stellenweise wird das Fahrverbot auf Gehwegen oder in Fu\u00dfg\u00e4ngerzonen f\u00fcr Radfahrer immer mal wieder durch die nebenstehenden Zeichen aufgehoben. &#8222;Im Grunde ist der Radfahrer in diesen Abschnitten aber nur zu Gast auf dem Gehweg&#8220;, sagt Krusch. Der Weg sei f\u00fcr den Radverkehr zwar freigegeben, dennoch bleibe er im Sinne der StVO ein Gehweg.<\/p>\n<p>Deshalb m\u00fcssen Radfahrer besondere R\u00fccksicht auf Fu\u00dfg\u00e4nger nehmen. &#8222;\u00dcbersetzt hei\u00dft das f\u00fcr die Radler: Ich fahre Schrittgeschwindigkeit und kann sofort anhalten&#8220;, erl\u00e4utert der Anwalt. Das gilt insbesondere in der N\u00e4he von Kreuzungen, Ein- und Ausfahrten, T\u00fcr- und Hofeing\u00e4ngen sowie Fu\u00dfwegabzweigungen. Das ist nicht nur vorgeschrieben, sondern durchaus ratsam, da niemand mit schnelleren Verkehrsteilnehmern rechnet. Vor allem beim verbotenen Radfahrern auf Gehwegen geschehen laut Krusch h\u00e4ufig Zusammenst\u00f6\u00dfe mit Autos, weil deren Fahrer beim Queren von Fu\u00dfwegen nicht mit Fahrradgeschwindigkeiten rechnen (m\u00fcssen).<\/p>\n<p>Au\u00dferdem gehen Fu\u00dfg\u00e4nger in ihrer Schutzzone auch gerne unvermittelt einen Schritt zur Seite. Aus diesem Grund r\u00e4t der ADFC zu mindestens 80 Zentimetern Abstand, wenn man an Fu\u00dfg\u00e4ngern vorbeiradelt. Dass man auf dem Rad sich nicht wild den erforderlichen Raum freiklingelt, sondern als r\u00fccksichtsvoller Gast bei Bedarf freundlich um Durchlass bittet, sollte eine Selbstverst\u00e4ndlichkeit sein.<\/p>\n<p>&#8222;Problematisch wird die gemeinsame Nutzung von B\u00fcrgersteigen immer, wenn diese zu schmal sind&#8220;, sagt Krusch. Oft ist der geteilte Weg ein schlechter Kompromiss. Es existiert kein baulich abgetrennter Radweg, aber den Verkehrsplanern vor Ort (und\/oder einem Teil der Radfahrer) erscheint es zu gef\u00e4hrlich, den Radverkehr auf der Fahrbahn zu f\u00fchren. Wird dort der Gehweg freigegeben, <strong>kann<\/strong> der Radfahrer auf den Hochbord ausweichen.<\/p>\n<p>Dageg<img loading=\"lazy\" decoding=\"async\" class=\"size-full wp-image-3570 alignleft\" alt=\"Radfahrerfrei2.jpg\" src=\"https:\/\/blog.zeit.de\/fahrrad\/files\/2013\/11\/Radfahrerfrei2.jpg.png\" width=\"100\" height=\"100\" \/>en <strong>verpflichtet<\/strong> die Ausschilderung als gemeinsamer Geh- und Radweg (blaue Schilder mit Fu\u00dfg\u00e4nger- und Fahrradsymbol \u00fcbereinander) zur gemeinsamen Nutzung.<\/p>\n<p>Eine Besonderheit gibt es noch. Verl\u00e4uft der freigegebene Gehweg direkt neben der Fahrbahn einer Vorfahrtstra\u00dfe, genie\u00dfen auch die auf dem Gehweg Radfahrenden grunds\u00e4tzlich Vorfahrt gegen\u00fcber dem Verkehr aus den Seitenstra\u00dfen; Abbieger von der Vorfahrtstra\u00dfe m\u00fcssen zun\u00e4chst die Radfahrer durchfahren lassen. Diese Rechte sollten Radfahrer allerdings lieber sehr vorsichtig wahrnehmen, denn auch diese Regeln kennt nicht jeder. Au\u00dferdem wird auf Radfahrer im Seitenraum h\u00e4ufig nicht gen\u00fcgend geachtet.<\/p>\n<p><em>Teil 1 der Serie:\u00a0<a href=\"https:\/\/blog.zeit.de\/fahrrad\/2013\/11\/21\/fahrradrecht-autos-ueberholen\/\" target=\"_blank\">Radfahrer d\u00fcrfen Autoschlangen rechts \u00fcberholen<\/a><\/em><\/p>\n","protected":false},"excerpt":{"rendered":"<p>Das Verkehrsrecht ist nicht immer eindeutig. Das hat erst k\u00fcrzlich die lebhafte Debatte zur ACE-Studie hier im Blog gezeigt, die falsche Infos zur Zebrastreifen-Nutzung enthielt. Deshalb stellen wir in den kommenden Wochen mithilfe des Rechtsanwalts Christoph Krusch die gr\u00f6\u00dften Irrt\u00fcmer und Legenden zum Thema Radfahren vor. Krusch arbeitet in Berlin und hat sich aufs Radrecht [&hellip;]<\/p>\n","protected":false},"author":385,"featured_media":0,"comment_status":"open","ping_status":"open","sticky":false,"template":"","format":"standard","meta":{"_jetpack_memberships_contains_paid_content":false,"footnotes":""},"categories":[1,14080,23033,2629,1910],"tags":[1307,29706,36147,23055,36153,11378],"class_list":["post-3562","post","type-post","status-publish","format-standard","hentry","category-uncategorized","category-infrastruktur","category-rader","category-recht","category-stadt","tag-eltern","tag-gehweg","tag-kinder","tag-radfahren","tag-recht","tag-verbot"],"yoast_head":"<!-- This site is optimized with the Yoast SEO plugin v21.0 - https:\/\/yoast.com\/wordpress\/plugins\/seo\/ -->\n<title>Radfahrer zu Gast auf dem Gehweg - Velophil<\/title>\n<meta name=\"robots\" content=\"index, follow, max-snippet:-1, max-image-preview:large, max-video-preview:-1\" \/>\n<link rel=\"canonical\" href=\"https:\/\/blog.zeit.de\/fahrrad\/2013\/11\/28\/radfahrer-zu-gast-auf-dem-gehweg\/\" \/>\n<meta property=\"og:locale\" content=\"de_DE\" \/>\n<meta property=\"og:type\" content=\"article\" \/>\n<meta property=\"og:title\" content=\"Radfahrer zu Gast auf dem Gehweg - Velophil\" \/>\n<meta property=\"og:description\" content=\"Das Verkehrsrecht ist nicht immer eindeutig. Das hat erst k\u00fcrzlich die lebhafte Debatte zur ACE-Studie hier im Blog gezeigt, die falsche Infos zur Zebrastreifen-Nutzung enthielt. Deshalb stellen wir in den kommenden Wochen mithilfe des Rechtsanwalts Christoph Krusch die gr\u00f6\u00dften Irrt\u00fcmer und Legenden zum Thema Radfahren vor. Krusch arbeitet in Berlin und hat sich aufs Radrecht [&hellip;]\" \/>\n<meta property=\"og:url\" content=\"https:\/\/blog.zeit.de\/fahrrad\/2013\/11\/28\/radfahrer-zu-gast-auf-dem-gehweg\/\" \/>\n<meta property=\"og:site_name\" content=\"Velophil\" \/>\n<meta property=\"article:published_time\" content=\"2013-11-28T13:00:49+00:00\" \/>\n<meta property=\"article:modified_time\" content=\"2013-11-28T18:23:56+00:00\" \/>\n<meta property=\"og:image\" content=\"https:\/\/blog.zeit.de\/fahrrad\/files\/2013\/11\/Zusatzzeichen.png\" \/>\n<meta name=\"author\" content=\"Andrea Reidl\" \/>\n<meta name=\"twitter:card\" content=\"summary_large_image\" \/>\n<meta name=\"twitter:creator\" content=\"@zeitonline\" \/>\n<meta name=\"twitter:site\" content=\"@zeitonline\" \/>\n<meta name=\"twitter:label1\" content=\"Geschrieben von\" \/>\n\t<meta name=\"twitter:data1\" content=\"Andrea Reidl\" \/>\n\t<meta name=\"twitter:label2\" content=\"Gesch\u00e4tzte Lesezeit\" \/>\n\t<meta name=\"twitter:data2\" content=\"4\u00a0Minuten\" \/>\n<script type=\"application\/ld+json\" class=\"yoast-schema-graph\">{\"@context\":\"https:\/\/schema.org\",\"@graph\":[{\"@type\":\"WebPage\",\"@id\":\"https:\/\/blog.zeit.de\/fahrrad\/2013\/11\/28\/radfahrer-zu-gast-auf-dem-gehweg\/\",\"url\":\"https:\/\/blog.zeit.de\/fahrrad\/2013\/11\/28\/radfahrer-zu-gast-auf-dem-gehweg\/\",\"name\":\"Radfahrer zu Gast auf dem Gehweg - Velophil\",\"isPartOf\":{\"@id\":\"https:\/\/blog.zeit.de\/fahrrad\/#website\"},\"datePublished\":\"2013-11-28T13:00:49+00:00\",\"dateModified\":\"2013-11-28T18:23:56+00:00\",\"author\":{\"@id\":\"https:\/\/blog.zeit.de\/fahrrad\/#\/schema\/person\/9fe49d0d69e31b7d1d311f861f764dfc\"},\"breadcrumb\":{\"@id\":\"https:\/\/blog.zeit.de\/fahrrad\/2013\/11\/28\/radfahrer-zu-gast-auf-dem-gehweg\/#breadcrumb\"},\"inLanguage\":\"de\",\"potentialAction\":[{\"@type\":\"ReadAction\",\"target\":[\"https:\/\/blog.zeit.de\/fahrrad\/2013\/11\/28\/radfahrer-zu-gast-auf-dem-gehweg\/\"]}]},{\"@type\":\"BreadcrumbList\",\"@id\":\"https:\/\/blog.zeit.de\/fahrrad\/2013\/11\/28\/radfahrer-zu-gast-auf-dem-gehweg\/#breadcrumb\",\"itemListElement\":[{\"@type\":\"ListItem\",\"position\":1,\"name\":\"Startseite\",\"item\":\"https:\/\/blog.zeit.de\/fahrrad\/\"},{\"@type\":\"ListItem\",\"position\":2,\"name\":\"Radfahrer zu Gast auf dem Gehweg\"}]},{\"@type\":\"WebSite\",\"@id\":\"https:\/\/blog.zeit.de\/fahrrad\/#website\",\"url\":\"https:\/\/blog.zeit.de\/fahrrad\/\",\"name\":\"Velophil\",\"description\":\"Das Fahrrad-Blog\",\"potentialAction\":[{\"@type\":\"SearchAction\",\"target\":{\"@type\":\"EntryPoint\",\"urlTemplate\":\"https:\/\/blog.zeit.de\/fahrrad\/?s={search_term_string}\"},\"query-input\":\"required name=search_term_string\"}],\"inLanguage\":\"de\"},{\"@type\":\"Person\",\"@id\":\"https:\/\/blog.zeit.de\/fahrrad\/#\/schema\/person\/9fe49d0d69e31b7d1d311f861f764dfc\",\"name\":\"Andrea Reidl\",\"image\":{\"@type\":\"ImageObject\",\"inLanguage\":\"de\",\"@id\":\"https:\/\/blog.zeit.de\/fahrrad\/#\/schema\/person\/image\/\",\"url\":\"https:\/\/secure.gravatar.com\/avatar\/52595868054cdd5e076af9664613db489c74a4ed484ee30b2f82136c624f1797?s=96&d=mm&r=g\",\"contentUrl\":\"https:\/\/secure.gravatar.com\/avatar\/52595868054cdd5e076af9664613db489c74a4ed484ee30b2f82136c624f1797?s=96&d=mm&r=g\",\"caption\":\"Andrea Reidl\"},\"url\":\"https:\/\/blog.zeit.de\/fahrrad\/author\/areidl\/\"}]}<\/script>\n<!-- \/ Yoast SEO plugin. -->","yoast_head_json":{"title":"Radfahrer zu Gast auf dem Gehweg - Velophil","robots":{"index":"index","follow":"follow","max-snippet":"max-snippet:-1","max-image-preview":"max-image-preview:large","max-video-preview":"max-video-preview:-1"},"canonical":"https:\/\/blog.zeit.de\/fahrrad\/2013\/11\/28\/radfahrer-zu-gast-auf-dem-gehweg\/","og_locale":"de_DE","og_type":"article","og_title":"Radfahrer zu Gast auf dem Gehweg - Velophil","og_description":"Das Verkehrsrecht ist nicht immer eindeutig. Das hat erst k\u00fcrzlich die lebhafte Debatte zur ACE-Studie hier im Blog gezeigt, die falsche Infos zur Zebrastreifen-Nutzung enthielt. Deshalb stellen wir in den kommenden Wochen mithilfe des Rechtsanwalts Christoph Krusch die gr\u00f6\u00dften Irrt\u00fcmer und Legenden zum Thema Radfahren vor. Krusch arbeitet in Berlin und hat sich aufs Radrecht [&hellip;]","og_url":"https:\/\/blog.zeit.de\/fahrrad\/2013\/11\/28\/radfahrer-zu-gast-auf-dem-gehweg\/","og_site_name":"Velophil","article_published_time":"2013-11-28T13:00:49+00:00","article_modified_time":"2013-11-28T18:23:56+00:00","og_image":[{"url":"https:\/\/blog.zeit.de\/fahrrad\/files\/2013\/11\/Zusatzzeichen.png"}],"author":"Andrea Reidl","twitter_card":"summary_large_image","twitter_creator":"@zeitonline","twitter_site":"@zeitonline","twitter_misc":{"Geschrieben von":"Andrea Reidl","Gesch\u00e4tzte Lesezeit":"4\u00a0Minuten"},"schema":{"@context":"https:\/\/schema.org","@graph":[{"@type":"WebPage","@id":"https:\/\/blog.zeit.de\/fahrrad\/2013\/11\/28\/radfahrer-zu-gast-auf-dem-gehweg\/","url":"https:\/\/blog.zeit.de\/fahrrad\/2013\/11\/28\/radfahrer-zu-gast-auf-dem-gehweg\/","name":"Radfahrer zu Gast auf dem Gehweg - Velophil","isPartOf":{"@id":"https:\/\/blog.zeit.de\/fahrrad\/#website"},"datePublished":"2013-11-28T13:00:49+00:00","dateModified":"2013-11-28T18:23:56+00:00","author":{"@id":"https:\/\/blog.zeit.de\/fahrrad\/#\/schema\/person\/9fe49d0d69e31b7d1d311f861f764dfc"},"breadcrumb":{"@id":"https:\/\/blog.zeit.de\/fahrrad\/2013\/11\/28\/radfahrer-zu-gast-auf-dem-gehweg\/#breadcrumb"},"inLanguage":"de","potentialAction":[{"@type":"ReadAction","target":["https:\/\/blog.zeit.de\/fahrrad\/2013\/11\/28\/radfahrer-zu-gast-auf-dem-gehweg\/"]}]},{"@type":"BreadcrumbList","@id":"https:\/\/blog.zeit.de\/fahrrad\/2013\/11\/28\/radfahrer-zu-gast-auf-dem-gehweg\/#breadcrumb","itemListElement":[{"@type":"ListItem","position":1,"name":"Startseite","item":"https:\/\/blog.zeit.de\/fahrrad\/"},{"@type":"ListItem","position":2,"name":"Radfahrer zu Gast auf dem Gehweg"}]},{"@type":"WebSite","@id":"https:\/\/blog.zeit.de\/fahrrad\/#website","url":"https:\/\/blog.zeit.de\/fahrrad\/","name":"Velophil","description":"Das Fahrrad-Blog","potentialAction":[{"@type":"SearchAction","target":{"@type":"EntryPoint","urlTemplate":"https:\/\/blog.zeit.de\/fahrrad\/?s={search_term_string}"},"query-input":"required name=search_term_string"}],"inLanguage":"de"},{"@type":"Person","@id":"https:\/\/blog.zeit.de\/fahrrad\/#\/schema\/person\/9fe49d0d69e31b7d1d311f861f764dfc","name":"Andrea Reidl","image":{"@type":"ImageObject","inLanguage":"de","@id":"https:\/\/blog.zeit.de\/fahrrad\/#\/schema\/person\/image\/","url":"https:\/\/secure.gravatar.com\/avatar\/52595868054cdd5e076af9664613db489c74a4ed484ee30b2f82136c624f1797?s=96&d=mm&r=g","contentUrl":"https:\/\/secure.gravatar.com\/avatar\/52595868054cdd5e076af9664613db489c74a4ed484ee30b2f82136c624f1797?s=96&d=mm&r=g","caption":"Andrea Reidl"},"url":"https:\/\/blog.zeit.de\/fahrrad\/author\/areidl\/"}]}},"jetpack_featured_media_url":"","jetpack_sharing_enabled":true,"_links":{"self":[{"href":"https:\/\/blog.zeit.de\/fahrrad\/wp-json\/wp\/v2\/posts\/3562","targetHints":{"allow":["GET"]}}],"collection":[{"href":"https:\/\/blog.zeit.de\/fahrrad\/wp-json\/wp\/v2\/posts"}],"about":[{"href":"https:\/\/blog.zeit.de\/fahrrad\/wp-json\/wp\/v2\/types\/post"}],"author":[{"embeddable":true,"href":"https:\/\/blog.zeit.de\/fahrrad\/wp-json\/wp\/v2\/users\/385"}],"replies":[{"embeddable":true,"href":"https:\/\/blog.zeit.de\/fahrrad\/wp-json\/wp\/v2\/comments?post=3562"}],"version-history":[{"count":23,"href":"https:\/\/blog.zeit.de\/fahrrad\/wp-json\/wp\/v2\/posts\/3562\/revisions"}],"predecessor-version":[{"id":3593,"href":"https:\/\/blog.zeit.de\/fahrrad\/wp-json\/wp\/v2\/posts\/3562\/revisions\/3593"}],"wp:attachment":[{"href":"https:\/\/blog.zeit.de\/fahrrad\/wp-json\/wp\/v2\/media?parent=3562"}],"wp:term":[{"taxonomy":"category","embeddable":true,"href":"https:\/\/blog.zeit.de\/fahrrad\/wp-json\/wp\/v2\/categories?post=3562"},{"taxonomy":"post_tag","embeddable":true,"href":"https:\/\/blog.zeit.de\/fahrrad\/wp-json\/wp\/v2\/tags?post=3562"}],"curies":[{"name":"wp","href":"https:\/\/api.w.org\/{rel}","templated":true}]}}