{"id":4167,"date":"2014-03-17T10:28:53","date_gmt":"2014-03-17T09:28:53","guid":{"rendered":"http:\/\/blog.zeit.de\/fahrrad\/?p=4167"},"modified":"2014-03-21T13:31:20","modified_gmt":"2014-03-21T12:31:20","slug":"federnde-handschmeichler-fur-den-lenker","status":"publish","type":"post","link":"https:\/\/blog.zeit.de\/fahrrad\/2014\/03\/17\/federnde-handschmeichler-fur-den-lenker\/","title":{"rendered":"Federnde Handschmeichler f\u00fcr den Lenker"},"content":{"rendered":"<p><figure id=\"attachment_4164\" aria-describedby=\"caption-attachment-4164\" style=\"width: 540px\" class=\"wp-caption aligncenter\"><img decoding=\"async\" class=\" wp-image-4164 \" alt=\"\u00a9 Velospring\" src=\"https:\/\/blog.zeit.de\/fahrrad\/files\/2014\/03\/Velospring_Federung_schwarz.jpg\" width=\"540\" srcset=\"https:\/\/blog.zeit.de\/fahrrad\/files\/2014\/03\/Velospring_Federung_schwarz.jpg 639w, https:\/\/blog.zeit.de\/fahrrad\/files\/2014\/03\/Velospring_Federung_schwarz-540x360.jpg 540w\" sizes=\"(max-width: 639px) 100vw, 639px\" \/><figcaption id=\"caption-attachment-4164\" class=\"wp-caption-text\">\u00a9 Velospring<\/figcaption><\/figure><\/p>\n<p>Was wollte der Mann von ihm? Holzgriffe f\u00fcr sein Fahrrad? Klaus Mildenberger sch\u00fcttelte den Kopf. Er baute seit Jahren feinste M\u00f6bel und Designst\u00fccke in seiner<a href=\"http:\/\/www.mildenberger-massivholzmoebel.de\/\" target=\"_blank\"> Manufaktur<\/a> in M\u00fcnchen. Immer wieder realisierte er dort extravagante Kundenw\u00fcnsche, aber Holz am Fahrrad? &#8222;Holzgriffe sind hart und werden im Wetter rissig und unansehnlich&#8220;, wimmelte Mildenberger den Kunden ab. Dieser ging schlie\u00dflich, aber seine Idee hatte sich in den Gedanken des Schreiners und Designers eingenistet. In den folgenden Tagen, Wochen und Monaten drehte sich Mildenbergers Alltag zunehmend um die Frage: Wie platziert man Holzgriffe sinnvoll an einem Lenker.<\/p>\n<p>Drei Jahre sp\u00e4ter, im Herbst 2013, verteilte er die ersten Holzgriffe mit dem Namen sen comfort an Testfahrer. Das Besondere: Sie federn. Mit dem urspr\u00fcnglichen Wunsch seines Kunden haben sie bis auf das Material kaum noch etwas gemein.<!--more--><\/p>\n<p>Dabei ist die Federung ein Zufallstreffer. Anfangs sah Mildenberger in abnehmbaren Griffe die L\u00f6sung. Er versah die Holzgriffe mit einem Bajonettverschluss und probierte sie aus. &#8222;Die erste Aufh\u00e4ngung war relativ weich&#8220;, sagt er. Das war komfortabel. Mit einer ordentlichen Federung m\u00fcsste sie ein v\u00f6llig neues Fahrgef\u00fchl erzeugen, dachte der Designer.<\/p>\n<p><figure id=\"attachment_4165\" aria-describedby=\"caption-attachment-4165\" style=\"width: 540px\" class=\"wp-caption aligncenter\"><img decoding=\"async\" class=\" wp-image-4165 \" alt=\"\u00a9 Reidl\" src=\"https:\/\/blog.zeit.de\/fahrrad\/files\/2014\/03\/IMG_2734.jpg\" width=\"540\" srcset=\"https:\/\/blog.zeit.de\/fahrrad\/files\/2014\/03\/IMG_2734.jpg 639w, https:\/\/blog.zeit.de\/fahrrad\/files\/2014\/03\/IMG_2734-540x360.jpg 540w\" sizes=\"(max-width: 639px) 100vw, 639px\" \/><figcaption id=\"caption-attachment-4165\" class=\"wp-caption-text\">\u00a9 Reidl<\/figcaption><\/figure><\/p>\n<p>Heute funktioniert die Federung \u00fcber ein Metallelement, das im Lenker versenkt wird. Es enth\u00e4lt eine Federh\u00fclse, die nachgibt und so Bodenunebenheiten ausgleicht. Die Nussbaumoberfl\u00e4che des sen-comfort-Griffs ist ergonomisch geformt. Obwohl es Holz ist, wirkt sie weich und erinnert eher an Handschmeichler als an Fahrradgriffe.<\/p>\n<p>Das war nicht immer so. &#8222;Die ersten Griffe waren harte Knochen&#8220;, sagt Mildenberger r\u00fcckblickend. Diese Erkenntnis verdankte er einem Verwandten, dem ein Fahrradladen geh\u00f6rt. Als ihm der Designer sein Produkt pr\u00e4sentierte, gefiel ihm dessen Idee \u2013 aber die Griffe waren nicht &#8222;seine Form&#8220;, wie er es nannte. Der Ladenbesitzer vermisste die Ergonomie, die mittlerweile bei Fahrradgriffen Usus ist.<\/p>\n<p>Daraufhin begann Mildenberger intensiv zu feilen und anzupassen. Er untersuchte Kr\u00fcckengriffe von Gehst\u00f6cken und entwickelte \u00fcber Monate die heutige Form der Nussbaumgriffe.<\/p>\n<p><figure id=\"attachment_4166\" aria-describedby=\"caption-attachment-4166\" style=\"width: 640px\" class=\"wp-caption aligncenter\"><img loading=\"lazy\" decoding=\"async\" class=\"size-full wp-image-4166\" alt=\"Holzgriffe f\u00fcr Rohloffschaltung mit \u00a9 Reidl \" src=\"https:\/\/blog.zeit.de\/fahrrad\/files\/2014\/03\/20140224_202258.jpg\" width=\"640\" height=\"360\" srcset=\"https:\/\/blog.zeit.de\/fahrrad\/files\/2014\/03\/20140224_202258.jpg 640w, https:\/\/blog.zeit.de\/fahrrad\/files\/2014\/03\/20140224_202258-148x84.jpg 148w, https:\/\/blog.zeit.de\/fahrrad\/files\/2014\/03\/20140224_202258-540x303.jpg 540w\" sizes=\"auto, (max-width: 640px) 100vw, 640px\" \/><figcaption id=\"caption-attachment-4166\" class=\"wp-caption-text\">Holzgriffe f\u00fcr Rohloffschaltung mit Metallh\u00fclse und Werkzeug \u00a9 Reidl<\/figcaption><\/figure><\/p>\n<p>Und das Ergebnis? Anfangs war ich skeptisch. Ich habe durchaus ein Faible f\u00fcr Schnickschnack am Fahrrad. Aber Holzgriffe f\u00fcr ein Alltagsrad, das bei Regen und im Winter vorm B\u00fcro steht? Daf\u00fcr fand ich 199 Euro \u00fcberdimensioniert. Das passt eher zum Sonntagsfahrrad, mit dem man bei Sonnenschein zur Eisdiele radelt.<\/p>\n<p>Die Montage der Testgriffe war ern\u00fcchternd. Kaum angefangen, konnte ich auch schon wieder aufh\u00f6ren: Der Innendurchmesser meines Lenkers war zu schmal. Das Problem kennt Mildenberger. &#8222;Die Au\u00dfendurchmesser von Fahrradlenkern sind genormt mit 22,3 Millimetern&#8220;, sagt er, &#8222;die Innendurchmesser nicht.&#8220; Dementsprechend unterschiedlich sind sie. Die Metallh\u00fclse f\u00fcr Mildenbergers Griffe ben\u00f6tigt im Innenrohr 18 bis 20 Millimeter.<\/p>\n<p>Vorsorglich hatte Mildenberger mir einen passenden Lenker mitgeschickt. Dort war die Federh\u00fclse bereits montiert. Das ersparte mir die Montage, und ich musste die Griffe nur noch festschrauben.<\/p>\n<p><strong>Luxus mit angenehmer Haptik<\/strong><\/p>\n<p>In den kommenden Wochen stellte ich mein Rad bewusst in den Regen oder lie\u00df es \u00fcber Nacht bei K\u00e4lte drau\u00dfen stehen. Die Holzgriffe st\u00f6rt das wenig. Die Kombination aus feinstem Schleifen, mehrmaligem W\u00e4ssern und 24-st\u00fcndigem Natur\u00f6lbad mache sie wetterbest\u00e4ndig, sagt ihr Erfinder.<\/p>\n<p>Was sp\u00fcrbar ist: Jede Fahrt poliert die Griffe. Mildenberger vergleicht sie beispielsweise mit den Holzhandl\u00e4ufen von Aussichtst\u00fcrmen. Die halten Jahrzehnte und sind glatt poliert durch die t\u00e4glichen Ber\u00fchrungen unz\u00e4hliger G\u00e4ste. Das erwartet er auch von seinen Griffen.<\/p>\n<p>Obwohl es eigentlich noch zu kalt war, fuhr ich h\u00e4ufig ohne Handschuhe. Zum einen weil die Griffe eine angenehme Haptik haben, zum anderen weil die Handinnenfl\u00e4chen auf dem Holz schnell warm werden. Das ist komfortabel.<\/p>\n<p>Wie auch die gefederten Griffe. Ich kann mir schwer vorstellen, dass sie wirklich eine Federgabel ersetzen, wie einer von Mildenbergers Testfahrern auf der <a href=\"http:\/\/www.velospring-fahrradgriffe.de\/sen-holzgriffe.html\" target=\"_blank\">Website<\/a> schreibt. Aber auf unebenen Stra\u00dfen oder dem Kopfsteinpflaster d\u00e4mpfen sie sp\u00fcrbar.<\/p>\n<p>Die Griffe sind Luxus, ganz klar. Aber einer, der den Komfort steigert und auf den ich jedes Mal aufmerksam werde, wenn ich aufs Rad steige. Denn im Gegensatz zu meinen ergonomischen Griffen, die ihren Zweck erf\u00fcllen, nehme ich die Holzgriffe \u00fcberhaupt erst wahr. Aus einem Grund: weil sie sich gut anf\u00fchlen.<\/p>\n<p><figure id=\"attachment_4163\" aria-describedby=\"caption-attachment-4163\" style=\"width: 540px\" class=\"wp-caption aligncenter\"><img decoding=\"async\" class=\" wp-image-4163 \" alt=\"\u00a9 Velospring\" src=\"https:\/\/blog.zeit.de\/fahrrad\/files\/2014\/03\/Velospring_Mood_035_Aum\u00fchle_.jpg\" width=\"540\" srcset=\"https:\/\/blog.zeit.de\/fahrrad\/files\/2014\/03\/Velospring_Mood_035_Aum\u00fchle_.jpg 640w, https:\/\/blog.zeit.de\/fahrrad\/files\/2014\/03\/Velospring_Mood_035_Aum\u00fchle_-540x405.jpg 540w\" sizes=\"(max-width: 640px) 100vw, 640px\" \/><figcaption id=\"caption-attachment-4163\" class=\"wp-caption-text\">\u00a9 Velospring<\/figcaption><\/figure><\/p>\n","protected":false},"excerpt":{"rendered":"<p>Was wollte der Mann von ihm? Holzgriffe f\u00fcr sein Fahrrad? Klaus Mildenberger sch\u00fcttelte den Kopf. Er baute seit Jahren feinste M\u00f6bel und Designst\u00fccke in seiner Manufaktur in M\u00fcnchen. Immer wieder realisierte er dort extravagante Kundenw\u00fcnsche, aber Holz am Fahrrad? &#8222;Holzgriffe sind hart und werden im Wetter rissig und unansehnlich&#8220;, wimmelte Mildenberger den Kunden ab. Dieser [&hellip;]<\/p>\n","protected":false},"author":385,"featured_media":0,"comment_status":"open","ping_status":"open","sticky":false,"template":"","format":"standard","meta":{"_jetpack_memberships_contains_paid_content":false,"footnotes":""},"categories":[23028,319,23031],"tags":[30846,30845,30843,30844],"class_list":["post-4167","post","type-post","status-publish","format-standard","hentry","category-fahrradteile","category-forschung","category-leute","tag-federn","tag-holzgriff","tag-klaus-mildenberger","tag-sen-comfort"],"yoast_head":"<!-- This site is optimized with the Yoast SEO plugin v21.0 - https:\/\/yoast.com\/wordpress\/plugins\/seo\/ -->\n<title>Federnde Handschmeichler f\u00fcr den Lenker - Velophil<\/title>\n<meta name=\"robots\" content=\"index, follow, max-snippet:-1, max-image-preview:large, max-video-preview:-1\" \/>\n<link rel=\"canonical\" href=\"https:\/\/blog.zeit.de\/fahrrad\/2014\/03\/17\/federnde-handschmeichler-fur-den-lenker\/\" \/>\n<meta property=\"og:locale\" content=\"de_DE\" \/>\n<meta property=\"og:type\" content=\"article\" \/>\n<meta property=\"og:title\" content=\"Federnde Handschmeichler f\u00fcr den Lenker - Velophil\" \/>\n<meta property=\"og:description\" content=\"Was wollte der Mann von ihm? Holzgriffe f\u00fcr sein Fahrrad? Klaus Mildenberger sch\u00fcttelte den Kopf. Er baute seit Jahren feinste M\u00f6bel und Designst\u00fccke in seiner Manufaktur in M\u00fcnchen. Immer wieder realisierte er dort extravagante Kundenw\u00fcnsche, aber Holz am Fahrrad? &#8222;Holzgriffe sind hart und werden im Wetter rissig und unansehnlich&#8220;, wimmelte Mildenberger den Kunden ab. Dieser [&hellip;]\" \/>\n<meta property=\"og:url\" content=\"https:\/\/blog.zeit.de\/fahrrad\/2014\/03\/17\/federnde-handschmeichler-fur-den-lenker\/\" \/>\n<meta property=\"og:site_name\" content=\"Velophil\" \/>\n<meta property=\"article:published_time\" content=\"2014-03-17T09:28:53+00:00\" \/>\n<meta property=\"article:modified_time\" content=\"2014-03-21T12:31:20+00:00\" \/>\n<meta property=\"og:image\" content=\"https:\/\/blog.zeit.de\/fahrrad\/files\/2014\/03\/Velospring_Federung_schwarz.jpg\" \/>\n<meta name=\"author\" content=\"Andrea Reidl\" \/>\n<meta name=\"twitter:card\" content=\"summary_large_image\" \/>\n<meta name=\"twitter:creator\" content=\"@zeitonline\" \/>\n<meta name=\"twitter:site\" content=\"@zeitonline\" \/>\n<meta name=\"twitter:label1\" content=\"Geschrieben von\" \/>\n\t<meta name=\"twitter:data1\" content=\"Andrea Reidl\" \/>\n\t<meta name=\"twitter:label2\" content=\"Gesch\u00e4tzte Lesezeit\" \/>\n\t<meta name=\"twitter:data2\" content=\"4\u00a0Minuten\" \/>\n<script type=\"application\/ld+json\" class=\"yoast-schema-graph\">{\"@context\":\"https:\/\/schema.org\",\"@graph\":[{\"@type\":\"WebPage\",\"@id\":\"https:\/\/blog.zeit.de\/fahrrad\/2014\/03\/17\/federnde-handschmeichler-fur-den-lenker\/\",\"url\":\"https:\/\/blog.zeit.de\/fahrrad\/2014\/03\/17\/federnde-handschmeichler-fur-den-lenker\/\",\"name\":\"Federnde Handschmeichler f\u00fcr den Lenker - Velophil\",\"isPartOf\":{\"@id\":\"https:\/\/blog.zeit.de\/fahrrad\/#website\"},\"datePublished\":\"2014-03-17T09:28:53+00:00\",\"dateModified\":\"2014-03-21T12:31:20+00:00\",\"author\":{\"@id\":\"https:\/\/blog.zeit.de\/fahrrad\/#\/schema\/person\/9fe49d0d69e31b7d1d311f861f764dfc\"},\"breadcrumb\":{\"@id\":\"https:\/\/blog.zeit.de\/fahrrad\/2014\/03\/17\/federnde-handschmeichler-fur-den-lenker\/#breadcrumb\"},\"inLanguage\":\"de\",\"potentialAction\":[{\"@type\":\"ReadAction\",\"target\":[\"https:\/\/blog.zeit.de\/fahrrad\/2014\/03\/17\/federnde-handschmeichler-fur-den-lenker\/\"]}]},{\"@type\":\"BreadcrumbList\",\"@id\":\"https:\/\/blog.zeit.de\/fahrrad\/2014\/03\/17\/federnde-handschmeichler-fur-den-lenker\/#breadcrumb\",\"itemListElement\":[{\"@type\":\"ListItem\",\"position\":1,\"name\":\"Startseite\",\"item\":\"https:\/\/blog.zeit.de\/fahrrad\/\"},{\"@type\":\"ListItem\",\"position\":2,\"name\":\"Federnde Handschmeichler f\u00fcr den Lenker\"}]},{\"@type\":\"WebSite\",\"@id\":\"https:\/\/blog.zeit.de\/fahrrad\/#website\",\"url\":\"https:\/\/blog.zeit.de\/fahrrad\/\",\"name\":\"Velophil\",\"description\":\"Das Fahrrad-Blog\",\"potentialAction\":[{\"@type\":\"SearchAction\",\"target\":{\"@type\":\"EntryPoint\",\"urlTemplate\":\"https:\/\/blog.zeit.de\/fahrrad\/?s={search_term_string}\"},\"query-input\":\"required name=search_term_string\"}],\"inLanguage\":\"de\"},{\"@type\":\"Person\",\"@id\":\"https:\/\/blog.zeit.de\/fahrrad\/#\/schema\/person\/9fe49d0d69e31b7d1d311f861f764dfc\",\"name\":\"Andrea Reidl\",\"image\":{\"@type\":\"ImageObject\",\"inLanguage\":\"de\",\"@id\":\"https:\/\/blog.zeit.de\/fahrrad\/#\/schema\/person\/image\/\",\"url\":\"https:\/\/secure.gravatar.com\/avatar\/52595868054cdd5e076af9664613db489c74a4ed484ee30b2f82136c624f1797?s=96&d=mm&r=g\",\"contentUrl\":\"https:\/\/secure.gravatar.com\/avatar\/52595868054cdd5e076af9664613db489c74a4ed484ee30b2f82136c624f1797?s=96&d=mm&r=g\",\"caption\":\"Andrea Reidl\"},\"url\":\"https:\/\/blog.zeit.de\/fahrrad\/author\/areidl\/\"}]}<\/script>\n<!-- \/ Yoast SEO plugin. -->","yoast_head_json":{"title":"Federnde Handschmeichler f\u00fcr den Lenker - Velophil","robots":{"index":"index","follow":"follow","max-snippet":"max-snippet:-1","max-image-preview":"max-image-preview:large","max-video-preview":"max-video-preview:-1"},"canonical":"https:\/\/blog.zeit.de\/fahrrad\/2014\/03\/17\/federnde-handschmeichler-fur-den-lenker\/","og_locale":"de_DE","og_type":"article","og_title":"Federnde Handschmeichler f\u00fcr den Lenker - Velophil","og_description":"Was wollte der Mann von ihm? Holzgriffe f\u00fcr sein Fahrrad? Klaus Mildenberger sch\u00fcttelte den Kopf. Er baute seit Jahren feinste M\u00f6bel und Designst\u00fccke in seiner Manufaktur in M\u00fcnchen. Immer wieder realisierte er dort extravagante Kundenw\u00fcnsche, aber Holz am Fahrrad? &#8222;Holzgriffe sind hart und werden im Wetter rissig und unansehnlich&#8220;, wimmelte Mildenberger den Kunden ab. Dieser [&hellip;]","og_url":"https:\/\/blog.zeit.de\/fahrrad\/2014\/03\/17\/federnde-handschmeichler-fur-den-lenker\/","og_site_name":"Velophil","article_published_time":"2014-03-17T09:28:53+00:00","article_modified_time":"2014-03-21T12:31:20+00:00","og_image":[{"url":"https:\/\/blog.zeit.de\/fahrrad\/files\/2014\/03\/Velospring_Federung_schwarz.jpg"}],"author":"Andrea Reidl","twitter_card":"summary_large_image","twitter_creator":"@zeitonline","twitter_site":"@zeitonline","twitter_misc":{"Geschrieben von":"Andrea Reidl","Gesch\u00e4tzte Lesezeit":"4\u00a0Minuten"},"schema":{"@context":"https:\/\/schema.org","@graph":[{"@type":"WebPage","@id":"https:\/\/blog.zeit.de\/fahrrad\/2014\/03\/17\/federnde-handschmeichler-fur-den-lenker\/","url":"https:\/\/blog.zeit.de\/fahrrad\/2014\/03\/17\/federnde-handschmeichler-fur-den-lenker\/","name":"Federnde Handschmeichler f\u00fcr den Lenker - Velophil","isPartOf":{"@id":"https:\/\/blog.zeit.de\/fahrrad\/#website"},"datePublished":"2014-03-17T09:28:53+00:00","dateModified":"2014-03-21T12:31:20+00:00","author":{"@id":"https:\/\/blog.zeit.de\/fahrrad\/#\/schema\/person\/9fe49d0d69e31b7d1d311f861f764dfc"},"breadcrumb":{"@id":"https:\/\/blog.zeit.de\/fahrrad\/2014\/03\/17\/federnde-handschmeichler-fur-den-lenker\/#breadcrumb"},"inLanguage":"de","potentialAction":[{"@type":"ReadAction","target":["https:\/\/blog.zeit.de\/fahrrad\/2014\/03\/17\/federnde-handschmeichler-fur-den-lenker\/"]}]},{"@type":"BreadcrumbList","@id":"https:\/\/blog.zeit.de\/fahrrad\/2014\/03\/17\/federnde-handschmeichler-fur-den-lenker\/#breadcrumb","itemListElement":[{"@type":"ListItem","position":1,"name":"Startseite","item":"https:\/\/blog.zeit.de\/fahrrad\/"},{"@type":"ListItem","position":2,"name":"Federnde Handschmeichler f\u00fcr den Lenker"}]},{"@type":"WebSite","@id":"https:\/\/blog.zeit.de\/fahrrad\/#website","url":"https:\/\/blog.zeit.de\/fahrrad\/","name":"Velophil","description":"Das Fahrrad-Blog","potentialAction":[{"@type":"SearchAction","target":{"@type":"EntryPoint","urlTemplate":"https:\/\/blog.zeit.de\/fahrrad\/?s={search_term_string}"},"query-input":"required name=search_term_string"}],"inLanguage":"de"},{"@type":"Person","@id":"https:\/\/blog.zeit.de\/fahrrad\/#\/schema\/person\/9fe49d0d69e31b7d1d311f861f764dfc","name":"Andrea Reidl","image":{"@type":"ImageObject","inLanguage":"de","@id":"https:\/\/blog.zeit.de\/fahrrad\/#\/schema\/person\/image\/","url":"https:\/\/secure.gravatar.com\/avatar\/52595868054cdd5e076af9664613db489c74a4ed484ee30b2f82136c624f1797?s=96&d=mm&r=g","contentUrl":"https:\/\/secure.gravatar.com\/avatar\/52595868054cdd5e076af9664613db489c74a4ed484ee30b2f82136c624f1797?s=96&d=mm&r=g","caption":"Andrea Reidl"},"url":"https:\/\/blog.zeit.de\/fahrrad\/author\/areidl\/"}]}},"jetpack_featured_media_url":"","jetpack_sharing_enabled":true,"_links":{"self":[{"href":"https:\/\/blog.zeit.de\/fahrrad\/wp-json\/wp\/v2\/posts\/4167","targetHints":{"allow":["GET"]}}],"collection":[{"href":"https:\/\/blog.zeit.de\/fahrrad\/wp-json\/wp\/v2\/posts"}],"about":[{"href":"https:\/\/blog.zeit.de\/fahrrad\/wp-json\/wp\/v2\/types\/post"}],"author":[{"embeddable":true,"href":"https:\/\/blog.zeit.de\/fahrrad\/wp-json\/wp\/v2\/users\/385"}],"replies":[{"embeddable":true,"href":"https:\/\/blog.zeit.de\/fahrrad\/wp-json\/wp\/v2\/comments?post=4167"}],"version-history":[{"count":8,"href":"https:\/\/blog.zeit.de\/fahrrad\/wp-json\/wp\/v2\/posts\/4167\/revisions"}],"predecessor-version":[{"id":4175,"href":"https:\/\/blog.zeit.de\/fahrrad\/wp-json\/wp\/v2\/posts\/4167\/revisions\/4175"}],"wp:attachment":[{"href":"https:\/\/blog.zeit.de\/fahrrad\/wp-json\/wp\/v2\/media?parent=4167"}],"wp:term":[{"taxonomy":"category","embeddable":true,"href":"https:\/\/blog.zeit.de\/fahrrad\/wp-json\/wp\/v2\/categories?post=4167"},{"taxonomy":"post_tag","embeddable":true,"href":"https:\/\/blog.zeit.de\/fahrrad\/wp-json\/wp\/v2\/tags?post=4167"}],"curies":[{"name":"wp","href":"https:\/\/api.w.org\/{rel}","templated":true}]}}