{"id":4291,"date":"2014-04-18T08:20:11","date_gmt":"2014-04-18T06:20:11","guid":{"rendered":"http:\/\/blog.zeit.de\/fahrrad\/?p=4291"},"modified":"2014-04-17T15:21:33","modified_gmt":"2014-04-17T13:21:33","slug":"de-guenther-fahrradunikate","status":"publish","type":"post","link":"https:\/\/blog.zeit.de\/fahrrad\/2014\/04\/18\/de-guenther-fahrradunikate\/","title":{"rendered":"Der Mann f\u00fcr den feinen Unterschied"},"content":{"rendered":"<p><figure id=\"attachment_1019\" aria-describedby=\"caption-attachment-1019\" style=\"width: 600px\" class=\"wp-caption aligncenter\"><img loading=\"lazy\" decoding=\"async\" class=\"size-full wp-image-1019\" alt=\"\u00a9 The Bike Book - Lifestyle. Passion. Design. published by teNeues\" src=\"https:\/\/blog.zeit.de\/fahrrad\/files\/2012\/11\/Bikebook1.jpg\" width=\"600\" height=\"400\" srcset=\"https:\/\/blog.zeit.de\/fahrrad\/files\/2012\/11\/Bikebook1.jpg 600w, https:\/\/blog.zeit.de\/fahrrad\/files\/2012\/11\/Bikebook1-540x360.jpg 540w\" sizes=\"auto, (max-width: 600px) 100vw, 600px\" \/><figcaption id=\"caption-attachment-1019\" class=\"wp-caption-text\">\u00a9 The Bike Book &#8211; Lifestyle. Passion. Design. published by teNeues<\/figcaption><\/figure><\/p>\n<p>Der Sattel ist aus Ziegenfell, Stierh\u00f6rner ersetzen den Lenker und der Bremshebel kommt aus England und ist eigentlich eine Badezimmer-Armatur. Wer hinter dem Erbauer dieses ungew\u00f6hnlichen Fahrrads einen egozentrischen Macho vermutet, liegt falsch. Dirk de G\u00fcnther ist unglaublich freundlich, zugewandt und neugierig auf sein Gegen\u00fcber. Das muss er auch sein. Denn der Wahlberliner baut seinen Kunden Traumr\u00e4der. Dabei wei\u00df er sogar h\u00e4ufig genauer, wovon sie eigentlich tr\u00e4umen, als die Kunden selbst.<\/p>\n<p>Ein sch\u00f6nes Beispiel daf\u00fcr ist seine Beratung eines Immobilienmaklers. Als dieser aus seinem Bentley stieg und auf die kleine Manufaktur in Berlin-Charlottenburg zusteuerte, wusste der Fahrraddesigner sofort, was der Kunde f\u00fcr ein Fahrrad brauchte: einen gemufften Rahmen aus den sechziger Jahren, ohne jegliches Plastik, daf\u00fcr mit Pedalen, Griffen und einem Kettenschutz aus Leder.<\/p>\n<p>Dem Bentley-Fahrer gefiel das \u2013 bis er mit de G\u00fcnther \u00fcber die Farbe diskutierte. Der Kunde wollte schwarz. Aber sein Gegen\u00fcber winkte ab. Das passe nicht zu ihm, er sei nicht so ein kantiger Typ, erkl\u00e4rte de G\u00fcnther. Der Kunde war skeptisch. Als ihm der Fahrraddesigner dann jedoch erkl\u00e4rte, dass er sicherlich nie schwarze Anz\u00fcge trage, sondern dunkelblaue, dunkelbraune oder dunkelrote, hielt der Immobilienmakler inne. So genau hatte ihm ein Fremder noch nie seinen Kleiderschrank beschrieben. Das Rad wurde dunkelblau.<\/p>\n<p>Es sind Nuancen, f\u00fcr Laien oft kaum erkennbar, die den Unterschied ausmachen zwischen sch\u00f6n und perfekt. De G\u00fcnther ist Fachmann f\u00fcr den feinen Unterschied.<\/p>\n<p><figure id=\"attachment_4278\" aria-describedby=\"caption-attachment-4278\" style=\"width: 540px\" class=\"wp-caption aligncenter\"><img decoding=\"async\" class=\" wp-image-4278 \" alt=\"Dirk de G\u00fcnther vor seinem Laden in Berlin Charlottenburg \u00a9 Reidl\" src=\"https:\/\/blog.zeit.de\/fahrrad\/files\/2014\/04\/20131026_151818.jpg\" width=\"540\" srcset=\"https:\/\/blog.zeit.de\/fahrrad\/files\/2014\/04\/20131026_151818.jpg 633w, https:\/\/blog.zeit.de\/fahrrad\/files\/2014\/04\/20131026_151818-534x540.jpg 534w\" sizes=\"(max-width: 633px) 100vw, 633px\" \/><figcaption id=\"caption-attachment-4278\" class=\"wp-caption-text\">Dirk de G\u00fcnther vor seinem Laden in Berlin-Charlottenburg \u00a9 Reidl<\/figcaption><\/figure><\/p>\n<p><figure id=\"attachment_4281\" aria-describedby=\"caption-attachment-4281\" style=\"width: 540px\" class=\"wp-caption aligncenter\"><img decoding=\"async\" class=\" wp-image-4281 \" alt=\"\u00a9 Deginder Cycle Manufactur \" src=\"https:\/\/blog.zeit.de\/fahrrad\/files\/2014\/04\/DEGINDER-CYCLE-MANUFACTUR-31.jpg\" width=\"540\" srcset=\"https:\/\/blog.zeit.de\/fahrrad\/files\/2014\/04\/DEGINDER-CYCLE-MANUFACTUR-31.jpg 638w, https:\/\/blog.zeit.de\/fahrrad\/files\/2014\/04\/DEGINDER-CYCLE-MANUFACTUR-31-540x381.jpg 540w\" sizes=\"(max-width: 638px) 100vw, 638px\" \/><figcaption id=\"caption-attachment-4281\" class=\"wp-caption-text\">\u00a9 Deginder Cycle Manufactur<\/figcaption><\/figure><\/p>\n<p>Sein Technikverst\u00e4ndnis verdankt Dirk de G\u00fcnther zum Teil seinem Vater. Der hatte ein Fahrradgesch\u00e4ft und sein Sohn dadurch Zugang zu den neuesten Modellen \u2013 von klein auf. &#8222;Meine Mutter sagte immer, dass ich erst Fahrrad fahren und dann laufen konnte&#8220;, erz\u00e4hlt er.<\/p>\n<p>Schon als Knirps hatte er eine sehr genaue Vorstellung davon, wie sein Rad aussehen sollte. N\u00e4mlich &#8222;clean&#8220;, wie er sagt. Man k\u00f6nnte auch sagen, der Kleine war ein Purist. Licht, Schutzbleche und Klingel fand er \u00fcberfl\u00fcssig und baute sie regelm\u00e4\u00dfig ab. Zum \u00c4rger seines Vaters, der stillschweigend alles wieder anschraubte. Dar\u00fcber wunderte sich der Junge zwar, aber es hielt ihn nicht davon ab, es wieder abzuschrauben. &#8222;Es war das ein st\u00e4ndiges Hin und Her&#8220;, erinnert sich de G\u00fcnther.<\/p>\n<p>An sein erstes Kinderrad habe er Fu\u00dfrasten montiert und mit dem Rad Tricks gemacht, erinnert er sich. 50 Meter sei er damit auf dem Hinterrad gefahren. &#8222;Ich war nat\u00fcrlich stolz wie Oskar, wenn die gro\u00dfen Jungs gestaunt haben, was ich Knirps alles kann&#8220;, sagt er heute.<\/p>\n<p>Als Erwachsener geriet seine Liebe zu Fahrr\u00e4dern zwischenzeitlich ein bisschen in Vergessenheit. De G\u00fcnther wurde Kfz-Mechaniker, studierte BWL, arbeitete als Manager in Hamburg und sammelte Autos \u2013 englische Oldtimer. Dann machte er sechs Jahre Urlaub. Irgendwann hat er mit seiner Frau eine Modeboutique in Berlin betrieben.<\/p>\n<p><figure id=\"attachment_4279\" aria-describedby=\"caption-attachment-4279\" style=\"width: 540px\" class=\"wp-caption aligncenter\"><img decoding=\"async\" class=\" wp-image-4279 \" alt=\"\u00a9 Deginder Cycle Manufactur \" src=\"https:\/\/blog.zeit.de\/fahrrad\/files\/2014\/04\/DEGINDER-CYCLE-MANUFACTUR-14.jpg\" width=\"540\" srcset=\"https:\/\/blog.zeit.de\/fahrrad\/files\/2014\/04\/DEGINDER-CYCLE-MANUFACTUR-14.jpg 639w, https:\/\/blog.zeit.de\/fahrrad\/files\/2014\/04\/DEGINDER-CYCLE-MANUFACTUR-14-540x360.jpg 540w\" sizes=\"(max-width: 639px) 100vw, 639px\" \/><figcaption id=\"caption-attachment-4279\" class=\"wp-caption-text\">\u00a9 Deginder Cycle Manufactur<\/figcaption><\/figure><\/p>\n<p><figure id=\"attachment_4282\" aria-describedby=\"caption-attachment-4282\" style=\"width: 540px\" class=\"wp-caption aligncenter\"><img decoding=\"async\" class=\" wp-image-4282 \" alt=\"\u00a9 Deginder Cycle Manufactur \" src=\"https:\/\/blog.zeit.de\/fahrrad\/files\/2014\/04\/DEGINDER-CYCLE-MANUFACTUR-18300dpi.jpg\" width=\"540\" srcset=\"https:\/\/blog.zeit.de\/fahrrad\/files\/2014\/04\/DEGINDER-CYCLE-MANUFACTUR-18300dpi.jpg 638w, https:\/\/blog.zeit.de\/fahrrad\/files\/2014\/04\/DEGINDER-CYCLE-MANUFACTUR-18300dpi-540x354.jpg 540w\" sizes=\"(max-width: 638px) 100vw, 638px\" \/><figcaption id=\"caption-attachment-4282\" class=\"wp-caption-text\">\u00a9 Deginder Cycle Manufactur<\/figcaption><\/figure><\/p>\n<p>In der Hauptstadt fand er in einer Hecke ein v\u00f6llig eingewachsenes Rad aus den drei\u00dfiger Jahren. Da er sich schon lange wieder ein Fahrrad w\u00fcnschte, nahm er es mit und putzte es heraus: Der Rahmen bekam einen neuen Lack, die Pedale \u00fcberzog er mit Leder, ebenso die Griffe und den Sattel. Damit fuhr er durch die Stadt.<\/p>\n<p>Was dann geschah, war f\u00fcr de G\u00fcnther eine \u00dcberraschung: Die Leute auf der Stra\u00dfe sprachen ihn an. Ihnen gefiel das Rad, und sie w\u00fcnschten sich ein \u00e4hnliches. De G\u00fcnther h\u00f6rte ihnen zu, machte Vorschl\u00e4ge und baute so erst in Gedanken, sp\u00e4ter dann in seiner Werkstatt neue R\u00e4der auf.<\/p>\n<p>Seitdem hantiert er mit Fahrradrahmen aus dem vergangenen und dem neuen Jahrhundert. Er macht aus alten wie neuen R\u00e4dern etwas komplett anderes. Daf\u00fcr wird geschraubt, gel\u00f6tet, lackiert, gen\u00e4ht, \u00fcberzogen, verziert, verchromt und auch mal vergoldet. Wenn die guten St\u00fccke seinen Laden verlassen, sind sie f\u00fcr de G\u00fcnther &#8222;Kunstwerke&#8220;.<\/p>\n<p>Inzwischen ist die <a href=\"http:\/\/dcm-berlin.com\/\" target=\"_blank\">Deginder Cycle Manufaktur<\/a> eine bekannte Marke. Seine R\u00e4der zieren Designb\u00fccher, sie stehen zu Werbezwecken auf Messen und vor Designergesch\u00e4ften.<\/p>\n<p>Aber unabh\u00e4ngig davon, f\u00fcr wen de G\u00fcnther ein Rad fertigt: Entscheidend f\u00fcr ihn ist, dass seine R\u00e4der zu ihren Besitzern passen und sie gl\u00fccklich machen. Jeden Tag, bei jeder Fahrt immer wieder ein kleines bisschen aufs Neue.<\/p>\n<p><figure id=\"attachment_4280\" aria-describedby=\"caption-attachment-4280\" style=\"width: 540px\" class=\"wp-caption aligncenter\"><img decoding=\"async\" class=\" wp-image-4280 \" alt=\"\u00a9 Deginder Cycle Manufactur \" src=\"https:\/\/blog.zeit.de\/fahrrad\/files\/2014\/04\/DEGINDER-CYCLE-MANUFACTUR-2.jpg\" width=\"540\" srcset=\"https:\/\/blog.zeit.de\/fahrrad\/files\/2014\/04\/DEGINDER-CYCLE-MANUFACTUR-2.jpg 639w, https:\/\/blog.zeit.de\/fahrrad\/files\/2014\/04\/DEGINDER-CYCLE-MANUFACTUR-2-540x357.jpg 540w\" sizes=\"(max-width: 639px) 100vw, 639px\" \/><figcaption id=\"caption-attachment-4280\" class=\"wp-caption-text\">\u00a9 Deginder Cycle Manufactur<\/figcaption><\/figure><\/p>\n","protected":false},"excerpt":{"rendered":"<p>Der Sattel ist aus Ziegenfell, Stierh\u00f6rner ersetzen den Lenker und der Bremshebel kommt aus England und ist eigentlich eine Badezimmer-Armatur. Wer hinter dem Erbauer dieses ungew\u00f6hnlichen Fahrrads einen egozentrischen Macho vermutet, liegt falsch. Dirk de G\u00fcnther ist unglaublich freundlich, zugewandt und neugierig auf sein Gegen\u00fcber. Das muss er auch sein. Denn der Wahlberliner baut seinen [&hellip;]<\/p>\n","protected":false},"author":385,"featured_media":0,"comment_status":"open","ping_status":"open","sticky":false,"template":"","format":"standard","meta":{"_jetpack_memberships_contains_paid_content":false,"footnotes":""},"categories":[23026,86,23031,1692,23033,1910],"tags":[249,30861,30863,30862],"class_list":["post-4291","post","type-post","status-publish","format-standard","hentry","category-fahrstil","category-kultur","category-leute","category-mode","category-rader","category-stadt","tag-berlin","tag-dirk-de-guenther","tag-fahrrad-nach-mass","tag-fahrraddesign"],"yoast_head":"<!-- This site is optimized with the Yoast SEO plugin v21.0 - https:\/\/yoast.com\/wordpress\/plugins\/seo\/ -->\n<title>Der Mann f\u00fcr den feinen Unterschied - Velophil<\/title>\n<meta name=\"robots\" content=\"index, follow, max-snippet:-1, max-image-preview:large, max-video-preview:-1\" \/>\n<link rel=\"canonical\" href=\"https:\/\/blog.zeit.de\/fahrrad\/2014\/04\/18\/de-guenther-fahrradunikate\/\" \/>\n<meta property=\"og:locale\" content=\"de_DE\" \/>\n<meta property=\"og:type\" content=\"article\" \/>\n<meta property=\"og:title\" content=\"Der Mann f\u00fcr den feinen Unterschied - Velophil\" \/>\n<meta property=\"og:description\" content=\"Der Sattel ist aus Ziegenfell, Stierh\u00f6rner ersetzen den Lenker und der Bremshebel kommt aus England und ist eigentlich eine Badezimmer-Armatur. Wer hinter dem Erbauer dieses ungew\u00f6hnlichen Fahrrads einen egozentrischen Macho vermutet, liegt falsch. Dirk de G\u00fcnther ist unglaublich freundlich, zugewandt und neugierig auf sein Gegen\u00fcber. Das muss er auch sein. Denn der Wahlberliner baut seinen [&hellip;]\" \/>\n<meta property=\"og:url\" content=\"https:\/\/blog.zeit.de\/fahrrad\/2014\/04\/18\/de-guenther-fahrradunikate\/\" \/>\n<meta property=\"og:site_name\" content=\"Velophil\" \/>\n<meta property=\"article:published_time\" content=\"2014-04-18T06:20:11+00:00\" \/>\n<meta property=\"article:modified_time\" content=\"2014-04-17T13:21:33+00:00\" \/>\n<meta property=\"og:image\" content=\"https:\/\/blog.zeit.de\/fahrrad\/files\/2012\/11\/Bikebook1.jpg\" \/>\n<meta name=\"author\" content=\"Andrea Reidl\" \/>\n<meta name=\"twitter:card\" content=\"summary_large_image\" \/>\n<meta name=\"twitter:creator\" content=\"@zeitonline\" \/>\n<meta name=\"twitter:site\" content=\"@zeitonline\" \/>\n<meta name=\"twitter:label1\" content=\"Geschrieben von\" \/>\n\t<meta name=\"twitter:data1\" content=\"Andrea Reidl\" \/>\n\t<meta name=\"twitter:label2\" content=\"Gesch\u00e4tzte Lesezeit\" \/>\n\t<meta name=\"twitter:data2\" content=\"4\u00a0Minuten\" \/>\n<script type=\"application\/ld+json\" class=\"yoast-schema-graph\">{\"@context\":\"https:\/\/schema.org\",\"@graph\":[{\"@type\":\"WebPage\",\"@id\":\"https:\/\/blog.zeit.de\/fahrrad\/2014\/04\/18\/de-guenther-fahrradunikate\/\",\"url\":\"https:\/\/blog.zeit.de\/fahrrad\/2014\/04\/18\/de-guenther-fahrradunikate\/\",\"name\":\"Der Mann f\u00fcr den feinen Unterschied - Velophil\",\"isPartOf\":{\"@id\":\"https:\/\/blog.zeit.de\/fahrrad\/#website\"},\"datePublished\":\"2014-04-18T06:20:11+00:00\",\"dateModified\":\"2014-04-17T13:21:33+00:00\",\"author\":{\"@id\":\"https:\/\/blog.zeit.de\/fahrrad\/#\/schema\/person\/9fe49d0d69e31b7d1d311f861f764dfc\"},\"breadcrumb\":{\"@id\":\"https:\/\/blog.zeit.de\/fahrrad\/2014\/04\/18\/de-guenther-fahrradunikate\/#breadcrumb\"},\"inLanguage\":\"de\",\"potentialAction\":[{\"@type\":\"ReadAction\",\"target\":[\"https:\/\/blog.zeit.de\/fahrrad\/2014\/04\/18\/de-guenther-fahrradunikate\/\"]}]},{\"@type\":\"BreadcrumbList\",\"@id\":\"https:\/\/blog.zeit.de\/fahrrad\/2014\/04\/18\/de-guenther-fahrradunikate\/#breadcrumb\",\"itemListElement\":[{\"@type\":\"ListItem\",\"position\":1,\"name\":\"Startseite\",\"item\":\"https:\/\/blog.zeit.de\/fahrrad\/\"},{\"@type\":\"ListItem\",\"position\":2,\"name\":\"Der Mann f\u00fcr den feinen Unterschied\"}]},{\"@type\":\"WebSite\",\"@id\":\"https:\/\/blog.zeit.de\/fahrrad\/#website\",\"url\":\"https:\/\/blog.zeit.de\/fahrrad\/\",\"name\":\"Velophil\",\"description\":\"Das Fahrrad-Blog\",\"potentialAction\":[{\"@type\":\"SearchAction\",\"target\":{\"@type\":\"EntryPoint\",\"urlTemplate\":\"https:\/\/blog.zeit.de\/fahrrad\/?s={search_term_string}\"},\"query-input\":\"required name=search_term_string\"}],\"inLanguage\":\"de\"},{\"@type\":\"Person\",\"@id\":\"https:\/\/blog.zeit.de\/fahrrad\/#\/schema\/person\/9fe49d0d69e31b7d1d311f861f764dfc\",\"name\":\"Andrea Reidl\",\"image\":{\"@type\":\"ImageObject\",\"inLanguage\":\"de\",\"@id\":\"https:\/\/blog.zeit.de\/fahrrad\/#\/schema\/person\/image\/\",\"url\":\"https:\/\/secure.gravatar.com\/avatar\/52595868054cdd5e076af9664613db489c74a4ed484ee30b2f82136c624f1797?s=96&d=mm&r=g\",\"contentUrl\":\"https:\/\/secure.gravatar.com\/avatar\/52595868054cdd5e076af9664613db489c74a4ed484ee30b2f82136c624f1797?s=96&d=mm&r=g\",\"caption\":\"Andrea Reidl\"},\"url\":\"https:\/\/blog.zeit.de\/fahrrad\/author\/areidl\/\"}]}<\/script>\n<!-- \/ Yoast SEO plugin. -->","yoast_head_json":{"title":"Der Mann f\u00fcr den feinen Unterschied - Velophil","robots":{"index":"index","follow":"follow","max-snippet":"max-snippet:-1","max-image-preview":"max-image-preview:large","max-video-preview":"max-video-preview:-1"},"canonical":"https:\/\/blog.zeit.de\/fahrrad\/2014\/04\/18\/de-guenther-fahrradunikate\/","og_locale":"de_DE","og_type":"article","og_title":"Der Mann f\u00fcr den feinen Unterschied - Velophil","og_description":"Der Sattel ist aus Ziegenfell, Stierh\u00f6rner ersetzen den Lenker und der Bremshebel kommt aus England und ist eigentlich eine Badezimmer-Armatur. Wer hinter dem Erbauer dieses ungew\u00f6hnlichen Fahrrads einen egozentrischen Macho vermutet, liegt falsch. Dirk de G\u00fcnther ist unglaublich freundlich, zugewandt und neugierig auf sein Gegen\u00fcber. Das muss er auch sein. Denn der Wahlberliner baut seinen [&hellip;]","og_url":"https:\/\/blog.zeit.de\/fahrrad\/2014\/04\/18\/de-guenther-fahrradunikate\/","og_site_name":"Velophil","article_published_time":"2014-04-18T06:20:11+00:00","article_modified_time":"2014-04-17T13:21:33+00:00","og_image":[{"url":"https:\/\/blog.zeit.de\/fahrrad\/files\/2012\/11\/Bikebook1.jpg"}],"author":"Andrea Reidl","twitter_card":"summary_large_image","twitter_creator":"@zeitonline","twitter_site":"@zeitonline","twitter_misc":{"Geschrieben von":"Andrea Reidl","Gesch\u00e4tzte Lesezeit":"4\u00a0Minuten"},"schema":{"@context":"https:\/\/schema.org","@graph":[{"@type":"WebPage","@id":"https:\/\/blog.zeit.de\/fahrrad\/2014\/04\/18\/de-guenther-fahrradunikate\/","url":"https:\/\/blog.zeit.de\/fahrrad\/2014\/04\/18\/de-guenther-fahrradunikate\/","name":"Der Mann f\u00fcr den feinen Unterschied - Velophil","isPartOf":{"@id":"https:\/\/blog.zeit.de\/fahrrad\/#website"},"datePublished":"2014-04-18T06:20:11+00:00","dateModified":"2014-04-17T13:21:33+00:00","author":{"@id":"https:\/\/blog.zeit.de\/fahrrad\/#\/schema\/person\/9fe49d0d69e31b7d1d311f861f764dfc"},"breadcrumb":{"@id":"https:\/\/blog.zeit.de\/fahrrad\/2014\/04\/18\/de-guenther-fahrradunikate\/#breadcrumb"},"inLanguage":"de","potentialAction":[{"@type":"ReadAction","target":["https:\/\/blog.zeit.de\/fahrrad\/2014\/04\/18\/de-guenther-fahrradunikate\/"]}]},{"@type":"BreadcrumbList","@id":"https:\/\/blog.zeit.de\/fahrrad\/2014\/04\/18\/de-guenther-fahrradunikate\/#breadcrumb","itemListElement":[{"@type":"ListItem","position":1,"name":"Startseite","item":"https:\/\/blog.zeit.de\/fahrrad\/"},{"@type":"ListItem","position":2,"name":"Der Mann f\u00fcr den feinen Unterschied"}]},{"@type":"WebSite","@id":"https:\/\/blog.zeit.de\/fahrrad\/#website","url":"https:\/\/blog.zeit.de\/fahrrad\/","name":"Velophil","description":"Das Fahrrad-Blog","potentialAction":[{"@type":"SearchAction","target":{"@type":"EntryPoint","urlTemplate":"https:\/\/blog.zeit.de\/fahrrad\/?s={search_term_string}"},"query-input":"required name=search_term_string"}],"inLanguage":"de"},{"@type":"Person","@id":"https:\/\/blog.zeit.de\/fahrrad\/#\/schema\/person\/9fe49d0d69e31b7d1d311f861f764dfc","name":"Andrea Reidl","image":{"@type":"ImageObject","inLanguage":"de","@id":"https:\/\/blog.zeit.de\/fahrrad\/#\/schema\/person\/image\/","url":"https:\/\/secure.gravatar.com\/avatar\/52595868054cdd5e076af9664613db489c74a4ed484ee30b2f82136c624f1797?s=96&d=mm&r=g","contentUrl":"https:\/\/secure.gravatar.com\/avatar\/52595868054cdd5e076af9664613db489c74a4ed484ee30b2f82136c624f1797?s=96&d=mm&r=g","caption":"Andrea Reidl"},"url":"https:\/\/blog.zeit.de\/fahrrad\/author\/areidl\/"}]}},"jetpack_featured_media_url":"","jetpack_sharing_enabled":true,"_links":{"self":[{"href":"https:\/\/blog.zeit.de\/fahrrad\/wp-json\/wp\/v2\/posts\/4291","targetHints":{"allow":["GET"]}}],"collection":[{"href":"https:\/\/blog.zeit.de\/fahrrad\/wp-json\/wp\/v2\/posts"}],"about":[{"href":"https:\/\/blog.zeit.de\/fahrrad\/wp-json\/wp\/v2\/types\/post"}],"author":[{"embeddable":true,"href":"https:\/\/blog.zeit.de\/fahrrad\/wp-json\/wp\/v2\/users\/385"}],"replies":[{"embeddable":true,"href":"https:\/\/blog.zeit.de\/fahrrad\/wp-json\/wp\/v2\/comments?post=4291"}],"version-history":[{"count":8,"href":"https:\/\/blog.zeit.de\/fahrrad\/wp-json\/wp\/v2\/posts\/4291\/revisions"}],"predecessor-version":[{"id":4335,"href":"https:\/\/blog.zeit.de\/fahrrad\/wp-json\/wp\/v2\/posts\/4291\/revisions\/4335"}],"wp:attachment":[{"href":"https:\/\/blog.zeit.de\/fahrrad\/wp-json\/wp\/v2\/media?parent=4291"}],"wp:term":[{"taxonomy":"category","embeddable":true,"href":"https:\/\/blog.zeit.de\/fahrrad\/wp-json\/wp\/v2\/categories?post=4291"},{"taxonomy":"post_tag","embeddable":true,"href":"https:\/\/blog.zeit.de\/fahrrad\/wp-json\/wp\/v2\/tags?post=4291"}],"curies":[{"name":"wp","href":"https:\/\/api.w.org\/{rel}","templated":true}]}}