{"id":4345,"date":"2014-04-25T13:40:50","date_gmt":"2014-04-25T11:40:50","guid":{"rendered":"http:\/\/blog.zeit.de\/fahrrad\/?p=4345"},"modified":"2014-08-01T13:38:55","modified_gmt":"2014-08-01T11:38:55","slug":"die-familie-nimmt-fahrt-auf","status":"publish","type":"post","link":"https:\/\/blog.zeit.de\/fahrrad\/2014\/04\/25\/die-familie-nimmt-fahrt-auf\/","title":{"rendered":"Die Familie nimmt Fahrt auf"},"content":{"rendered":"<p><figure id=\"attachment_4344\" aria-describedby=\"caption-attachment-4344\" style=\"width: 540px\" class=\"wp-caption aligncenter\"><img decoding=\"async\" class=\" wp-image-4344  \" alt=\"Schnell unterwegs und Spa\u00df dabei \u00a9 Reidl\" src=\"https:\/\/blog.zeit.de\/fahrrad\/files\/2014\/04\/IMG_3084.jpg\" width=\"540\" srcset=\"https:\/\/blog.zeit.de\/fahrrad\/files\/2014\/04\/IMG_3084.jpg 639w, https:\/\/blog.zeit.de\/fahrrad\/files\/2014\/04\/IMG_3084-540x360.jpg 540w\" sizes=\"(max-width: 639px) 100vw, 639px\" \/><figcaption id=\"caption-attachment-4344\" class=\"wp-caption-text\">Schnell unterwegs und Spa\u00df dabei \u00a9 Reidl<\/figcaption><\/figure><\/p>\n<p>Geschafft! Nach gef\u00fchlten Jahrzehnten des Bummelradelns ist diese Episode nun vorbei. Unsere bald achtj\u00e4hrige Tochter hat ein Rennrad bekommen, und seitdem fegt sie nur so \u00fcber den Asphalt. Vorbei die Zeiten des Tr\u00f6delns und des Schultergriffs, um sie den Berg hoch zu schieben oder sie auf den letzten Kilometern heimw\u00e4rts zu unterst\u00fctzen.<\/p>\n<p>So richtig glauben k\u00f6nnen wir es noch nicht. In den vergangenen Jahren haben wir viel von dem genutzt, was die Branche fahrradaffinen Eltern mit jungem Nachwuchs anbietet. Als S\u00e4uglinge haben wir unsere beiden Kinder im Anh\u00e4nger in der aufgeh\u00e4ngten <a href=\"   http:\/\/www.weber-products.de\/products\/kids-babyschale\/\" target=\"_blank\">Weberschale<\/a> transportiert. Mehr als sieben Jahre war der Kinderanh\u00e4nger <a href=\"http:\/\/kinderfahrradanhaengertest.de\/winther-dolphin\/\" target=\"_blank\">Winther Dolphin<\/a> eines unserer wichtigsten Fahrzeuge. Wir haben ihn gebraucht gekauft.<\/p>\n<p>Im Gegensatz zu anderen Anh\u00e4ngern war er eher ein Schlachtschiff, daf\u00fcr sehr robust und komfortabel. F\u00fcr die Kinder war er ein St\u00fcck Zuhause. Sie haben darin geschlafen, gespielt und Geschichten geh\u00f6rt, w\u00e4hrend wir unsere Alltagsfahrten erledigten oder im Urlaub weite Strecken zur\u00fccklegten.<\/p>\n<p>Sp\u00e4ter sind sie auf Ausfl\u00fcgen und im Urlaub 60 bis 70 Kilometer lange Tagesetappen selbst gefahren. Mit vielen Spiel- und Eispausen, immer wieder von uns geschoben, via <a href=\"http:\/\/family-cycling.com\/\" target=\"_blank\">FollowMe<\/a> gezogen oder auf dem geliehenen <a href=\"https:\/\/blog.zeit.de\/fahrrad\/2012\/11\/07\/tandems-sind-fur-familien-ideal\/\" target=\"_blank\">Tandem<\/a> oder <a href=\"http:\/\/www.spiegel.de\/auto\/fahrkultur\/dreisitziges-fahrrad-von-santana-langstreckenjaeger-zum-kleinwagenpreis-a-793005.html\" target=\"_blank\">Triplett<\/a> in unserem Windschatten. Irgendwann fuhren sie dann komplett selbst und wir entsprechend langsam.<\/p>\n<p><figure id=\"attachment_4343\" aria-describedby=\"caption-attachment-4343\" style=\"width: 540px\" class=\"wp-caption aligncenter\"><img decoding=\"async\" class=\" wp-image-4343 \" alt=\"Dreieinhalb Jahre zuvor: Unterwegs auf einem Santana-Triplet \u00a9 Reidl\" src=\"https:\/\/blog.zeit.de\/fahrrad\/files\/2014\/04\/IMG_5873.jpg\" width=\"540\" srcset=\"https:\/\/blog.zeit.de\/fahrrad\/files\/2014\/04\/IMG_5873.jpg 639w, https:\/\/blog.zeit.de\/fahrrad\/files\/2014\/04\/IMG_5873-540x361.jpg 540w\" sizes=\"(max-width: 639px) 100vw, 639px\" \/><figcaption id=\"caption-attachment-4343\" class=\"wp-caption-text\">Dreieinhalb Jahre zuvor: Unterwegs auf einem Santana-Triplett \u00a9 Reidl<\/figcaption><\/figure><\/p>\n<p>Das hat nun ein Ende. Wenn ich mit meinem Reiserad unterwegs bin und Smilla und Luis auf ihren Rennr\u00e4dern, muss ich aufpassen, dass sie mich am Berg nicht abh\u00e4ngen. Die Kleine jagt mit 18 bis 20 km\/h begeistert \u00fcber die einsame Deichstra\u00dfe und beklagt sich, dass ich ihr zu langsam bin. Aber meine Kombination aus Trekking- und Rennrad ist perfekt. Ich habe auf dem relativ schweren Rad Spa\u00df und die beiden auf ihren Flitzern.<\/p>\n<p>Dabei war der Kauf des Rennrads ein gl\u00fccklicher Zufall. Smilla brauchte ein neues Rad. Eigentlich ein Alltagsrad. Das bisherige war von Anbeginn nur eine Zwischenl\u00f6sung. Wie bei vielen Kinderr\u00e4dern ist die Schaltung zu schwerg\u00e4ngig f\u00fcr sie, ebenso die Bremsen.<\/p>\n<p>Die schlechte Ausstattung zeigte schnell Wirkung: Smilla, die immer lieber Rad als Auto fuhr, wollte pl\u00f6tzlich nicht mehr Rad fahren. Sie maulte beim Fahren und fuhr weniger souver\u00e4n.<\/p>\n<p>Dann verkaufte eine \u00e4ltere Freundin aus ihrem Sportverein ihr Rennrad \u2013 ein Schwinn Midi Fastback mit 24 G\u00e4ngen. Sie fuhr damit Wettk\u00e4mpfe, wie Smilla es ihr im Sommer gleichtun will. Nun war es zu klein geworden. 200 Euro haben daf\u00fcr bezahlt. F\u00fcr uns ist es viel mehr wert. Denn das Rad macht seit Tagen nicht nur unsere Tochter gl\u00fccklich, sondern die ganze Familie.<\/p>\n","protected":false},"excerpt":{"rendered":"<p>Geschafft! Nach gef\u00fchlten Jahrzehnten des Bummelradelns ist diese Episode nun vorbei. Unsere bald achtj\u00e4hrige Tochter hat ein Rennrad bekommen, und seitdem fegt sie nur so \u00fcber den Asphalt. Vorbei die Zeiten des Tr\u00f6delns und des Schultergriffs, um sie den Berg hoch zu schieben oder sie auf den letzten Kilometern heimw\u00e4rts zu unterst\u00fctzen. So richtig glauben [&hellip;]<\/p>\n","protected":false},"author":385,"featured_media":0,"comment_status":"open","ping_status":"open","sticky":false,"template":"","format":"standard","meta":{"_jetpack_memberships_contains_paid_content":false,"footnotes":""},"categories":[391,23033,30799],"tags":[30871,23005,30872],"class_list":["post-4345","post","type-post","status-publish","format-standard","hentry","category-kinder","category-rader","category-tour","tag-kind","tag-rennrad","tag-tempo"],"yoast_head":"<!-- This site is optimized with the Yoast SEO plugin v21.0 - https:\/\/yoast.com\/wordpress\/plugins\/seo\/ -->\n<title>Kinderrennrad: Die Familie nimmt Fahrt auf<\/title>\n<meta name=\"description\" content=\"Das Nesth\u00e4cken f\u00e4hrt nun ein Kinderrennrad - und die Familie deutlich schneller als zuvor.\" \/>\n<meta name=\"robots\" content=\"index, follow, max-snippet:-1, max-image-preview:large, max-video-preview:-1\" \/>\n<link rel=\"canonical\" href=\"https:\/\/blog.zeit.de\/fahrrad\/2014\/04\/25\/die-familie-nimmt-fahrt-auf\/\" \/>\n<meta property=\"og:locale\" content=\"de_DE\" \/>\n<meta property=\"og:type\" content=\"article\" \/>\n<meta property=\"og:title\" content=\"Kinderrennrad: Die Familie nimmt Fahrt auf\" \/>\n<meta property=\"og:description\" content=\"Das Nesth\u00e4cken f\u00e4hrt nun ein Kinderrennrad - und die Familie deutlich schneller als zuvor.\" \/>\n<meta property=\"og:url\" content=\"https:\/\/blog.zeit.de\/fahrrad\/2014\/04\/25\/die-familie-nimmt-fahrt-auf\/\" \/>\n<meta property=\"og:site_name\" content=\"Velophil\" \/>\n<meta property=\"article:published_time\" content=\"2014-04-25T11:40:50+00:00\" \/>\n<meta property=\"article:modified_time\" content=\"2014-08-01T11:38:55+00:00\" \/>\n<meta property=\"og:image\" content=\"https:\/\/blog.zeit.de\/fahrrad\/files\/2014\/04\/IMG_3084.jpg\" \/>\n<meta name=\"author\" content=\"Andrea Reidl\" \/>\n<meta name=\"twitter:card\" content=\"summary_large_image\" \/>\n<meta name=\"twitter:creator\" content=\"@zeitonline\" \/>\n<meta name=\"twitter:site\" content=\"@zeitonline\" \/>\n<meta name=\"twitter:label1\" content=\"Geschrieben von\" \/>\n\t<meta name=\"twitter:data1\" content=\"Andrea Reidl\" \/>\n\t<meta name=\"twitter:label2\" content=\"Gesch\u00e4tzte Lesezeit\" \/>\n\t<meta name=\"twitter:data2\" content=\"2\u00a0Minuten\" \/>\n<script type=\"application\/ld+json\" class=\"yoast-schema-graph\">{\"@context\":\"https:\/\/schema.org\",\"@graph\":[{\"@type\":\"WebPage\",\"@id\":\"https:\/\/blog.zeit.de\/fahrrad\/2014\/04\/25\/die-familie-nimmt-fahrt-auf\/\",\"url\":\"https:\/\/blog.zeit.de\/fahrrad\/2014\/04\/25\/die-familie-nimmt-fahrt-auf\/\",\"name\":\"Kinderrennrad: Die Familie nimmt Fahrt auf\",\"isPartOf\":{\"@id\":\"https:\/\/blog.zeit.de\/fahrrad\/#website\"},\"datePublished\":\"2014-04-25T11:40:50+00:00\",\"dateModified\":\"2014-08-01T11:38:55+00:00\",\"author\":{\"@id\":\"https:\/\/blog.zeit.de\/fahrrad\/#\/schema\/person\/9fe49d0d69e31b7d1d311f861f764dfc\"},\"description\":\"Das Nesth\u00e4cken f\u00e4hrt nun ein Kinderrennrad - und die Familie deutlich schneller als zuvor.\",\"breadcrumb\":{\"@id\":\"https:\/\/blog.zeit.de\/fahrrad\/2014\/04\/25\/die-familie-nimmt-fahrt-auf\/#breadcrumb\"},\"inLanguage\":\"de\",\"potentialAction\":[{\"@type\":\"ReadAction\",\"target\":[\"https:\/\/blog.zeit.de\/fahrrad\/2014\/04\/25\/die-familie-nimmt-fahrt-auf\/\"]}]},{\"@type\":\"BreadcrumbList\",\"@id\":\"https:\/\/blog.zeit.de\/fahrrad\/2014\/04\/25\/die-familie-nimmt-fahrt-auf\/#breadcrumb\",\"itemListElement\":[{\"@type\":\"ListItem\",\"position\":1,\"name\":\"Startseite\",\"item\":\"https:\/\/blog.zeit.de\/fahrrad\/\"},{\"@type\":\"ListItem\",\"position\":2,\"name\":\"Die Familie nimmt Fahrt auf\"}]},{\"@type\":\"WebSite\",\"@id\":\"https:\/\/blog.zeit.de\/fahrrad\/#website\",\"url\":\"https:\/\/blog.zeit.de\/fahrrad\/\",\"name\":\"Velophil\",\"description\":\"Das Fahrrad-Blog\",\"potentialAction\":[{\"@type\":\"SearchAction\",\"target\":{\"@type\":\"EntryPoint\",\"urlTemplate\":\"https:\/\/blog.zeit.de\/fahrrad\/?s={search_term_string}\"},\"query-input\":\"required name=search_term_string\"}],\"inLanguage\":\"de\"},{\"@type\":\"Person\",\"@id\":\"https:\/\/blog.zeit.de\/fahrrad\/#\/schema\/person\/9fe49d0d69e31b7d1d311f861f764dfc\",\"name\":\"Andrea Reidl\",\"image\":{\"@type\":\"ImageObject\",\"inLanguage\":\"de\",\"@id\":\"https:\/\/blog.zeit.de\/fahrrad\/#\/schema\/person\/image\/\",\"url\":\"https:\/\/secure.gravatar.com\/avatar\/52595868054cdd5e076af9664613db489c74a4ed484ee30b2f82136c624f1797?s=96&d=mm&r=g\",\"contentUrl\":\"https:\/\/secure.gravatar.com\/avatar\/52595868054cdd5e076af9664613db489c74a4ed484ee30b2f82136c624f1797?s=96&d=mm&r=g\",\"caption\":\"Andrea Reidl\"},\"url\":\"https:\/\/blog.zeit.de\/fahrrad\/author\/areidl\/\"}]}<\/script>\n<!-- \/ Yoast SEO plugin. -->","yoast_head_json":{"title":"Kinderrennrad: Die Familie nimmt Fahrt auf","description":"Das Nesth\u00e4cken f\u00e4hrt nun ein Kinderrennrad - und die Familie deutlich schneller als zuvor.","robots":{"index":"index","follow":"follow","max-snippet":"max-snippet:-1","max-image-preview":"max-image-preview:large","max-video-preview":"max-video-preview:-1"},"canonical":"https:\/\/blog.zeit.de\/fahrrad\/2014\/04\/25\/die-familie-nimmt-fahrt-auf\/","og_locale":"de_DE","og_type":"article","og_title":"Kinderrennrad: Die Familie nimmt Fahrt auf","og_description":"Das Nesth\u00e4cken f\u00e4hrt nun ein Kinderrennrad - und die Familie deutlich schneller als zuvor.","og_url":"https:\/\/blog.zeit.de\/fahrrad\/2014\/04\/25\/die-familie-nimmt-fahrt-auf\/","og_site_name":"Velophil","article_published_time":"2014-04-25T11:40:50+00:00","article_modified_time":"2014-08-01T11:38:55+00:00","og_image":[{"url":"https:\/\/blog.zeit.de\/fahrrad\/files\/2014\/04\/IMG_3084.jpg"}],"author":"Andrea Reidl","twitter_card":"summary_large_image","twitter_creator":"@zeitonline","twitter_site":"@zeitonline","twitter_misc":{"Geschrieben von":"Andrea Reidl","Gesch\u00e4tzte Lesezeit":"2\u00a0Minuten"},"schema":{"@context":"https:\/\/schema.org","@graph":[{"@type":"WebPage","@id":"https:\/\/blog.zeit.de\/fahrrad\/2014\/04\/25\/die-familie-nimmt-fahrt-auf\/","url":"https:\/\/blog.zeit.de\/fahrrad\/2014\/04\/25\/die-familie-nimmt-fahrt-auf\/","name":"Kinderrennrad: Die Familie nimmt Fahrt auf","isPartOf":{"@id":"https:\/\/blog.zeit.de\/fahrrad\/#website"},"datePublished":"2014-04-25T11:40:50+00:00","dateModified":"2014-08-01T11:38:55+00:00","author":{"@id":"https:\/\/blog.zeit.de\/fahrrad\/#\/schema\/person\/9fe49d0d69e31b7d1d311f861f764dfc"},"description":"Das Nesth\u00e4cken f\u00e4hrt nun ein Kinderrennrad - und die Familie deutlich schneller als zuvor.","breadcrumb":{"@id":"https:\/\/blog.zeit.de\/fahrrad\/2014\/04\/25\/die-familie-nimmt-fahrt-auf\/#breadcrumb"},"inLanguage":"de","potentialAction":[{"@type":"ReadAction","target":["https:\/\/blog.zeit.de\/fahrrad\/2014\/04\/25\/die-familie-nimmt-fahrt-auf\/"]}]},{"@type":"BreadcrumbList","@id":"https:\/\/blog.zeit.de\/fahrrad\/2014\/04\/25\/die-familie-nimmt-fahrt-auf\/#breadcrumb","itemListElement":[{"@type":"ListItem","position":1,"name":"Startseite","item":"https:\/\/blog.zeit.de\/fahrrad\/"},{"@type":"ListItem","position":2,"name":"Die Familie nimmt Fahrt auf"}]},{"@type":"WebSite","@id":"https:\/\/blog.zeit.de\/fahrrad\/#website","url":"https:\/\/blog.zeit.de\/fahrrad\/","name":"Velophil","description":"Das Fahrrad-Blog","potentialAction":[{"@type":"SearchAction","target":{"@type":"EntryPoint","urlTemplate":"https:\/\/blog.zeit.de\/fahrrad\/?s={search_term_string}"},"query-input":"required name=search_term_string"}],"inLanguage":"de"},{"@type":"Person","@id":"https:\/\/blog.zeit.de\/fahrrad\/#\/schema\/person\/9fe49d0d69e31b7d1d311f861f764dfc","name":"Andrea Reidl","image":{"@type":"ImageObject","inLanguage":"de","@id":"https:\/\/blog.zeit.de\/fahrrad\/#\/schema\/person\/image\/","url":"https:\/\/secure.gravatar.com\/avatar\/52595868054cdd5e076af9664613db489c74a4ed484ee30b2f82136c624f1797?s=96&d=mm&r=g","contentUrl":"https:\/\/secure.gravatar.com\/avatar\/52595868054cdd5e076af9664613db489c74a4ed484ee30b2f82136c624f1797?s=96&d=mm&r=g","caption":"Andrea Reidl"},"url":"https:\/\/blog.zeit.de\/fahrrad\/author\/areidl\/"}]}},"jetpack_featured_media_url":"","jetpack_sharing_enabled":true,"_links":{"self":[{"href":"https:\/\/blog.zeit.de\/fahrrad\/wp-json\/wp\/v2\/posts\/4345","targetHints":{"allow":["GET"]}}],"collection":[{"href":"https:\/\/blog.zeit.de\/fahrrad\/wp-json\/wp\/v2\/posts"}],"about":[{"href":"https:\/\/blog.zeit.de\/fahrrad\/wp-json\/wp\/v2\/types\/post"}],"author":[{"embeddable":true,"href":"https:\/\/blog.zeit.de\/fahrrad\/wp-json\/wp\/v2\/users\/385"}],"replies":[{"embeddable":true,"href":"https:\/\/blog.zeit.de\/fahrrad\/wp-json\/wp\/v2\/comments?post=4345"}],"version-history":[{"count":5,"href":"https:\/\/blog.zeit.de\/fahrrad\/wp-json\/wp\/v2\/posts\/4345\/revisions"}],"predecessor-version":[{"id":4350,"href":"https:\/\/blog.zeit.de\/fahrrad\/wp-json\/wp\/v2\/posts\/4345\/revisions\/4350"}],"wp:attachment":[{"href":"https:\/\/blog.zeit.de\/fahrrad\/wp-json\/wp\/v2\/media?parent=4345"}],"wp:term":[{"taxonomy":"category","embeddable":true,"href":"https:\/\/blog.zeit.de\/fahrrad\/wp-json\/wp\/v2\/categories?post=4345"},{"taxonomy":"post_tag","embeddable":true,"href":"https:\/\/blog.zeit.de\/fahrrad\/wp-json\/wp\/v2\/tags?post=4345"}],"curies":[{"name":"wp","href":"https:\/\/api.w.org\/{rel}","templated":true}]}}