{"id":4791,"date":"2014-07-28T11:55:15","date_gmt":"2014-07-28T09:55:15","guid":{"rendered":"http:\/\/blog.zeit.de\/fahrrad\/?p=4791"},"modified":"2014-07-28T13:11:10","modified_gmt":"2014-07-28T11:11:10","slug":"mehr-lastenraeder-die-staedte","status":"publish","type":"post","link":"https:\/\/blog.zeit.de\/fahrrad\/2014\/07\/28\/mehr-lastenraeder-die-staedte\/","title":{"rendered":"Teil&#8216; dein Lastenfahrrad"},"content":{"rendered":"<p><figure id=\"attachment_4793\" aria-describedby=\"caption-attachment-4793\" style=\"width: 639px\" class=\"wp-caption aligncenter\"><img loading=\"lazy\" decoding=\"async\" class=\"size-full wp-image-4793\" alt=\"www.economy-business.de\" src=\"https:\/\/blog.zeit.de\/fahrrad\/files\/2014\/07\/lastenrad_daniel_einkauf_gross.jpg\" width=\"639\" height=\"426\" srcset=\"https:\/\/blog.zeit.de\/fahrrad\/files\/2014\/07\/lastenrad_daniel_einkauf_gross.jpg 639w, https:\/\/blog.zeit.de\/fahrrad\/files\/2014\/07\/lastenrad_daniel_einkauf_gross-540x360.jpg 540w\" sizes=\"auto, (max-width: 639px) 100vw, 639px\" \/><figcaption id=\"caption-attachment-4793\" class=\"wp-caption-text\">www.economy-business.de<\/figcaption><\/figure><\/p>\n<p>Lastenr\u00e4der sind perfekt zum Teilen. In K\u00f6ln hat es der Verein \u201ewie leben wir\u201c vorgemacht. Sie haben ein Lastenrad gekauft und wechselnde Verleihstationen organisiert, die <em>Kasimir<\/em> kostenlos f\u00fcr ein bis drei Tage aush\u00e4ndigen \u2013 ich habe im Herbst vergangenen Jahres schon <a href=\"blog.zeit.de\/fahrrad\/2013\/10\/02\/kolns-kasimir-ein-lastenrad-fur-lau\/\" target=\"_blank\">einmal dar\u00fcber berichtet<\/a>. In K\u00f6ln ist <em>Kasimir<\/em> st\u00e4ndig unterwegs.<\/p>\n<p>Das System trifft den Zeitgeist. Jetzt wird <em>Kasimir<\/em> auch in anderen St\u00e4dten kopiert: Dortmund hat einen <a href=\"http:\/\/dein-rudolf.de\/\" target=\"_blank\"><i>Rudolf<\/i><\/a>, Graz hat <a href=\"http:\/\/www.das-lastenrad.at\" target=\"_blank\"><i>das Lastenrad Graz<\/i><\/a>, M\u00fcnchen hat einen <a href=\"http:\/\/www.lastenrad-muenchen.de\/\" target=\"_blank\"><i>Daniel<\/i><\/a> und K\u00f6ln hat mit <i>Konstanze<\/i> und dem<a href=\"http:\/\/www.rothehausrad.de\/\" target=\"_blank\"> <i>Rothehausrad<\/i><\/a> gleich zweimal Zuwachs bekommen. Auch in Hamburg, Hannover, Oldenburg, Regensburg, Erlangen und K\u00f6nigsbrunn bei Augsburg wollen Initiativen und Fahrradclubs Lastenr\u00e4der zum Teilen anschaffen. Inzwischen gibt es hier ein <a href=\"http:\/\/dein-lastenrad.de\/index.php?title=Hauptseite\" target=\"_blank\">Wiki, <\/a>das grunds\u00e4tzliche Fragen beantwortet.<\/p>\n<p>Was besonders reizvoll ist: Der Aufwand ist \u00fcberschaubar, der gro\u00dfe Effekt gro\u00df. Thomas Schmidt vom ADFC M\u00fcnchen ist von der Resonanz begeistert. Im Mai haben die M\u00fcnchner das Rad bekommen, Anfang Juni war es bereits f\u00fcr die kommenden zwei Monate ausgebucht. Ein Gro\u00dfelternpaar habe seine Enkel damit zur Radtour ausgef\u00fchrt. \u201eDie beiden waren v\u00f6llig begeistert, und fragten zaghaft nach, ob sie es noch mal ausleihen d\u00fcrften\u201c, erz\u00e4hlt Schmidt. Auf jeden Fall, lautete seine Antwort. <em>Daniel<\/em> sei ein freies Lastenrad, die M\u00fcnchner bestimmten, was mit ihm passiere.<\/p>\n<p>In der Regel sind die Lastenr\u00e4der ein bis zwei Tage mit einem Mieter unterwegs. Demn\u00e4chst leiht sich ein Kindergarten das Rad sogar f\u00fcr zwei Wochen aus. Die Idee ist, dass die Eltern es nach einigen Stunden Testfahrt weiterreichen und m\u00f6glichst viele Familien Gelegenheit haben, es auszuprobieren.<\/p>\n<p><b>Lastenr\u00e4der f\u00fcr Kunden<\/b><\/p>\n<p>Lastenr\u00e4der k\u00f6nnen viel mehr transportieren, als man ihnen zutraut. In M\u00fcnchen, erz\u00e4hlt Schmidt, w\u00fcrden manche Radler sogar Teile ihres Umzugs damit stemmen. Auch Unternehmen entdecken die Lastenr\u00e4der f\u00fcr ihre Kunden. Im Sommer er\u00f6ffnete etwa die schwedische Kette in Hamburg-Altona eine Filiale mitten in der Fu\u00dfg\u00e4ngerzone. Ein Novum, eigentlich zieht es das M\u00f6belhaus an den Stadtrand. Ikea erwartete, dass jeder zweite Kunde mit \u00f6ffentlichen Verkehrsmitteln, zu Fu\u00df oder mit dem Fahrrad zum Einkaufen kommen wird.<\/p>\n<p>Um den fehlenden Stauraum zu ersetzen hat Ikea kreative Alternativen f\u00fcr den Transport von Billy und Co. entwickelt. Neben den \u00fcblichen Transportern, Carsharing- und M\u00f6beltaxi-Angeboten k\u00f6nnen die Kunden dort Sackkarren borgen, faltbare Fahrradanh\u00e4nger, aber eben auch ein Fahrrad oder ein Lastenrad ausleihen. F\u00fcr gr\u00f6\u00dfere M\u00f6bel stehen Fahrradkuriere bereit, die mit E-Lastenfahrr\u00e4dern unterwegs sind, die sogar eine Europalette fassen k\u00f6nnen. Teilweise l\u00e4sst sich auch noch zus\u00e4tzlich ein Anh\u00e4nger ausleihen. Was f\u00fcr uns in Deutschland noch exotisch klingen mag, ist \u00fcbrigens im niederl\u00e4ndischen Groningen bei Ikea l\u00e4ngst g\u00e4ngige Praxis.<\/p>\n","protected":false},"excerpt":{"rendered":"<p>Lastenr\u00e4der sind perfekt zum Teilen. In K\u00f6ln hat es der Verein \u201ewie leben wir\u201c vorgemacht. Sie haben ein Lastenrad gekauft und wechselnde Verleihstationen organisiert, die Kasimir kostenlos f\u00fcr ein bis drei Tage aush\u00e4ndigen \u2013 ich habe im Herbst vergangenen Jahres schon einmal dar\u00fcber berichtet. In K\u00f6ln ist Kasimir st\u00e4ndig unterwegs. Das System trifft den Zeitgeist. [&hellip;]<\/p>\n","protected":false},"author":385,"featured_media":0,"comment_status":"open","ping_status":"open","sticky":false,"template":"","format":"standard","meta":{"_jetpack_memberships_contains_paid_content":false,"footnotes":""},"categories":[23111,1910],"tags":[32324,26437,30919],"class_list":["post-4791","post","type-post","status-publish","format-standard","hentry","category-lastenrad","category-stadt","tag-freies-lastenrad","tag-initiative","tag-leihrad"],"yoast_head":"<!-- This site is optimized with the Yoast SEO plugin v21.0 - https:\/\/yoast.com\/wordpress\/plugins\/seo\/ -->\n<title>Teil&#039; dein Lastenrad<\/title>\n<meta name=\"description\" content=\"In immer mehr deutschen St\u00e4dten kann man jetzt auch ein Lastenrad ausleihen. Mancher Radler stemmt damit sogar seinen Umzug.\" \/>\n<meta name=\"robots\" content=\"index, follow, max-snippet:-1, max-image-preview:large, max-video-preview:-1\" \/>\n<link rel=\"canonical\" href=\"https:\/\/blog.zeit.de\/fahrrad\/2014\/07\/28\/mehr-lastenraeder-die-staedte\/\" \/>\n<meta property=\"og:locale\" content=\"de_DE\" \/>\n<meta property=\"og:type\" content=\"article\" \/>\n<meta property=\"og:title\" content=\"Teil&#039; dein Lastenrad\" \/>\n<meta property=\"og:description\" content=\"In immer mehr deutschen St\u00e4dten kann man jetzt auch ein Lastenrad ausleihen. Mancher Radler stemmt damit sogar seinen Umzug.\" \/>\n<meta property=\"og:url\" content=\"https:\/\/blog.zeit.de\/fahrrad\/2014\/07\/28\/mehr-lastenraeder-die-staedte\/\" \/>\n<meta property=\"og:site_name\" content=\"Velophil\" \/>\n<meta property=\"article:published_time\" content=\"2014-07-28T09:55:15+00:00\" \/>\n<meta property=\"article:modified_time\" content=\"2014-07-28T11:11:10+00:00\" \/>\n<meta property=\"og:image\" content=\"https:\/\/blog.zeit.de\/fahrrad\/files\/2014\/07\/lastenrad_daniel_einkauf_gross.jpg\" \/>\n<meta name=\"author\" content=\"Andrea Reidl\" \/>\n<meta name=\"twitter:card\" content=\"summary_large_image\" \/>\n<meta name=\"twitter:creator\" content=\"@zeitonline\" \/>\n<meta name=\"twitter:site\" content=\"@zeitonline\" \/>\n<meta name=\"twitter:label1\" content=\"Geschrieben von\" \/>\n\t<meta name=\"twitter:data1\" content=\"Andrea Reidl\" \/>\n\t<meta name=\"twitter:label2\" content=\"Gesch\u00e4tzte Lesezeit\" \/>\n\t<meta name=\"twitter:data2\" content=\"2\u00a0Minuten\" \/>\n<script type=\"application\/ld+json\" class=\"yoast-schema-graph\">{\"@context\":\"https:\/\/schema.org\",\"@graph\":[{\"@type\":\"WebPage\",\"@id\":\"https:\/\/blog.zeit.de\/fahrrad\/2014\/07\/28\/mehr-lastenraeder-die-staedte\/\",\"url\":\"https:\/\/blog.zeit.de\/fahrrad\/2014\/07\/28\/mehr-lastenraeder-die-staedte\/\",\"name\":\"Teil' dein Lastenrad\",\"isPartOf\":{\"@id\":\"https:\/\/blog.zeit.de\/fahrrad\/#website\"},\"datePublished\":\"2014-07-28T09:55:15+00:00\",\"dateModified\":\"2014-07-28T11:11:10+00:00\",\"author\":{\"@id\":\"https:\/\/blog.zeit.de\/fahrrad\/#\/schema\/person\/9fe49d0d69e31b7d1d311f861f764dfc\"},\"description\":\"In immer mehr deutschen St\u00e4dten kann man jetzt auch ein Lastenrad ausleihen. Mancher Radler stemmt damit sogar seinen Umzug.\",\"breadcrumb\":{\"@id\":\"https:\/\/blog.zeit.de\/fahrrad\/2014\/07\/28\/mehr-lastenraeder-die-staedte\/#breadcrumb\"},\"inLanguage\":\"de\",\"potentialAction\":[{\"@type\":\"ReadAction\",\"target\":[\"https:\/\/blog.zeit.de\/fahrrad\/2014\/07\/28\/mehr-lastenraeder-die-staedte\/\"]}]},{\"@type\":\"BreadcrumbList\",\"@id\":\"https:\/\/blog.zeit.de\/fahrrad\/2014\/07\/28\/mehr-lastenraeder-die-staedte\/#breadcrumb\",\"itemListElement\":[{\"@type\":\"ListItem\",\"position\":1,\"name\":\"Startseite\",\"item\":\"https:\/\/blog.zeit.de\/fahrrad\/\"},{\"@type\":\"ListItem\",\"position\":2,\"name\":\"Teil&#8216; dein Lastenfahrrad\"}]},{\"@type\":\"WebSite\",\"@id\":\"https:\/\/blog.zeit.de\/fahrrad\/#website\",\"url\":\"https:\/\/blog.zeit.de\/fahrrad\/\",\"name\":\"Velophil\",\"description\":\"Das Fahrrad-Blog\",\"potentialAction\":[{\"@type\":\"SearchAction\",\"target\":{\"@type\":\"EntryPoint\",\"urlTemplate\":\"https:\/\/blog.zeit.de\/fahrrad\/?s={search_term_string}\"},\"query-input\":\"required name=search_term_string\"}],\"inLanguage\":\"de\"},{\"@type\":\"Person\",\"@id\":\"https:\/\/blog.zeit.de\/fahrrad\/#\/schema\/person\/9fe49d0d69e31b7d1d311f861f764dfc\",\"name\":\"Andrea Reidl\",\"image\":{\"@type\":\"ImageObject\",\"inLanguage\":\"de\",\"@id\":\"https:\/\/blog.zeit.de\/fahrrad\/#\/schema\/person\/image\/\",\"url\":\"https:\/\/secure.gravatar.com\/avatar\/52595868054cdd5e076af9664613db489c74a4ed484ee30b2f82136c624f1797?s=96&d=mm&r=g\",\"contentUrl\":\"https:\/\/secure.gravatar.com\/avatar\/52595868054cdd5e076af9664613db489c74a4ed484ee30b2f82136c624f1797?s=96&d=mm&r=g\",\"caption\":\"Andrea Reidl\"},\"url\":\"https:\/\/blog.zeit.de\/fahrrad\/author\/areidl\/\"}]}<\/script>\n<!-- \/ Yoast SEO plugin. -->","yoast_head_json":{"title":"Teil' dein Lastenrad","description":"In immer mehr deutschen St\u00e4dten kann man jetzt auch ein Lastenrad ausleihen. Mancher Radler stemmt damit sogar seinen Umzug.","robots":{"index":"index","follow":"follow","max-snippet":"max-snippet:-1","max-image-preview":"max-image-preview:large","max-video-preview":"max-video-preview:-1"},"canonical":"https:\/\/blog.zeit.de\/fahrrad\/2014\/07\/28\/mehr-lastenraeder-die-staedte\/","og_locale":"de_DE","og_type":"article","og_title":"Teil' dein Lastenrad","og_description":"In immer mehr deutschen St\u00e4dten kann man jetzt auch ein Lastenrad ausleihen. Mancher Radler stemmt damit sogar seinen Umzug.","og_url":"https:\/\/blog.zeit.de\/fahrrad\/2014\/07\/28\/mehr-lastenraeder-die-staedte\/","og_site_name":"Velophil","article_published_time":"2014-07-28T09:55:15+00:00","article_modified_time":"2014-07-28T11:11:10+00:00","og_image":[{"url":"https:\/\/blog.zeit.de\/fahrrad\/files\/2014\/07\/lastenrad_daniel_einkauf_gross.jpg"}],"author":"Andrea Reidl","twitter_card":"summary_large_image","twitter_creator":"@zeitonline","twitter_site":"@zeitonline","twitter_misc":{"Geschrieben von":"Andrea Reidl","Gesch\u00e4tzte Lesezeit":"2\u00a0Minuten"},"schema":{"@context":"https:\/\/schema.org","@graph":[{"@type":"WebPage","@id":"https:\/\/blog.zeit.de\/fahrrad\/2014\/07\/28\/mehr-lastenraeder-die-staedte\/","url":"https:\/\/blog.zeit.de\/fahrrad\/2014\/07\/28\/mehr-lastenraeder-die-staedte\/","name":"Teil' dein Lastenrad","isPartOf":{"@id":"https:\/\/blog.zeit.de\/fahrrad\/#website"},"datePublished":"2014-07-28T09:55:15+00:00","dateModified":"2014-07-28T11:11:10+00:00","author":{"@id":"https:\/\/blog.zeit.de\/fahrrad\/#\/schema\/person\/9fe49d0d69e31b7d1d311f861f764dfc"},"description":"In immer mehr deutschen St\u00e4dten kann man jetzt auch ein Lastenrad ausleihen. Mancher Radler stemmt damit sogar seinen Umzug.","breadcrumb":{"@id":"https:\/\/blog.zeit.de\/fahrrad\/2014\/07\/28\/mehr-lastenraeder-die-staedte\/#breadcrumb"},"inLanguage":"de","potentialAction":[{"@type":"ReadAction","target":["https:\/\/blog.zeit.de\/fahrrad\/2014\/07\/28\/mehr-lastenraeder-die-staedte\/"]}]},{"@type":"BreadcrumbList","@id":"https:\/\/blog.zeit.de\/fahrrad\/2014\/07\/28\/mehr-lastenraeder-die-staedte\/#breadcrumb","itemListElement":[{"@type":"ListItem","position":1,"name":"Startseite","item":"https:\/\/blog.zeit.de\/fahrrad\/"},{"@type":"ListItem","position":2,"name":"Teil&#8216; dein Lastenfahrrad"}]},{"@type":"WebSite","@id":"https:\/\/blog.zeit.de\/fahrrad\/#website","url":"https:\/\/blog.zeit.de\/fahrrad\/","name":"Velophil","description":"Das Fahrrad-Blog","potentialAction":[{"@type":"SearchAction","target":{"@type":"EntryPoint","urlTemplate":"https:\/\/blog.zeit.de\/fahrrad\/?s={search_term_string}"},"query-input":"required name=search_term_string"}],"inLanguage":"de"},{"@type":"Person","@id":"https:\/\/blog.zeit.de\/fahrrad\/#\/schema\/person\/9fe49d0d69e31b7d1d311f861f764dfc","name":"Andrea Reidl","image":{"@type":"ImageObject","inLanguage":"de","@id":"https:\/\/blog.zeit.de\/fahrrad\/#\/schema\/person\/image\/","url":"https:\/\/secure.gravatar.com\/avatar\/52595868054cdd5e076af9664613db489c74a4ed484ee30b2f82136c624f1797?s=96&d=mm&r=g","contentUrl":"https:\/\/secure.gravatar.com\/avatar\/52595868054cdd5e076af9664613db489c74a4ed484ee30b2f82136c624f1797?s=96&d=mm&r=g","caption":"Andrea Reidl"},"url":"https:\/\/blog.zeit.de\/fahrrad\/author\/areidl\/"}]}},"jetpack_featured_media_url":"","jetpack_sharing_enabled":true,"_links":{"self":[{"href":"https:\/\/blog.zeit.de\/fahrrad\/wp-json\/wp\/v2\/posts\/4791","targetHints":{"allow":["GET"]}}],"collection":[{"href":"https:\/\/blog.zeit.de\/fahrrad\/wp-json\/wp\/v2\/posts"}],"about":[{"href":"https:\/\/blog.zeit.de\/fahrrad\/wp-json\/wp\/v2\/types\/post"}],"author":[{"embeddable":true,"href":"https:\/\/blog.zeit.de\/fahrrad\/wp-json\/wp\/v2\/users\/385"}],"replies":[{"embeddable":true,"href":"https:\/\/blog.zeit.de\/fahrrad\/wp-json\/wp\/v2\/comments?post=4791"}],"version-history":[{"count":12,"href":"https:\/\/blog.zeit.de\/fahrrad\/wp-json\/wp\/v2\/posts\/4791\/revisions"}],"predecessor-version":[{"id":4808,"href":"https:\/\/blog.zeit.de\/fahrrad\/wp-json\/wp\/v2\/posts\/4791\/revisions\/4808"}],"wp:attachment":[{"href":"https:\/\/blog.zeit.de\/fahrrad\/wp-json\/wp\/v2\/media?parent=4791"}],"wp:term":[{"taxonomy":"category","embeddable":true,"href":"https:\/\/blog.zeit.de\/fahrrad\/wp-json\/wp\/v2\/categories?post=4791"},{"taxonomy":"post_tag","embeddable":true,"href":"https:\/\/blog.zeit.de\/fahrrad\/wp-json\/wp\/v2\/tags?post=4791"}],"curies":[{"name":"wp","href":"https:\/\/api.w.org\/{rel}","templated":true}]}}