{"id":4851,"date":"2014-08-05T10:34:02","date_gmt":"2014-08-05T08:34:02","guid":{"rendered":"http:\/\/blog.zeit.de\/fahrrad\/?p=4851"},"modified":"2014-08-05T10:40:59","modified_gmt":"2014-08-05T08:40:59","slug":"sis-weidenthal-phaty","status":"publish","type":"post","link":"https:\/\/blog.zeit.de\/fahrrad\/2014\/08\/05\/sis-weidenthal-phaty\/","title":{"rendered":"Zur\u00fcck in den Sattel 6: Am Ziel oder geht es weiter?"},"content":{"rendered":"<p><figure id=\"attachment_4853\" aria-describedby=\"caption-attachment-4853\" style=\"width: 540px\" class=\"wp-caption aligncenter\"><img decoding=\"async\" class=\" wp-image-4853 \" alt=\"\u00a9 Sandra Jacques\" src=\"https:\/\/blog.zeit.de\/fahrrad\/files\/2014\/08\/\u00a9sandra-jacques_20140802_2237-1.jpg\" width=\"540\" srcset=\"https:\/\/blog.zeit.de\/fahrrad\/files\/2014\/08\/\u00a9sandra-jacques_20140802_2237-1.jpg 638w, https:\/\/blog.zeit.de\/fahrrad\/files\/2014\/08\/\u00a9sandra-jacques_20140802_2237-1-540x360.jpg 540w\" sizes=\"(max-width: 638px) 100vw, 638px\" \/><figcaption id=\"caption-attachment-4853\" class=\"wp-caption-text\">\u00a9 Sandra Jacques<\/figcaption><\/figure><\/p>\n<p>&#8222;Ich habe noch kein Fahrrad \u2013 kann mir jemand eins leihen?&#8220; In wenigen Minuten startet das Rennen, und nun wirft Christian Kr\u00e4mer alias Phaty diese Frage in die Runde. Doch schon kurz danach sitzt er auf dem orangefarbenen Fatbike eines Freundes und f\u00e4hrt vom Sportplatz. Schlaflos im Sattel (SIS) l\u00e4uft, das Mountainbike-Rennen im Erdbeertal in Weidenthal (Pfalz). Phaty hat die Mountainbiker vor wenigen Augenblicken auf die Piste geschickt, selbst Helm und Licht festgezurrt und ist ohne ein weiteres Wort aufs Rad gestiegen und losgefahren.<\/p>\n<p>Wer ihn sieht, z\u00fcckt schnell die Smartphone-Kamera, um diesen Moment festzuhalten. &#8222;Er f\u00e4hrt ja wirklich&#8220;, murmelt noch einer verwundert. Da ist Phaty schon hinter der Kurve verschwunden. Er hat sich das Rennen ausgedacht und organisiert es seit zehn Jahren. In diesem Jahr wollte er zum ersten Mal mitfahren. Sein Handicap: Er geht sonst nur zu Fu\u00df und ist viel zu schwer. Deshalb musste der 46-J\u00e4hrige in den zur\u00fcckliegenden Monaten abnehmen und bis zum Sommer Mountainbiker werden. <!--more-->Eigentlich wollte Christian Kr\u00e4mer fitter sein, vielleicht sogar schlanker. Geklappt hat das nicht. Gestartet ist er trotzdem.<\/p>\n<p><figure id=\"attachment_4855\" aria-describedby=\"caption-attachment-4855\" style=\"width: 359px\" class=\"wp-caption aligncenter\"><img loading=\"lazy\" decoding=\"async\" class=\" wp-image-4855 \" alt=\"Phaty beim SIS-Start \u00a9 Sandra Jacques\" src=\"https:\/\/blog.zeit.de\/fahrrad\/files\/2014\/08\/\u00a9sandra-jacques_20140802_2076.jpg\" width=\"359\" height=\"538\" srcset=\"https:\/\/blog.zeit.de\/fahrrad\/files\/2014\/08\/\u00a9sandra-jacques_20140802_2076.jpg 426w, https:\/\/blog.zeit.de\/fahrrad\/files\/2014\/08\/\u00a9sandra-jacques_20140802_2076-360x540.jpg 360w\" sizes=\"auto, (max-width: 359px) 100vw, 359px\" \/><figcaption id=\"caption-attachment-4855\" class=\"wp-caption-text\">Phaty beim SIS-Start \u00a9 Sandra Jacques<\/figcaption><\/figure><\/p>\n<p>Hier bei SIS fing vor einem Jahr alles an. Damals sa\u00df er nachts mit Freunden am Rand des Erdbeertals am Lagerfeuer und h\u00f6rte die Reifen der Mountainbiker sirren, w\u00e4hrend sie vom Downhill aus dem Wald jagten. Die Nacht war lau, die Stimmung gut. Pl\u00f6tzlich wollte Phaty mitfahren.<\/p>\n<p>Da er sich in der Regel z\u00fcgig seine Tr\u00e4ume erf\u00fcllt, brauchte er eine Strategie. Einfach aufs Rad steigen und losfahren, wie ihm viele rieten, konnte er nicht. Was er alles ausprobiert hat, habe ich hier im Blog in einer kleinen Serie festgehalten (<a href=\"https:\/\/blog.zeit.de\/fahrrad\/2013\/11\/15\/neue-blog-serie-zuruck-in-den-sattel\/\" target=\"_blank\">Teil 1<\/a>, <a href=\"https:\/\/blog.zeit.de\/fahrrad\/2013\/12\/06\/zuruck-in-den-sattel-2-schone-sportkleidung-fur-dicke-fehlanzeige\/\" target=\"_blank\">Teil 2<\/a>, <a href=\"https:\/\/blog.zeit.de\/fahrrad\/2013\/12\/30\/zuruck-in-den-sattel-3-wenn-muskeln-zu-wenig-sauerstoff-aufnehmen\/\" target=\"_blank\">Teil 3<\/a>, <a href=\"https:\/\/blog.zeit.de\/fahrrad\/2014\/02\/21\/zuruck-in-den-sattel-4-ruckschlage\/\" target=\"_blank\">Teil 4<\/a>, <a href=\"https:\/\/blog.zeit.de\/fahrrad\/2014\/04\/28\/zurueck-in-den-sattel-training-auf-geschaeftsreise\/\" target=\"_blank\">Teil 5<\/a>).<\/p>\n<p><strong>Schwer, die Gewohnheiten zu \u00e4ndern<\/strong><\/p>\n<p>Legt man g\u00e4ngige Ma\u00dfst\u00e4be an, war Kr\u00e4mer vielleicht nicht sonderlich erfolgreich. Aber was ist normal, wenn jemand \u00fcbergewichtig ist, nie in seinem Leben Sport getrieben hat und wenn ihm zudem das Leben, das er f\u00fchrt, ziemlich gut gef\u00e4llt? Die Regale der Buchhandlungen sind voll von Erfolgsgeschichten von Menschen, die sich mit eiserner Disziplin vom dicken Nichtsportler zum Marathoni gek\u00e4mpft haben. Phaty ist eher der Gegenentwurf. Er leidet nicht gern und vermeidet Schmerzen, wo er kann.<\/p>\n<p>Man muss seine Gewohnheiten \u00e4ndern, geben die Wissenschaftler jedem Sportanf\u00e4nger mit auf den Weg. Das machte er. F\u00fcr Au\u00dfenstehende eher z\u00f6gerlich, denn sein Radtraining klappte nicht wie geplant. Stattdessen ging er viel mehr zu Fu\u00df als je zuvor. Aber reicht das f\u00fcr die SIS-Runde, und welche Anspr\u00fcche haben die Freunde?<\/p>\n<p>Anfang des Sommers war Phaty mit SIS-Freunden auf Sardinien. Rad fahren, erholen und ein paar Yoga-Einheiten standen auf dem Programm. Antje K\u00fcnstle, eine befreundete Yogalehrerin, hatte ihm jeden Morgen eine Einheit vor dem Fr\u00fchst\u00fcck versprochen. &#8222;Mit Esoterikkram kann ich aber nichts anfangen&#8220;, hatte Phaty noch betont.<\/p>\n<p>Aber wie viele, die erstmals mit Yoga in Kontakt kommen, merkte er schnell: Yoga ist mehr als sich merkw\u00fcrdig zu verrenken und &#8222;Om&#8220; zu chanten. Besonders die Atem\u00fcbungen, das bewusste Atmen in den Bauch taten ihn gut \u2013 entspannten seinen Kopf und die Organe. Nach dem Fr\u00fchst\u00fcck machten sich die M\u00e4nner regelm\u00e4\u00dfig auf zu einer gro\u00dfen Radrunde, Phaty fuhr mit den Frauen eine k\u00fcrzere Tour. Etwa sechs Kilometer auf welligem Terrain reichten ihm. Was die anderen brauchten, um warm zu werden, war f\u00fcr Kr\u00e4mer schon das Tagespensum.<\/p>\n<p><strong>&#8222;Ich muss niemandem etwas beweisen&#8220;<\/strong><\/p>\n<p>Als er am letzten Tag rund 35 Kilometer auf dem Rad sa\u00df, war Phaty zufrieden \u2013 die Freunde waren besorgt. Und erstaunt, wie unfit er noch war. Hier prallten Realit\u00e4ten aufeinander. Sportler k\u00f6nnen sich nicht vorstellen, wie schwer manchen Menschen Bewegung f\u00e4llt. Noch im Winter hatte Phaty gesagt: &#8222;Wenn ich 50 Meter stramm gehe, wird mir schlecht.&#8220; Und schon im April ging er in den USA beim Bridge Run zehn Kilometer stramm. Was f\u00fcr ein Erfolg.<\/p>\n<p>Dennoch machten die Freunde sich Sorgen. Schlie\u00dflich ist die SIS-Runde nicht ohne. Sie bef\u00fcrchteten, dass er sich \u00fcberfordere, sich zu sehr unter Druck setze, um sein Ziel zu erreichen oder anderen etwas zu beweisen. Phaty war ger\u00fchrt, als er das h\u00f6rte, und gab Entwarnung. &#8222;Ich muss niemandem etwas beweisen&#8220;, sagte er. Was er macht, macht er f\u00fcr sich. Und hier war das Ziel klar: in der SIS-Nacht drau\u00dfen sein, fahrend, schiebend oder auf dem Tandem.<\/p>\n<p><figure id=\"attachment_4857\" aria-describedby=\"caption-attachment-4857\" style=\"width: 540px\" class=\"wp-caption aligncenter\"><img decoding=\"async\" class=\" wp-image-4857 \" alt=\"\u00a9 Sandra Jacques\" src=\"https:\/\/blog.zeit.de\/fahrrad\/files\/2014\/08\/\u00a9sandra-jacques_20140802_2206.jpg\" width=\"540\" srcset=\"https:\/\/blog.zeit.de\/fahrrad\/files\/2014\/08\/\u00a9sandra-jacques_20140802_2206.jpg 638w, https:\/\/blog.zeit.de\/fahrrad\/files\/2014\/08\/\u00a9sandra-jacques_20140802_2206-540x360.jpg 540w\" sizes=\"(max-width: 638px) 100vw, 638px\" \/><figcaption id=\"caption-attachment-4857\" class=\"wp-caption-text\">\u00a9 Sandra Jacques<\/figcaption><\/figure><\/p>\n<p>Tats\u00e4chlich schiebt er, als er uns Samstagnacht auf dem Weg zum ersten Streckenposten entgegen kommt. In der Ebene ist er noch gefahren, doch am Beginn der legend\u00e4ren Weidenthaler Wand, einem langen steilen Anstieg, ist er abgestiegen. Er schnauft, aber das tun die anderen auch. Es ist dunkel, die Luft nach dem warmen Regen schw\u00fcl und schwer.<\/p>\n<p>Es ist erstaunlich, dass Phaty das schafft. Die vergangenen Wochen hat er sich kaum noch bewegt. Nach der R\u00fcckkehr von Sardinien musste er beruflich nach Indien. Er wurde krank und musste ins Krankenhaus.<\/p>\n<p><figure id=\"attachment_4856\" aria-describedby=\"caption-attachment-4856\" style=\"width: 540px\" class=\"wp-caption aligncenter\"><img decoding=\"async\" class=\" wp-image-4856 \" alt=\"\u00a9 Sandra Jacques\" src=\"https:\/\/blog.zeit.de\/fahrrad\/files\/2014\/08\/\u00a9sandra-jacques_20140802_2362.jpg\" width=\"540\" srcset=\"https:\/\/blog.zeit.de\/fahrrad\/files\/2014\/08\/\u00a9sandra-jacques_20140802_2362.jpg 638w, https:\/\/blog.zeit.de\/fahrrad\/files\/2014\/08\/\u00a9sandra-jacques_20140802_2362-540x360.jpg 540w\" sizes=\"(max-width: 638px) 100vw, 638px\" \/><figcaption id=\"caption-attachment-4856\" class=\"wp-caption-text\">\u00a9 Sandra Jacques<\/figcaption><\/figure><\/p>\n<p>Jetzt steht er mitten in der Nacht am letzten Streckenposten vor dem Downhill. Er hat abgek\u00fcrzt, Singletrail und Downhill l\u00e4sst er aus. Stattdessen steht er wie ein Zeremonienmeister mit ausgebreiteten Armen im Schein von gef\u00fchlt 100 Kopflampen, die alle in seine Richtung strahlen. &#8222;Hopp, hopp, hopp&#8220;, weist er die Fahrer in die Abfahrt ein. Kurz zuvor hatte es einen Unfall gegeben, ein Fahrer hatte sich am Arm verletzt. Die nachfolgenden Fahrer wurden sofort angehalten und umgeleitet. Bis der Verletzte versorgt war, ruhte das Rennen. Die Wartenden nutzten die Zeit zum Kl\u00f6nen.<\/p>\n<p>Das ist das besondere an SIS. Wer hier startet, ist entspannt. &#8222;Das ist ein Rockfestival&#8220;, hatte am Nachmittag ein Teilnehmer gesagt, der zum ersten Mal dabei war. Am Freitagabend hatte die Rockband Schlammbein gespielt, bis morgens um f\u00fcnf hat der SIS-Neuling gefeiert.<\/p>\n<p><strong>Ein bisschen Rockfestival, ein bisschen Familienfest<\/strong><\/p>\n<p>Aber das ist nur ein Teil von SIS. Es ist ein bisschen Woodstock, aber es ist auch ein riesengro\u00dfes Familienfest, zu dem sich die mountainbikende Wahlfamilie einmal im Jahr versammelt. Unter den Hardcore-Mountainbikern und Singlespeedern, den unz\u00e4hligen Familien mit ihren Babys und Kleinkindern sind in diesem Jahr auch Phatys Mutter, seine Tante und eine Cousine. Anders als bei vielen Familienfesten w\u00e4chst die Zeit des Zusammenseins stetig an. Bereits am Donnerstagabend waren 350 Besucher beim traditionellen Abendessen dabei.<\/p>\n<p>Die meisten zelten auf dem Sportplatz und ruhen sich zwischendurch in der Weinlounge aus. Die betreut Maria Bergold von der Weidenthaler Touristeninformation. Sie hat junge Weinst\u00f6cke im Zelt verteilt, auf dem Tresen stehen eine Holzkiste mit Mirabellen und den ersten Pflaumen zum Naschen.<\/p>\n<p>Die Mischung wirkt f\u00fcr Au\u00dfenstehende bizarr, aber das ist SIS. Und das ist Phaty: etwas wild, leicht verr\u00fcckt, mit einem gro\u00dfen Herz. Jeder freut sich, dass er aufs Rad gestiegen ist. \u00dcber den Chicken Trail \u2013 eine seichte Abfahrt zum Sportplatz, die parallel zum Downhill verl\u00e4uft \u2013 rollt Phaty in der Nacht zur\u00fcck zum Weinzelt, zufrieden drau\u00dfen gewesen zu sein.<\/p>\n<p>&#8222;F\u00fcr mich geht es jetzt erst richtig los&#8220;, sagt er. Er will weiter aufs Rad und irgendwann den Trail komplett fahren. 2029 ist das letzte SIS. Dann ist er 62 Jahre alt. Bis dahin hat er noch etwas Zeit.<\/p>\n","protected":false},"excerpt":{"rendered":"<p>&#8222;Ich habe noch kein Fahrrad \u2013 kann mir jemand eins leihen?&#8220; In wenigen Minuten startet das Rennen, und nun wirft Christian Kr\u00e4mer alias Phaty diese Frage in die Runde. Doch schon kurz danach sitzt er auf dem orangefarbenen Fatbike eines Freundes und f\u00e4hrt vom Sportplatz. Schlaflos im Sattel (SIS) l\u00e4uft, das Mountainbike-Rennen im Erdbeertal in [&hellip;]<\/p>\n","protected":false},"author":385,"featured_media":0,"comment_status":"open","ping_status":"open","sticky":false,"template":"","format":"standard","meta":{"_jetpack_memberships_contains_paid_content":false,"footnotes":""},"categories":[23026,23031],"tags":[30820,30911,30821,32334],"class_list":["post-4851","post","type-post","status-publish","format-standard","hentry","category-fahrstil","category-leute","tag-christian-kramer","tag-schlaflos-im-sattel","tag-ziel","tag-zurueck-in-den-sattel"],"yoast_head":"<!-- This site is optimized with the Yoast SEO plugin v21.0 - https:\/\/yoast.com\/wordpress\/plugins\/seo\/ -->\n<title>Zur\u00fcck in den Sattel 6: Am Ziel oder geht es weiter? - Velophil<\/title>\n<meta name=\"robots\" content=\"index, follow, max-snippet:-1, max-image-preview:large, max-video-preview:-1\" \/>\n<link rel=\"canonical\" href=\"https:\/\/blog.zeit.de\/fahrrad\/2014\/08\/05\/sis-weidenthal-phaty\/\" \/>\n<meta property=\"og:locale\" content=\"de_DE\" \/>\n<meta property=\"og:type\" content=\"article\" \/>\n<meta property=\"og:title\" content=\"Zur\u00fcck in den Sattel 6: Am Ziel oder geht es weiter? - Velophil\" \/>\n<meta property=\"og:description\" content=\"&#8222;Ich habe noch kein Fahrrad \u2013 kann mir jemand eins leihen?&#8220; In wenigen Minuten startet das Rennen, und nun wirft Christian Kr\u00e4mer alias Phaty diese Frage in die Runde. Doch schon kurz danach sitzt er auf dem orangefarbenen Fatbike eines Freundes und f\u00e4hrt vom Sportplatz. Schlaflos im Sattel (SIS) l\u00e4uft, das Mountainbike-Rennen im Erdbeertal in [&hellip;]\" \/>\n<meta property=\"og:url\" content=\"https:\/\/blog.zeit.de\/fahrrad\/2014\/08\/05\/sis-weidenthal-phaty\/\" \/>\n<meta property=\"og:site_name\" content=\"Velophil\" \/>\n<meta property=\"article:published_time\" content=\"2014-08-05T08:34:02+00:00\" \/>\n<meta property=\"article:modified_time\" content=\"2014-08-05T08:40:59+00:00\" \/>\n<meta name=\"author\" content=\"Andrea Reidl\" \/>\n<meta name=\"twitter:card\" content=\"summary_large_image\" \/>\n<meta name=\"twitter:creator\" content=\"@zeitonline\" \/>\n<meta name=\"twitter:site\" content=\"@zeitonline\" \/>\n<meta name=\"twitter:label1\" content=\"Geschrieben von\" \/>\n\t<meta name=\"twitter:data1\" content=\"Andrea Reidl\" \/>\n\t<meta name=\"twitter:label2\" content=\"Gesch\u00e4tzte Lesezeit\" \/>\n\t<meta name=\"twitter:data2\" content=\"6\u00a0Minuten\" \/>\n<script type=\"application\/ld+json\" class=\"yoast-schema-graph\">{\"@context\":\"https:\/\/schema.org\",\"@graph\":[{\"@type\":\"WebPage\",\"@id\":\"https:\/\/blog.zeit.de\/fahrrad\/2014\/08\/05\/sis-weidenthal-phaty\/\",\"url\":\"https:\/\/blog.zeit.de\/fahrrad\/2014\/08\/05\/sis-weidenthal-phaty\/\",\"name\":\"Zur\u00fcck in den Sattel 6: Am Ziel oder geht es weiter? - Velophil\",\"isPartOf\":{\"@id\":\"https:\/\/blog.zeit.de\/fahrrad\/#website\"},\"datePublished\":\"2014-08-05T08:34:02+00:00\",\"dateModified\":\"2014-08-05T08:40:59+00:00\",\"author\":{\"@id\":\"https:\/\/blog.zeit.de\/fahrrad\/#\/schema\/person\/9fe49d0d69e31b7d1d311f861f764dfc\"},\"breadcrumb\":{\"@id\":\"https:\/\/blog.zeit.de\/fahrrad\/2014\/08\/05\/sis-weidenthal-phaty\/#breadcrumb\"},\"inLanguage\":\"de\",\"potentialAction\":[{\"@type\":\"ReadAction\",\"target\":[\"https:\/\/blog.zeit.de\/fahrrad\/2014\/08\/05\/sis-weidenthal-phaty\/\"]}]},{\"@type\":\"BreadcrumbList\",\"@id\":\"https:\/\/blog.zeit.de\/fahrrad\/2014\/08\/05\/sis-weidenthal-phaty\/#breadcrumb\",\"itemListElement\":[{\"@type\":\"ListItem\",\"position\":1,\"name\":\"Startseite\",\"item\":\"https:\/\/blog.zeit.de\/fahrrad\/\"},{\"@type\":\"ListItem\",\"position\":2,\"name\":\"Zur\u00fcck in den Sattel 6: Am Ziel oder geht es weiter?\"}]},{\"@type\":\"WebSite\",\"@id\":\"https:\/\/blog.zeit.de\/fahrrad\/#website\",\"url\":\"https:\/\/blog.zeit.de\/fahrrad\/\",\"name\":\"Velophil\",\"description\":\"Das Fahrrad-Blog\",\"potentialAction\":[{\"@type\":\"SearchAction\",\"target\":{\"@type\":\"EntryPoint\",\"urlTemplate\":\"https:\/\/blog.zeit.de\/fahrrad\/?s={search_term_string}\"},\"query-input\":\"required name=search_term_string\"}],\"inLanguage\":\"de\"},{\"@type\":\"Person\",\"@id\":\"https:\/\/blog.zeit.de\/fahrrad\/#\/schema\/person\/9fe49d0d69e31b7d1d311f861f764dfc\",\"name\":\"Andrea Reidl\",\"image\":{\"@type\":\"ImageObject\",\"inLanguage\":\"de\",\"@id\":\"https:\/\/blog.zeit.de\/fahrrad\/#\/schema\/person\/image\/\",\"url\":\"https:\/\/secure.gravatar.com\/avatar\/52595868054cdd5e076af9664613db489c74a4ed484ee30b2f82136c624f1797?s=96&d=mm&r=g\",\"contentUrl\":\"https:\/\/secure.gravatar.com\/avatar\/52595868054cdd5e076af9664613db489c74a4ed484ee30b2f82136c624f1797?s=96&d=mm&r=g\",\"caption\":\"Andrea Reidl\"},\"url\":\"https:\/\/blog.zeit.de\/fahrrad\/author\/areidl\/\"}]}<\/script>\n<!-- \/ Yoast SEO plugin. -->","yoast_head_json":{"title":"Zur\u00fcck in den Sattel 6: Am Ziel oder geht es weiter? - Velophil","robots":{"index":"index","follow":"follow","max-snippet":"max-snippet:-1","max-image-preview":"max-image-preview:large","max-video-preview":"max-video-preview:-1"},"canonical":"https:\/\/blog.zeit.de\/fahrrad\/2014\/08\/05\/sis-weidenthal-phaty\/","og_locale":"de_DE","og_type":"article","og_title":"Zur\u00fcck in den Sattel 6: Am Ziel oder geht es weiter? - Velophil","og_description":"&#8222;Ich habe noch kein Fahrrad \u2013 kann mir jemand eins leihen?&#8220; In wenigen Minuten startet das Rennen, und nun wirft Christian Kr\u00e4mer alias Phaty diese Frage in die Runde. Doch schon kurz danach sitzt er auf dem orangefarbenen Fatbike eines Freundes und f\u00e4hrt vom Sportplatz. Schlaflos im Sattel (SIS) l\u00e4uft, das Mountainbike-Rennen im Erdbeertal in [&hellip;]","og_url":"https:\/\/blog.zeit.de\/fahrrad\/2014\/08\/05\/sis-weidenthal-phaty\/","og_site_name":"Velophil","article_published_time":"2014-08-05T08:34:02+00:00","article_modified_time":"2014-08-05T08:40:59+00:00","author":"Andrea Reidl","twitter_card":"summary_large_image","twitter_creator":"@zeitonline","twitter_site":"@zeitonline","twitter_misc":{"Geschrieben von":"Andrea Reidl","Gesch\u00e4tzte Lesezeit":"6\u00a0Minuten"},"schema":{"@context":"https:\/\/schema.org","@graph":[{"@type":"WebPage","@id":"https:\/\/blog.zeit.de\/fahrrad\/2014\/08\/05\/sis-weidenthal-phaty\/","url":"https:\/\/blog.zeit.de\/fahrrad\/2014\/08\/05\/sis-weidenthal-phaty\/","name":"Zur\u00fcck in den Sattel 6: Am Ziel oder geht es weiter? - Velophil","isPartOf":{"@id":"https:\/\/blog.zeit.de\/fahrrad\/#website"},"datePublished":"2014-08-05T08:34:02+00:00","dateModified":"2014-08-05T08:40:59+00:00","author":{"@id":"https:\/\/blog.zeit.de\/fahrrad\/#\/schema\/person\/9fe49d0d69e31b7d1d311f861f764dfc"},"breadcrumb":{"@id":"https:\/\/blog.zeit.de\/fahrrad\/2014\/08\/05\/sis-weidenthal-phaty\/#breadcrumb"},"inLanguage":"de","potentialAction":[{"@type":"ReadAction","target":["https:\/\/blog.zeit.de\/fahrrad\/2014\/08\/05\/sis-weidenthal-phaty\/"]}]},{"@type":"BreadcrumbList","@id":"https:\/\/blog.zeit.de\/fahrrad\/2014\/08\/05\/sis-weidenthal-phaty\/#breadcrumb","itemListElement":[{"@type":"ListItem","position":1,"name":"Startseite","item":"https:\/\/blog.zeit.de\/fahrrad\/"},{"@type":"ListItem","position":2,"name":"Zur\u00fcck in den Sattel 6: Am Ziel oder geht es weiter?"}]},{"@type":"WebSite","@id":"https:\/\/blog.zeit.de\/fahrrad\/#website","url":"https:\/\/blog.zeit.de\/fahrrad\/","name":"Velophil","description":"Das Fahrrad-Blog","potentialAction":[{"@type":"SearchAction","target":{"@type":"EntryPoint","urlTemplate":"https:\/\/blog.zeit.de\/fahrrad\/?s={search_term_string}"},"query-input":"required name=search_term_string"}],"inLanguage":"de"},{"@type":"Person","@id":"https:\/\/blog.zeit.de\/fahrrad\/#\/schema\/person\/9fe49d0d69e31b7d1d311f861f764dfc","name":"Andrea Reidl","image":{"@type":"ImageObject","inLanguage":"de","@id":"https:\/\/blog.zeit.de\/fahrrad\/#\/schema\/person\/image\/","url":"https:\/\/secure.gravatar.com\/avatar\/52595868054cdd5e076af9664613db489c74a4ed484ee30b2f82136c624f1797?s=96&d=mm&r=g","contentUrl":"https:\/\/secure.gravatar.com\/avatar\/52595868054cdd5e076af9664613db489c74a4ed484ee30b2f82136c624f1797?s=96&d=mm&r=g","caption":"Andrea Reidl"},"url":"https:\/\/blog.zeit.de\/fahrrad\/author\/areidl\/"}]}},"jetpack_featured_media_url":"","jetpack_sharing_enabled":true,"_links":{"self":[{"href":"https:\/\/blog.zeit.de\/fahrrad\/wp-json\/wp\/v2\/posts\/4851","targetHints":{"allow":["GET"]}}],"collection":[{"href":"https:\/\/blog.zeit.de\/fahrrad\/wp-json\/wp\/v2\/posts"}],"about":[{"href":"https:\/\/blog.zeit.de\/fahrrad\/wp-json\/wp\/v2\/types\/post"}],"author":[{"embeddable":true,"href":"https:\/\/blog.zeit.de\/fahrrad\/wp-json\/wp\/v2\/users\/385"}],"replies":[{"embeddable":true,"href":"https:\/\/blog.zeit.de\/fahrrad\/wp-json\/wp\/v2\/comments?post=4851"}],"version-history":[{"count":9,"href":"https:\/\/blog.zeit.de\/fahrrad\/wp-json\/wp\/v2\/posts\/4851\/revisions"}],"predecessor-version":[{"id":4873,"href":"https:\/\/blog.zeit.de\/fahrrad\/wp-json\/wp\/v2\/posts\/4851\/revisions\/4873"}],"wp:attachment":[{"href":"https:\/\/blog.zeit.de\/fahrrad\/wp-json\/wp\/v2\/media?parent=4851"}],"wp:term":[{"taxonomy":"category","embeddable":true,"href":"https:\/\/blog.zeit.de\/fahrrad\/wp-json\/wp\/v2\/categories?post=4851"},{"taxonomy":"post_tag","embeddable":true,"href":"https:\/\/blog.zeit.de\/fahrrad\/wp-json\/wp\/v2\/tags?post=4851"}],"curies":[{"name":"wp","href":"https:\/\/api.w.org\/{rel}","templated":true}]}}