{"id":5047,"date":"2014-09-19T07:05:14","date_gmt":"2014-09-19T05:05:14","guid":{"rendered":"http:\/\/blog.zeit.de\/fahrrad\/?p=5047"},"modified":"2014-09-19T10:50:17","modified_gmt":"2014-09-19T08:50:17","slug":"elterntaxis-schulweg","status":"publish","type":"post","link":"https:\/\/blog.zeit.de\/fahrrad\/2014\/09\/19\/elterntaxis-schulweg\/","title":{"rendered":"Elterntaxis gef\u00e4hrden andere Sch\u00fcler"},"content":{"rendered":"<p>Das Ph\u00e4nomen existiert bundesweit: Die Hamburger sprechen von Elterntaxi, in Hessen ist von Helikopter-Eltern die Rede. Gemeint ist jeweils das gleiche: V\u00e4ter und M\u00fctter, die ihren Nachwuchs mit dem Auto fast bis vor die Schult\u00fcr kutschieren. Das Resultat ist Stau vor der Schule kurz vor Schulbeginn. Gehalten oder geparkt wird in zweiter Reihe, auf dem Gehweg, dem Zebrastreifen oder dem Behindertenparkplatz.<\/p>\n<p>Die Helikopter-Eltern meinen es gut oder trauen ihren Kindern den Weg einfach nicht zu. Doch gerade diese besonders besorgten Eltern gef\u00e4hrden diejenigen Schulkinder, die zu Fu\u00df gehen oder mit dem Rad kommen. Viele St\u00e4dte versuchen gegenzusteuern. In Frankfurt etwa beginnt die &#8222;Erziehung der einzuschulenden Eltern&#8220;, wie Rainer Michaelis es nennt, bereits in der Kita. Michaelis ist Leiter der Abteilung Stra\u00dfenverkehrssicherheit beim Stra\u00dfenverkehrsamt.<\/p>\n<p>Schon im Kindergarten trainieren die zuk\u00fcnftigen Erstkl\u00e4ssler ihren Schulweg; daf\u00fcr kommen Verkehrserzieher regelm\u00e4\u00dfig in den Kindergarten und laufen mit ihnen den zuk\u00fcnftigen Schulweg ab. Zuvor beim Elternabend informieren sie die Eltern \u00fcber ihre Arbeit. Seit diesem Jahr zeigen sie ihnen auch den kurzen Spot \u00fcber die Elterntaxis, den das Frankfurter Verkehrsdezernat und das Stra\u00dfenverkehrsamt in Auftrag gegeben haben.<\/p>\n\n<div class=\"embed-wrapper embed-wrapper--blocked js-embed-consent\" data-method=\"iframe\">\n<script class=\"raw__source\" type=\"text\/template\"><iframe loading=\"lazy\" frameborder=\"0\" height=\"315\" src=\"\/\/www.youtube.com\/embed\/gGoF2SqHB_Q\" width=\"560\"><\/iframe><\/script>\n<div class=\"embed-wrapper__inner\">\n<div class=\"embed-wrapper__text\">\n<h3>Empfohlener redaktioneller Inhalt<\/h3>\n<p data-replace=\"no\">An dieser Stelle finden Sie externen Inhalt, der den Artikel erg\u00e4nzt. Sie k\u00f6nnen sich externe Inhalte mit einem Klick anzeigen lassen und wieder ausblenden.<noscript>Bitte aktivieren Sie JavaScript damit Sie diesen Inhalt anzeigen k\u00f6nnen.<\/noscript><\/p>\n<\/div>\n<div class=\"embed-consent\">\n<label class=\"embed-consent__toggle\">\n<input class=\"js-embed-consent__toggle\" type=\"checkbox\" autocomplete=\"off\">\n<span><\/span>\nExterner Inhalt\n<\/label>\n<a href=\"https:\/\/www.zeit.de\/hilfe\/datenschutz\" target=\"_blank\" class=\"embed-consent__datalink-when-active\">Datenschutzerkl\u00e4rung<\/a>\n<\/div>\n<div class=\"embed-wrapper__footer\">\n<p data-replace=\"no\">\nIch bin damit einverstanden, dass mir externe Inhalte angezeigt werden. Damit k\u00f6nnen personenbezogene Daten an Drittplattformen \u00fcbermittelt werden. <a href=\"https:\/\/www.zeit.de\/hilfe\/datenschutz\" target=\"_blank\">Mehr dazu in unserer Datenschutzerkl\u00e4rung.<\/a>\n<\/p>\n<\/div>\n<\/div>\n<\/div>\n<p>Das Video stellt die Situation nat\u00fcrlich v\u00f6llig \u00fcberspitzt dar, aber gerade deshalb ist es eine ganz gute Diskussionsgrundlage. Denn Gespr\u00e4chsbedarf ist da, Vorurteile sind es auch.<\/p>\n<p>Der Klassiker aus Elternsicht ist: Der Schulweg ist gef\u00e4hrlich. Ihr Auto sehen sie offenkundig als sicheren Hort. Doch in Frankfurt zeigt die Unfallstatistik f\u00fcr 2013, dass der Anteil der Schulwegunf\u00e4lle im Vergleich zu den Gesamtzahlen gering ist. 14 von 208 Unf\u00e4llen mit Kindern sind auf dem Schulweg passiert; f\u00fcnf der Kinder waren Fu\u00dfg\u00e4nger und neun Radfahrer. Die Experten schlie\u00dfen daraus, dass Kinder auf dem Schulweg sicherer sind als bei anderen Gelegenheiten, wenn sie am Verkehr teilnehmen.<\/p>\n<p>Aus Sicht der P\u00e4dagogen ist es wichtig, dass Kinder den Schulweg alleine meistern. F\u00fcr viele Jungen und M\u00e4dchen ist es der erste selbstst\u00e4ndig zur\u00fcckgelegte Weg. Sie schlie\u00dfen Freundschaften zu anderen Kindern, bekommen ein Raum-Zeit-Gef\u00fchl und kommen auch mal zu sp\u00e4t, wenn sie zu sehr tr\u00f6deln. Au\u00dferdem bewegen sie sich \u2013 zu Fu\u00df oder mit dem Rad.<\/p>\n<p>Was Eltern oft vergessen: die Erfahrung, die sie ihrem Kind vorenthalten, wenn sie sie zur Schule fahren. Zum einen lernt es jeden Tag, Gefahren einzusch\u00e4tzen. Gerade bei Grundsch\u00fclern kann man immer wieder beobachten, wie gewissenhaft sie x-mal in jede Richtung schauen, bevor sie die Stra\u00dfe \u00fcberqueren. Sie wollen alles richtig machen und lassen lieber das Auto am Zebrastreifen vor, ehe sie sich auf die Fahrbahn wagen.<\/p>\n<p><strong>&#8222;Elternhaltestelle&#8220; in Herne<\/strong><\/p>\n<p>Die Kritik am Elterntaxi zielt gar nicht darauf, das Auto zu verteufeln. Michaelis sieht durchaus Situationen, in denen es angemessen ist, dass Kinder mal \u2013 oder auch jeden Tag \u2013 von den Eltern per Pkw zur Schule gebracht werden. Aber dann sollten die Eltern ein paar hundert Meter entfernt vor der Schule parken, um ihr Kind aussteigen zu lassen, r\u00e4t Michaelis.<\/p>\n<p>Alltag in Deutschland ist das noch nicht. Zum neuen Schuljahr haben in vielen St\u00e4dten Polizisten Eltern, die verkehrswidrig parkten, vor den Schulen angesprochen. Eine dauerhafte L\u00f6sung gegen Elterntaxis gibt es nicht. &#8222;Man muss jedes Jahr neu anfangen&#8220;, sagt Michaelis. Nur mit der entsprechenden Aufkl\u00e4rung k\u00f6nne man versuchen, die Eltern zum Umdenken zu bringen.<\/p>\n<p>In Herne im Ruhrgebiet hat eine Schule eine andere L\u00f6sung gefunden. Wie die <em>WAZ<\/em> berichtete, hat die dortige Schillerschule mit Eltern, Polizei, Stadt und einem Discounter im Fr\u00fchjahr eine &#8222;Elternhaltestelle&#8220; initiiert, etwa 400 Meter von der Grundschule entfernt. Sch\u00fcler, die mit dem Auto gebracht werden, laufen von dem Elternparkplatz zur Schule, Eltern sichern als Lotsen t\u00e4glich den Weg.<\/p>\n<p>Die Idee ist gut, wenn auch nicht ganz neu. Bei unseren niederl\u00e4ndischen Nachbarn l\u00e4uft es \u00e4hnlich. Eltern, die ihre Kinder mit dem Auto bringen, haben vor dem Schuleingang keine Haltem\u00f6glichkeiten. Parken k\u00f6nnen sie nur im Umkreis von etwa 300 Metern. Aber dort radeln die meisten Kinder sowieso alleine zur Schule.<\/p>\n","protected":false},"excerpt":{"rendered":"<p>Das Ph\u00e4nomen existiert bundesweit: Die Hamburger sprechen von Elterntaxi, in Hessen ist von Helikopter-Eltern die Rede. Gemeint ist jeweils das gleiche: V\u00e4ter und M\u00fctter, die ihren Nachwuchs mit dem Auto fast bis vor die Schult\u00fcr kutschieren. Das Resultat ist Stau vor der Schule kurz vor Schulbeginn. Gehalten oder geparkt wird in zweiter Reihe, auf dem [&hellip;]<\/p>\n","protected":false},"author":385,"featured_media":0,"comment_status":"open","ping_status":"open","sticky":false,"template":"","format":"standard","meta":{"_jetpack_memberships_contains_paid_content":false,"footnotes":""},"categories":[1,1910],"tags":[1307,321,7919,32346,32348,1296,27081],"class_list":["post-5047","post","type-post","status-publish","format-standard","hentry","category-uncategorized","category-stadt","tag-eltern","tag-frankfurt","tag-helikopter","tag-herne","tag-parkplatz","tag-schule","tag-taxi"],"yoast_head":"<!-- This site is optimized with the Yoast SEO plugin v21.0 - https:\/\/yoast.com\/wordpress\/plugins\/seo\/ -->\n<title>Elterntaxis gef\u00e4hrden andere Sch\u00fcler - Velophil<\/title>\n<meta name=\"robots\" content=\"index, follow, max-snippet:-1, max-image-preview:large, max-video-preview:-1\" \/>\n<link rel=\"canonical\" href=\"https:\/\/blog.zeit.de\/fahrrad\/2014\/09\/19\/elterntaxis-schulweg\/\" \/>\n<meta property=\"og:locale\" content=\"de_DE\" \/>\n<meta property=\"og:type\" content=\"article\" \/>\n<meta property=\"og:title\" content=\"Elterntaxis gef\u00e4hrden andere Sch\u00fcler - Velophil\" \/>\n<meta property=\"og:description\" content=\"Das Ph\u00e4nomen existiert bundesweit: Die Hamburger sprechen von Elterntaxi, in Hessen ist von Helikopter-Eltern die Rede. Gemeint ist jeweils das gleiche: V\u00e4ter und M\u00fctter, die ihren Nachwuchs mit dem Auto fast bis vor die Schult\u00fcr kutschieren. Das Resultat ist Stau vor der Schule kurz vor Schulbeginn. Gehalten oder geparkt wird in zweiter Reihe, auf dem [&hellip;]\" \/>\n<meta property=\"og:url\" content=\"https:\/\/blog.zeit.de\/fahrrad\/2014\/09\/19\/elterntaxis-schulweg\/\" \/>\n<meta property=\"og:site_name\" content=\"Velophil\" \/>\n<meta property=\"article:published_time\" content=\"2014-09-19T05:05:14+00:00\" \/>\n<meta property=\"article:modified_time\" content=\"2014-09-19T08:50:17+00:00\" \/>\n<meta name=\"author\" content=\"Andrea Reidl\" \/>\n<meta name=\"twitter:card\" content=\"summary_large_image\" \/>\n<meta name=\"twitter:creator\" content=\"@zeitonline\" \/>\n<meta name=\"twitter:site\" content=\"@zeitonline\" \/>\n<meta name=\"twitter:label1\" content=\"Geschrieben von\" \/>\n\t<meta name=\"twitter:data1\" content=\"Andrea Reidl\" \/>\n\t<meta name=\"twitter:label2\" content=\"Gesch\u00e4tzte Lesezeit\" \/>\n\t<meta name=\"twitter:data2\" content=\"3\u00a0Minuten\" \/>\n<script type=\"application\/ld+json\" class=\"yoast-schema-graph\">{\"@context\":\"https:\/\/schema.org\",\"@graph\":[{\"@type\":\"WebPage\",\"@id\":\"https:\/\/blog.zeit.de\/fahrrad\/2014\/09\/19\/elterntaxis-schulweg\/\",\"url\":\"https:\/\/blog.zeit.de\/fahrrad\/2014\/09\/19\/elterntaxis-schulweg\/\",\"name\":\"Elterntaxis gef\u00e4hrden andere Sch\u00fcler - Velophil\",\"isPartOf\":{\"@id\":\"https:\/\/blog.zeit.de\/fahrrad\/#website\"},\"datePublished\":\"2014-09-19T05:05:14+00:00\",\"dateModified\":\"2014-09-19T08:50:17+00:00\",\"author\":{\"@id\":\"https:\/\/blog.zeit.de\/fahrrad\/#\/schema\/person\/9fe49d0d69e31b7d1d311f861f764dfc\"},\"breadcrumb\":{\"@id\":\"https:\/\/blog.zeit.de\/fahrrad\/2014\/09\/19\/elterntaxis-schulweg\/#breadcrumb\"},\"inLanguage\":\"de\",\"potentialAction\":[{\"@type\":\"ReadAction\",\"target\":[\"https:\/\/blog.zeit.de\/fahrrad\/2014\/09\/19\/elterntaxis-schulweg\/\"]}]},{\"@type\":\"BreadcrumbList\",\"@id\":\"https:\/\/blog.zeit.de\/fahrrad\/2014\/09\/19\/elterntaxis-schulweg\/#breadcrumb\",\"itemListElement\":[{\"@type\":\"ListItem\",\"position\":1,\"name\":\"Startseite\",\"item\":\"https:\/\/blog.zeit.de\/fahrrad\/\"},{\"@type\":\"ListItem\",\"position\":2,\"name\":\"Elterntaxis gef\u00e4hrden andere Sch\u00fcler\"}]},{\"@type\":\"WebSite\",\"@id\":\"https:\/\/blog.zeit.de\/fahrrad\/#website\",\"url\":\"https:\/\/blog.zeit.de\/fahrrad\/\",\"name\":\"Velophil\",\"description\":\"Das Fahrrad-Blog\",\"potentialAction\":[{\"@type\":\"SearchAction\",\"target\":{\"@type\":\"EntryPoint\",\"urlTemplate\":\"https:\/\/blog.zeit.de\/fahrrad\/?s={search_term_string}\"},\"query-input\":\"required name=search_term_string\"}],\"inLanguage\":\"de\"},{\"@type\":\"Person\",\"@id\":\"https:\/\/blog.zeit.de\/fahrrad\/#\/schema\/person\/9fe49d0d69e31b7d1d311f861f764dfc\",\"name\":\"Andrea Reidl\",\"image\":{\"@type\":\"ImageObject\",\"inLanguage\":\"de\",\"@id\":\"https:\/\/blog.zeit.de\/fahrrad\/#\/schema\/person\/image\/\",\"url\":\"https:\/\/secure.gravatar.com\/avatar\/52595868054cdd5e076af9664613db489c74a4ed484ee30b2f82136c624f1797?s=96&d=mm&r=g\",\"contentUrl\":\"https:\/\/secure.gravatar.com\/avatar\/52595868054cdd5e076af9664613db489c74a4ed484ee30b2f82136c624f1797?s=96&d=mm&r=g\",\"caption\":\"Andrea Reidl\"},\"url\":\"https:\/\/blog.zeit.de\/fahrrad\/author\/areidl\/\"}]}<\/script>\n<!-- \/ Yoast SEO plugin. -->","yoast_head_json":{"title":"Elterntaxis gef\u00e4hrden andere Sch\u00fcler - Velophil","robots":{"index":"index","follow":"follow","max-snippet":"max-snippet:-1","max-image-preview":"max-image-preview:large","max-video-preview":"max-video-preview:-1"},"canonical":"https:\/\/blog.zeit.de\/fahrrad\/2014\/09\/19\/elterntaxis-schulweg\/","og_locale":"de_DE","og_type":"article","og_title":"Elterntaxis gef\u00e4hrden andere Sch\u00fcler - Velophil","og_description":"Das Ph\u00e4nomen existiert bundesweit: Die Hamburger sprechen von Elterntaxi, in Hessen ist von Helikopter-Eltern die Rede. Gemeint ist jeweils das gleiche: V\u00e4ter und M\u00fctter, die ihren Nachwuchs mit dem Auto fast bis vor die Schult\u00fcr kutschieren. Das Resultat ist Stau vor der Schule kurz vor Schulbeginn. Gehalten oder geparkt wird in zweiter Reihe, auf dem [&hellip;]","og_url":"https:\/\/blog.zeit.de\/fahrrad\/2014\/09\/19\/elterntaxis-schulweg\/","og_site_name":"Velophil","article_published_time":"2014-09-19T05:05:14+00:00","article_modified_time":"2014-09-19T08:50:17+00:00","author":"Andrea Reidl","twitter_card":"summary_large_image","twitter_creator":"@zeitonline","twitter_site":"@zeitonline","twitter_misc":{"Geschrieben von":"Andrea Reidl","Gesch\u00e4tzte Lesezeit":"3\u00a0Minuten"},"schema":{"@context":"https:\/\/schema.org","@graph":[{"@type":"WebPage","@id":"https:\/\/blog.zeit.de\/fahrrad\/2014\/09\/19\/elterntaxis-schulweg\/","url":"https:\/\/blog.zeit.de\/fahrrad\/2014\/09\/19\/elterntaxis-schulweg\/","name":"Elterntaxis gef\u00e4hrden andere Sch\u00fcler - Velophil","isPartOf":{"@id":"https:\/\/blog.zeit.de\/fahrrad\/#website"},"datePublished":"2014-09-19T05:05:14+00:00","dateModified":"2014-09-19T08:50:17+00:00","author":{"@id":"https:\/\/blog.zeit.de\/fahrrad\/#\/schema\/person\/9fe49d0d69e31b7d1d311f861f764dfc"},"breadcrumb":{"@id":"https:\/\/blog.zeit.de\/fahrrad\/2014\/09\/19\/elterntaxis-schulweg\/#breadcrumb"},"inLanguage":"de","potentialAction":[{"@type":"ReadAction","target":["https:\/\/blog.zeit.de\/fahrrad\/2014\/09\/19\/elterntaxis-schulweg\/"]}]},{"@type":"BreadcrumbList","@id":"https:\/\/blog.zeit.de\/fahrrad\/2014\/09\/19\/elterntaxis-schulweg\/#breadcrumb","itemListElement":[{"@type":"ListItem","position":1,"name":"Startseite","item":"https:\/\/blog.zeit.de\/fahrrad\/"},{"@type":"ListItem","position":2,"name":"Elterntaxis gef\u00e4hrden andere Sch\u00fcler"}]},{"@type":"WebSite","@id":"https:\/\/blog.zeit.de\/fahrrad\/#website","url":"https:\/\/blog.zeit.de\/fahrrad\/","name":"Velophil","description":"Das Fahrrad-Blog","potentialAction":[{"@type":"SearchAction","target":{"@type":"EntryPoint","urlTemplate":"https:\/\/blog.zeit.de\/fahrrad\/?s={search_term_string}"},"query-input":"required name=search_term_string"}],"inLanguage":"de"},{"@type":"Person","@id":"https:\/\/blog.zeit.de\/fahrrad\/#\/schema\/person\/9fe49d0d69e31b7d1d311f861f764dfc","name":"Andrea Reidl","image":{"@type":"ImageObject","inLanguage":"de","@id":"https:\/\/blog.zeit.de\/fahrrad\/#\/schema\/person\/image\/","url":"https:\/\/secure.gravatar.com\/avatar\/52595868054cdd5e076af9664613db489c74a4ed484ee30b2f82136c624f1797?s=96&d=mm&r=g","contentUrl":"https:\/\/secure.gravatar.com\/avatar\/52595868054cdd5e076af9664613db489c74a4ed484ee30b2f82136c624f1797?s=96&d=mm&r=g","caption":"Andrea Reidl"},"url":"https:\/\/blog.zeit.de\/fahrrad\/author\/areidl\/"}]}},"jetpack_featured_media_url":"","jetpack_sharing_enabled":true,"_links":{"self":[{"href":"https:\/\/blog.zeit.de\/fahrrad\/wp-json\/wp\/v2\/posts\/5047","targetHints":{"allow":["GET"]}}],"collection":[{"href":"https:\/\/blog.zeit.de\/fahrrad\/wp-json\/wp\/v2\/posts"}],"about":[{"href":"https:\/\/blog.zeit.de\/fahrrad\/wp-json\/wp\/v2\/types\/post"}],"author":[{"embeddable":true,"href":"https:\/\/blog.zeit.de\/fahrrad\/wp-json\/wp\/v2\/users\/385"}],"replies":[{"embeddable":true,"href":"https:\/\/blog.zeit.de\/fahrrad\/wp-json\/wp\/v2\/comments?post=5047"}],"version-history":[{"count":7,"href":"https:\/\/blog.zeit.de\/fahrrad\/wp-json\/wp\/v2\/posts\/5047\/revisions"}],"predecessor-version":[{"id":5060,"href":"https:\/\/blog.zeit.de\/fahrrad\/wp-json\/wp\/v2\/posts\/5047\/revisions\/5060"}],"wp:attachment":[{"href":"https:\/\/blog.zeit.de\/fahrrad\/wp-json\/wp\/v2\/media?parent=5047"}],"wp:term":[{"taxonomy":"category","embeddable":true,"href":"https:\/\/blog.zeit.de\/fahrrad\/wp-json\/wp\/v2\/categories?post=5047"},{"taxonomy":"post_tag","embeddable":true,"href":"https:\/\/blog.zeit.de\/fahrrad\/wp-json\/wp\/v2\/tags?post=5047"}],"curies":[{"name":"wp","href":"https:\/\/api.w.org\/{rel}","templated":true}]}}