{"id":5075,"date":"2014-09-26T18:41:55","date_gmt":"2014-09-26T16:41:55","guid":{"rendered":"http:\/\/blog.zeit.de\/fahrrad\/?p=5075"},"modified":"2014-09-26T19:02:13","modified_gmt":"2014-09-26T17:02:13","slug":"gebrauchtraeder-plattform","status":"publish","type":"post","link":"https:\/\/blog.zeit.de\/fahrrad\/2014\/09\/26\/gebrauchtraeder-plattform\/","title":{"rendered":"Ein Marktplatz f\u00fcr Gebrauchtr\u00e4der"},"content":{"rendered":"<p><figure id=\"attachment_5081\" aria-describedby=\"caption-attachment-5081\" style=\"width: 540px\" class=\"wp-caption aligncenter\"><img loading=\"lazy\" decoding=\"async\" class=\"wp-image-5081 size-medium\" src=\"https:\/\/blog.zeit.de\/fahrrad\/files\/2014\/09\/IMG_5480_2-540x360.jpg\" alt=\"\u00a9 Reidl\" width=\"540\" height=\"360\" srcset=\"https:\/\/blog.zeit.de\/fahrrad\/files\/2014\/09\/IMG_5480_2-540x360.jpg 540w, https:\/\/blog.zeit.de\/fahrrad\/files\/2014\/09\/IMG_5480_2.jpg 639w\" sizes=\"auto, (max-width: 540px) 100vw, 540px\" \/><figcaption id=\"caption-attachment-5081\" class=\"wp-caption-text\">\u00a9 Reidl<\/figcaption><\/figure><\/p>\n<p>Vor vier Jahren habe ich mein Reiserad gekauft. Ein Rundumsorglos-Rad mit Rohloff-Nabe, Shimano-Nabendynamo, Lichtanlage von Busch und M\u00fcller, Kettenschutz, Tubus-Gep\u00e4cktr\u00e4ger und Lowrider und einem Alurahmen von Cust Tec mit Wunschlack. Jetzt habe ich das Rad von <a href=\"http:\/\/www.bikesale.de\/\" target=\"_blank\">bikesale<\/a> zu Testzwecken sch\u00e4tzen lassen. Bikesale ist eine relativ neue Verkaufsplattform f\u00fcr gebrauchte Fahrr\u00e4der. Ihre Macher wollen langfristig so etwas wie die Schwacke-Liste f\u00fcr Fahrr\u00e4der entwickeln.<\/p>\n<p>Im M\u00e4rz ging das Portal online; im August waren laut bikesale-Gesch\u00e4ftsf\u00fchrer Jan-Oliver Hartmann rund 5.800 R\u00e4der registriert. Das Angebot reicht vom Bahnhofsrad im Wert von 50 Euro bis zum Tandem aus Titan f\u00fcr 7.000 Euro. <!--more--><\/p>\n<p>Verkaufsportale wie bikesale gibt es viele. Sie hei\u00dfen unter anderem <a href=\"http:\/\/www.pedalantrieb.de\/\" target=\"_blank\">Pedalantrieb<\/a>, <a href=\"http:\/\/www.dealmywheel.de\/\" target=\"_blank\">Deal my wheel<\/a>, <a href=\"http:\/\/www.speiche24.de\" target=\"_blank\">Speiche24<\/a>, <a href=\"http:\/\/www.bikeexchange.de\/\" target=\"_blank\">BikeExchange<\/a> oder <a href=\"http:\/\/www.e-bike.com\" target=\"_blank\">E-Bike.com<\/a>. Was mir an bikesale gut gef\u00e4llt und bislang ein Alleinstellungsmerkmal ist: die Kaufberatung des neuen Portals und die M\u00f6glichkeit, das Fahrrad, das man verkaufen m\u00f6chte, sch\u00e4tzen zu lassen.<\/p>\n<p>Zurzeit bearbeiten die Mitarbeiter noch jede Anfrage pers\u00f6nlich, und binnen 24 Stunden soll jede Kaufberatung oder Fahrradsch\u00e4tzung abgearbeitet sein. Im Schnitt werden t\u00e4glich acht bis zehn Kaufberatungen erstellt. &#8222;Nach dem Wochenende sind es schnell zwischen 30 und 40&#8220;, sagt bikesale-Sprecher Thomas Bergmann. Dann kann es schon mal zwei Tage dauern. In absehbarer Zeit soll die Beratung aber automatisiert werden. Die Idee ist, eine Liste f\u00fcr Fahrr\u00e4der zu erstellen, mit deren Hilfe man sofort sieht, wie viel ein Marken-Mountainbike, ein Renn- oder Reiserad nach f\u00fcnf, zehn oder zwanzig Jahren noch wert ist. Doch das ist noch Zukunftsmusik.<\/p>\n<p>Meine Kaufanfrage war bewusst unkonkret. Ich gab eine Frage weiter, die mir Gelegenheitsradler immer wieder stellen: &#8222;Ich brauche ein Rad f\u00fcr die Stadt und f\u00fcr kleine Ausfl\u00fcge bis etwa 20 Kilometer. Es soll maximal 500 Euro kosten.&#8220; Nach einem halben Tag bekam ich die Antwort mit 14 m\u00f6glichen R\u00e4dern. Die Bandbreite hat mir gut gefallen. Sie reicht vom Bergamont Vitess bis zum Stevens Randonneur, die ich auch beide im Netz gebraucht f\u00fcr 500 Euro und weniger gefunden habe, unter anderem in Kleinanzeigen und nicht bei bikesale.<\/p>\n<p>Au\u00dferdem lieferten die Berater noch eine kurze Erkl\u00e4rung zu Naben- und Kettenschaltung und erl\u00e4uterten, dass die R\u00e4der f\u00fcr 500 Euro etwa ein bis vier Jahre alt sein sollten und dass man den Verk\u00e4ufer um Original-Rechnungen bitten sollte. F\u00fcr Laien n\u00fctzliche Informationen.<\/p>\n<p><strong>\u00dcberraschend wenig Geld f\u00fcrs Gebrauchte<\/strong><\/p>\n<p>Als ich den Verkaufspreis f\u00fcr mein Reiserad erhielt, war ich im ersten Moment etwas beleidigt. Mein Rad, das vor vier Jahren rund 2.400 Euro gekostet hatte, sollte nur noch 1.100 bis 1.500 Euro wert sein \u2013 je nach Zustand. Daf\u00fcr w\u00fcrde ich es nie hergeben. Aber ideeller und reeller Wert eines Fahrrads klaffen h\u00e4ufig weit auseinander. W\u00e4re ich gezwungen, es zu verkaufen, w\u00fcrde ich es mit 1.800 Euro ansetzen.<\/p>\n<p>Damit liege ich im Trend. Viele Verk\u00e4ufer, die ihr Rad von bikesale sch\u00e4tzen lassen, stellen es f\u00fcr einen h\u00f6heren Preis ein, wie Sprecher Bergmann berichtet. Mit dem Ergebnis, dass sie dann nicht gekauft w\u00fcrden.<\/p>\n<p>Laut Bergmann kann jeder folgenderma\u00dfen den Wert seines Fahrrads pauschal ermitteln: Im ersten Jahr verliere es etwa 30 Prozent an Wert, in jedem weiteren rund 10 Prozent. F\u00fcr die individuelle Sch\u00e4tzung durch bikesale spielen neben dem Alter, den gefahrenen Kilometern und dem allgemeinem Zustand auch Ausstattung und Zubeh\u00f6r eine Rolle. In den Preis flie\u00dfen auch der Zeitpunkt des Verkaufs \u2013 startet die Saison oder endet sie? \u2013 sowie das Image der Marke ein. Weitere entscheidende Faktoren sind Rahmenh\u00f6he und Laufradgr\u00f6\u00dfe.<\/p>\n<p>Bis August wurden rund 1.000 R\u00e4der \u00fcber bikesale verkauft. Das Einstellen ist kostenlos, ab einem Verkaufswert von 60 Euro verlangt die Plattform vom K\u00e4ufer drei Prozent Provision.<\/p>\n<p>Bikesale ist sehr \u00fcbersichtlich und nutzerfreundlich aufgebaut. Wer sich f\u00fcr ein Rad interessiert, findet unter dem Angebot einen Button, um einen Termin f\u00fcr eine Probefahrt zu vereinbaren. Klickt man auf &#8222;kaufen&#8220;, erscheinen gleich die Kosten f\u00fcr Versand und die zus\u00e4tzlichen Infos f\u00fcr den K\u00e4ufer. Man merkt, die Macher der Seite sind Radfahrer und haben selbst schon h\u00e4ufiger im Netz gekauft oder verkauft.<\/p>\n","protected":false},"excerpt":{"rendered":"<p>Vor vier Jahren habe ich mein Reiserad gekauft. Ein Rundumsorglos-Rad mit Rohloff-Nabe, Shimano-Nabendynamo, Lichtanlage von Busch und M\u00fcller, Kettenschutz, Tubus-Gep\u00e4cktr\u00e4ger und Lowrider und einem Alurahmen von Cust Tec mit Wunschlack. Jetzt habe ich das Rad von bikesale zu Testzwecken sch\u00e4tzen lassen. Bikesale ist eine relativ neue Verkaufsplattform f\u00fcr gebrauchte Fahrr\u00e4der. Ihre Macher wollen langfristig so [&hellip;]<\/p>\n","protected":false},"author":385,"featured_media":0,"comment_status":"open","ping_status":"open","sticky":false,"template":"","format":"standard","meta":{"_jetpack_memberships_contains_paid_content":false,"footnotes":""},"categories":[23033],"tags":[32352,32350,82,25015,32351],"class_list":["post-5075","post","type-post","status-publish","format-standard","hentry","category-rader","tag-fahrrad-schaetzen","tag-gebrauchtmarkt","tag-internet","tag-kaufberatung","tag-verkauf"],"yoast_head":"<!-- This site is optimized with the Yoast SEO plugin v21.0 - https:\/\/yoast.com\/wordpress\/plugins\/seo\/ -->\n<title>Ein Marktplatz f\u00fcr Gebrauchtr\u00e4der  - Velophil<\/title>\n<meta name=\"robots\" content=\"index, follow, max-snippet:-1, max-image-preview:large, max-video-preview:-1\" \/>\n<link rel=\"canonical\" href=\"https:\/\/blog.zeit.de\/fahrrad\/2014\/09\/26\/gebrauchtraeder-plattform\/\" \/>\n<meta property=\"og:locale\" content=\"de_DE\" \/>\n<meta property=\"og:type\" content=\"article\" \/>\n<meta property=\"og:title\" content=\"Ein Marktplatz f\u00fcr Gebrauchtr\u00e4der  - Velophil\" \/>\n<meta property=\"og:description\" content=\"Vor vier Jahren habe ich mein Reiserad gekauft. Ein Rundumsorglos-Rad mit Rohloff-Nabe, Shimano-Nabendynamo, Lichtanlage von Busch und M\u00fcller, Kettenschutz, Tubus-Gep\u00e4cktr\u00e4ger und Lowrider und einem Alurahmen von Cust Tec mit Wunschlack. Jetzt habe ich das Rad von bikesale zu Testzwecken sch\u00e4tzen lassen. Bikesale ist eine relativ neue Verkaufsplattform f\u00fcr gebrauchte Fahrr\u00e4der. Ihre Macher wollen langfristig so [&hellip;]\" \/>\n<meta property=\"og:url\" content=\"https:\/\/blog.zeit.de\/fahrrad\/2014\/09\/26\/gebrauchtraeder-plattform\/\" \/>\n<meta property=\"og:site_name\" content=\"Velophil\" \/>\n<meta property=\"article:published_time\" content=\"2014-09-26T16:41:55+00:00\" \/>\n<meta property=\"article:modified_time\" content=\"2014-09-26T17:02:13+00:00\" \/>\n<meta property=\"og:image\" content=\"https:\/\/blog.zeit.de\/fahrrad\/files\/2014\/09\/IMG_5480_2-540x360.jpg\" \/>\n<meta name=\"author\" content=\"Andrea Reidl\" \/>\n<meta name=\"twitter:card\" content=\"summary_large_image\" \/>\n<meta name=\"twitter:creator\" content=\"@zeitonline\" \/>\n<meta name=\"twitter:site\" content=\"@zeitonline\" \/>\n<meta name=\"twitter:label1\" content=\"Geschrieben von\" \/>\n\t<meta name=\"twitter:data1\" content=\"Andrea Reidl\" \/>\n\t<meta name=\"twitter:label2\" content=\"Gesch\u00e4tzte Lesezeit\" \/>\n\t<meta name=\"twitter:data2\" content=\"3\u00a0Minuten\" \/>\n<script type=\"application\/ld+json\" class=\"yoast-schema-graph\">{\"@context\":\"https:\/\/schema.org\",\"@graph\":[{\"@type\":\"WebPage\",\"@id\":\"https:\/\/blog.zeit.de\/fahrrad\/2014\/09\/26\/gebrauchtraeder-plattform\/\",\"url\":\"https:\/\/blog.zeit.de\/fahrrad\/2014\/09\/26\/gebrauchtraeder-plattform\/\",\"name\":\"Ein Marktplatz f\u00fcr Gebrauchtr\u00e4der - Velophil\",\"isPartOf\":{\"@id\":\"https:\/\/blog.zeit.de\/fahrrad\/#website\"},\"datePublished\":\"2014-09-26T16:41:55+00:00\",\"dateModified\":\"2014-09-26T17:02:13+00:00\",\"author\":{\"@id\":\"https:\/\/blog.zeit.de\/fahrrad\/#\/schema\/person\/9fe49d0d69e31b7d1d311f861f764dfc\"},\"breadcrumb\":{\"@id\":\"https:\/\/blog.zeit.de\/fahrrad\/2014\/09\/26\/gebrauchtraeder-plattform\/#breadcrumb\"},\"inLanguage\":\"de\",\"potentialAction\":[{\"@type\":\"ReadAction\",\"target\":[\"https:\/\/blog.zeit.de\/fahrrad\/2014\/09\/26\/gebrauchtraeder-plattform\/\"]}]},{\"@type\":\"BreadcrumbList\",\"@id\":\"https:\/\/blog.zeit.de\/fahrrad\/2014\/09\/26\/gebrauchtraeder-plattform\/#breadcrumb\",\"itemListElement\":[{\"@type\":\"ListItem\",\"position\":1,\"name\":\"Startseite\",\"item\":\"https:\/\/blog.zeit.de\/fahrrad\/\"},{\"@type\":\"ListItem\",\"position\":2,\"name\":\"Ein Marktplatz f\u00fcr Gebrauchtr\u00e4der\"}]},{\"@type\":\"WebSite\",\"@id\":\"https:\/\/blog.zeit.de\/fahrrad\/#website\",\"url\":\"https:\/\/blog.zeit.de\/fahrrad\/\",\"name\":\"Velophil\",\"description\":\"Das Fahrrad-Blog\",\"potentialAction\":[{\"@type\":\"SearchAction\",\"target\":{\"@type\":\"EntryPoint\",\"urlTemplate\":\"https:\/\/blog.zeit.de\/fahrrad\/?s={search_term_string}\"},\"query-input\":\"required name=search_term_string\"}],\"inLanguage\":\"de\"},{\"@type\":\"Person\",\"@id\":\"https:\/\/blog.zeit.de\/fahrrad\/#\/schema\/person\/9fe49d0d69e31b7d1d311f861f764dfc\",\"name\":\"Andrea Reidl\",\"image\":{\"@type\":\"ImageObject\",\"inLanguage\":\"de\",\"@id\":\"https:\/\/blog.zeit.de\/fahrrad\/#\/schema\/person\/image\/\",\"url\":\"https:\/\/secure.gravatar.com\/avatar\/52595868054cdd5e076af9664613db489c74a4ed484ee30b2f82136c624f1797?s=96&d=mm&r=g\",\"contentUrl\":\"https:\/\/secure.gravatar.com\/avatar\/52595868054cdd5e076af9664613db489c74a4ed484ee30b2f82136c624f1797?s=96&d=mm&r=g\",\"caption\":\"Andrea Reidl\"},\"url\":\"https:\/\/blog.zeit.de\/fahrrad\/author\/areidl\/\"}]}<\/script>\n<!-- \/ Yoast SEO plugin. -->","yoast_head_json":{"title":"Ein Marktplatz f\u00fcr Gebrauchtr\u00e4der  - Velophil","robots":{"index":"index","follow":"follow","max-snippet":"max-snippet:-1","max-image-preview":"max-image-preview:large","max-video-preview":"max-video-preview:-1"},"canonical":"https:\/\/blog.zeit.de\/fahrrad\/2014\/09\/26\/gebrauchtraeder-plattform\/","og_locale":"de_DE","og_type":"article","og_title":"Ein Marktplatz f\u00fcr Gebrauchtr\u00e4der  - Velophil","og_description":"Vor vier Jahren habe ich mein Reiserad gekauft. Ein Rundumsorglos-Rad mit Rohloff-Nabe, Shimano-Nabendynamo, Lichtanlage von Busch und M\u00fcller, Kettenschutz, Tubus-Gep\u00e4cktr\u00e4ger und Lowrider und einem Alurahmen von Cust Tec mit Wunschlack. Jetzt habe ich das Rad von bikesale zu Testzwecken sch\u00e4tzen lassen. Bikesale ist eine relativ neue Verkaufsplattform f\u00fcr gebrauchte Fahrr\u00e4der. Ihre Macher wollen langfristig so [&hellip;]","og_url":"https:\/\/blog.zeit.de\/fahrrad\/2014\/09\/26\/gebrauchtraeder-plattform\/","og_site_name":"Velophil","article_published_time":"2014-09-26T16:41:55+00:00","article_modified_time":"2014-09-26T17:02:13+00:00","og_image":[{"url":"https:\/\/blog.zeit.de\/fahrrad\/files\/2014\/09\/IMG_5480_2-540x360.jpg"}],"author":"Andrea Reidl","twitter_card":"summary_large_image","twitter_creator":"@zeitonline","twitter_site":"@zeitonline","twitter_misc":{"Geschrieben von":"Andrea Reidl","Gesch\u00e4tzte Lesezeit":"3\u00a0Minuten"},"schema":{"@context":"https:\/\/schema.org","@graph":[{"@type":"WebPage","@id":"https:\/\/blog.zeit.de\/fahrrad\/2014\/09\/26\/gebrauchtraeder-plattform\/","url":"https:\/\/blog.zeit.de\/fahrrad\/2014\/09\/26\/gebrauchtraeder-plattform\/","name":"Ein Marktplatz f\u00fcr Gebrauchtr\u00e4der - Velophil","isPartOf":{"@id":"https:\/\/blog.zeit.de\/fahrrad\/#website"},"datePublished":"2014-09-26T16:41:55+00:00","dateModified":"2014-09-26T17:02:13+00:00","author":{"@id":"https:\/\/blog.zeit.de\/fahrrad\/#\/schema\/person\/9fe49d0d69e31b7d1d311f861f764dfc"},"breadcrumb":{"@id":"https:\/\/blog.zeit.de\/fahrrad\/2014\/09\/26\/gebrauchtraeder-plattform\/#breadcrumb"},"inLanguage":"de","potentialAction":[{"@type":"ReadAction","target":["https:\/\/blog.zeit.de\/fahrrad\/2014\/09\/26\/gebrauchtraeder-plattform\/"]}]},{"@type":"BreadcrumbList","@id":"https:\/\/blog.zeit.de\/fahrrad\/2014\/09\/26\/gebrauchtraeder-plattform\/#breadcrumb","itemListElement":[{"@type":"ListItem","position":1,"name":"Startseite","item":"https:\/\/blog.zeit.de\/fahrrad\/"},{"@type":"ListItem","position":2,"name":"Ein Marktplatz f\u00fcr Gebrauchtr\u00e4der"}]},{"@type":"WebSite","@id":"https:\/\/blog.zeit.de\/fahrrad\/#website","url":"https:\/\/blog.zeit.de\/fahrrad\/","name":"Velophil","description":"Das Fahrrad-Blog","potentialAction":[{"@type":"SearchAction","target":{"@type":"EntryPoint","urlTemplate":"https:\/\/blog.zeit.de\/fahrrad\/?s={search_term_string}"},"query-input":"required name=search_term_string"}],"inLanguage":"de"},{"@type":"Person","@id":"https:\/\/blog.zeit.de\/fahrrad\/#\/schema\/person\/9fe49d0d69e31b7d1d311f861f764dfc","name":"Andrea Reidl","image":{"@type":"ImageObject","inLanguage":"de","@id":"https:\/\/blog.zeit.de\/fahrrad\/#\/schema\/person\/image\/","url":"https:\/\/secure.gravatar.com\/avatar\/52595868054cdd5e076af9664613db489c74a4ed484ee30b2f82136c624f1797?s=96&d=mm&r=g","contentUrl":"https:\/\/secure.gravatar.com\/avatar\/52595868054cdd5e076af9664613db489c74a4ed484ee30b2f82136c624f1797?s=96&d=mm&r=g","caption":"Andrea Reidl"},"url":"https:\/\/blog.zeit.de\/fahrrad\/author\/areidl\/"}]}},"jetpack_featured_media_url":"","jetpack_sharing_enabled":true,"_links":{"self":[{"href":"https:\/\/blog.zeit.de\/fahrrad\/wp-json\/wp\/v2\/posts\/5075","targetHints":{"allow":["GET"]}}],"collection":[{"href":"https:\/\/blog.zeit.de\/fahrrad\/wp-json\/wp\/v2\/posts"}],"about":[{"href":"https:\/\/blog.zeit.de\/fahrrad\/wp-json\/wp\/v2\/types\/post"}],"author":[{"embeddable":true,"href":"https:\/\/blog.zeit.de\/fahrrad\/wp-json\/wp\/v2\/users\/385"}],"replies":[{"embeddable":true,"href":"https:\/\/blog.zeit.de\/fahrrad\/wp-json\/wp\/v2\/comments?post=5075"}],"version-history":[{"count":10,"href":"https:\/\/blog.zeit.de\/fahrrad\/wp-json\/wp\/v2\/posts\/5075\/revisions"}],"predecessor-version":[{"id":5086,"href":"https:\/\/blog.zeit.de\/fahrrad\/wp-json\/wp\/v2\/posts\/5075\/revisions\/5086"}],"wp:attachment":[{"href":"https:\/\/blog.zeit.de\/fahrrad\/wp-json\/wp\/v2\/media?parent=5075"}],"wp:term":[{"taxonomy":"category","embeddable":true,"href":"https:\/\/blog.zeit.de\/fahrrad\/wp-json\/wp\/v2\/categories?post=5075"},{"taxonomy":"post_tag","embeddable":true,"href":"https:\/\/blog.zeit.de\/fahrrad\/wp-json\/wp\/v2\/tags?post=5075"}],"curies":[{"name":"wp","href":"https:\/\/api.w.org\/{rel}","templated":true}]}}