{"id":5165,"date":"2014-10-17T16:33:50","date_gmt":"2014-10-17T14:33:50","guid":{"rendered":"http:\/\/blog.zeit.de\/fahrrad\/?p=5165"},"modified":"2014-10-17T18:07:48","modified_gmt":"2014-10-17T16:07:48","slug":"staedter-fahren-mehr-bus-bahn-und-fahrrad","status":"publish","type":"post","link":"https:\/\/blog.zeit.de\/fahrrad\/2014\/10\/17\/staedter-fahren-mehr-bus-bahn-und-fahrrad\/","title":{"rendered":"Stadt steigt um: Rad und Bahn im Trend"},"content":{"rendered":"<p>Bundesweit ist das Auto weiterhin die erste Verkehrsmittel-Wahl f\u00fcr die meisten Deutschen. Das Fahrrad gewinnt allerdings an Bedeutung und in den Metropolen nutzen die Menschen h\u00e4ufiger Bus, Bahn und Fahrrad als den Pkw. Diese Ergebnisse stammen aus einer repr\u00e4sentativen Forsa-Umfrage, die im Auftrag von Allianz pro Schiene, dem Fahrradclub ADFC, dem Bundesverband CarSharing und der Verbraucherzentrale Bundesverband erhoben wurde.<!--more--><\/p>\n<p>Wer wie unterwegs ist, bestimmt der Wohnort. In kleinen Gemeinden fahren 91 Prozent der Befragten Auto, in den gro\u00dfen St\u00e4dten sind es zwischen 69 und 78 Prozent. Berlin und Hamburg sind Vorreiter bei dieser Entwicklung. Die Bewohner der beiden Stadtstaaten nutzen der Umfrage zufolge (<a href=\"http:\/\/www.allianz-pro-schiene.de\/presse\/pressemitteilungen\/2014\/028-forsa-mobilitaetsumfrage-in-grossstaedten-bus-und-bahn-vorne\/forsa-mobilitaetsumfrage.pdf\" target=\"_blank\">hier zu finden<\/a>) zu 90 Prozent den \u00f6ffentlichen Personennahverkehr und nur noch zu 60 Prozent das Auto.<\/p>\n<p>In Berlin kommen zudem \u00fcberdurchschnittlich viele der Befragten komplett ohne Pkw aus. Sie sind ausschlie\u00dflich mit dem Fahrrad sowie mit Bus, S- und U-Bahn unterwegs. Das leuchtet ein \u2013 nicht nur, weil in dicht besiedelten R\u00e4umen die Parkplatzsuche zur t\u00e4glichen Qual wird. Je attraktiver der \u00d6PNV ist und je besser vernetzt mit anderen Mobilit\u00e4tskonzepten, desto \u00fcberfl\u00fcssiger wird es, Auto zu fahren.<\/p>\n<p>Wer h\u00e4ufig mit dem Rad unterwegs sei, steige unterwegs auch \u00fcberdurchschnittlich h\u00e4ufig in Bus und Bahn, hei\u00dft es dazu in der Umfrage. Der Umstieg wird von einigen St\u00e4dten und Kommunen unterst\u00fctzt. In Hamburg beispielsweise ist die Fahrradmitnahme in S- und U-Bahn kostenlos. Allerdings nur au\u00dferhalb der Sto\u00dfzeiten. Zu den Hauptverkehrszeiten m\u00fcssen Fahrr\u00e4der drau\u00dfen bleiben. Das schr\u00e4nkt viele Pendler ein.<\/p>\n<p>Hier setzt das Tern Verkehrsprojekt an, das seit 2012 existiert. Die Idee ist, Fahrrad und \u00f6ffentliche Verkehrsmittel zu einer l\u00fcckenlosen Mobilit\u00e4tskette zu kombinieren. Tern ist ein taiwanesischer Fahrradhersteller; sein deutscher Vertriebspartner Hartje bietet in einer Reihe von St\u00e4dten gemeinsam mit den jeweiligen ADFC-Landesverb\u00e4nden und den lokalen Verkehrsverb\u00fcnden ein preisreduziertes Faltrad-Sondermodell zum Kaufen oder Mieten an.<\/p>\n<p>Da Faltr\u00e4der zusammengefaltet als Gep\u00e4ckst\u00fcck gelten, d\u00fcrfen sie jederzeit in Bus und Zug mitfahren. Au\u00dferdem braucht man f\u00fcr sie keine Fahrradkarte l\u00f6sen.<\/p>\n<p><strong>Noch keine &#8222;dritte S\u00e4ule&#8220;<\/strong><\/p>\n<p>Eigentlich kann man das Tern-Projekt nur als ersten Schritt verstehen. Die Kombination von Fahrrad und \u00d6PNV birgt noch viel Potenzial, insbesondere f\u00fcr Pendler. Allerdings m\u00fcssen dazu die St\u00e4dte und Kommunen L\u00f6sungen f\u00fcr die Fahrradmitnahme in den Sto\u00dfzeiten finden.<\/p>\n<p>Im Bundesdurchschnitt liegt das Fahrrad mit 68 Prozent auf Platz drei der h\u00e4ufig genutzten Verkehrsmittel. Der \u00d6PNV schneidet mit 70 Prozent geringf\u00fcgig besser ab. Au\u00dferdem waren die befragten Radfahrer in St\u00e4dten mit 20.000 bis 100.000 Einwohnern h\u00e4ufiger mit dem Rad unterwegs als im Vorjahr. &#8222;Das Fahrrad hat sich hinter dem Auto und dem \u00f6ffentlichen Verkehr als die dritte gro\u00dfe S\u00e4ule der Alltagsmobilit\u00e4t etabliert&#8220;, sagt Burkhard Stork vom ADFC zu den Nutzerzahlen.<\/p>\n<p>Ich bin da etwas skeptisch. Zweifelsohne fahren mehr Menschen Fahrrad. Radfahren wird attraktiver \u2013 sowohl vom Komfort und der technischen Ausstattung der R\u00e4der als auch in einigen Regionen in Bezug auf die Infrastruktur. Aber momentan ist das Fahrrad nach meinem Verst\u00e4ndnis noch weit davon entfernt, als gleichwertiges Verkehrsmittel wahrgenommen zu werden. Weder von Politikern noch von vielen Verkehrsteilnehmern.<\/p>\n<p>Das ist aber Voraussetzung, sofern es als &#8222;dritte S\u00e4ule der Alltagsmobilit\u00e4t&#8220; durchgehen soll. In den Niederlanden oder Kopenhagen stimmt dieses Bild. In Deutschland nicht. Die Bundesrepublik hat Nachholbedarf.<\/p>\n","protected":false},"excerpt":{"rendered":"<p>Bundesweit ist das Auto weiterhin die erste Verkehrsmittel-Wahl f\u00fcr die meisten Deutschen. Das Fahrrad gewinnt allerdings an Bedeutung und in den Metropolen nutzen die Menschen h\u00e4ufiger Bus, Bahn und Fahrrad als den Pkw. Diese Ergebnisse stammen aus einer repr\u00e4sentativen Forsa-Umfrage, die im Auftrag von Allianz pro Schiene, dem Fahrradclub ADFC, dem Bundesverband CarSharing und der [&hellip;]<\/p>\n","protected":false},"author":385,"featured_media":0,"comment_status":"open","ping_status":"open","sticky":false,"template":"","format":"standard","meta":{"_jetpack_memberships_contains_paid_content":false,"footnotes":""},"categories":[319,1910,2044],"tags":[55,20694,33171,33172],"class_list":["post-5165","post","type-post","status-publish","format-standard","hentry","category-forschung","category-stadt","category-umfrage","tag-auto","tag-fahrrad","tag-forsa","tag-mobilitaetsverhalten"],"yoast_head":"<!-- This site is optimized with the Yoast SEO plugin v21.0 - https:\/\/yoast.com\/wordpress\/plugins\/seo\/ -->\n<title>Stadt steigt um: Rad und Bahn im Trend  - Velophil<\/title>\n<meta name=\"robots\" content=\"index, follow, max-snippet:-1, max-image-preview:large, max-video-preview:-1\" \/>\n<link rel=\"canonical\" href=\"https:\/\/blog.zeit.de\/fahrrad\/2014\/10\/17\/staedter-fahren-mehr-bus-bahn-und-fahrrad\/\" \/>\n<meta property=\"og:locale\" content=\"de_DE\" \/>\n<meta property=\"og:type\" content=\"article\" \/>\n<meta property=\"og:title\" content=\"Stadt steigt um: Rad und Bahn im Trend  - Velophil\" \/>\n<meta property=\"og:description\" content=\"Bundesweit ist das Auto weiterhin die erste Verkehrsmittel-Wahl f\u00fcr die meisten Deutschen. Das Fahrrad gewinnt allerdings an Bedeutung und in den Metropolen nutzen die Menschen h\u00e4ufiger Bus, Bahn und Fahrrad als den Pkw. Diese Ergebnisse stammen aus einer repr\u00e4sentativen Forsa-Umfrage, die im Auftrag von Allianz pro Schiene, dem Fahrradclub ADFC, dem Bundesverband CarSharing und der [&hellip;]\" \/>\n<meta property=\"og:url\" content=\"https:\/\/blog.zeit.de\/fahrrad\/2014\/10\/17\/staedter-fahren-mehr-bus-bahn-und-fahrrad\/\" \/>\n<meta property=\"og:site_name\" content=\"Velophil\" \/>\n<meta property=\"article:published_time\" content=\"2014-10-17T14:33:50+00:00\" \/>\n<meta property=\"article:modified_time\" content=\"2014-10-17T16:07:48+00:00\" \/>\n<meta name=\"author\" content=\"Andrea Reidl\" \/>\n<meta name=\"twitter:card\" content=\"summary_large_image\" \/>\n<meta name=\"twitter:creator\" content=\"@zeitonline\" \/>\n<meta name=\"twitter:site\" content=\"@zeitonline\" \/>\n<meta name=\"twitter:label1\" content=\"Geschrieben von\" \/>\n\t<meta name=\"twitter:data1\" content=\"Andrea Reidl\" \/>\n\t<meta name=\"twitter:label2\" content=\"Gesch\u00e4tzte Lesezeit\" \/>\n\t<meta name=\"twitter:data2\" content=\"3\u00a0Minuten\" \/>\n<script type=\"application\/ld+json\" class=\"yoast-schema-graph\">{\"@context\":\"https:\/\/schema.org\",\"@graph\":[{\"@type\":\"WebPage\",\"@id\":\"https:\/\/blog.zeit.de\/fahrrad\/2014\/10\/17\/staedter-fahren-mehr-bus-bahn-und-fahrrad\/\",\"url\":\"https:\/\/blog.zeit.de\/fahrrad\/2014\/10\/17\/staedter-fahren-mehr-bus-bahn-und-fahrrad\/\",\"name\":\"Stadt steigt um: Rad und Bahn im Trend - Velophil\",\"isPartOf\":{\"@id\":\"https:\/\/blog.zeit.de\/fahrrad\/#website\"},\"datePublished\":\"2014-10-17T14:33:50+00:00\",\"dateModified\":\"2014-10-17T16:07:48+00:00\",\"author\":{\"@id\":\"https:\/\/blog.zeit.de\/fahrrad\/#\/schema\/person\/9fe49d0d69e31b7d1d311f861f764dfc\"},\"breadcrumb\":{\"@id\":\"https:\/\/blog.zeit.de\/fahrrad\/2014\/10\/17\/staedter-fahren-mehr-bus-bahn-und-fahrrad\/#breadcrumb\"},\"inLanguage\":\"de\",\"potentialAction\":[{\"@type\":\"ReadAction\",\"target\":[\"https:\/\/blog.zeit.de\/fahrrad\/2014\/10\/17\/staedter-fahren-mehr-bus-bahn-und-fahrrad\/\"]}]},{\"@type\":\"BreadcrumbList\",\"@id\":\"https:\/\/blog.zeit.de\/fahrrad\/2014\/10\/17\/staedter-fahren-mehr-bus-bahn-und-fahrrad\/#breadcrumb\",\"itemListElement\":[{\"@type\":\"ListItem\",\"position\":1,\"name\":\"Startseite\",\"item\":\"https:\/\/blog.zeit.de\/fahrrad\/\"},{\"@type\":\"ListItem\",\"position\":2,\"name\":\"Stadt steigt um: Rad und Bahn im Trend\"}]},{\"@type\":\"WebSite\",\"@id\":\"https:\/\/blog.zeit.de\/fahrrad\/#website\",\"url\":\"https:\/\/blog.zeit.de\/fahrrad\/\",\"name\":\"Velophil\",\"description\":\"Das Fahrrad-Blog\",\"potentialAction\":[{\"@type\":\"SearchAction\",\"target\":{\"@type\":\"EntryPoint\",\"urlTemplate\":\"https:\/\/blog.zeit.de\/fahrrad\/?s={search_term_string}\"},\"query-input\":\"required name=search_term_string\"}],\"inLanguage\":\"de\"},{\"@type\":\"Person\",\"@id\":\"https:\/\/blog.zeit.de\/fahrrad\/#\/schema\/person\/9fe49d0d69e31b7d1d311f861f764dfc\",\"name\":\"Andrea Reidl\",\"image\":{\"@type\":\"ImageObject\",\"inLanguage\":\"de\",\"@id\":\"https:\/\/blog.zeit.de\/fahrrad\/#\/schema\/person\/image\/\",\"url\":\"https:\/\/secure.gravatar.com\/avatar\/52595868054cdd5e076af9664613db489c74a4ed484ee30b2f82136c624f1797?s=96&d=mm&r=g\",\"contentUrl\":\"https:\/\/secure.gravatar.com\/avatar\/52595868054cdd5e076af9664613db489c74a4ed484ee30b2f82136c624f1797?s=96&d=mm&r=g\",\"caption\":\"Andrea Reidl\"},\"url\":\"https:\/\/blog.zeit.de\/fahrrad\/author\/areidl\/\"}]}<\/script>\n<!-- \/ Yoast SEO plugin. -->","yoast_head_json":{"title":"Stadt steigt um: Rad und Bahn im Trend  - Velophil","robots":{"index":"index","follow":"follow","max-snippet":"max-snippet:-1","max-image-preview":"max-image-preview:large","max-video-preview":"max-video-preview:-1"},"canonical":"https:\/\/blog.zeit.de\/fahrrad\/2014\/10\/17\/staedter-fahren-mehr-bus-bahn-und-fahrrad\/","og_locale":"de_DE","og_type":"article","og_title":"Stadt steigt um: Rad und Bahn im Trend  - Velophil","og_description":"Bundesweit ist das Auto weiterhin die erste Verkehrsmittel-Wahl f\u00fcr die meisten Deutschen. Das Fahrrad gewinnt allerdings an Bedeutung und in den Metropolen nutzen die Menschen h\u00e4ufiger Bus, Bahn und Fahrrad als den Pkw. Diese Ergebnisse stammen aus einer repr\u00e4sentativen Forsa-Umfrage, die im Auftrag von Allianz pro Schiene, dem Fahrradclub ADFC, dem Bundesverband CarSharing und der [&hellip;]","og_url":"https:\/\/blog.zeit.de\/fahrrad\/2014\/10\/17\/staedter-fahren-mehr-bus-bahn-und-fahrrad\/","og_site_name":"Velophil","article_published_time":"2014-10-17T14:33:50+00:00","article_modified_time":"2014-10-17T16:07:48+00:00","author":"Andrea Reidl","twitter_card":"summary_large_image","twitter_creator":"@zeitonline","twitter_site":"@zeitonline","twitter_misc":{"Geschrieben von":"Andrea Reidl","Gesch\u00e4tzte Lesezeit":"3\u00a0Minuten"},"schema":{"@context":"https:\/\/schema.org","@graph":[{"@type":"WebPage","@id":"https:\/\/blog.zeit.de\/fahrrad\/2014\/10\/17\/staedter-fahren-mehr-bus-bahn-und-fahrrad\/","url":"https:\/\/blog.zeit.de\/fahrrad\/2014\/10\/17\/staedter-fahren-mehr-bus-bahn-und-fahrrad\/","name":"Stadt steigt um: Rad und Bahn im Trend - Velophil","isPartOf":{"@id":"https:\/\/blog.zeit.de\/fahrrad\/#website"},"datePublished":"2014-10-17T14:33:50+00:00","dateModified":"2014-10-17T16:07:48+00:00","author":{"@id":"https:\/\/blog.zeit.de\/fahrrad\/#\/schema\/person\/9fe49d0d69e31b7d1d311f861f764dfc"},"breadcrumb":{"@id":"https:\/\/blog.zeit.de\/fahrrad\/2014\/10\/17\/staedter-fahren-mehr-bus-bahn-und-fahrrad\/#breadcrumb"},"inLanguage":"de","potentialAction":[{"@type":"ReadAction","target":["https:\/\/blog.zeit.de\/fahrrad\/2014\/10\/17\/staedter-fahren-mehr-bus-bahn-und-fahrrad\/"]}]},{"@type":"BreadcrumbList","@id":"https:\/\/blog.zeit.de\/fahrrad\/2014\/10\/17\/staedter-fahren-mehr-bus-bahn-und-fahrrad\/#breadcrumb","itemListElement":[{"@type":"ListItem","position":1,"name":"Startseite","item":"https:\/\/blog.zeit.de\/fahrrad\/"},{"@type":"ListItem","position":2,"name":"Stadt steigt um: Rad und Bahn im Trend"}]},{"@type":"WebSite","@id":"https:\/\/blog.zeit.de\/fahrrad\/#website","url":"https:\/\/blog.zeit.de\/fahrrad\/","name":"Velophil","description":"Das Fahrrad-Blog","potentialAction":[{"@type":"SearchAction","target":{"@type":"EntryPoint","urlTemplate":"https:\/\/blog.zeit.de\/fahrrad\/?s={search_term_string}"},"query-input":"required name=search_term_string"}],"inLanguage":"de"},{"@type":"Person","@id":"https:\/\/blog.zeit.de\/fahrrad\/#\/schema\/person\/9fe49d0d69e31b7d1d311f861f764dfc","name":"Andrea Reidl","image":{"@type":"ImageObject","inLanguage":"de","@id":"https:\/\/blog.zeit.de\/fahrrad\/#\/schema\/person\/image\/","url":"https:\/\/secure.gravatar.com\/avatar\/52595868054cdd5e076af9664613db489c74a4ed484ee30b2f82136c624f1797?s=96&d=mm&r=g","contentUrl":"https:\/\/secure.gravatar.com\/avatar\/52595868054cdd5e076af9664613db489c74a4ed484ee30b2f82136c624f1797?s=96&d=mm&r=g","caption":"Andrea Reidl"},"url":"https:\/\/blog.zeit.de\/fahrrad\/author\/areidl\/"}]}},"jetpack_featured_media_url":"","jetpack_sharing_enabled":true,"_links":{"self":[{"href":"https:\/\/blog.zeit.de\/fahrrad\/wp-json\/wp\/v2\/posts\/5165","targetHints":{"allow":["GET"]}}],"collection":[{"href":"https:\/\/blog.zeit.de\/fahrrad\/wp-json\/wp\/v2\/posts"}],"about":[{"href":"https:\/\/blog.zeit.de\/fahrrad\/wp-json\/wp\/v2\/types\/post"}],"author":[{"embeddable":true,"href":"https:\/\/blog.zeit.de\/fahrrad\/wp-json\/wp\/v2\/users\/385"}],"replies":[{"embeddable":true,"href":"https:\/\/blog.zeit.de\/fahrrad\/wp-json\/wp\/v2\/comments?post=5165"}],"version-history":[{"count":10,"href":"https:\/\/blog.zeit.de\/fahrrad\/wp-json\/wp\/v2\/posts\/5165\/revisions"}],"predecessor-version":[{"id":5175,"href":"https:\/\/blog.zeit.de\/fahrrad\/wp-json\/wp\/v2\/posts\/5165\/revisions\/5175"}],"wp:attachment":[{"href":"https:\/\/blog.zeit.de\/fahrrad\/wp-json\/wp\/v2\/media?parent=5165"}],"wp:term":[{"taxonomy":"category","embeddable":true,"href":"https:\/\/blog.zeit.de\/fahrrad\/wp-json\/wp\/v2\/categories?post=5165"},{"taxonomy":"post_tag","embeddable":true,"href":"https:\/\/blog.zeit.de\/fahrrad\/wp-json\/wp\/v2\/tags?post=5165"}],"curies":[{"name":"wp","href":"https:\/\/api.w.org\/{rel}","templated":true}]}}