{"id":5218,"date":"2014-10-27T12:56:36","date_gmt":"2014-10-27T11:56:36","guid":{"rendered":"http:\/\/blog.zeit.de\/fahrrad\/?p=5218"},"modified":"2014-10-27T12:56:36","modified_gmt":"2014-10-27T11:56:36","slug":"raeder-aus-esche-und-bambus","status":"publish","type":"post","link":"https:\/\/blog.zeit.de\/fahrrad\/2014\/10\/27\/raeder-aus-esche-und-bambus\/","title":{"rendered":"R\u00e4der aus Esche und Bambus"},"content":{"rendered":"<p><figure id=\"attachment_5216\" aria-describedby=\"caption-attachment-5216\" style=\"width: 540px\" class=\"wp-caption aligncenter\"><img loading=\"lazy\" decoding=\"async\" class=\"wp-image-5216 size-medium\" src=\"https:\/\/blog.zeit.de\/fahrrad\/files\/2014\/10\/DSC_9970-540x360.jpg\" alt=\"Wood-E-Bike \u00a9 www.aceteam.de\" width=\"540\" height=\"360\" srcset=\"https:\/\/blog.zeit.de\/fahrrad\/files\/2014\/10\/DSC_9970-540x360.jpg 540w, https:\/\/blog.zeit.de\/fahrrad\/files\/2014\/10\/DSC_9970.jpg 639w\" sizes=\"auto, (max-width: 540px) 100vw, 540px\" \/><figcaption id=\"caption-attachment-5216\" class=\"wp-caption-text\">Wood-E-Bike \u00a9 www.aceteam.de<\/figcaption><\/figure><\/p>\n<p>Fahrr\u00e4der aus nachwachsenden Rohstoffen sorgen immer wieder f\u00fcr Aufsehen: Ein Rahmen aus Bambus, Esche oder Sperrholz ist sofort ein Hingucker. Jetzt hat eine Arbeitsgruppe des Fachbereiches Holztechnik an der <a href=\"http:\/\/www.hnee.de\/e-bike\" target=\"_blank\">Hochschule f\u00fcr nachhaltige Entwicklung<\/a> (HNE) im brandenburgischen Eberswalde mit der Berliner Firma System 180 GmbH ein Elektrorad aus regionalem Eschenholz entwickelt; es soll in Serie gehen.<!--more--><\/p>\n<p>F\u00fcr das Design hat die Arbeitsgruppe bereits mehrere Preise gewonnen. Der Rahmen erinnert an das puristische Singlespeed von Marcus Wallmeyer, der seinen <a href=\"http:\/\/www.waldmeister-bikes.de\/de\/\" target=\"_blank\"><em>Waldmeister<\/em><\/a> 2007 gebaut hat und seitdem einige handgefertigte Exemplare verkauft hat. F\u00fcr rund 10.000 Euro pro St\u00fcck.<\/p>\n<p><figure id=\"attachment_5220\" aria-describedby=\"caption-attachment-5220\" style=\"width: 391px\" class=\"wp-caption aligncenter\"><img loading=\"lazy\" decoding=\"async\" class=\"size-full wp-image-5220\" src=\"https:\/\/blog.zeit.de\/fahrrad\/files\/2014\/10\/20090312bike02.jpg\" alt=\"Waldmeister \u00a9 Rokosch\" width=\"391\" height=\"287\" \/><figcaption id=\"caption-attachment-5220\" class=\"wp-caption-text\">Waldmeister \u00a9 Rokosch<\/figcaption><\/figure><\/p>\n<p>Dagegen wollen die Arbeitsgruppe um Professor Alexander Pfriem und die Berliner Firma das <em>Wood-E-bike<\/em> in Serie produzieren und im Fr\u00fchjahr 2015 auf den Markt bringen. Ihr Ziel war es, mit dem Modell den Carbon-Foot-Print eines Fahrrads zu reduzieren. Wo immer es ging, wollten sie Metall durch Holz ersetzt.<\/p>\n<p>Jetzt bestehen der Rahmen und die auswechselbare Gabel aus Eschenlamellen. Sie wurden zuerst in Form verklebt und die Einzelteile anschlie\u00dfend per CNC-Maschine bearbeitet. Batterie, Steuerung und die gesamte Verkabelung sind im Rahmen integriert. Auf den ersten Blick ist das Rad nicht als Elektrofahrrad zu erkennen. Zwischen 3.000 und 4.500 Euro soll es kosten \u2013 je nach Ausstattung.<\/p>\n<p>Die HNE und die Berliner Firma sind nicht die ersten, die Holzr\u00e4der mit Motor ausstatten. <a href=\"http:\/\/boobicycles.com\/\" target=\"_blank\">Boo Cycles<\/a> baut auf Kundenwunsch ebenfalls Bambus-R\u00e4der mit Motor, und das d\u00e4nische Unternehmen <a href=\"http:\/\/e-wheels.dk\/Ewheels\/Beast_en.html\" target=\"_blank\">E-Wheels<\/a> hat bereits im vergangenem Jahr ein Mountainbike aus Bambus mit dem Namen <em>The Beast<\/em> auf dem Markt gebracht. Das <em>Biest<\/em> gibt es auf Wunsch mit oder ohne Motor.<\/p>\n<p><figure id=\"attachment_5204\" aria-describedby=\"caption-attachment-5204\" style=\"width: 540px\" class=\"wp-caption aligncenter\"><img loading=\"lazy\" decoding=\"async\" class=\"wp-image-5204 size-medium\" src=\"https:\/\/blog.zeit.de\/fahrrad\/files\/2014\/10\/DSC05207-540x360.jpg\" alt=\"The Beast \u00a9 e-wheels.dk\" width=\"540\" height=\"360\" srcset=\"https:\/\/blog.zeit.de\/fahrrad\/files\/2014\/10\/DSC05207-540x360.jpg 540w, https:\/\/blog.zeit.de\/fahrrad\/files\/2014\/10\/DSC05207.jpg 639w\" sizes=\"auto, (max-width: 540px) 100vw, 540px\" \/><figcaption id=\"caption-attachment-5204\" class=\"wp-caption-text\">The Beast \u00a9 e-wheels.dk<\/figcaption><\/figure><\/p>\n<p>Ein Fahrrad aus Holz ist etwas f\u00fcr Liebhaber, ein Produkt f\u00fcr die Nische. Ob sie f\u00fcr die Serie taugen, bezweifle ich.<\/p>\n","protected":false},"excerpt":{"rendered":"<p>Fahrr\u00e4der aus nachwachsenden Rohstoffen sorgen immer wieder f\u00fcr Aufsehen: Ein Rahmen aus Bambus, Esche oder Sperrholz ist sofort ein Hingucker. Jetzt hat eine Arbeitsgruppe des Fachbereiches Holztechnik an der Hochschule f\u00fcr nachhaltige Entwicklung (HNE) im brandenburgischen Eberswalde mit der Berliner Firma System 180 GmbH ein Elektrorad aus regionalem Eschenholz entwickelt; es soll in Serie gehen.<\/p>\n","protected":false},"author":385,"featured_media":0,"comment_status":"open","ping_status":"open","sticky":false,"template":"","format":"standard","meta":{"_jetpack_memberships_contains_paid_content":false,"footnotes":""},"categories":[319,86,1432],"tags":[2576,24891],"class_list":["post-5218","post","type-post","status-publish","format-standard","hentry","category-forschung","category-kultur","category-nachhaltigkeit","tag-holz","tag-pedelec"],"yoast_head":"<!-- This site is optimized with the Yoast SEO plugin v21.0 - https:\/\/yoast.com\/wordpress\/plugins\/seo\/ -->\n<title>R\u00e4der aus Esche und Bambus - Velophil<\/title>\n<meta name=\"robots\" content=\"index, follow, max-snippet:-1, max-image-preview:large, max-video-preview:-1\" \/>\n<link rel=\"canonical\" href=\"https:\/\/blog.zeit.de\/fahrrad\/2014\/10\/27\/raeder-aus-esche-und-bambus\/\" \/>\n<meta property=\"og:locale\" content=\"de_DE\" \/>\n<meta property=\"og:type\" content=\"article\" \/>\n<meta property=\"og:title\" content=\"R\u00e4der aus Esche und Bambus - Velophil\" \/>\n<meta property=\"og:description\" content=\"Fahrr\u00e4der aus nachwachsenden Rohstoffen sorgen immer wieder f\u00fcr Aufsehen: Ein Rahmen aus Bambus, Esche oder Sperrholz ist sofort ein Hingucker. Jetzt hat eine Arbeitsgruppe des Fachbereiches Holztechnik an der Hochschule f\u00fcr nachhaltige Entwicklung (HNE) im brandenburgischen Eberswalde mit der Berliner Firma System 180 GmbH ein Elektrorad aus regionalem Eschenholz entwickelt; es soll in Serie gehen.\" \/>\n<meta property=\"og:url\" content=\"https:\/\/blog.zeit.de\/fahrrad\/2014\/10\/27\/raeder-aus-esche-und-bambus\/\" \/>\n<meta property=\"og:site_name\" content=\"Velophil\" \/>\n<meta property=\"article:published_time\" content=\"2014-10-27T11:56:36+00:00\" \/>\n<meta property=\"og:image\" content=\"https:\/\/blog.zeit.de\/fahrrad\/files\/2014\/10\/DSC_9970-540x360.jpg\" \/>\n<meta name=\"author\" content=\"Andrea Reidl\" \/>\n<meta name=\"twitter:card\" content=\"summary_large_image\" \/>\n<meta name=\"twitter:creator\" content=\"@zeitonline\" \/>\n<meta name=\"twitter:site\" content=\"@zeitonline\" \/>\n<meta name=\"twitter:label1\" content=\"Geschrieben von\" \/>\n\t<meta name=\"twitter:data1\" content=\"Andrea Reidl\" \/>\n\t<meta name=\"twitter:label2\" content=\"Gesch\u00e4tzte Lesezeit\" \/>\n\t<meta name=\"twitter:data2\" content=\"2\u00a0Minuten\" \/>\n<script type=\"application\/ld+json\" class=\"yoast-schema-graph\">{\"@context\":\"https:\/\/schema.org\",\"@graph\":[{\"@type\":\"WebPage\",\"@id\":\"https:\/\/blog.zeit.de\/fahrrad\/2014\/10\/27\/raeder-aus-esche-und-bambus\/\",\"url\":\"https:\/\/blog.zeit.de\/fahrrad\/2014\/10\/27\/raeder-aus-esche-und-bambus\/\",\"name\":\"R\u00e4der aus Esche und Bambus - Velophil\",\"isPartOf\":{\"@id\":\"https:\/\/blog.zeit.de\/fahrrad\/#website\"},\"datePublished\":\"2014-10-27T11:56:36+00:00\",\"dateModified\":\"2014-10-27T11:56:36+00:00\",\"author\":{\"@id\":\"https:\/\/blog.zeit.de\/fahrrad\/#\/schema\/person\/9fe49d0d69e31b7d1d311f861f764dfc\"},\"breadcrumb\":{\"@id\":\"https:\/\/blog.zeit.de\/fahrrad\/2014\/10\/27\/raeder-aus-esche-und-bambus\/#breadcrumb\"},\"inLanguage\":\"de\",\"potentialAction\":[{\"@type\":\"ReadAction\",\"target\":[\"https:\/\/blog.zeit.de\/fahrrad\/2014\/10\/27\/raeder-aus-esche-und-bambus\/\"]}]},{\"@type\":\"BreadcrumbList\",\"@id\":\"https:\/\/blog.zeit.de\/fahrrad\/2014\/10\/27\/raeder-aus-esche-und-bambus\/#breadcrumb\",\"itemListElement\":[{\"@type\":\"ListItem\",\"position\":1,\"name\":\"Startseite\",\"item\":\"https:\/\/blog.zeit.de\/fahrrad\/\"},{\"@type\":\"ListItem\",\"position\":2,\"name\":\"R\u00e4der aus Esche und Bambus\"}]},{\"@type\":\"WebSite\",\"@id\":\"https:\/\/blog.zeit.de\/fahrrad\/#website\",\"url\":\"https:\/\/blog.zeit.de\/fahrrad\/\",\"name\":\"Velophil\",\"description\":\"Das Fahrrad-Blog\",\"potentialAction\":[{\"@type\":\"SearchAction\",\"target\":{\"@type\":\"EntryPoint\",\"urlTemplate\":\"https:\/\/blog.zeit.de\/fahrrad\/?s={search_term_string}\"},\"query-input\":\"required name=search_term_string\"}],\"inLanguage\":\"de\"},{\"@type\":\"Person\",\"@id\":\"https:\/\/blog.zeit.de\/fahrrad\/#\/schema\/person\/9fe49d0d69e31b7d1d311f861f764dfc\",\"name\":\"Andrea Reidl\",\"image\":{\"@type\":\"ImageObject\",\"inLanguage\":\"de\",\"@id\":\"https:\/\/blog.zeit.de\/fahrrad\/#\/schema\/person\/image\/\",\"url\":\"https:\/\/secure.gravatar.com\/avatar\/52595868054cdd5e076af9664613db489c74a4ed484ee30b2f82136c624f1797?s=96&d=mm&r=g\",\"contentUrl\":\"https:\/\/secure.gravatar.com\/avatar\/52595868054cdd5e076af9664613db489c74a4ed484ee30b2f82136c624f1797?s=96&d=mm&r=g\",\"caption\":\"Andrea Reidl\"},\"url\":\"https:\/\/blog.zeit.de\/fahrrad\/author\/areidl\/\"}]}<\/script>\n<!-- \/ Yoast SEO plugin. -->","yoast_head_json":{"title":"R\u00e4der aus Esche und Bambus - Velophil","robots":{"index":"index","follow":"follow","max-snippet":"max-snippet:-1","max-image-preview":"max-image-preview:large","max-video-preview":"max-video-preview:-1"},"canonical":"https:\/\/blog.zeit.de\/fahrrad\/2014\/10\/27\/raeder-aus-esche-und-bambus\/","og_locale":"de_DE","og_type":"article","og_title":"R\u00e4der aus Esche und Bambus - Velophil","og_description":"Fahrr\u00e4der aus nachwachsenden Rohstoffen sorgen immer wieder f\u00fcr Aufsehen: Ein Rahmen aus Bambus, Esche oder Sperrholz ist sofort ein Hingucker. Jetzt hat eine Arbeitsgruppe des Fachbereiches Holztechnik an der Hochschule f\u00fcr nachhaltige Entwicklung (HNE) im brandenburgischen Eberswalde mit der Berliner Firma System 180 GmbH ein Elektrorad aus regionalem Eschenholz entwickelt; es soll in Serie gehen.","og_url":"https:\/\/blog.zeit.de\/fahrrad\/2014\/10\/27\/raeder-aus-esche-und-bambus\/","og_site_name":"Velophil","article_published_time":"2014-10-27T11:56:36+00:00","og_image":[{"url":"https:\/\/blog.zeit.de\/fahrrad\/files\/2014\/10\/DSC_9970-540x360.jpg"}],"author":"Andrea Reidl","twitter_card":"summary_large_image","twitter_creator":"@zeitonline","twitter_site":"@zeitonline","twitter_misc":{"Geschrieben von":"Andrea Reidl","Gesch\u00e4tzte Lesezeit":"2\u00a0Minuten"},"schema":{"@context":"https:\/\/schema.org","@graph":[{"@type":"WebPage","@id":"https:\/\/blog.zeit.de\/fahrrad\/2014\/10\/27\/raeder-aus-esche-und-bambus\/","url":"https:\/\/blog.zeit.de\/fahrrad\/2014\/10\/27\/raeder-aus-esche-und-bambus\/","name":"R\u00e4der aus Esche und Bambus - Velophil","isPartOf":{"@id":"https:\/\/blog.zeit.de\/fahrrad\/#website"},"datePublished":"2014-10-27T11:56:36+00:00","dateModified":"2014-10-27T11:56:36+00:00","author":{"@id":"https:\/\/blog.zeit.de\/fahrrad\/#\/schema\/person\/9fe49d0d69e31b7d1d311f861f764dfc"},"breadcrumb":{"@id":"https:\/\/blog.zeit.de\/fahrrad\/2014\/10\/27\/raeder-aus-esche-und-bambus\/#breadcrumb"},"inLanguage":"de","potentialAction":[{"@type":"ReadAction","target":["https:\/\/blog.zeit.de\/fahrrad\/2014\/10\/27\/raeder-aus-esche-und-bambus\/"]}]},{"@type":"BreadcrumbList","@id":"https:\/\/blog.zeit.de\/fahrrad\/2014\/10\/27\/raeder-aus-esche-und-bambus\/#breadcrumb","itemListElement":[{"@type":"ListItem","position":1,"name":"Startseite","item":"https:\/\/blog.zeit.de\/fahrrad\/"},{"@type":"ListItem","position":2,"name":"R\u00e4der aus Esche und Bambus"}]},{"@type":"WebSite","@id":"https:\/\/blog.zeit.de\/fahrrad\/#website","url":"https:\/\/blog.zeit.de\/fahrrad\/","name":"Velophil","description":"Das Fahrrad-Blog","potentialAction":[{"@type":"SearchAction","target":{"@type":"EntryPoint","urlTemplate":"https:\/\/blog.zeit.de\/fahrrad\/?s={search_term_string}"},"query-input":"required name=search_term_string"}],"inLanguage":"de"},{"@type":"Person","@id":"https:\/\/blog.zeit.de\/fahrrad\/#\/schema\/person\/9fe49d0d69e31b7d1d311f861f764dfc","name":"Andrea Reidl","image":{"@type":"ImageObject","inLanguage":"de","@id":"https:\/\/blog.zeit.de\/fahrrad\/#\/schema\/person\/image\/","url":"https:\/\/secure.gravatar.com\/avatar\/52595868054cdd5e076af9664613db489c74a4ed484ee30b2f82136c624f1797?s=96&d=mm&r=g","contentUrl":"https:\/\/secure.gravatar.com\/avatar\/52595868054cdd5e076af9664613db489c74a4ed484ee30b2f82136c624f1797?s=96&d=mm&r=g","caption":"Andrea Reidl"},"url":"https:\/\/blog.zeit.de\/fahrrad\/author\/areidl\/"}]}},"jetpack_featured_media_url":"","jetpack_sharing_enabled":true,"_links":{"self":[{"href":"https:\/\/blog.zeit.de\/fahrrad\/wp-json\/wp\/v2\/posts\/5218","targetHints":{"allow":["GET"]}}],"collection":[{"href":"https:\/\/blog.zeit.de\/fahrrad\/wp-json\/wp\/v2\/posts"}],"about":[{"href":"https:\/\/blog.zeit.de\/fahrrad\/wp-json\/wp\/v2\/types\/post"}],"author":[{"embeddable":true,"href":"https:\/\/blog.zeit.de\/fahrrad\/wp-json\/wp\/v2\/users\/385"}],"replies":[{"embeddable":true,"href":"https:\/\/blog.zeit.de\/fahrrad\/wp-json\/wp\/v2\/comments?post=5218"}],"version-history":[{"count":7,"href":"https:\/\/blog.zeit.de\/fahrrad\/wp-json\/wp\/v2\/posts\/5218\/revisions"}],"predecessor-version":[{"id":5227,"href":"https:\/\/blog.zeit.de\/fahrrad\/wp-json\/wp\/v2\/posts\/5218\/revisions\/5227"}],"wp:attachment":[{"href":"https:\/\/blog.zeit.de\/fahrrad\/wp-json\/wp\/v2\/media?parent=5218"}],"wp:term":[{"taxonomy":"category","embeddable":true,"href":"https:\/\/blog.zeit.de\/fahrrad\/wp-json\/wp\/v2\/categories?post=5218"},{"taxonomy":"post_tag","embeddable":true,"href":"https:\/\/blog.zeit.de\/fahrrad\/wp-json\/wp\/v2\/tags?post=5218"}],"curies":[{"name":"wp","href":"https:\/\/api.w.org\/{rel}","templated":true}]}}