{"id":5228,"date":"2014-10-29T09:38:38","date_gmt":"2014-10-29T08:38:38","guid":{"rendered":"http:\/\/blog.zeit.de\/fahrrad\/?p=5228"},"modified":"2014-10-29T09:38:41","modified_gmt":"2014-10-29T08:38:41","slug":"fahrraeder-von-fremden-mieten","status":"publish","type":"post","link":"https:\/\/blog.zeit.de\/fahrrad\/2014\/10\/29\/fahrraeder-von-fremden-mieten\/","title":{"rendered":"Fahrr\u00e4der von Fremden mieten"},"content":{"rendered":"<p><figure id=\"attachment_5232\" aria-describedby=\"caption-attachment-5232\" style=\"width: 540px\" class=\"wp-caption aligncenter\"><img loading=\"lazy\" decoding=\"async\" class=\"wp-image-5232 size-medium\" src=\"https:\/\/blog.zeit.de\/fahrrad\/files\/2014\/10\/Fahrraduebergabe-upperbike-Damen-64741-540x360.jpg\" alt=\"\u00a9 Upperbike\" width=\"540\" height=\"360\" srcset=\"https:\/\/blog.zeit.de\/fahrrad\/files\/2014\/10\/Fahrraduebergabe-upperbike-Damen-64741-540x360.jpg 540w, https:\/\/blog.zeit.de\/fahrrad\/files\/2014\/10\/Fahrraduebergabe-upperbike-Damen-64741.jpg 639w\" sizes=\"auto, (max-width: 540px) 100vw, 540px\" \/><figcaption id=\"caption-attachment-5232\" class=\"wp-caption-text\">\u00a9 Upperbike<\/figcaption><\/figure><\/p>\n<p>In jeder Stadt das Rad fahren, das ich gerade brauche oder das mir gerade am besten gef\u00e4llt: Diese Idee will Felix M\u00f6ller mit seinem Online-Marktplatz <a href=\"https:\/\/www.upperbike.com\/de.html\" target=\"_blank\">Upperbike<\/a> langfristig umsetzen. \u00dcber die Plattform bietet er Fahrr\u00e4der von privaten und gewerblichen Anbietern an. Noch steckt Upperbike in den Kinderschuhen. Rund 50 R\u00e4der sind dort zurzeit im Angebot, die meisten in Berlin.<\/p>\n<p>Grunds\u00e4tzlich hat die Idee Potenzial. Es ist durchaus reizvoll, wenn Besucher ein Kinderrad f\u00fcr den Nachwuchs oder ein Rennrad f\u00fcr einen Ausflug ausleihen k\u00f6nnen. Au\u00dferdem gibt es auch die Kategorie Spezialr\u00e4der, aktuell mit einem Liegeradtrike von Hase.<\/p>\n<p>In der Regel sind die Preise angemessen. Die Vermieter legen sie fest, und sie beginnen bei f\u00fcnf Euro pro Tag. Allerdings gibt es auch Ausrei\u00dfer wie eben das Liegeradtrike, das f\u00fcr 50 Euro pro Tag angeboten wird.<\/p>\n<p>Die Idee hinter Upperbike ist beim Auto l\u00e4ngst g\u00e4ngige Praxis. Selbstverst\u00e4ndlich hat eine Autovermietung Sportwagen, Familienkutschen, Transporter und auch mal Gel\u00e4ndewagen im Angebot. Beim Fahrradverleih lohnt sich diese Vielfalt f\u00fcr H\u00e4ndler oft nicht, beim Bike-Sharing im gro\u00dfen Stil schon gar nicht. Upperbike kann diesen Markt erg\u00e4nzen, sofern Radfahrer bereit sind, ihre Fahrr\u00e4der an Fremde zu vermieten.<\/p>\n","protected":false},"excerpt":{"rendered":"<p>In jeder Stadt das Rad fahren, das ich gerade brauche oder das mir gerade am besten gef\u00e4llt: Diese Idee will Felix M\u00f6ller mit seinem Online-Marktplatz Upperbike langfristig umsetzen. \u00dcber die Plattform bietet er Fahrr\u00e4der von privaten und gewerblichen Anbietern an. Noch steckt Upperbike in den Kinderschuhen. Rund 50 R\u00e4der sind dort zurzeit im Angebot, die [&hellip;]<\/p>\n","protected":false},"author":385,"featured_media":0,"comment_status":"open","ping_status":"open","sticky":false,"template":"","format":"standard","meta":{"_jetpack_memberships_contains_paid_content":false,"footnotes":""},"categories":[23033,1910],"tags":[24974,33181,16152,33180],"class_list":["post-5228","post","type-post","status-publish","format-standard","hentry","category-rader","category-stadt","tag-fahrradverleih","tag-gewerbe","tag-online","tag-privat"],"yoast_head":"<!-- This site is optimized with the Yoast SEO plugin v21.0 - https:\/\/yoast.com\/wordpress\/plugins\/seo\/ -->\n<title>Fahrr\u00e4der von Fremden mieten - Velophil<\/title>\n<meta name=\"robots\" content=\"index, follow, max-snippet:-1, max-image-preview:large, max-video-preview:-1\" \/>\n<link rel=\"canonical\" href=\"https:\/\/blog.zeit.de\/fahrrad\/2014\/10\/29\/fahrraeder-von-fremden-mieten\/\" \/>\n<meta property=\"og:locale\" content=\"de_DE\" \/>\n<meta property=\"og:type\" content=\"article\" \/>\n<meta property=\"og:title\" content=\"Fahrr\u00e4der von Fremden mieten - Velophil\" \/>\n<meta property=\"og:description\" content=\"In jeder Stadt das Rad fahren, das ich gerade brauche oder das mir gerade am besten gef\u00e4llt: Diese Idee will Felix M\u00f6ller mit seinem Online-Marktplatz Upperbike langfristig umsetzen. \u00dcber die Plattform bietet er Fahrr\u00e4der von privaten und gewerblichen Anbietern an. Noch steckt Upperbike in den Kinderschuhen. Rund 50 R\u00e4der sind dort zurzeit im Angebot, die [&hellip;]\" \/>\n<meta property=\"og:url\" content=\"https:\/\/blog.zeit.de\/fahrrad\/2014\/10\/29\/fahrraeder-von-fremden-mieten\/\" \/>\n<meta property=\"og:site_name\" content=\"Velophil\" \/>\n<meta property=\"article:published_time\" content=\"2014-10-29T08:38:38+00:00\" \/>\n<meta property=\"article:modified_time\" content=\"2014-10-29T08:38:41+00:00\" \/>\n<meta property=\"og:image\" content=\"https:\/\/blog.zeit.de\/fahrrad\/files\/2014\/10\/Fahrraduebergabe-upperbike-Damen-64741-540x360.jpg\" \/>\n<meta name=\"author\" content=\"Andrea Reidl\" \/>\n<meta name=\"twitter:card\" content=\"summary_large_image\" \/>\n<meta name=\"twitter:creator\" content=\"@zeitonline\" \/>\n<meta name=\"twitter:site\" content=\"@zeitonline\" \/>\n<meta name=\"twitter:label1\" content=\"Geschrieben von\" \/>\n\t<meta name=\"twitter:data1\" content=\"Andrea Reidl\" \/>\n\t<meta name=\"twitter:label2\" content=\"Gesch\u00e4tzte Lesezeit\" \/>\n\t<meta name=\"twitter:data2\" content=\"1\u00a0Minute\" \/>\n<script type=\"application\/ld+json\" class=\"yoast-schema-graph\">{\"@context\":\"https:\/\/schema.org\",\"@graph\":[{\"@type\":\"WebPage\",\"@id\":\"https:\/\/blog.zeit.de\/fahrrad\/2014\/10\/29\/fahrraeder-von-fremden-mieten\/\",\"url\":\"https:\/\/blog.zeit.de\/fahrrad\/2014\/10\/29\/fahrraeder-von-fremden-mieten\/\",\"name\":\"Fahrr\u00e4der von Fremden mieten - Velophil\",\"isPartOf\":{\"@id\":\"https:\/\/blog.zeit.de\/fahrrad\/#website\"},\"datePublished\":\"2014-10-29T08:38:38+00:00\",\"dateModified\":\"2014-10-29T08:38:41+00:00\",\"author\":{\"@id\":\"https:\/\/blog.zeit.de\/fahrrad\/#\/schema\/person\/9fe49d0d69e31b7d1d311f861f764dfc\"},\"breadcrumb\":{\"@id\":\"https:\/\/blog.zeit.de\/fahrrad\/2014\/10\/29\/fahrraeder-von-fremden-mieten\/#breadcrumb\"},\"inLanguage\":\"de\",\"potentialAction\":[{\"@type\":\"ReadAction\",\"target\":[\"https:\/\/blog.zeit.de\/fahrrad\/2014\/10\/29\/fahrraeder-von-fremden-mieten\/\"]}]},{\"@type\":\"BreadcrumbList\",\"@id\":\"https:\/\/blog.zeit.de\/fahrrad\/2014\/10\/29\/fahrraeder-von-fremden-mieten\/#breadcrumb\",\"itemListElement\":[{\"@type\":\"ListItem\",\"position\":1,\"name\":\"Startseite\",\"item\":\"https:\/\/blog.zeit.de\/fahrrad\/\"},{\"@type\":\"ListItem\",\"position\":2,\"name\":\"Fahrr\u00e4der von Fremden mieten\"}]},{\"@type\":\"WebSite\",\"@id\":\"https:\/\/blog.zeit.de\/fahrrad\/#website\",\"url\":\"https:\/\/blog.zeit.de\/fahrrad\/\",\"name\":\"Velophil\",\"description\":\"Das Fahrrad-Blog\",\"potentialAction\":[{\"@type\":\"SearchAction\",\"target\":{\"@type\":\"EntryPoint\",\"urlTemplate\":\"https:\/\/blog.zeit.de\/fahrrad\/?s={search_term_string}\"},\"query-input\":\"required name=search_term_string\"}],\"inLanguage\":\"de\"},{\"@type\":\"Person\",\"@id\":\"https:\/\/blog.zeit.de\/fahrrad\/#\/schema\/person\/9fe49d0d69e31b7d1d311f861f764dfc\",\"name\":\"Andrea Reidl\",\"image\":{\"@type\":\"ImageObject\",\"inLanguage\":\"de\",\"@id\":\"https:\/\/blog.zeit.de\/fahrrad\/#\/schema\/person\/image\/\",\"url\":\"https:\/\/secure.gravatar.com\/avatar\/52595868054cdd5e076af9664613db489c74a4ed484ee30b2f82136c624f1797?s=96&d=mm&r=g\",\"contentUrl\":\"https:\/\/secure.gravatar.com\/avatar\/52595868054cdd5e076af9664613db489c74a4ed484ee30b2f82136c624f1797?s=96&d=mm&r=g\",\"caption\":\"Andrea Reidl\"},\"url\":\"https:\/\/blog.zeit.de\/fahrrad\/author\/areidl\/\"}]}<\/script>\n<!-- \/ Yoast SEO plugin. -->","yoast_head_json":{"title":"Fahrr\u00e4der von Fremden mieten - Velophil","robots":{"index":"index","follow":"follow","max-snippet":"max-snippet:-1","max-image-preview":"max-image-preview:large","max-video-preview":"max-video-preview:-1"},"canonical":"https:\/\/blog.zeit.de\/fahrrad\/2014\/10\/29\/fahrraeder-von-fremden-mieten\/","og_locale":"de_DE","og_type":"article","og_title":"Fahrr\u00e4der von Fremden mieten - Velophil","og_description":"In jeder Stadt das Rad fahren, das ich gerade brauche oder das mir gerade am besten gef\u00e4llt: Diese Idee will Felix M\u00f6ller mit seinem Online-Marktplatz Upperbike langfristig umsetzen. \u00dcber die Plattform bietet er Fahrr\u00e4der von privaten und gewerblichen Anbietern an. Noch steckt Upperbike in den Kinderschuhen. Rund 50 R\u00e4der sind dort zurzeit im Angebot, die [&hellip;]","og_url":"https:\/\/blog.zeit.de\/fahrrad\/2014\/10\/29\/fahrraeder-von-fremden-mieten\/","og_site_name":"Velophil","article_published_time":"2014-10-29T08:38:38+00:00","article_modified_time":"2014-10-29T08:38:41+00:00","og_image":[{"url":"https:\/\/blog.zeit.de\/fahrrad\/files\/2014\/10\/Fahrraduebergabe-upperbike-Damen-64741-540x360.jpg"}],"author":"Andrea Reidl","twitter_card":"summary_large_image","twitter_creator":"@zeitonline","twitter_site":"@zeitonline","twitter_misc":{"Geschrieben von":"Andrea Reidl","Gesch\u00e4tzte Lesezeit":"1\u00a0Minute"},"schema":{"@context":"https:\/\/schema.org","@graph":[{"@type":"WebPage","@id":"https:\/\/blog.zeit.de\/fahrrad\/2014\/10\/29\/fahrraeder-von-fremden-mieten\/","url":"https:\/\/blog.zeit.de\/fahrrad\/2014\/10\/29\/fahrraeder-von-fremden-mieten\/","name":"Fahrr\u00e4der von Fremden mieten - Velophil","isPartOf":{"@id":"https:\/\/blog.zeit.de\/fahrrad\/#website"},"datePublished":"2014-10-29T08:38:38+00:00","dateModified":"2014-10-29T08:38:41+00:00","author":{"@id":"https:\/\/blog.zeit.de\/fahrrad\/#\/schema\/person\/9fe49d0d69e31b7d1d311f861f764dfc"},"breadcrumb":{"@id":"https:\/\/blog.zeit.de\/fahrrad\/2014\/10\/29\/fahrraeder-von-fremden-mieten\/#breadcrumb"},"inLanguage":"de","potentialAction":[{"@type":"ReadAction","target":["https:\/\/blog.zeit.de\/fahrrad\/2014\/10\/29\/fahrraeder-von-fremden-mieten\/"]}]},{"@type":"BreadcrumbList","@id":"https:\/\/blog.zeit.de\/fahrrad\/2014\/10\/29\/fahrraeder-von-fremden-mieten\/#breadcrumb","itemListElement":[{"@type":"ListItem","position":1,"name":"Startseite","item":"https:\/\/blog.zeit.de\/fahrrad\/"},{"@type":"ListItem","position":2,"name":"Fahrr\u00e4der von Fremden mieten"}]},{"@type":"WebSite","@id":"https:\/\/blog.zeit.de\/fahrrad\/#website","url":"https:\/\/blog.zeit.de\/fahrrad\/","name":"Velophil","description":"Das Fahrrad-Blog","potentialAction":[{"@type":"SearchAction","target":{"@type":"EntryPoint","urlTemplate":"https:\/\/blog.zeit.de\/fahrrad\/?s={search_term_string}"},"query-input":"required name=search_term_string"}],"inLanguage":"de"},{"@type":"Person","@id":"https:\/\/blog.zeit.de\/fahrrad\/#\/schema\/person\/9fe49d0d69e31b7d1d311f861f764dfc","name":"Andrea Reidl","image":{"@type":"ImageObject","inLanguage":"de","@id":"https:\/\/blog.zeit.de\/fahrrad\/#\/schema\/person\/image\/","url":"https:\/\/secure.gravatar.com\/avatar\/52595868054cdd5e076af9664613db489c74a4ed484ee30b2f82136c624f1797?s=96&d=mm&r=g","contentUrl":"https:\/\/secure.gravatar.com\/avatar\/52595868054cdd5e076af9664613db489c74a4ed484ee30b2f82136c624f1797?s=96&d=mm&r=g","caption":"Andrea Reidl"},"url":"https:\/\/blog.zeit.de\/fahrrad\/author\/areidl\/"}]}},"jetpack_featured_media_url":"","jetpack_sharing_enabled":true,"_links":{"self":[{"href":"https:\/\/blog.zeit.de\/fahrrad\/wp-json\/wp\/v2\/posts\/5228","targetHints":{"allow":["GET"]}}],"collection":[{"href":"https:\/\/blog.zeit.de\/fahrrad\/wp-json\/wp\/v2\/posts"}],"about":[{"href":"https:\/\/blog.zeit.de\/fahrrad\/wp-json\/wp\/v2\/types\/post"}],"author":[{"embeddable":true,"href":"https:\/\/blog.zeit.de\/fahrrad\/wp-json\/wp\/v2\/users\/385"}],"replies":[{"embeddable":true,"href":"https:\/\/blog.zeit.de\/fahrrad\/wp-json\/wp\/v2\/comments?post=5228"}],"version-history":[{"count":5,"href":"https:\/\/blog.zeit.de\/fahrrad\/wp-json\/wp\/v2\/posts\/5228\/revisions"}],"predecessor-version":[{"id":5236,"href":"https:\/\/blog.zeit.de\/fahrrad\/wp-json\/wp\/v2\/posts\/5228\/revisions\/5236"}],"wp:attachment":[{"href":"https:\/\/blog.zeit.de\/fahrrad\/wp-json\/wp\/v2\/media?parent=5228"}],"wp:term":[{"taxonomy":"category","embeddable":true,"href":"https:\/\/blog.zeit.de\/fahrrad\/wp-json\/wp\/v2\/categories?post=5228"},{"taxonomy":"post_tag","embeddable":true,"href":"https:\/\/blog.zeit.de\/fahrrad\/wp-json\/wp\/v2\/tags?post=5228"}],"curies":[{"name":"wp","href":"https:\/\/api.w.org\/{rel}","templated":true}]}}