{"id":5645,"date":"2015-01-12T09:52:57","date_gmt":"2015-01-12T08:52:57","guid":{"rendered":"http:\/\/blog.zeit.de\/fahrrad\/?p=5645"},"modified":"2015-01-12T09:52:57","modified_gmt":"2015-01-12T08:52:57","slug":"bewegung-gesundheit-radfahren","status":"publish","type":"post","link":"https:\/\/blog.zeit.de\/fahrrad\/2015\/01\/12\/bewegung-gesundheit-radfahren\/","title":{"rendered":"Nur f\u00fcnf Minuten Bewegung am Tag"},"content":{"rendered":"<p>Seit einiger Zeit nutze ich eine Fitness-App auf meinem Smartphone. Sie zeichnet automatisch auf, wenn ich Rad fahre, auf der Stra\u00dfe gehe oder laufe. Interessant ist der Unterschied von Rad- und Auto-Tagen.<!--more--><\/p>\n<p>An einem regul\u00e4ren Wochentag bin ich jetzt im Winter etwa 40 bis 60 Minuten mit dem Fahrrad unterwegs und bewege mich zwischen f\u00fcnf und zehn Minuten als Fu\u00dfg\u00e4ngerin. Die Zeit auf dem Fahrrad setzt sich aus kurzen zehn bis f\u00fcnfzehn Minuten langen Wegstrecken zusammen.<\/p>\n<p>Aufschlussreich war mein Bewegungsprofil in den vergangenen Tagen, als der Sturm \u00fcber Norddeutschland hinwegfegte und als eines meiner Kinder krank war. Statt wie sonst mit dem Fahrrad, erledigte ich die Fahrten ins B\u00fcro und mit den Kindern mit dem Auto. An diesen Tagen zeigte mir die Fitness-App gerade noch drei bis f\u00fcnf Minuten Bewegung an.<\/p>\n<p>Damit bin ich in guter Gesellschaft. 42 Prozent der Berufst\u00e4tigen bewegen sich in ihrem Alltag weniger als eine halbe Stunde pro Tag zu Fu\u00df oder mit dem Fahrrad fort, das hat 2013 die Techniker Krankenkasse in ihrer Studie <em>Beweg Dich, Deutschland!<\/em> zum Bewegungsverhalten in Deutschland festgestellt.<\/p>\n<p>&#8222;Wer sich zielorientiert bewegt, bewegt sich weniger&#8220;, hei\u00dft es darin. F\u00fcr viele Menschen sei es im Alltag effizienter, mit dem Auto oder dem \u00d6PNV unterwegs zu sein. Deshalb nutzt laut TK etwa jeder zweite Deutsche im Alltag lieber den Pkw oder in die Bahn, um seine Ziele zu erreichen.<\/p>\n<p>Wenn sich die Deutschen sportlich bet\u00e4tigen, fahren sie jedoch gerne Fahrrad. Vier von zehn Befragten, die zumindest gelegentlich Sport treiben, gehen mit dem Rad auf gem\u00fctliche Touren oder sie fahren Mountainbike oder Radrennen.<\/p>\n<p>Ich bin froh, wenn der Sturm vorbeigezogen ist und meine Kinder und ich wieder aufs Rad steigen k\u00f6nnen. Ich f\u00fchle mich bedeutend wohler, wenn ich mit dem Rad fahre statt mit dem Auto, selbst wenn es nur Kurzstrecken sind.<\/p>\n","protected":false},"excerpt":{"rendered":"<p>Seit einiger Zeit nutze ich eine Fitness-App auf meinem Smartphone. Sie zeichnet automatisch auf, wenn ich Rad fahre, auf der Stra\u00dfe gehe oder laufe. Interessant ist der Unterschied von Rad- und Auto-Tagen.<\/p>\n","protected":false},"author":385,"featured_media":0,"comment_status":"open","ping_status":"open","sticky":false,"template":"","format":"standard","meta":{"_jetpack_memberships_contains_paid_content":false,"footnotes":""},"categories":[319,2508],"tags":[1468,33224,30860],"class_list":["post-5645","post","type-post","status-publish","format-standard","hentry","category-forschung","category-gesundheit","tag-alltag","tag-fitness-app","tag-mobilitaet"],"yoast_head":"<!-- This site is optimized with the Yoast SEO plugin v21.0 - https:\/\/yoast.com\/wordpress\/plugins\/seo\/ -->\n<title>Nur f\u00fcnf Minuten Bewegung am Tag - Velophil<\/title>\n<meta name=\"robots\" content=\"index, follow, max-snippet:-1, max-image-preview:large, max-video-preview:-1\" \/>\n<link rel=\"canonical\" href=\"https:\/\/blog.zeit.de\/fahrrad\/2015\/01\/12\/bewegung-gesundheit-radfahren\/\" \/>\n<meta property=\"og:locale\" content=\"de_DE\" \/>\n<meta property=\"og:type\" content=\"article\" \/>\n<meta property=\"og:title\" content=\"Nur f\u00fcnf Minuten Bewegung am Tag - Velophil\" \/>\n<meta property=\"og:description\" content=\"Seit einiger Zeit nutze ich eine Fitness-App auf meinem Smartphone. Sie zeichnet automatisch auf, wenn ich Rad fahre, auf der Stra\u00dfe gehe oder laufe. Interessant ist der Unterschied von Rad- und Auto-Tagen.\" \/>\n<meta property=\"og:url\" content=\"https:\/\/blog.zeit.de\/fahrrad\/2015\/01\/12\/bewegung-gesundheit-radfahren\/\" \/>\n<meta property=\"og:site_name\" content=\"Velophil\" \/>\n<meta property=\"article:published_time\" content=\"2015-01-12T08:52:57+00:00\" \/>\n<meta name=\"author\" content=\"Andrea Reidl\" \/>\n<meta name=\"twitter:card\" content=\"summary_large_image\" \/>\n<meta name=\"twitter:creator\" content=\"@zeitonline\" \/>\n<meta name=\"twitter:site\" content=\"@zeitonline\" \/>\n<meta name=\"twitter:label1\" content=\"Geschrieben von\" \/>\n\t<meta name=\"twitter:data1\" content=\"Andrea Reidl\" \/>\n\t<meta name=\"twitter:label2\" content=\"Gesch\u00e4tzte Lesezeit\" \/>\n\t<meta name=\"twitter:data2\" content=\"2\u00a0Minuten\" \/>\n<script type=\"application\/ld+json\" class=\"yoast-schema-graph\">{\"@context\":\"https:\/\/schema.org\",\"@graph\":[{\"@type\":\"WebPage\",\"@id\":\"https:\/\/blog.zeit.de\/fahrrad\/2015\/01\/12\/bewegung-gesundheit-radfahren\/\",\"url\":\"https:\/\/blog.zeit.de\/fahrrad\/2015\/01\/12\/bewegung-gesundheit-radfahren\/\",\"name\":\"Nur f\u00fcnf Minuten Bewegung am Tag - Velophil\",\"isPartOf\":{\"@id\":\"https:\/\/blog.zeit.de\/fahrrad\/#website\"},\"datePublished\":\"2015-01-12T08:52:57+00:00\",\"dateModified\":\"2015-01-12T08:52:57+00:00\",\"author\":{\"@id\":\"https:\/\/blog.zeit.de\/fahrrad\/#\/schema\/person\/9fe49d0d69e31b7d1d311f861f764dfc\"},\"breadcrumb\":{\"@id\":\"https:\/\/blog.zeit.de\/fahrrad\/2015\/01\/12\/bewegung-gesundheit-radfahren\/#breadcrumb\"},\"inLanguage\":\"de\",\"potentialAction\":[{\"@type\":\"ReadAction\",\"target\":[\"https:\/\/blog.zeit.de\/fahrrad\/2015\/01\/12\/bewegung-gesundheit-radfahren\/\"]}]},{\"@type\":\"BreadcrumbList\",\"@id\":\"https:\/\/blog.zeit.de\/fahrrad\/2015\/01\/12\/bewegung-gesundheit-radfahren\/#breadcrumb\",\"itemListElement\":[{\"@type\":\"ListItem\",\"position\":1,\"name\":\"Startseite\",\"item\":\"https:\/\/blog.zeit.de\/fahrrad\/\"},{\"@type\":\"ListItem\",\"position\":2,\"name\":\"Nur f\u00fcnf Minuten Bewegung am Tag\"}]},{\"@type\":\"WebSite\",\"@id\":\"https:\/\/blog.zeit.de\/fahrrad\/#website\",\"url\":\"https:\/\/blog.zeit.de\/fahrrad\/\",\"name\":\"Velophil\",\"description\":\"Das Fahrrad-Blog\",\"potentialAction\":[{\"@type\":\"SearchAction\",\"target\":{\"@type\":\"EntryPoint\",\"urlTemplate\":\"https:\/\/blog.zeit.de\/fahrrad\/?s={search_term_string}\"},\"query-input\":\"required name=search_term_string\"}],\"inLanguage\":\"de\"},{\"@type\":\"Person\",\"@id\":\"https:\/\/blog.zeit.de\/fahrrad\/#\/schema\/person\/9fe49d0d69e31b7d1d311f861f764dfc\",\"name\":\"Andrea Reidl\",\"image\":{\"@type\":\"ImageObject\",\"inLanguage\":\"de\",\"@id\":\"https:\/\/blog.zeit.de\/fahrrad\/#\/schema\/person\/image\/\",\"url\":\"https:\/\/secure.gravatar.com\/avatar\/52595868054cdd5e076af9664613db489c74a4ed484ee30b2f82136c624f1797?s=96&d=mm&r=g\",\"contentUrl\":\"https:\/\/secure.gravatar.com\/avatar\/52595868054cdd5e076af9664613db489c74a4ed484ee30b2f82136c624f1797?s=96&d=mm&r=g\",\"caption\":\"Andrea Reidl\"},\"url\":\"https:\/\/blog.zeit.de\/fahrrad\/author\/areidl\/\"}]}<\/script>\n<!-- \/ Yoast SEO plugin. -->","yoast_head_json":{"title":"Nur f\u00fcnf Minuten Bewegung am Tag - Velophil","robots":{"index":"index","follow":"follow","max-snippet":"max-snippet:-1","max-image-preview":"max-image-preview:large","max-video-preview":"max-video-preview:-1"},"canonical":"https:\/\/blog.zeit.de\/fahrrad\/2015\/01\/12\/bewegung-gesundheit-radfahren\/","og_locale":"de_DE","og_type":"article","og_title":"Nur f\u00fcnf Minuten Bewegung am Tag - Velophil","og_description":"Seit einiger Zeit nutze ich eine Fitness-App auf meinem Smartphone. Sie zeichnet automatisch auf, wenn ich Rad fahre, auf der Stra\u00dfe gehe oder laufe. Interessant ist der Unterschied von Rad- und Auto-Tagen.","og_url":"https:\/\/blog.zeit.de\/fahrrad\/2015\/01\/12\/bewegung-gesundheit-radfahren\/","og_site_name":"Velophil","article_published_time":"2015-01-12T08:52:57+00:00","author":"Andrea Reidl","twitter_card":"summary_large_image","twitter_creator":"@zeitonline","twitter_site":"@zeitonline","twitter_misc":{"Geschrieben von":"Andrea Reidl","Gesch\u00e4tzte Lesezeit":"2\u00a0Minuten"},"schema":{"@context":"https:\/\/schema.org","@graph":[{"@type":"WebPage","@id":"https:\/\/blog.zeit.de\/fahrrad\/2015\/01\/12\/bewegung-gesundheit-radfahren\/","url":"https:\/\/blog.zeit.de\/fahrrad\/2015\/01\/12\/bewegung-gesundheit-radfahren\/","name":"Nur f\u00fcnf Minuten Bewegung am Tag - Velophil","isPartOf":{"@id":"https:\/\/blog.zeit.de\/fahrrad\/#website"},"datePublished":"2015-01-12T08:52:57+00:00","dateModified":"2015-01-12T08:52:57+00:00","author":{"@id":"https:\/\/blog.zeit.de\/fahrrad\/#\/schema\/person\/9fe49d0d69e31b7d1d311f861f764dfc"},"breadcrumb":{"@id":"https:\/\/blog.zeit.de\/fahrrad\/2015\/01\/12\/bewegung-gesundheit-radfahren\/#breadcrumb"},"inLanguage":"de","potentialAction":[{"@type":"ReadAction","target":["https:\/\/blog.zeit.de\/fahrrad\/2015\/01\/12\/bewegung-gesundheit-radfahren\/"]}]},{"@type":"BreadcrumbList","@id":"https:\/\/blog.zeit.de\/fahrrad\/2015\/01\/12\/bewegung-gesundheit-radfahren\/#breadcrumb","itemListElement":[{"@type":"ListItem","position":1,"name":"Startseite","item":"https:\/\/blog.zeit.de\/fahrrad\/"},{"@type":"ListItem","position":2,"name":"Nur f\u00fcnf Minuten Bewegung am Tag"}]},{"@type":"WebSite","@id":"https:\/\/blog.zeit.de\/fahrrad\/#website","url":"https:\/\/blog.zeit.de\/fahrrad\/","name":"Velophil","description":"Das Fahrrad-Blog","potentialAction":[{"@type":"SearchAction","target":{"@type":"EntryPoint","urlTemplate":"https:\/\/blog.zeit.de\/fahrrad\/?s={search_term_string}"},"query-input":"required name=search_term_string"}],"inLanguage":"de"},{"@type":"Person","@id":"https:\/\/blog.zeit.de\/fahrrad\/#\/schema\/person\/9fe49d0d69e31b7d1d311f861f764dfc","name":"Andrea Reidl","image":{"@type":"ImageObject","inLanguage":"de","@id":"https:\/\/blog.zeit.de\/fahrrad\/#\/schema\/person\/image\/","url":"https:\/\/secure.gravatar.com\/avatar\/52595868054cdd5e076af9664613db489c74a4ed484ee30b2f82136c624f1797?s=96&d=mm&r=g","contentUrl":"https:\/\/secure.gravatar.com\/avatar\/52595868054cdd5e076af9664613db489c74a4ed484ee30b2f82136c624f1797?s=96&d=mm&r=g","caption":"Andrea Reidl"},"url":"https:\/\/blog.zeit.de\/fahrrad\/author\/areidl\/"}]}},"jetpack_featured_media_url":"","jetpack_sharing_enabled":true,"_links":{"self":[{"href":"https:\/\/blog.zeit.de\/fahrrad\/wp-json\/wp\/v2\/posts\/5645","targetHints":{"allow":["GET"]}}],"collection":[{"href":"https:\/\/blog.zeit.de\/fahrrad\/wp-json\/wp\/v2\/posts"}],"about":[{"href":"https:\/\/blog.zeit.de\/fahrrad\/wp-json\/wp\/v2\/types\/post"}],"author":[{"embeddable":true,"href":"https:\/\/blog.zeit.de\/fahrrad\/wp-json\/wp\/v2\/users\/385"}],"replies":[{"embeddable":true,"href":"https:\/\/blog.zeit.de\/fahrrad\/wp-json\/wp\/v2\/comments?post=5645"}],"version-history":[{"count":4,"href":"https:\/\/blog.zeit.de\/fahrrad\/wp-json\/wp\/v2\/posts\/5645\/revisions"}],"predecessor-version":[{"id":5650,"href":"https:\/\/blog.zeit.de\/fahrrad\/wp-json\/wp\/v2\/posts\/5645\/revisions\/5650"}],"wp:attachment":[{"href":"https:\/\/blog.zeit.de\/fahrrad\/wp-json\/wp\/v2\/media?parent=5645"}],"wp:term":[{"taxonomy":"category","embeddable":true,"href":"https:\/\/blog.zeit.de\/fahrrad\/wp-json\/wp\/v2\/categories?post=5645"},{"taxonomy":"post_tag","embeddable":true,"href":"https:\/\/blog.zeit.de\/fahrrad\/wp-json\/wp\/v2\/tags?post=5645"}],"curies":[{"name":"wp","href":"https:\/\/api.w.org\/{rel}","templated":true}]}}