{"id":5764,"date":"2015-02-07T07:48:10","date_gmt":"2015-02-07T06:48:10","guid":{"rendered":"http:\/\/blog.zeit.de\/fahrrad\/?p=5764"},"modified":"2015-02-07T10:34:46","modified_gmt":"2015-02-07T09:34:46","slug":"bambusrad-gewachsen-karlsruhe","status":"publish","type":"post","link":"https:\/\/blog.zeit.de\/fahrrad\/2015\/02\/07\/bambusrad-gewachsen-karlsruhe\/","title":{"rendered":"Bambusfahrrad: Gewachsen in Karlsruhe"},"content":{"rendered":"<p><figure id=\"attachment_5766\" aria-describedby=\"caption-attachment-5766\" style=\"width: 540px\" class=\"wp-caption aligncenter\"><img loading=\"lazy\" decoding=\"async\" class=\"wp-image-5766 size-medium\" src=\"https:\/\/blog.zeit.de\/fahrrad\/files\/2015\/02\/IMG_0495-1024x768-540x405.jpg\" alt=\"\u00a9 Stefan Eisen\" width=\"540\" height=\"405\" srcset=\"https:\/\/blog.zeit.de\/fahrrad\/files\/2015\/02\/IMG_0495-1024x768-540x405.jpg 540w, https:\/\/blog.zeit.de\/fahrrad\/files\/2015\/02\/IMG_0495-1024x768.jpg 1024w\" sizes=\"auto, (max-width: 540px) 100vw, 540px\" \/><figcaption id=\"caption-attachment-5766\" class=\"wp-caption-text\">\u00a9 Stefan Eisen<\/figcaption><\/figure><\/p>\n<p>Seit etwa vier Jahren baut Stefan Eisen Fahrr\u00e4der aus Bambus f\u00fcr sich und seine Familie. Anfangs hat der Ingenieur aus Karlsruhe die Rohre an den Verbindungsstellen ganz klassisch mit Harz und Fasern umwickelt. Mittlerweile hat er eine neue Technik entwickelt.<!--more--><\/p>\n<p>Eisen ist ein Sch\u00f6ngeist. Ihm gefielen die dicken Knoten aus Hanf und Harz nie, die in der Regel die Rahmenrohre aus dem schnell wachsenden Gras zusammenhalten. Deshalb setzte er beides stets so sparsam ein wie m\u00f6glich. Das hatte einen Preis: Sein Singlespeed aus Bambus fuhr sich etwas schwammig\u00a0\u2013 &#8222;weich&#8220;, wie er es nennt. Das mindert den Fahrspa\u00df und geht im Extremfall auf Kosten der Sicherheit: Rahmen oder Knoten k\u00f6nnen brechen.<\/p>\n<p><figure id=\"attachment_5767\" aria-describedby=\"caption-attachment-5767\" style=\"width: 448px\" class=\"wp-caption aligncenter\"><img loading=\"lazy\" decoding=\"async\" class=\"wp-image-5767 size-full\" src=\"https:\/\/blog.zeit.de\/fahrrad\/files\/2015\/02\/DSC01122_KOMP.jpg\" alt=\"Hier sind die Rohre noch mit Hanf und Harz umwickelt \u00a9 Reidl\" width=\"448\" height=\"336\" \/><figcaption id=\"caption-attachment-5767\" class=\"wp-caption-text\">Hier sind die Rohre noch mit Hanf und Harz umwickelt. \u00a9 Stefan Eisen<\/figcaption><\/figure><\/p>\n<p>Nun hat der Ingenieur das Problem gel\u00f6st. Statt die Rohre mit Hanf und Epoxidharz zu umwickeln, stellt er eine Form aus Harz und Glasfaser her. Dazu erzeugt er zun\u00e4chst mit einem 3D-Drucker die ben\u00f6tigte Form. Diese nutzt er als Negativ und laminiert direkt in die Form hinein das Positiv, also das Bauteil, das er gerade braucht. So entsteht beispielsweise das Steuerrohr.<\/p>\n<p>Der d\u00e4nische Fahrraddesigner Biomega, der ebenfalls die Knoten vermeiden wollte, setzte bei der Verbindung zwischen Sitzrohr, Oberrohr und Sitzstrebe ganz traditionell auf <a href=\"http:\/\/www.google.de\/imgres?imgurl=http:\/\/www.dbz.de\/imgs\/9112616_b8c8148e91.jpg&amp;imgrefurl=http:\/\/www.dbz.de\/artikel\/bildpopup_134310.html?image%3D3&amp;h=486&amp;w=800&amp;tbnid=HU_ie69vq0_6FM:&amp;zoom=1&amp;tbnh=90&amp;tbnw=148&amp;usg=__4O07XDq2BzalFBrT-7chFcnkB70=&amp;docid=DbAVZkwWtUvgiM&amp;sa=X&amp;ei=vIHUVKCdEsHmUsKyg6AF&amp;ved=0CDkQ9QEwBQ\" target=\"_blank\">Metall<\/a>. Allerdings sind dann die verwendeten Bambusrohre bedeutend k\u00fcrzer.<\/p>\n<p>Eisen ist mit seiner L\u00f6sung zufrieden. &#8222;Die W\u00e4nde der Knoten sind nur zwei Millimeter st\u00e4rker als die Rohre&#8220;, sagt er. Die laminierten Verbindungen sehen gut aus und halten offenbar. Der Rahmen sei steifer und habe eine gr\u00f6\u00dfere Laufruhe, sagt Eisen. &#8222;Ich springe mit dem Rad Bordsteine rauf und runter.&#8220; 5.000 Kilometer ist er mit dem Singlespeed bereits gefahren. F\u00fcr ihn ist es das perfekte Alltagsrad.<\/p>\n<p><figure id=\"attachment_5771\" aria-describedby=\"caption-attachment-5771\" style=\"width: 540px\" class=\"wp-caption aligncenter\"><img loading=\"lazy\" decoding=\"async\" class=\"wp-image-5771 size-medium\" src=\"https:\/\/blog.zeit.de\/fahrrad\/files\/2015\/02\/DSC011171-540x405.jpg\" alt=\"\u00a9 Stefan Eisen\" width=\"540\" height=\"405\" srcset=\"https:\/\/blog.zeit.de\/fahrrad\/files\/2015\/02\/DSC011171-540x405.jpg 540w, https:\/\/blog.zeit.de\/fahrrad\/files\/2015\/02\/DSC011171.jpg 640w\" sizes=\"auto, (max-width: 540px) 100vw, 540px\" \/><figcaption id=\"caption-attachment-5771\" class=\"wp-caption-text\">\u00a9 Stefan Eisen<\/figcaption><\/figure><\/p>\n<p>Den Bambus f\u00fcr die Bikes erntet er selbst. Dazu radelt er rund zehn Kilometer in den Bambuswald eines Imkers. Auf dem etwa 400 Quadratmeter gro\u00dfen Waldst\u00fcck kann er sich die Stangen f\u00fcr den Rahmen aussuchen.<\/p>\n<p>Die Rohre trocknet er in Handarbeit. Der Schritt ist entscheidend \u2013 sind die Stangen beim Einbauen noch feucht, k\u00f6nnen sie rei\u00dfen. Der Amerikaner <a href=\"http:\/\/calfeedesign.com\/products\/bamboo\/\" target=\"_blank\">Craig Calfee,<\/a> der seit Jahren hochwertige Bambusr\u00e4der baut, hat das Trockenverfahren perfektioniert. Die Rohre seiner R\u00e4der sind sehr dunkel und rei\u00dffest. Wie er den Bambus genau trocknet, verr\u00e4t er allerdings nicht.<\/p>\n<p>Eisen stellt f\u00fcr sein Rad fast alle Teile selbst her, zum Beispiel die Sattelklemme aus Carbon, das Steuerrohr oder das Ausfallende. Nur das Tretlager kauft er dazu. Die Bremsz\u00fcge und die Lichtkabel verlegt er innen durch den Rahmen. Etwa 40 Stunden arbeitet er an einem Rahmen.<\/p>\n<p>Mittlerweile baut er auf Kundenwunsch unter dem Namen <a href=\"http:\/\/www.bambushelden.de\/\" target=\"_blank\">Bambushelden<\/a> Fahrr\u00e4der als Ma\u00dfanfertigungen. Sie kosten rund 1.200 Euro das St\u00fcck. Das ist f\u00fcr die aufgewendete Arbeitszeit wenig, f\u00fcr einen Rahmen aber viel Geld. Aber ein Bambusrahmen f\u00e4llt auch ganz klar in die Kategorie Luxusprodukt f\u00fcr Liebhaber. Haptik, Optik und Nachhaltigkeit spielen f\u00fcr sie bei den R\u00e4dern eine entscheidende Rolle.<\/p>\n","protected":false},"excerpt":{"rendered":"<p>Seit etwa vier Jahren baut Stefan Eisen Fahrr\u00e4der aus Bambus f\u00fcr sich und seine Familie. Anfangs hat der Ingenieur aus Karlsruhe die Rohre an den Verbindungsstellen ganz klassisch mit Harz und Fasern umwickelt. Mittlerweile hat er eine neue Technik entwickelt.<\/p>\n","protected":false},"author":385,"featured_media":0,"comment_status":"open","ping_status":"open","sticky":false,"template":"","format":"standard","meta":{"_jetpack_memberships_contains_paid_content":false,"footnotes":""},"categories":[1432,23033],"tags":[25006,20694,26487],"class_list":["post-5764","post","type-post","status-publish","format-standard","hentry","category-nachhaltigkeit","category-rader","tag-bambus","tag-fahrrad","tag-karlsruhe"],"yoast_head":"<!-- This site is optimized with the Yoast SEO plugin v21.0 - https:\/\/yoast.com\/wordpress\/plugins\/seo\/ -->\n<title>Bambusfahrrad: Gewachsen in Karlsruhe - Velophil<\/title>\n<meta name=\"description\" content=\"Wer ein Bambus-Fahrrad kaufen m\u00f6chte, ist bei Stefan Eisen richtig. Den Bambus f\u00fcr seine handgefertigten R\u00e4der erntet er selbst.\" \/>\n<meta name=\"robots\" content=\"index, follow, max-snippet:-1, max-image-preview:large, max-video-preview:-1\" \/>\n<link rel=\"canonical\" href=\"https:\/\/blog.zeit.de\/fahrrad\/2015\/02\/07\/bambusrad-gewachsen-karlsruhe\/\" \/>\n<meta property=\"og:locale\" content=\"de_DE\" \/>\n<meta property=\"og:type\" content=\"article\" \/>\n<meta property=\"og:title\" content=\"Bambusfahrrad: Gewachsen in Karlsruhe - Velophil\" \/>\n<meta property=\"og:description\" content=\"Wer ein Bambus-Fahrrad kaufen m\u00f6chte, ist bei Stefan Eisen richtig. Den Bambus f\u00fcr seine handgefertigten R\u00e4der erntet er selbst.\" \/>\n<meta property=\"og:url\" content=\"https:\/\/blog.zeit.de\/fahrrad\/2015\/02\/07\/bambusrad-gewachsen-karlsruhe\/\" \/>\n<meta property=\"og:site_name\" content=\"Velophil\" \/>\n<meta property=\"article:published_time\" content=\"2015-02-07T06:48:10+00:00\" \/>\n<meta property=\"article:modified_time\" content=\"2015-02-07T09:34:46+00:00\" \/>\n<meta property=\"og:image\" content=\"https:\/\/blog.zeit.de\/fahrrad\/files\/2015\/02\/IMG_0495-1024x768-540x405.jpg\" \/>\n<meta name=\"author\" content=\"Andrea Reidl\" \/>\n<meta name=\"twitter:card\" content=\"summary_large_image\" \/>\n<meta name=\"twitter:creator\" content=\"@zeitonline\" \/>\n<meta name=\"twitter:site\" content=\"@zeitonline\" \/>\n<meta name=\"twitter:label1\" content=\"Geschrieben von\" \/>\n\t<meta name=\"twitter:data1\" content=\"Andrea Reidl\" \/>\n\t<meta name=\"twitter:label2\" content=\"Gesch\u00e4tzte Lesezeit\" \/>\n\t<meta name=\"twitter:data2\" content=\"3\u00a0Minuten\" \/>\n<script type=\"application\/ld+json\" class=\"yoast-schema-graph\">{\"@context\":\"https:\/\/schema.org\",\"@graph\":[{\"@type\":\"WebPage\",\"@id\":\"https:\/\/blog.zeit.de\/fahrrad\/2015\/02\/07\/bambusrad-gewachsen-karlsruhe\/\",\"url\":\"https:\/\/blog.zeit.de\/fahrrad\/2015\/02\/07\/bambusrad-gewachsen-karlsruhe\/\",\"name\":\"Bambusfahrrad: Gewachsen in Karlsruhe - Velophil\",\"isPartOf\":{\"@id\":\"https:\/\/blog.zeit.de\/fahrrad\/#website\"},\"datePublished\":\"2015-02-07T06:48:10+00:00\",\"dateModified\":\"2015-02-07T09:34:46+00:00\",\"author\":{\"@id\":\"https:\/\/blog.zeit.de\/fahrrad\/#\/schema\/person\/9fe49d0d69e31b7d1d311f861f764dfc\"},\"description\":\"Wer ein Bambus-Fahrrad kaufen m\u00f6chte, ist bei Stefan Eisen richtig. Den Bambus f\u00fcr seine handgefertigten R\u00e4der erntet er selbst.\",\"breadcrumb\":{\"@id\":\"https:\/\/blog.zeit.de\/fahrrad\/2015\/02\/07\/bambusrad-gewachsen-karlsruhe\/#breadcrumb\"},\"inLanguage\":\"de\",\"potentialAction\":[{\"@type\":\"ReadAction\",\"target\":[\"https:\/\/blog.zeit.de\/fahrrad\/2015\/02\/07\/bambusrad-gewachsen-karlsruhe\/\"]}]},{\"@type\":\"BreadcrumbList\",\"@id\":\"https:\/\/blog.zeit.de\/fahrrad\/2015\/02\/07\/bambusrad-gewachsen-karlsruhe\/#breadcrumb\",\"itemListElement\":[{\"@type\":\"ListItem\",\"position\":1,\"name\":\"Startseite\",\"item\":\"https:\/\/blog.zeit.de\/fahrrad\/\"},{\"@type\":\"ListItem\",\"position\":2,\"name\":\"Bambusfahrrad: Gewachsen in Karlsruhe\"}]},{\"@type\":\"WebSite\",\"@id\":\"https:\/\/blog.zeit.de\/fahrrad\/#website\",\"url\":\"https:\/\/blog.zeit.de\/fahrrad\/\",\"name\":\"Velophil\",\"description\":\"Das Fahrrad-Blog\",\"potentialAction\":[{\"@type\":\"SearchAction\",\"target\":{\"@type\":\"EntryPoint\",\"urlTemplate\":\"https:\/\/blog.zeit.de\/fahrrad\/?s={search_term_string}\"},\"query-input\":\"required name=search_term_string\"}],\"inLanguage\":\"de\"},{\"@type\":\"Person\",\"@id\":\"https:\/\/blog.zeit.de\/fahrrad\/#\/schema\/person\/9fe49d0d69e31b7d1d311f861f764dfc\",\"name\":\"Andrea Reidl\",\"image\":{\"@type\":\"ImageObject\",\"inLanguage\":\"de\",\"@id\":\"https:\/\/blog.zeit.de\/fahrrad\/#\/schema\/person\/image\/\",\"url\":\"https:\/\/secure.gravatar.com\/avatar\/52595868054cdd5e076af9664613db489c74a4ed484ee30b2f82136c624f1797?s=96&d=mm&r=g\",\"contentUrl\":\"https:\/\/secure.gravatar.com\/avatar\/52595868054cdd5e076af9664613db489c74a4ed484ee30b2f82136c624f1797?s=96&d=mm&r=g\",\"caption\":\"Andrea Reidl\"},\"url\":\"https:\/\/blog.zeit.de\/fahrrad\/author\/areidl\/\"}]}<\/script>\n<!-- \/ Yoast SEO plugin. -->","yoast_head_json":{"title":"Bambusfahrrad: Gewachsen in Karlsruhe - Velophil","description":"Wer ein Bambus-Fahrrad kaufen m\u00f6chte, ist bei Stefan Eisen richtig. Den Bambus f\u00fcr seine handgefertigten R\u00e4der erntet er selbst.","robots":{"index":"index","follow":"follow","max-snippet":"max-snippet:-1","max-image-preview":"max-image-preview:large","max-video-preview":"max-video-preview:-1"},"canonical":"https:\/\/blog.zeit.de\/fahrrad\/2015\/02\/07\/bambusrad-gewachsen-karlsruhe\/","og_locale":"de_DE","og_type":"article","og_title":"Bambusfahrrad: Gewachsen in Karlsruhe - Velophil","og_description":"Wer ein Bambus-Fahrrad kaufen m\u00f6chte, ist bei Stefan Eisen richtig. Den Bambus f\u00fcr seine handgefertigten R\u00e4der erntet er selbst.","og_url":"https:\/\/blog.zeit.de\/fahrrad\/2015\/02\/07\/bambusrad-gewachsen-karlsruhe\/","og_site_name":"Velophil","article_published_time":"2015-02-07T06:48:10+00:00","article_modified_time":"2015-02-07T09:34:46+00:00","og_image":[{"url":"https:\/\/blog.zeit.de\/fahrrad\/files\/2015\/02\/IMG_0495-1024x768-540x405.jpg"}],"author":"Andrea Reidl","twitter_card":"summary_large_image","twitter_creator":"@zeitonline","twitter_site":"@zeitonline","twitter_misc":{"Geschrieben von":"Andrea Reidl","Gesch\u00e4tzte Lesezeit":"3\u00a0Minuten"},"schema":{"@context":"https:\/\/schema.org","@graph":[{"@type":"WebPage","@id":"https:\/\/blog.zeit.de\/fahrrad\/2015\/02\/07\/bambusrad-gewachsen-karlsruhe\/","url":"https:\/\/blog.zeit.de\/fahrrad\/2015\/02\/07\/bambusrad-gewachsen-karlsruhe\/","name":"Bambusfahrrad: Gewachsen in Karlsruhe - Velophil","isPartOf":{"@id":"https:\/\/blog.zeit.de\/fahrrad\/#website"},"datePublished":"2015-02-07T06:48:10+00:00","dateModified":"2015-02-07T09:34:46+00:00","author":{"@id":"https:\/\/blog.zeit.de\/fahrrad\/#\/schema\/person\/9fe49d0d69e31b7d1d311f861f764dfc"},"description":"Wer ein Bambus-Fahrrad kaufen m\u00f6chte, ist bei Stefan Eisen richtig. Den Bambus f\u00fcr seine handgefertigten R\u00e4der erntet er selbst.","breadcrumb":{"@id":"https:\/\/blog.zeit.de\/fahrrad\/2015\/02\/07\/bambusrad-gewachsen-karlsruhe\/#breadcrumb"},"inLanguage":"de","potentialAction":[{"@type":"ReadAction","target":["https:\/\/blog.zeit.de\/fahrrad\/2015\/02\/07\/bambusrad-gewachsen-karlsruhe\/"]}]},{"@type":"BreadcrumbList","@id":"https:\/\/blog.zeit.de\/fahrrad\/2015\/02\/07\/bambusrad-gewachsen-karlsruhe\/#breadcrumb","itemListElement":[{"@type":"ListItem","position":1,"name":"Startseite","item":"https:\/\/blog.zeit.de\/fahrrad\/"},{"@type":"ListItem","position":2,"name":"Bambusfahrrad: Gewachsen in Karlsruhe"}]},{"@type":"WebSite","@id":"https:\/\/blog.zeit.de\/fahrrad\/#website","url":"https:\/\/blog.zeit.de\/fahrrad\/","name":"Velophil","description":"Das Fahrrad-Blog","potentialAction":[{"@type":"SearchAction","target":{"@type":"EntryPoint","urlTemplate":"https:\/\/blog.zeit.de\/fahrrad\/?s={search_term_string}"},"query-input":"required name=search_term_string"}],"inLanguage":"de"},{"@type":"Person","@id":"https:\/\/blog.zeit.de\/fahrrad\/#\/schema\/person\/9fe49d0d69e31b7d1d311f861f764dfc","name":"Andrea Reidl","image":{"@type":"ImageObject","inLanguage":"de","@id":"https:\/\/blog.zeit.de\/fahrrad\/#\/schema\/person\/image\/","url":"https:\/\/secure.gravatar.com\/avatar\/52595868054cdd5e076af9664613db489c74a4ed484ee30b2f82136c624f1797?s=96&d=mm&r=g","contentUrl":"https:\/\/secure.gravatar.com\/avatar\/52595868054cdd5e076af9664613db489c74a4ed484ee30b2f82136c624f1797?s=96&d=mm&r=g","caption":"Andrea Reidl"},"url":"https:\/\/blog.zeit.de\/fahrrad\/author\/areidl\/"}]}},"jetpack_featured_media_url":"","jetpack_sharing_enabled":true,"_links":{"self":[{"href":"https:\/\/blog.zeit.de\/fahrrad\/wp-json\/wp\/v2\/posts\/5764","targetHints":{"allow":["GET"]}}],"collection":[{"href":"https:\/\/blog.zeit.de\/fahrrad\/wp-json\/wp\/v2\/posts"}],"about":[{"href":"https:\/\/blog.zeit.de\/fahrrad\/wp-json\/wp\/v2\/types\/post"}],"author":[{"embeddable":true,"href":"https:\/\/blog.zeit.de\/fahrrad\/wp-json\/wp\/v2\/users\/385"}],"replies":[{"embeddable":true,"href":"https:\/\/blog.zeit.de\/fahrrad\/wp-json\/wp\/v2\/comments?post=5764"}],"version-history":[{"count":7,"href":"https:\/\/blog.zeit.de\/fahrrad\/wp-json\/wp\/v2\/posts\/5764\/revisions"}],"predecessor-version":[{"id":5778,"href":"https:\/\/blog.zeit.de\/fahrrad\/wp-json\/wp\/v2\/posts\/5764\/revisions\/5778"}],"wp:attachment":[{"href":"https:\/\/blog.zeit.de\/fahrrad\/wp-json\/wp\/v2\/media?parent=5764"}],"wp:term":[{"taxonomy":"category","embeddable":true,"href":"https:\/\/blog.zeit.de\/fahrrad\/wp-json\/wp\/v2\/categories?post=5764"},{"taxonomy":"post_tag","embeddable":true,"href":"https:\/\/blog.zeit.de\/fahrrad\/wp-json\/wp\/v2\/tags?post=5764"}],"curies":[{"name":"wp","href":"https:\/\/api.w.org\/{rel}","templated":true}]}}