{"id":5829,"date":"2015-02-16T11:39:15","date_gmt":"2015-02-16T10:39:15","guid":{"rendered":"http:\/\/blog.zeit.de\/fahrrad\/?p=5829"},"modified":"2015-02-16T12:14:13","modified_gmt":"2015-02-16T11:14:13","slug":"neue-radwege-fuer-london","status":"publish","type":"post","link":"https:\/\/blog.zeit.de\/fahrrad\/2015\/02\/16\/neue-radwege-fuer-london\/","title":{"rendered":"London baut Fahrrad-Highways im Zentrum"},"content":{"rendered":"<p><figure id=\"attachment_5831\" aria-describedby=\"caption-attachment-5831\" style=\"width: 540px\" class=\"wp-caption aligncenter\"><img loading=\"lazy\" decoding=\"async\" class=\"wp-image-5831 size-medium\" src=\"https:\/\/blog.zeit.de\/fahrrad\/files\/2015\/02\/91106845-6024-480a-b1ca-68ef7b849e3a-1020x612-540x324.jpg\" alt=\"\u00a9 Transport for London\" width=\"540\" height=\"324\" srcset=\"https:\/\/blog.zeit.de\/fahrrad\/files\/2015\/02\/91106845-6024-480a-b1ca-68ef7b849e3a-1020x612-540x324.jpg 540w, https:\/\/blog.zeit.de\/fahrrad\/files\/2015\/02\/91106845-6024-480a-b1ca-68ef7b849e3a-1020x612.jpg 620w\" sizes=\"auto, (max-width: 540px) 100vw, 540px\" \/><figcaption id=\"caption-attachment-5831\" class=\"wp-caption-text\">\u00a9 Transport for London<\/figcaption><\/figure><\/p>\n<p>Ob ein schwimmender Radweg auf der Themse oder Radwege \u00fcber den Trassen der Nahverkehrsz\u00fcge: London ist immer wieder mit spektakul\u00e4ren Radwegepl\u00e4nen in den Medien. Ein viel diskutiertes Projekt kann nun bald real werden. Die f\u00fcr den Londoner Verkehr zust\u00e4ndige Dachorganisation, Transport for London, hat den ehrgeizigen Pl\u00e4nen von B\u00fcrgermeister Boris Johnson zugestimmt. Jetzt bekommt Englands Metropole zwei sogenannte Fahrrad-Highways, die durchs Zentrum der Stadt f\u00fchren. Au\u00dferdem will ein Architekturb\u00fcro stillgelegte Tunnel der U-Bahn in Radwege umwandeln.<!--more--><\/p>\n<p>Ein Fahrrad-Highway soll von Ost nach West durch Londons Zentrum f\u00fchren, der andere von Nord nach S\u00fcd. Geplant sind Radwege mit einer Breite von drei Metern. Sofern keine Klagen eingereicht werden, kann der Bau schon im Fr\u00fchjahr beginnen und im kommenden Jahr abgeschlossen werden.<\/p>\n<p>Das Konzept wurde \u00fcber Monate diskutiert. Zun\u00e4chst sollten einige Stra\u00dfen nur f\u00fcr den Radfahrer befahrbar sein; das sorgte f\u00fcr massive Kritik. Schlie\u00dflich wurde das Konzept ge\u00e4ndert: Ein Teil der bestehenden Pkw-Spuren wird zwar f\u00fcr den Radverkehr umgewidmet, aber stets sollen Auto- und Radverkehr nebeneinander her flie\u00dfen. So wie in den Fahrrad-Mekkas Niederlande und Kopenhagen \u00fcblich: klar voneinander getrennt.<\/p>\n<p><figure id=\"attachment_5832\" aria-describedby=\"caption-attachment-5832\" style=\"width: 540px\" class=\"wp-caption aligncenter\"><img loading=\"lazy\" decoding=\"async\" class=\"wp-image-5832 size-medium\" src=\"https:\/\/blog.zeit.de\/fahrrad\/files\/2015\/02\/1d3efb59-3663-4ddd-9cfb-c0c2b3aa0470-620x372-540x324.jpg\" alt=\"\u00a9 Transport for London\" width=\"540\" height=\"324\" srcset=\"https:\/\/blog.zeit.de\/fahrrad\/files\/2015\/02\/1d3efb59-3663-4ddd-9cfb-c0c2b3aa0470-620x372-540x324.jpg 540w, https:\/\/blog.zeit.de\/fahrrad\/files\/2015\/02\/1d3efb59-3663-4ddd-9cfb-c0c2b3aa0470-620x372.jpg 620w\" sizes=\"auto, (max-width: 540px) 100vw, 540px\" \/><figcaption id=\"caption-attachment-5832\" class=\"wp-caption-text\">\u00a9 Transport for London<\/figcaption><\/figure><\/p>\n<p>Insgesamt sollen die beiden Radwege etwa 29 Kilometer lang werden. Damit setzt London ein klares politisches Zeichen: Radfahren ist eine Alternative im Verkehrsmittel-Mix f\u00fcr Metropolen. Es entlastet die Stra\u00dfen, senkt den L\u00e4rmpegel und reduziert den Smog.<\/p>\n<p>F\u00fcr viele klingt das Vorhaben immer noch wie ein roter Teppich f\u00fcr Radfahrer. Doch es ist weder ein Geschenk an die W\u00e4hlerschaft noch ein Prestigeprojekt, mit dem man sich selbst ein Denkmal setzt. Transport for London (TfL) rechnet damit, dass der Verkehr im Zentrum der Metropole bis 2031 um bis zu 60 Prozent zunehmen d\u00fcrfte. Die Stadt braucht also dringend Alternativen, um die Zahl der privaten Pkw im Zentrum zu reduzieren.<\/p>\n<p><strong>Radfahren im Untergrund<\/strong><\/p>\n<p>Ein weiteres Radwegekonzept f\u00fcr London ist in der Stadt ebenfalls zum Gespr\u00e4chsthema geworden. Nach dem <a href=\"https:\/\/blog.zeit.de\/fahrrad\/2014\/01\/20\/radfahren-uber-den-dachern-von-londons-s-bahnen\/\" target=\"_blank\">Radweg auf Stelzen<\/a> und dem <a href=\"https:\/\/blog.zeit.de\/fahrrad\/2014\/10\/20\/radweg-london-themse-infrastruktur\/\" target=\"_blank\">schwimmenden Radweg<\/a>, die noch auf ihre Machbarkeit gepr\u00fcft werden, haben die Architekten des international arbeitenden B\u00fcros <a href=\"http:\/\/www.gensler.com\/news\/press-releases\/gensler-vision-for-disused-london-metro-lines-wins-london\" target=\"_blank\">Gensler<\/a> jetzt ein weiteres ungew\u00f6hnliches Konzept vorgelegt: Sie wollen das Radfahren zum Teil in den Untergrund verlegen.<\/p>\n<p>Die Idee ist, die stillgelegten Tunnel der U-Bahn, der Tube, zu Radwegen umzugestalten. &#8222;London Underline&#8220; nennen die Architekten ihr Konzept und haben damit k\u00fcrzlich einen Preis bei dem Stadtplanungswettbewerb London Planning Awards gewonnen.<\/p>\n<p>Grunds\u00e4tzlich ist die Idee nicht v\u00f6llig abwegig. In Hamburg wird der alte Elbtunnel t\u00e4glich von Fu\u00dfg\u00e4ngern und Radfahrern genutzt, die zwischen City und Hafen pendeln. Er wurde 1911 er\u00f6ffnet, um den Verkehr auf der Elbe in den Griff zu bekommen.<\/p>\n<p>Allerdings ist seine L\u00e4nge mit rund 430 Metern \u00fcberschaubar und birgt mit seinen alten Holzfahrst\u00fchlen und der gekachelten R\u00f6hre auch einen besonderen Charme. Ob Radfahren \u00fcber lange Strecken in Tunneln attraktiv ist, h\u00e4ngt von den Bedingungen ab, die dort herrschen. Wenn die R\u00f6hren gut bel\u00fcftet und beleuchtet sind, kann das durchaus Spa\u00df machen. Schlie\u00dflich ist es dort windstill und trocken, und Radfahrer haben stets freie Fahrt.<\/p>\n<p><figure id=\"attachment_5833\" aria-describedby=\"caption-attachment-5833\" style=\"width: 524px\" class=\"wp-caption aligncenter\"><img loading=\"lazy\" decoding=\"async\" class=\"wp-image-5833 size-medium\" src=\"https:\/\/blog.zeit.de\/fahrrad\/files\/2015\/02\/P8130191-524x540.jpg\" alt=\"\u00a9 Reidl\" width=\"524\" height=\"540\" srcset=\"https:\/\/blog.zeit.de\/fahrrad\/files\/2015\/02\/P8130191-524x540.jpg 524w, https:\/\/blog.zeit.de\/fahrrad\/files\/2015\/02\/P8130191.jpg 621w\" sizes=\"auto, (max-width: 524px) 100vw, 524px\" \/><figcaption id=\"caption-attachment-5833\" class=\"wp-caption-text\">Lucan-Tunnel in Kroatien \u00a9 Reidl<\/figcaption><\/figure><\/p>\n<p>Auf\u00a0einer Fahrradreise von Triest nach Rovinj\u00a0sind wir auf dem <a href=\"http:\/\/www.zeit.de\/reisen\/2014-04\/radwanderweg-parenzana-slowenien\" target=\"_blank\">Bahntrassenradweg\u00a0Parenzana<\/a> durch den 544 Meter langen Lucan-Tunnel gefahren. Das war bei der Hitze im Sommer komfortabel. An dem Tag w\u00e4ren wir gerne noch l\u00e4nger durch die gemauerte R\u00f6hre gefahren.<\/p>\n<p><em>So stellen sich die Architekten die Tunnel f\u00fcr Radfahrer und Fu\u00dfg\u00e4nger vor:<\/em><\/p>\n\n<div class=\"embed-wrapper embed-wrapper--blocked js-embed-consent\" data-method=\"iframe\">\n<script class=\"raw__source\" type=\"text\/template\"><iframe loading=\"lazy\" frameborder=\"0\" height=\"315\" src=\"https:\/\/www.youtube.com\/embed\/fkw8BngECz0\" width=\"560\"><\/iframe><\/script>\n<div class=\"embed-wrapper__inner\">\n<div class=\"embed-wrapper__text\">\n<h3>Empfohlener redaktioneller Inhalt<\/h3>\n<p data-replace=\"no\">An dieser Stelle finden Sie externen Inhalt, der den Artikel erg\u00e4nzt. Sie k\u00f6nnen sich externe Inhalte mit einem Klick anzeigen lassen und wieder ausblenden.<noscript>Bitte aktivieren Sie JavaScript damit Sie diesen Inhalt anzeigen k\u00f6nnen.<\/noscript><\/p>\n<\/div>\n<div class=\"embed-consent\">\n<label class=\"embed-consent__toggle\">\n<input class=\"js-embed-consent__toggle\" type=\"checkbox\" autocomplete=\"off\">\n<span><\/span>\nExterner Inhalt\n<\/label>\n<a href=\"https:\/\/www.zeit.de\/hilfe\/datenschutz\" target=\"_blank\" class=\"embed-consent__datalink-when-active\">Datenschutzerkl\u00e4rung<\/a>\n<\/div>\n<div class=\"embed-wrapper__footer\">\n<p data-replace=\"no\">\nIch bin damit einverstanden, dass mir externe Inhalte angezeigt werden. Damit k\u00f6nnen personenbezogene Daten an Drittplattformen \u00fcbermittelt werden. <a href=\"https:\/\/www.zeit.de\/hilfe\/datenschutz\" target=\"_blank\">Mehr dazu in unserer Datenschutzerkl\u00e4rung.<\/a>\n<\/p>\n<\/div>\n<\/div>\n<\/div>\n<p>&nbsp;<\/p>\n","protected":false},"excerpt":{"rendered":"<p>Ob ein schwimmender Radweg auf der Themse oder Radwege \u00fcber den Trassen der Nahverkehrsz\u00fcge: London ist immer wieder mit spektakul\u00e4ren Radwegepl\u00e4nen in den Medien. Ein viel diskutiertes Projekt kann nun bald real werden. Die f\u00fcr den Londoner Verkehr zust\u00e4ndige Dachorganisation, Transport for London, hat den ehrgeizigen Pl\u00e4nen von B\u00fcrgermeister Boris Johnson zugestimmt. Jetzt bekommt Englands [&hellip;]<\/p>\n","protected":false},"author":385,"featured_media":0,"comment_status":"open","ping_status":"open","sticky":false,"template":"","format":"standard","meta":{"_jetpack_memberships_contains_paid_content":false,"footnotes":""},"categories":[14080,187,1910],"tags":[33263,33260,8638,33264,33262,33261],"class_list":["post-5829","post","type-post","status-publish","format-standard","hentry","category-infrastruktur","category-politik","category-stadt","tag-fahrrad-highway","tag-fahrradhighways-radfahrer","tag-london","tag-separat-radweg","tag-transport-for-london","tag-tunnel"],"yoast_head":"<!-- This site is optimized with the Yoast SEO plugin v21.0 - https:\/\/yoast.com\/wordpress\/plugins\/seo\/ -->\n<title>London baut Fahrrad-Highways im Zentrum - Velophil<\/title>\n<meta name=\"description\" content=\"London setzt ein viel diskutiertes Radwege-Projekt um: Die Metropole baut zwei breite, vom restlichen Verkehr getrennte Fahrrad-Highways.\" \/>\n<meta name=\"robots\" content=\"index, follow, max-snippet:-1, max-image-preview:large, max-video-preview:-1\" \/>\n<link rel=\"canonical\" href=\"https:\/\/blog.zeit.de\/fahrrad\/2015\/02\/16\/neue-radwege-fuer-london\/\" \/>\n<meta property=\"og:locale\" content=\"de_DE\" \/>\n<meta property=\"og:type\" content=\"article\" \/>\n<meta property=\"og:title\" content=\"London baut Fahrrad-Highways im Zentrum - Velophil\" \/>\n<meta property=\"og:description\" content=\"London setzt ein viel diskutiertes Radwege-Projekt um: Die Metropole baut zwei breite, vom restlichen Verkehr getrennte Fahrrad-Highways.\" \/>\n<meta property=\"og:url\" content=\"https:\/\/blog.zeit.de\/fahrrad\/2015\/02\/16\/neue-radwege-fuer-london\/\" \/>\n<meta property=\"og:site_name\" content=\"Velophil\" \/>\n<meta property=\"article:published_time\" content=\"2015-02-16T10:39:15+00:00\" \/>\n<meta property=\"article:modified_time\" content=\"2015-02-16T11:14:13+00:00\" \/>\n<meta property=\"og:image\" content=\"https:\/\/blog.zeit.de\/fahrrad\/files\/2015\/02\/91106845-6024-480a-b1ca-68ef7b849e3a-1020x612-540x324.jpg\" \/>\n<meta name=\"author\" content=\"Andrea Reidl\" \/>\n<meta name=\"twitter:card\" content=\"summary_large_image\" \/>\n<meta name=\"twitter:creator\" content=\"@zeitonline\" \/>\n<meta name=\"twitter:site\" content=\"@zeitonline\" \/>\n<meta name=\"twitter:label1\" content=\"Geschrieben von\" \/>\n\t<meta name=\"twitter:data1\" content=\"Andrea Reidl\" \/>\n\t<meta name=\"twitter:label2\" content=\"Gesch\u00e4tzte Lesezeit\" \/>\n\t<meta name=\"twitter:data2\" content=\"3\u00a0Minuten\" \/>\n<script type=\"application\/ld+json\" class=\"yoast-schema-graph\">{\"@context\":\"https:\/\/schema.org\",\"@graph\":[{\"@type\":\"WebPage\",\"@id\":\"https:\/\/blog.zeit.de\/fahrrad\/2015\/02\/16\/neue-radwege-fuer-london\/\",\"url\":\"https:\/\/blog.zeit.de\/fahrrad\/2015\/02\/16\/neue-radwege-fuer-london\/\",\"name\":\"London baut Fahrrad-Highways im Zentrum - Velophil\",\"isPartOf\":{\"@id\":\"https:\/\/blog.zeit.de\/fahrrad\/#website\"},\"datePublished\":\"2015-02-16T10:39:15+00:00\",\"dateModified\":\"2015-02-16T11:14:13+00:00\",\"author\":{\"@id\":\"https:\/\/blog.zeit.de\/fahrrad\/#\/schema\/person\/9fe49d0d69e31b7d1d311f861f764dfc\"},\"description\":\"London setzt ein viel diskutiertes Radwege-Projekt um: Die Metropole baut zwei breite, vom restlichen Verkehr getrennte Fahrrad-Highways.\",\"breadcrumb\":{\"@id\":\"https:\/\/blog.zeit.de\/fahrrad\/2015\/02\/16\/neue-radwege-fuer-london\/#breadcrumb\"},\"inLanguage\":\"de\",\"potentialAction\":[{\"@type\":\"ReadAction\",\"target\":[\"https:\/\/blog.zeit.de\/fahrrad\/2015\/02\/16\/neue-radwege-fuer-london\/\"]}]},{\"@type\":\"BreadcrumbList\",\"@id\":\"https:\/\/blog.zeit.de\/fahrrad\/2015\/02\/16\/neue-radwege-fuer-london\/#breadcrumb\",\"itemListElement\":[{\"@type\":\"ListItem\",\"position\":1,\"name\":\"Startseite\",\"item\":\"https:\/\/blog.zeit.de\/fahrrad\/\"},{\"@type\":\"ListItem\",\"position\":2,\"name\":\"London baut Fahrrad-Highways im Zentrum\"}]},{\"@type\":\"WebSite\",\"@id\":\"https:\/\/blog.zeit.de\/fahrrad\/#website\",\"url\":\"https:\/\/blog.zeit.de\/fahrrad\/\",\"name\":\"Velophil\",\"description\":\"Das Fahrrad-Blog\",\"potentialAction\":[{\"@type\":\"SearchAction\",\"target\":{\"@type\":\"EntryPoint\",\"urlTemplate\":\"https:\/\/blog.zeit.de\/fahrrad\/?s={search_term_string}\"},\"query-input\":\"required name=search_term_string\"}],\"inLanguage\":\"de\"},{\"@type\":\"Person\",\"@id\":\"https:\/\/blog.zeit.de\/fahrrad\/#\/schema\/person\/9fe49d0d69e31b7d1d311f861f764dfc\",\"name\":\"Andrea Reidl\",\"image\":{\"@type\":\"ImageObject\",\"inLanguage\":\"de\",\"@id\":\"https:\/\/blog.zeit.de\/fahrrad\/#\/schema\/person\/image\/\",\"url\":\"https:\/\/secure.gravatar.com\/avatar\/52595868054cdd5e076af9664613db489c74a4ed484ee30b2f82136c624f1797?s=96&d=mm&r=g\",\"contentUrl\":\"https:\/\/secure.gravatar.com\/avatar\/52595868054cdd5e076af9664613db489c74a4ed484ee30b2f82136c624f1797?s=96&d=mm&r=g\",\"caption\":\"Andrea Reidl\"},\"url\":\"https:\/\/blog.zeit.de\/fahrrad\/author\/areidl\/\"}]}<\/script>\n<!-- \/ Yoast SEO plugin. -->","yoast_head_json":{"title":"London baut Fahrrad-Highways im Zentrum - Velophil","description":"London setzt ein viel diskutiertes Radwege-Projekt um: Die Metropole baut zwei breite, vom restlichen Verkehr getrennte Fahrrad-Highways.","robots":{"index":"index","follow":"follow","max-snippet":"max-snippet:-1","max-image-preview":"max-image-preview:large","max-video-preview":"max-video-preview:-1"},"canonical":"https:\/\/blog.zeit.de\/fahrrad\/2015\/02\/16\/neue-radwege-fuer-london\/","og_locale":"de_DE","og_type":"article","og_title":"London baut Fahrrad-Highways im Zentrum - Velophil","og_description":"London setzt ein viel diskutiertes Radwege-Projekt um: Die Metropole baut zwei breite, vom restlichen Verkehr getrennte Fahrrad-Highways.","og_url":"https:\/\/blog.zeit.de\/fahrrad\/2015\/02\/16\/neue-radwege-fuer-london\/","og_site_name":"Velophil","article_published_time":"2015-02-16T10:39:15+00:00","article_modified_time":"2015-02-16T11:14:13+00:00","og_image":[{"url":"https:\/\/blog.zeit.de\/fahrrad\/files\/2015\/02\/91106845-6024-480a-b1ca-68ef7b849e3a-1020x612-540x324.jpg"}],"author":"Andrea Reidl","twitter_card":"summary_large_image","twitter_creator":"@zeitonline","twitter_site":"@zeitonline","twitter_misc":{"Geschrieben von":"Andrea Reidl","Gesch\u00e4tzte Lesezeit":"3\u00a0Minuten"},"schema":{"@context":"https:\/\/schema.org","@graph":[{"@type":"WebPage","@id":"https:\/\/blog.zeit.de\/fahrrad\/2015\/02\/16\/neue-radwege-fuer-london\/","url":"https:\/\/blog.zeit.de\/fahrrad\/2015\/02\/16\/neue-radwege-fuer-london\/","name":"London baut Fahrrad-Highways im Zentrum - Velophil","isPartOf":{"@id":"https:\/\/blog.zeit.de\/fahrrad\/#website"},"datePublished":"2015-02-16T10:39:15+00:00","dateModified":"2015-02-16T11:14:13+00:00","author":{"@id":"https:\/\/blog.zeit.de\/fahrrad\/#\/schema\/person\/9fe49d0d69e31b7d1d311f861f764dfc"},"description":"London setzt ein viel diskutiertes Radwege-Projekt um: Die Metropole baut zwei breite, vom restlichen Verkehr getrennte Fahrrad-Highways.","breadcrumb":{"@id":"https:\/\/blog.zeit.de\/fahrrad\/2015\/02\/16\/neue-radwege-fuer-london\/#breadcrumb"},"inLanguage":"de","potentialAction":[{"@type":"ReadAction","target":["https:\/\/blog.zeit.de\/fahrrad\/2015\/02\/16\/neue-radwege-fuer-london\/"]}]},{"@type":"BreadcrumbList","@id":"https:\/\/blog.zeit.de\/fahrrad\/2015\/02\/16\/neue-radwege-fuer-london\/#breadcrumb","itemListElement":[{"@type":"ListItem","position":1,"name":"Startseite","item":"https:\/\/blog.zeit.de\/fahrrad\/"},{"@type":"ListItem","position":2,"name":"London baut Fahrrad-Highways im Zentrum"}]},{"@type":"WebSite","@id":"https:\/\/blog.zeit.de\/fahrrad\/#website","url":"https:\/\/blog.zeit.de\/fahrrad\/","name":"Velophil","description":"Das Fahrrad-Blog","potentialAction":[{"@type":"SearchAction","target":{"@type":"EntryPoint","urlTemplate":"https:\/\/blog.zeit.de\/fahrrad\/?s={search_term_string}"},"query-input":"required name=search_term_string"}],"inLanguage":"de"},{"@type":"Person","@id":"https:\/\/blog.zeit.de\/fahrrad\/#\/schema\/person\/9fe49d0d69e31b7d1d311f861f764dfc","name":"Andrea Reidl","image":{"@type":"ImageObject","inLanguage":"de","@id":"https:\/\/blog.zeit.de\/fahrrad\/#\/schema\/person\/image\/","url":"https:\/\/secure.gravatar.com\/avatar\/52595868054cdd5e076af9664613db489c74a4ed484ee30b2f82136c624f1797?s=96&d=mm&r=g","contentUrl":"https:\/\/secure.gravatar.com\/avatar\/52595868054cdd5e076af9664613db489c74a4ed484ee30b2f82136c624f1797?s=96&d=mm&r=g","caption":"Andrea Reidl"},"url":"https:\/\/blog.zeit.de\/fahrrad\/author\/areidl\/"}]}},"jetpack_featured_media_url":"","jetpack_sharing_enabled":true,"_links":{"self":[{"href":"https:\/\/blog.zeit.de\/fahrrad\/wp-json\/wp\/v2\/posts\/5829","targetHints":{"allow":["GET"]}}],"collection":[{"href":"https:\/\/blog.zeit.de\/fahrrad\/wp-json\/wp\/v2\/posts"}],"about":[{"href":"https:\/\/blog.zeit.de\/fahrrad\/wp-json\/wp\/v2\/types\/post"}],"author":[{"embeddable":true,"href":"https:\/\/blog.zeit.de\/fahrrad\/wp-json\/wp\/v2\/users\/385"}],"replies":[{"embeddable":true,"href":"https:\/\/blog.zeit.de\/fahrrad\/wp-json\/wp\/v2\/comments?post=5829"}],"version-history":[{"count":13,"href":"https:\/\/blog.zeit.de\/fahrrad\/wp-json\/wp\/v2\/posts\/5829\/revisions"}],"predecessor-version":[{"id":5847,"href":"https:\/\/blog.zeit.de\/fahrrad\/wp-json\/wp\/v2\/posts\/5829\/revisions\/5847"}],"wp:attachment":[{"href":"https:\/\/blog.zeit.de\/fahrrad\/wp-json\/wp\/v2\/media?parent=5829"}],"wp:term":[{"taxonomy":"category","embeddable":true,"href":"https:\/\/blog.zeit.de\/fahrrad\/wp-json\/wp\/v2\/categories?post=5829"},{"taxonomy":"post_tag","embeddable":true,"href":"https:\/\/blog.zeit.de\/fahrrad\/wp-json\/wp\/v2\/tags?post=5829"}],"curies":[{"name":"wp","href":"https:\/\/api.w.org\/{rel}","templated":true}]}}