{"id":6141,"date":"2015-04-20T16:34:09","date_gmt":"2015-04-20T14:34:09","guid":{"rendered":"http:\/\/blog.zeit.de\/fahrrad\/?p=6141"},"modified":"2015-04-21T12:04:14","modified_gmt":"2015-04-21T10:04:14","slug":"alternative-helmkonzepte-kopf-hoch","status":"publish","type":"post","link":"https:\/\/blog.zeit.de\/fahrrad\/2015\/04\/20\/alternative-helmkonzepte-kopf-hoch\/","title":{"rendered":"Sch\u00fctzt wie angegossen"},"content":{"rendered":"<p><figure id=\"attachment_6136\" aria-describedby=\"caption-attachment-6136\" style=\"width: 540px\" class=\"wp-caption aligncenter\"><img loading=\"lazy\" decoding=\"async\" class=\"wp-image-6136 size-medium\" src=\"https:\/\/blog.zeit.de\/fahrrad\/files\/2015\/04\/IMG_3325-540x392.jpg\" alt=\"Faltbarer Helm, der Brooks Carrera \u00a9 Reidl\" width=\"540\" height=\"392\" srcset=\"https:\/\/blog.zeit.de\/fahrrad\/files\/2015\/04\/IMG_3325-540x392.jpg 540w, https:\/\/blog.zeit.de\/fahrrad\/files\/2015\/04\/IMG_3325.jpg 639w\" sizes=\"auto, (max-width: 540px) 100vw, 540px\" \/><figcaption id=\"caption-attachment-6136\" class=\"wp-caption-text\">Faltbarer Helm: der Brooks Carrera \u00a9 Reidl<\/figcaption><\/figure><\/p>\n<p>Radfahren mit Helm oder ohne \u2013 das ist immer wieder ein Reizthema. Da in Deutschland keine Helmpflicht herrscht, ist es recht einfach: Jeder h\u00e4lt es so, wie er meint. Ich suche seit Monaten einen Helm f\u00fcr die Stadt. Ein Modell, das mir optisch gef\u00e4llt und das auch ergonomisch gut passt. Das ist, wie so oft mit Fahrradaccessoires, gar nicht so einfach.<\/p>\n<p><!--more--><\/p>\n<p>Ich habe keinen &#8222;Helmkopf&#8220;. Bei mir dauert es immer ewig, bis ich einen Helm passend eingestellt habe. Deshalb hat mir der Carrera von Brooks gefallen. Beim Aufsetzen f\u00fchlt er sich sofort gut an. Die Innenpolsterung erscheint wie Wildleder, ist aber aus einer hochwertigen synthetischen Faser gefertigt, die die Form gut h\u00e4lt. Die Polster schmiegen sich an die Kopfform. Den Kinnriemen stellt man leicht und unkompliziert ein.<\/p>\n<p>Rein vom Tragekomfort betrachtet ist er bislang mein Favorit. Au\u00dferdem ist es praktisch, dass er sich zusammenschieben und somit in Taschen verstauen l\u00e4sst. Mit dem dazu geh\u00f6rigen Lederriemen kann man ihn au\u00dferdem leicht zusammenhalten.<\/p>\n<p>In der aktuellen Ausgabe der Zeitschrift <em>aktiv Radfahren<\/em> wurden elf Helme getestet und bewertet, der\u00a0 Falthelm Brooks Carrera wurde au\u00dfer der Reihe getestet. In diesem Rahmen hat er gut abgeschnitten. Seine Werte entsprachen denen der anderen Helme. Au\u00dferdem wurde erw\u00e4hnt, dass er seitliche Schl\u00e4ge deutlich besser absorbiert als erwartet.<\/p>\n<p><figure id=\"attachment_6138\" aria-describedby=\"caption-attachment-6138\" style=\"width: 360px\" class=\"wp-caption aligncenter\"><img loading=\"lazy\" decoding=\"async\" class=\"wp-image-6138 size-medium\" src=\"https:\/\/blog.zeit.de\/fahrrad\/files\/2015\/04\/IMG_3360-360x540.jpg\" alt=\"Innenansicht des Brooks Carrera \u00a9 Reidl\" width=\"360\" height=\"540\" srcset=\"https:\/\/blog.zeit.de\/fahrrad\/files\/2015\/04\/IMG_3360-360x540.jpg 360w, https:\/\/blog.zeit.de\/fahrrad\/files\/2015\/04\/IMG_3360.jpg 426w\" sizes=\"auto, (max-width: 360px) 100vw, 360px\" \/><figcaption id=\"caption-attachment-6138\" class=\"wp-caption-text\">Innenansicht des Brooks Carrera \u00a9 Reidl<\/figcaption><\/figure><\/p>\n<p>Optisch gef\u00e4llt mir auch das M\u00fctzenmodell von Ribcap: kein klassischer Helm, sondern eine Strickm\u00fctze mit eingen\u00e4hten so genannten viskoelastischen Protektoren. Darunter versteht man einen Schaumstoff, der bei einem Aufprall die Energie aufnimmt und gleichm\u00e4\u00dfig verteilt. Professor R\u00e9my Willinger vom biomechanischen Institut der Universit\u00e4t Strasbourg hat die M\u00fctze getestet. In Zahlen ausgedr\u00fcckt erkl\u00e4rt das Verhalten der Ribcaps in etwa so: Die kritische Aufprallgeschwindigkeit von 2,9 Metern pro Sekunde, bei der mit gro\u00dfer Wahrscheinlichkeit eine Kopfverletzung auftritt, kann durch das Tragen von Ribcap um 55 Prozent auf 4,5 Meter pro Sekunde erh\u00f6ht werden.<\/p>\n<p><figure id=\"attachment_6137\" aria-describedby=\"caption-attachment-6137\" style=\"width: 540px\" class=\"wp-caption aligncenter\"><img loading=\"lazy\" decoding=\"async\" class=\"wp-image-6137 size-medium\" src=\"https:\/\/blog.zeit.de\/fahrrad\/files\/2015\/04\/IMG_3363-540x498.jpg\" alt=\"Kopfschutz: M\u00fctze mit Protektoren \u00a9 Reidl\" width=\"540\" height=\"498\" srcset=\"https:\/\/blog.zeit.de\/fahrrad\/files\/2015\/04\/IMG_3363-540x498.jpg 540w, https:\/\/blog.zeit.de\/fahrrad\/files\/2015\/04\/IMG_3363.jpg 639w\" sizes=\"auto, (max-width: 540px) 100vw, 540px\" \/><figcaption id=\"caption-attachment-6137\" class=\"wp-caption-text\">Kopfschutz: M\u00fctze mit Protektoren \u00a9 Reidl<\/figcaption><\/figure><\/p>\n<p>Man muss schon genau hinsehen, damit man die Ribcap als Helm-Ersatz wahrnimmt. Die M\u00fctze ist weniger effektiv als eine herk\u00f6mmliche Schutzschale, aber immerhin besser, als komplett &#8222;oben ohne&#8220; zu fahren.<\/p>\n<p>Eine \u00dcberraschung ist das \u00fcberarbeitete Modell des H\u00f6vding \u2013 dem &#8222;Airbag&#8220; unter den Helmen. In dem Schalkragen sind Akku, Airbag und Sensoren verstaut, die im Fall eines Unfalls ausl\u00f6sen: Dann st\u00fclpt sich der Airbag trockenhaubengleich um den Kopf des St\u00fcrzenden. Von der Vorg\u00e4ngerversion war ich im Winter entt\u00e4uscht (siehe <a href=\"https:\/\/blog.zeit.de\/fahrrad\/2014\/12\/01\/helmtest-hoevding\/\" target=\"_blank\">hier<\/a>). Das nachgebesserte Modell ist 140 Gramm leichter, das Material bedeutend weicher, am Hals ist die neue Generation des H\u00f6vding etwas weiter und geschwungen geschnitten, und auch der Rei\u00dfverschluss l\u00e4sst sich jetzt leichter schlie\u00dfen.<\/p>\n<p><figure id=\"attachment_6140\" aria-describedby=\"caption-attachment-6140\" style=\"width: 540px\" class=\"wp-caption aligncenter\"><img loading=\"lazy\" decoding=\"async\" class=\"wp-image-6140 size-medium\" src=\"https:\/\/blog.zeit.de\/fahrrad\/files\/2015\/04\/IMG_3332-540x445.jpg\" alt=\"Der H\u00f6vding 2.0 ist weiter und leichter als das Vorg\u00e4ngermodell \u00a9 Reidl\" width=\"540\" height=\"445\" srcset=\"https:\/\/blog.zeit.de\/fahrrad\/files\/2015\/04\/IMG_3332-540x445.jpg 540w, https:\/\/blog.zeit.de\/fahrrad\/files\/2015\/04\/IMG_3332.jpg 639w\" sizes=\"auto, (max-width: 540px) 100vw, 540px\" \/><figcaption id=\"caption-attachment-6140\" class=\"wp-caption-text\">Der H\u00f6vding 2.0 ist weiter als das Vorg\u00e4ngermodell. \u00a9 Reidl<\/figcaption><\/figure><\/p>\n<p>Legt man die Modelle nebeneinander, ist der Unterschied klein. Beim Tragen ist er jedoch gro\u00df. Lag beim Vorg\u00e4ngermodell der Keil im R\u00fccken sp\u00fcrbar auf, ist er bei der 2.0-Version unauff\u00e4llig. Ich habe den H\u00f6vding zwei Stunden auf dem Fahrrad getragen, wie zuvor eher in gestreckter Position auf einem Fitnessrad, und habe den Kragen v\u00f6llig vergessen. Auch \u00fcber der Winterjacke schn\u00fcrt er am Hals nicht mehr ein.<\/p>\n<p>Der H\u00f6vding sch\u00fctzt bei einem Sturz einen gr\u00f6\u00dferen Bereich als ein herk\u00f6mmlicher Fahrradhelm. Der Hersteller erw\u00e4hnt ausdr\u00fccklich, dass er f\u00fcr Standardfahrr\u00e4der sowie f\u00fcr Minir\u00e4der und Faltr\u00e4der konzipiert ist und nicht f\u00fcr Extremsportarten oder f\u00fcrs Mountainbiken. Damit wird die <span style=\"color: #222222;\">CE-gepr\u00fcfte <\/span>Neuversion des Kragens auch in Bezug auf den Tragekomfort eine echte Alternative zum konventionellen Helm in der Stadt.<\/p>\n<p><figure id=\"attachment_6139\" aria-describedby=\"caption-attachment-6139\" style=\"width: 540px\" class=\"wp-caption aligncenter\"><img loading=\"lazy\" decoding=\"async\" class=\"wp-image-6139 size-medium\" src=\"https:\/\/blog.zeit.de\/fahrrad\/files\/2015\/04\/IMG_3354-540x398.jpg\" alt=\"Der untere \u00fcberarbeitete Kragen bietet deutlich mehr Tragekomfort \u00a9 Reidl\" width=\"540\" height=\"398\" srcset=\"https:\/\/blog.zeit.de\/fahrrad\/files\/2015\/04\/IMG_3354-540x398.jpg 540w, https:\/\/blog.zeit.de\/fahrrad\/files\/2015\/04\/IMG_3354.jpg 639w\" sizes=\"auto, (max-width: 540px) 100vw, 540px\" \/><figcaption id=\"caption-attachment-6139\" class=\"wp-caption-text\">Der untere \u00fcberarbeitete Kragen bietet deutlich mehr Tragekomfort \u00a9 Reidl<\/figcaption><\/figure><\/p>\n","protected":false},"excerpt":{"rendered":"<p>Radfahren mit Helm oder ohne \u2013 das ist immer wieder ein Reizthema. Da in Deutschland keine Helmpflicht herrscht, ist es recht einfach: Jeder h\u00e4lt es so, wie er meint. Ich suche seit Monaten einen Helm f\u00fcr die Stadt. Ein Modell, das mir optisch gef\u00e4llt und das auch ergonomisch gut passt. Das ist, wie so oft [&hellip;]<\/p>\n","protected":false},"author":385,"featured_media":0,"comment_status":"open","ping_status":"open","sticky":false,"template":"","format":"standard","meta":{"_jetpack_memberships_contains_paid_content":false,"footnotes":""},"categories":[23037,1692],"tags":[33299,24920,33297,33298],"class_list":["post-6141","post","type-post","status-publish","format-standard","hentry","category-accessoire","category-mode","tag-brooks-carrera","tag-helm","tag-hoevding-2-0","tag-ribcap"],"yoast_head":"<!-- This site is optimized with the Yoast SEO plugin v21.0 - https:\/\/yoast.com\/wordpress\/plugins\/seo\/ -->\n<title>Sch\u00fctzt wie angegossen - Velophil<\/title>\n<meta name=\"robots\" content=\"index, follow, max-snippet:-1, max-image-preview:large, max-video-preview:-1\" \/>\n<link rel=\"canonical\" href=\"https:\/\/blog.zeit.de\/fahrrad\/2015\/04\/20\/alternative-helmkonzepte-kopf-hoch\/\" \/>\n<meta property=\"og:locale\" content=\"de_DE\" \/>\n<meta property=\"og:type\" content=\"article\" \/>\n<meta property=\"og:title\" content=\"Sch\u00fctzt wie angegossen - Velophil\" \/>\n<meta property=\"og:description\" content=\"Radfahren mit Helm oder ohne \u2013 das ist immer wieder ein Reizthema. Da in Deutschland keine Helmpflicht herrscht, ist es recht einfach: Jeder h\u00e4lt es so, wie er meint. Ich suche seit Monaten einen Helm f\u00fcr die Stadt. Ein Modell, das mir optisch gef\u00e4llt und das auch ergonomisch gut passt. Das ist, wie so oft [&hellip;]\" \/>\n<meta property=\"og:url\" content=\"https:\/\/blog.zeit.de\/fahrrad\/2015\/04\/20\/alternative-helmkonzepte-kopf-hoch\/\" \/>\n<meta property=\"og:site_name\" content=\"Velophil\" \/>\n<meta property=\"article:published_time\" content=\"2015-04-20T14:34:09+00:00\" \/>\n<meta property=\"article:modified_time\" content=\"2015-04-21T10:04:14+00:00\" \/>\n<meta property=\"og:image\" content=\"https:\/\/blog.zeit.de\/fahrrad\/files\/2015\/04\/IMG_3325-540x392.jpg\" \/>\n<meta name=\"author\" content=\"Andrea Reidl\" \/>\n<meta name=\"twitter:card\" content=\"summary_large_image\" \/>\n<meta name=\"twitter:creator\" content=\"@zeitonline\" \/>\n<meta name=\"twitter:site\" content=\"@zeitonline\" \/>\n<meta name=\"twitter:label1\" content=\"Geschrieben von\" \/>\n\t<meta name=\"twitter:data1\" content=\"Andrea Reidl\" \/>\n\t<meta name=\"twitter:label2\" content=\"Gesch\u00e4tzte Lesezeit\" \/>\n\t<meta name=\"twitter:data2\" content=\"3\u00a0Minuten\" \/>\n<script type=\"application\/ld+json\" class=\"yoast-schema-graph\">{\"@context\":\"https:\/\/schema.org\",\"@graph\":[{\"@type\":\"WebPage\",\"@id\":\"https:\/\/blog.zeit.de\/fahrrad\/2015\/04\/20\/alternative-helmkonzepte-kopf-hoch\/\",\"url\":\"https:\/\/blog.zeit.de\/fahrrad\/2015\/04\/20\/alternative-helmkonzepte-kopf-hoch\/\",\"name\":\"Sch\u00fctzt wie angegossen - Velophil\",\"isPartOf\":{\"@id\":\"https:\/\/blog.zeit.de\/fahrrad\/#website\"},\"datePublished\":\"2015-04-20T14:34:09+00:00\",\"dateModified\":\"2015-04-21T10:04:14+00:00\",\"author\":{\"@id\":\"https:\/\/blog.zeit.de\/fahrrad\/#\/schema\/person\/9fe49d0d69e31b7d1d311f861f764dfc\"},\"breadcrumb\":{\"@id\":\"https:\/\/blog.zeit.de\/fahrrad\/2015\/04\/20\/alternative-helmkonzepte-kopf-hoch\/#breadcrumb\"},\"inLanguage\":\"de\",\"potentialAction\":[{\"@type\":\"ReadAction\",\"target\":[\"https:\/\/blog.zeit.de\/fahrrad\/2015\/04\/20\/alternative-helmkonzepte-kopf-hoch\/\"]}]},{\"@type\":\"BreadcrumbList\",\"@id\":\"https:\/\/blog.zeit.de\/fahrrad\/2015\/04\/20\/alternative-helmkonzepte-kopf-hoch\/#breadcrumb\",\"itemListElement\":[{\"@type\":\"ListItem\",\"position\":1,\"name\":\"Startseite\",\"item\":\"https:\/\/blog.zeit.de\/fahrrad\/\"},{\"@type\":\"ListItem\",\"position\":2,\"name\":\"Sch\u00fctzt wie angegossen\"}]},{\"@type\":\"WebSite\",\"@id\":\"https:\/\/blog.zeit.de\/fahrrad\/#website\",\"url\":\"https:\/\/blog.zeit.de\/fahrrad\/\",\"name\":\"Velophil\",\"description\":\"Das Fahrrad-Blog\",\"potentialAction\":[{\"@type\":\"SearchAction\",\"target\":{\"@type\":\"EntryPoint\",\"urlTemplate\":\"https:\/\/blog.zeit.de\/fahrrad\/?s={search_term_string}\"},\"query-input\":\"required name=search_term_string\"}],\"inLanguage\":\"de\"},{\"@type\":\"Person\",\"@id\":\"https:\/\/blog.zeit.de\/fahrrad\/#\/schema\/person\/9fe49d0d69e31b7d1d311f861f764dfc\",\"name\":\"Andrea Reidl\",\"image\":{\"@type\":\"ImageObject\",\"inLanguage\":\"de\",\"@id\":\"https:\/\/blog.zeit.de\/fahrrad\/#\/schema\/person\/image\/\",\"url\":\"https:\/\/secure.gravatar.com\/avatar\/52595868054cdd5e076af9664613db489c74a4ed484ee30b2f82136c624f1797?s=96&d=mm&r=g\",\"contentUrl\":\"https:\/\/secure.gravatar.com\/avatar\/52595868054cdd5e076af9664613db489c74a4ed484ee30b2f82136c624f1797?s=96&d=mm&r=g\",\"caption\":\"Andrea Reidl\"},\"url\":\"https:\/\/blog.zeit.de\/fahrrad\/author\/areidl\/\"}]}<\/script>\n<!-- \/ Yoast SEO plugin. -->","yoast_head_json":{"title":"Sch\u00fctzt wie angegossen - Velophil","robots":{"index":"index","follow":"follow","max-snippet":"max-snippet:-1","max-image-preview":"max-image-preview:large","max-video-preview":"max-video-preview:-1"},"canonical":"https:\/\/blog.zeit.de\/fahrrad\/2015\/04\/20\/alternative-helmkonzepte-kopf-hoch\/","og_locale":"de_DE","og_type":"article","og_title":"Sch\u00fctzt wie angegossen - Velophil","og_description":"Radfahren mit Helm oder ohne \u2013 das ist immer wieder ein Reizthema. Da in Deutschland keine Helmpflicht herrscht, ist es recht einfach: Jeder h\u00e4lt es so, wie er meint. Ich suche seit Monaten einen Helm f\u00fcr die Stadt. Ein Modell, das mir optisch gef\u00e4llt und das auch ergonomisch gut passt. Das ist, wie so oft [&hellip;]","og_url":"https:\/\/blog.zeit.de\/fahrrad\/2015\/04\/20\/alternative-helmkonzepte-kopf-hoch\/","og_site_name":"Velophil","article_published_time":"2015-04-20T14:34:09+00:00","article_modified_time":"2015-04-21T10:04:14+00:00","og_image":[{"url":"https:\/\/blog.zeit.de\/fahrrad\/files\/2015\/04\/IMG_3325-540x392.jpg"}],"author":"Andrea Reidl","twitter_card":"summary_large_image","twitter_creator":"@zeitonline","twitter_site":"@zeitonline","twitter_misc":{"Geschrieben von":"Andrea Reidl","Gesch\u00e4tzte Lesezeit":"3\u00a0Minuten"},"schema":{"@context":"https:\/\/schema.org","@graph":[{"@type":"WebPage","@id":"https:\/\/blog.zeit.de\/fahrrad\/2015\/04\/20\/alternative-helmkonzepte-kopf-hoch\/","url":"https:\/\/blog.zeit.de\/fahrrad\/2015\/04\/20\/alternative-helmkonzepte-kopf-hoch\/","name":"Sch\u00fctzt wie angegossen - Velophil","isPartOf":{"@id":"https:\/\/blog.zeit.de\/fahrrad\/#website"},"datePublished":"2015-04-20T14:34:09+00:00","dateModified":"2015-04-21T10:04:14+00:00","author":{"@id":"https:\/\/blog.zeit.de\/fahrrad\/#\/schema\/person\/9fe49d0d69e31b7d1d311f861f764dfc"},"breadcrumb":{"@id":"https:\/\/blog.zeit.de\/fahrrad\/2015\/04\/20\/alternative-helmkonzepte-kopf-hoch\/#breadcrumb"},"inLanguage":"de","potentialAction":[{"@type":"ReadAction","target":["https:\/\/blog.zeit.de\/fahrrad\/2015\/04\/20\/alternative-helmkonzepte-kopf-hoch\/"]}]},{"@type":"BreadcrumbList","@id":"https:\/\/blog.zeit.de\/fahrrad\/2015\/04\/20\/alternative-helmkonzepte-kopf-hoch\/#breadcrumb","itemListElement":[{"@type":"ListItem","position":1,"name":"Startseite","item":"https:\/\/blog.zeit.de\/fahrrad\/"},{"@type":"ListItem","position":2,"name":"Sch\u00fctzt wie angegossen"}]},{"@type":"WebSite","@id":"https:\/\/blog.zeit.de\/fahrrad\/#website","url":"https:\/\/blog.zeit.de\/fahrrad\/","name":"Velophil","description":"Das Fahrrad-Blog","potentialAction":[{"@type":"SearchAction","target":{"@type":"EntryPoint","urlTemplate":"https:\/\/blog.zeit.de\/fahrrad\/?s={search_term_string}"},"query-input":"required name=search_term_string"}],"inLanguage":"de"},{"@type":"Person","@id":"https:\/\/blog.zeit.de\/fahrrad\/#\/schema\/person\/9fe49d0d69e31b7d1d311f861f764dfc","name":"Andrea Reidl","image":{"@type":"ImageObject","inLanguage":"de","@id":"https:\/\/blog.zeit.de\/fahrrad\/#\/schema\/person\/image\/","url":"https:\/\/secure.gravatar.com\/avatar\/52595868054cdd5e076af9664613db489c74a4ed484ee30b2f82136c624f1797?s=96&d=mm&r=g","contentUrl":"https:\/\/secure.gravatar.com\/avatar\/52595868054cdd5e076af9664613db489c74a4ed484ee30b2f82136c624f1797?s=96&d=mm&r=g","caption":"Andrea Reidl"},"url":"https:\/\/blog.zeit.de\/fahrrad\/author\/areidl\/"}]}},"jetpack_featured_media_url":"","jetpack_sharing_enabled":true,"_links":{"self":[{"href":"https:\/\/blog.zeit.de\/fahrrad\/wp-json\/wp\/v2\/posts\/6141","targetHints":{"allow":["GET"]}}],"collection":[{"href":"https:\/\/blog.zeit.de\/fahrrad\/wp-json\/wp\/v2\/posts"}],"about":[{"href":"https:\/\/blog.zeit.de\/fahrrad\/wp-json\/wp\/v2\/types\/post"}],"author":[{"embeddable":true,"href":"https:\/\/blog.zeit.de\/fahrrad\/wp-json\/wp\/v2\/users\/385"}],"replies":[{"embeddable":true,"href":"https:\/\/blog.zeit.de\/fahrrad\/wp-json\/wp\/v2\/comments?post=6141"}],"version-history":[{"count":11,"href":"https:\/\/blog.zeit.de\/fahrrad\/wp-json\/wp\/v2\/posts\/6141\/revisions"}],"predecessor-version":[{"id":6154,"href":"https:\/\/blog.zeit.de\/fahrrad\/wp-json\/wp\/v2\/posts\/6141\/revisions\/6154"}],"wp:attachment":[{"href":"https:\/\/blog.zeit.de\/fahrrad\/wp-json\/wp\/v2\/media?parent=6141"}],"wp:term":[{"taxonomy":"category","embeddable":true,"href":"https:\/\/blog.zeit.de\/fahrrad\/wp-json\/wp\/v2\/categories?post=6141"},{"taxonomy":"post_tag","embeddable":true,"href":"https:\/\/blog.zeit.de\/fahrrad\/wp-json\/wp\/v2\/tags?post=6141"}],"curies":[{"name":"wp","href":"https:\/\/api.w.org\/{rel}","templated":true}]}}