{"id":6278,"date":"2015-05-26T11:18:52","date_gmt":"2015-05-26T09:18:52","guid":{"rendered":"http:\/\/blog.zeit.de\/fahrrad\/?p=6278"},"modified":"2015-05-26T11:18:53","modified_gmt":"2015-05-26T09:18:53","slug":"altonaer-bicycle-club-radfahren-im-park","status":"publish","type":"post","link":"https:\/\/blog.zeit.de\/fahrrad\/2015\/05\/26\/altonaer-bicycle-club-radfahren-im-park\/","title":{"rendered":"Altonaer Bicycle Club: Radfahren im Park"},"content":{"rendered":"<p><figure id=\"attachment_6284\" aria-describedby=\"caption-attachment-6284\" style=\"width: 540px\" class=\"wp-caption aligncenter\"><img loading=\"lazy\" decoding=\"async\" class=\"wp-image-6284 size-medium\" src=\"https:\/\/blog.zeit.de\/fahrrad\/files\/2015\/05\/IMG_3503-540x414.jpg\" alt=\" \u00a9 Reidl\" width=\"540\" height=\"414\" srcset=\"https:\/\/blog.zeit.de\/fahrrad\/files\/2015\/05\/IMG_3503-540x414.jpg 540w, https:\/\/blog.zeit.de\/fahrrad\/files\/2015\/05\/IMG_3503.jpg 638w\" sizes=\"auto, (max-width: 540px) 100vw, 540px\" \/><figcaption id=\"caption-attachment-6284\" class=\"wp-caption-text\">\u00a9 Reidl<\/figcaption><\/figure><\/p>\n<p>Manchmal ist weniger mehr. Das haben am Wochenende die Mitglieder des Altonaer Bicycle Club (ABC) gezeigt, bei ihren ersten &#8222;Altonaer Bicycle Days&#8220; im August-L\u00fctgens-Park in Hamburg. Neben einer kleinen, aber feinen Auswahl an historischen R\u00e4dern gab es verschiedene Vorf\u00fchrungen wie Radball, Kunstradfahren oder eine Ausfahrt am Samstagabend durch Hamburg, je nach Belieben auf historischen oder neuen R\u00e4dern. Die Radsportler und Sammler wollten mit ihrer Veranstaltung jedermann ansprechen. Das ist ihnen gelungen.<!--more--><\/p>\n<p><figure id=\"attachment_6294\" aria-describedby=\"caption-attachment-6294\" style=\"width: 540px\" class=\"wp-caption aligncenter\"><img loading=\"lazy\" decoding=\"async\" class=\"wp-image-6294 size-medium\" src=\"https:\/\/blog.zeit.de\/fahrrad\/files\/2015\/05\/IMG_3507-540x362.jpg\" alt=\" \u00a9 Reidl\" width=\"540\" height=\"362\" srcset=\"https:\/\/blog.zeit.de\/fahrrad\/files\/2015\/05\/IMG_3507-540x362.jpg 540w, https:\/\/blog.zeit.de\/fahrrad\/files\/2015\/05\/IMG_3507.jpg 639w\" sizes=\"auto, (max-width: 540px) 100vw, 540px\" \/><figcaption id=\"caption-attachment-6294\" class=\"wp-caption-text\">\u00a9 Reidl<\/figcaption><\/figure><\/p>\n<p>Wir waren sp\u00e4t dran. Die Aussteller vom Flohmarkt hatten schon eingepackt, doch ein Dutzend Besucher sah sich die R\u00e4der an, die mitten im Park aufgebaut waren. Die Sammler hatten Zeit. Am Rand sa\u00df ein Mann mit gr\u00fcner Melone auf einem roten Fahrrad und spielte auf seinem Akkordeon alte Gassenhauer. Erst beim N\u00e4herkommen erkannten wir, dass er mit jeder Pedalumdrehung ein kleines Karussell antrieb.<\/p>\n<p><figure id=\"attachment_6283\" aria-describedby=\"caption-attachment-6283\" style=\"width: 540px\" class=\"wp-caption aligncenter\"><img loading=\"lazy\" decoding=\"async\" class=\"wp-image-6283 size-medium\" src=\"https:\/\/blog.zeit.de\/fahrrad\/files\/2015\/05\/IMG_3497-540x360.jpg\" alt=\" \u00a9 Reidl\" width=\"540\" height=\"360\" srcset=\"https:\/\/blog.zeit.de\/fahrrad\/files\/2015\/05\/IMG_3497-540x360.jpg 540w, https:\/\/blog.zeit.de\/fahrrad\/files\/2015\/05\/IMG_3497.jpg 639w\" sizes=\"auto, (max-width: 540px) 100vw, 540px\" \/><figcaption id=\"caption-attachment-6283\" class=\"wp-caption-text\">\u00a9 Reidl<\/figcaption><\/figure><\/p>\n<p>Ihm gegen\u00fcber hatten die Mitglieder vom ABC rund zwei Dutzend ihrer Lieblingsr\u00e4der platziert. Viele waren Alltagsr\u00e4der, wie sie vor vierzig, f\u00fcnfzig Jahren auf den Stra\u00dfen unterwegs waren. Wer wollte, durfte eine Runde drehen. Die wahren Sch\u00e4tze standen wettergesch\u00fctzt im Haus des Stadtteilzentrums ein paar Schritte weiter.<\/p>\n<p><figure id=\"attachment_6290\" aria-describedby=\"caption-attachment-6290\" style=\"width: 540px\" class=\"wp-caption aligncenter\"><img loading=\"lazy\" decoding=\"async\" class=\"wp-image-6290 size-medium\" src=\"https:\/\/blog.zeit.de\/fahrrad\/files\/2015\/05\/IMG_3532-540x423.jpg\" alt=\"\u00a9 Reidl\" width=\"540\" height=\"423\" srcset=\"https:\/\/blog.zeit.de\/fahrrad\/files\/2015\/05\/IMG_3532-540x423.jpg 540w, https:\/\/blog.zeit.de\/fahrrad\/files\/2015\/05\/IMG_3532.jpg 639w\" sizes=\"auto, (max-width: 540px) 100vw, 540px\" \/><figcaption id=\"caption-attachment-6290\" class=\"wp-caption-text\">\u00a9 Reidl<\/figcaption><\/figure><\/p>\n<p>Besonders beliebt war bei den Besuchern die hellblaue Rikscha. Wenn sie erstmal rollte, ging das Fahren erstaunlich leicht. Zwar erinnerte die Federung im ersten Moment an Uromas ausgeleierte Matratze, aber nach wenigen Metern hatte man sich an das Schwingen gew\u00f6hnt und rollte gem\u00fctlich durch den Park.<\/p>\n<p><figure id=\"attachment_6291\" aria-describedby=\"caption-attachment-6291\" style=\"width: 540px\" class=\"wp-caption aligncenter\"><img loading=\"lazy\" decoding=\"async\" class=\"wp-image-6291 size-medium\" src=\"https:\/\/blog.zeit.de\/fahrrad\/files\/2015\/05\/IMG_3536-540x360.jpg\" alt=\"Kinderfahrrad \u00a9 Reidl\" width=\"540\" height=\"360\" srcset=\"https:\/\/blog.zeit.de\/fahrrad\/files\/2015\/05\/IMG_3536-540x360.jpg 540w, https:\/\/blog.zeit.de\/fahrrad\/files\/2015\/05\/IMG_3536.jpg 639w\" sizes=\"auto, (max-width: 540px) 100vw, 540px\" \/><figcaption id=\"caption-attachment-6291\" class=\"wp-caption-text\">Kinderfahrrad \u00a9 Reidl<\/figcaption><\/figure><\/p>\n<p>Im Haus war direkt am Eingang ein seltenes M\u00e4dchenrad von 1920 aufgebaut. &#8222;Kinderr\u00e4der waren fr\u00fcher so teuer wie Erwachsenenr\u00e4der und dementsprechend selten&#8220;, sagte Nico Thomas, Mitglied beim ABC. Er hat das Rad vor zwei Monaten in einer alten Scheune mit 47 anderen Fahrr\u00e4dern entdeckt. Der Sammler hatte einen Tipp bekommen. Am folgenden Samstag fuhr er hin. Sein Gl\u00fcck, denn am Montag wanderte der komplette Inhalt der Scheune auf den Schrottplatz.<\/p>\n<p><figure id=\"attachment_6287\" aria-describedby=\"caption-attachment-6287\" style=\"width: 360px\" class=\"wp-caption aligncenter\"><img loading=\"lazy\" decoding=\"async\" class=\"wp-image-6287 size-medium\" src=\"https:\/\/blog.zeit.de\/fahrrad\/files\/2015\/05\/IMG_3550-360x540.jpg\" alt=\"\u00a9 Reidl\" width=\"360\" height=\"540\" srcset=\"https:\/\/blog.zeit.de\/fahrrad\/files\/2015\/05\/IMG_3550-360x540.jpg 360w, https:\/\/blog.zeit.de\/fahrrad\/files\/2015\/05\/IMG_3550.jpg 426w\" sizes=\"auto, (max-width: 360px) 100vw, 360px\" \/><figcaption id=\"caption-attachment-6287\" class=\"wp-caption-text\">\u00a9 Reidl<\/figcaption><\/figure><\/p>\n<p>Sammler tr\u00e4umen von solchen Anrufen. Erst am Tag zuvor hatte ein Anwohner den ABClern eine Standarte des ehemaligen Kieler Arbeiterradsportvereins f\u00fcr die Ausstellung \u00fcberreicht. Ihre Geschichte ist eine besondere. Dass die rote Fahne erhalten ist, sei das Verdienst des Fahrradh\u00e4ndlers Walter Ernst aus Kiel, berichteten die Fahrradliebhaber. Er habe das Banner, das die Solidarit\u00e4ts-Insignien des Arbeiterradfahrerbundes tr\u00e4gt, in den 1930er Jahren in sein Sofa eingen\u00e4ht. Dort habe es den Zweiten Weltkrieg und die NS-Zeit \u00fcberstanden, sagte Thomas.<\/p>\n<p><figure id=\"attachment_6289\" aria-describedby=\"caption-attachment-6289\" style=\"width: 360px\" class=\"wp-caption aligncenter\"><img loading=\"lazy\" decoding=\"async\" class=\"wp-image-6289 size-medium\" src=\"https:\/\/blog.zeit.de\/fahrrad\/files\/2015\/05\/IMG_3543-360x540.jpg\" alt=\"\u00a9 Reidl\" width=\"360\" height=\"540\" srcset=\"https:\/\/blog.zeit.de\/fahrrad\/files\/2015\/05\/IMG_3543-360x540.jpg 360w, https:\/\/blog.zeit.de\/fahrrad\/files\/2015\/05\/IMG_3543.jpg 426w\" sizes=\"auto, (max-width: 360px) 100vw, 360px\" \/><figcaption id=\"caption-attachment-6289\" class=\"wp-caption-text\">\u00a9 Reidl<\/figcaption><\/figure><\/p>\n<p>Au\u00dfergew\u00f6hnlich ist auch das ausgestellte kleine Hochrad. Auf dem Beistelltisch wirkt es wie ein Puppenfahrrad. Aber laut ABC wurde es von Karl Schulz, dem Sohn des einst ber\u00fchmten Hamburger Kunstradfahrers Richard Schulz (1868-1911) regelm\u00e4\u00dfig benutzt, wenn die beiden gemeinsam unterwegs waren. Das Kinderfoto (oben links) zeigt Karl Schulz als Kind auf dem ausgestellten Rad.<\/p>\n<p><figure id=\"attachment_6288\" aria-describedby=\"caption-attachment-6288\" style=\"width: 540px\" class=\"wp-caption aligncenter\"><img loading=\"lazy\" decoding=\"async\" class=\"wp-image-6288 size-medium\" src=\"https:\/\/blog.zeit.de\/fahrrad\/files\/2015\/05\/IMG_3544-540x358.jpg\" alt=\"\u00a9 Reidl\" width=\"540\" height=\"358\" srcset=\"https:\/\/blog.zeit.de\/fahrrad\/files\/2015\/05\/IMG_3544-540x358.jpg 540w, https:\/\/blog.zeit.de\/fahrrad\/files\/2015\/05\/IMG_3544.jpg 639w\" sizes=\"auto, (max-width: 540px) 100vw, 540px\" \/><figcaption id=\"caption-attachment-6288\" class=\"wp-caption-text\">\u00a9 Reidl<\/figcaption><\/figure><\/p>\n<p>F\u00fcr viele Details ben\u00f6tigte der Besucher eine Erkl\u00e4rung der Sammler, um ihren Nutzwert zu verstehen. &#8222;Die Pistole hatte den Zweck, die damals recht wilden Hofhunde zu verscheuchen&#8220;, sagte Thomas. Ebenso die meterlangen Peitschen, die oft am Lenker der Hochr\u00e4der befestigt waren. Die Fu\u00dfrasten am Vorderrad waren zum Ausruhen gedacht oder f\u00fcr Abfahrten. Da die R\u00e4der allesamt einen starren Gang besa\u00dfen, konnten die Fahrer ihre F\u00fc\u00dfe dort bei schnellen Talfahrten abstellen.<\/p>\n<p><figure id=\"attachment_6280\" aria-describedby=\"caption-attachment-6280\" style=\"width: 360px\" class=\"wp-caption aligncenter\"><img loading=\"lazy\" decoding=\"async\" class=\"wp-image-6280 size-medium\" src=\"https:\/\/blog.zeit.de\/fahrrad\/files\/2015\/05\/IMG_3588-360x540.jpg\" alt=\"Fu\u00dfrasten am Hochrad \u00a9 Reidl\" width=\"360\" height=\"540\" srcset=\"https:\/\/blog.zeit.de\/fahrrad\/files\/2015\/05\/IMG_3588-360x540.jpg 360w, https:\/\/blog.zeit.de\/fahrrad\/files\/2015\/05\/IMG_3588.jpg 426w\" sizes=\"auto, (max-width: 360px) 100vw, 360px\" \/><figcaption id=\"caption-attachment-6280\" class=\"wp-caption-text\">Fu\u00dfrasten am Hochrad \u00a9 Reidl<\/figcaption><\/figure><\/p>\n<p><figure id=\"attachment_6281\" aria-describedby=\"caption-attachment-6281\" style=\"width: 360px\" class=\"wp-caption aligncenter\"><img loading=\"lazy\" decoding=\"async\" class=\"wp-image-6281 size-medium\" src=\"https:\/\/blog.zeit.de\/fahrrad\/files\/2015\/05\/IMG_3584-360x540.jpg\" alt=\"\u00a9 Reidl\" width=\"360\" height=\"540\" srcset=\"https:\/\/blog.zeit.de\/fahrrad\/files\/2015\/05\/IMG_3584-360x540.jpg 360w, https:\/\/blog.zeit.de\/fahrrad\/files\/2015\/05\/IMG_3584.jpg 426w\" sizes=\"auto, (max-width: 360px) 100vw, 360px\" \/><figcaption id=\"caption-attachment-6281\" class=\"wp-caption-text\">\u00a9 Reidl<\/figcaption><\/figure><\/p>\n<p><figure id=\"attachment_6285\" aria-describedby=\"caption-attachment-6285\" style=\"width: 540px\" class=\"wp-caption aligncenter\"><img loading=\"lazy\" decoding=\"async\" class=\"wp-image-6285 size-medium\" src=\"https:\/\/blog.zeit.de\/fahrrad\/files\/2015\/05\/IMG_3602-540x360.jpg\" alt=\"Fahrradst\u00e4nder \u00a9 Reidl\" width=\"540\" height=\"360\" srcset=\"https:\/\/blog.zeit.de\/fahrrad\/files\/2015\/05\/IMG_3602-540x360.jpg 540w, https:\/\/blog.zeit.de\/fahrrad\/files\/2015\/05\/IMG_3602.jpg 639w\" sizes=\"auto, (max-width: 540px) 100vw, 540px\" \/><figcaption id=\"caption-attachment-6285\" class=\"wp-caption-text\">Fahrradst\u00e4nder \u00a9 Reidl<\/figcaption><\/figure><\/p>\n<p>Die Ausstellung war \u00fcbersichtlich, aber gut zusammengestellt. Gerade das machte ihren Charme aus. Die Besucher erhielten schnell einen Einblick in die Besonderheiten des Radfahrens in verschiedenen Epochen. Au\u00dferdem wollen die Mitglieder des ABC, dass man nicht nur zwischen den R\u00e4dern umherwandert, sondern sie auch ausprobiert. Selbst im Haus war so viel Platz, dass Kinder zwischen den historischen R\u00e4dern auf dem winzigen Rad herumkurven konnten. So entspannt macht der Besuch von Ausstellungen wirklich der ganzen Familie Spa\u00df.<\/p>\n<p><figure id=\"attachment_6282\" aria-describedby=\"caption-attachment-6282\" style=\"width: 361px\" class=\"wp-caption aligncenter\"><img loading=\"lazy\" decoding=\"async\" class=\"wp-image-6282 size-medium\" src=\"https:\/\/blog.zeit.de\/fahrrad\/files\/2015\/05\/IMG_3572-361x540.jpg\" alt=\"\u00a9 Reidl\" width=\"361\" height=\"540\" srcset=\"https:\/\/blog.zeit.de\/fahrrad\/files\/2015\/05\/IMG_3572-361x540.jpg 361w, https:\/\/blog.zeit.de\/fahrrad\/files\/2015\/05\/IMG_3572.jpg 426w\" sizes=\"auto, (max-width: 361px) 100vw, 361px\" \/><figcaption id=\"caption-attachment-6282\" class=\"wp-caption-text\">\u00a9 Reidl<\/figcaption><\/figure><\/p>\n","protected":false},"excerpt":{"rendered":"<p>Manchmal ist weniger mehr. Das haben am Wochenende die Mitglieder des Altonaer Bicycle Club (ABC) gezeigt, bei ihren ersten &#8222;Altonaer Bicycle Days&#8220; im August-L\u00fctgens-Park in Hamburg. Neben einer kleinen, aber feinen Auswahl an historischen R\u00e4dern gab es verschiedene Vorf\u00fchrungen wie Radball, Kunstradfahren oder eine Ausfahrt am Samstagabend durch Hamburg, je nach Belieben auf historischen oder [&hellip;]<\/p>\n","protected":false},"author":385,"featured_media":0,"comment_status":"open","ping_status":"open","sticky":false,"template":"","format":"standard","meta":{"_jetpack_memberships_contains_paid_content":false,"footnotes":""},"categories":[23031,23033,1910,8660],"tags":[22,30907],"class_list":["post-6278","post","type-post","status-publish","format-standard","hentry","category-leute","category-rader","category-stadt","category-termine","tag-ausstellung","tag-historische-fahrraeder"],"yoast_head":"<!-- This site is optimized with the Yoast SEO plugin v21.0 - https:\/\/yoast.com\/wordpress\/plugins\/seo\/ -->\n<title>Altonaer Bicycle Club: Radfahren im Park - Velophil<\/title>\n<meta name=\"robots\" content=\"index, follow, max-snippet:-1, max-image-preview:large, max-video-preview:-1\" \/>\n<link rel=\"canonical\" href=\"https:\/\/blog.zeit.de\/fahrrad\/2015\/05\/26\/altonaer-bicycle-club-radfahren-im-park\/\" \/>\n<meta property=\"og:locale\" content=\"de_DE\" \/>\n<meta property=\"og:type\" content=\"article\" \/>\n<meta property=\"og:title\" content=\"Altonaer Bicycle Club: Radfahren im Park - Velophil\" \/>\n<meta property=\"og:description\" content=\"Manchmal ist weniger mehr. Das haben am Wochenende die Mitglieder des Altonaer Bicycle Club (ABC) gezeigt, bei ihren ersten &#8222;Altonaer Bicycle Days&#8220; im August-L\u00fctgens-Park in Hamburg. Neben einer kleinen, aber feinen Auswahl an historischen R\u00e4dern gab es verschiedene Vorf\u00fchrungen wie Radball, Kunstradfahren oder eine Ausfahrt am Samstagabend durch Hamburg, je nach Belieben auf historischen oder [&hellip;]\" \/>\n<meta property=\"og:url\" content=\"https:\/\/blog.zeit.de\/fahrrad\/2015\/05\/26\/altonaer-bicycle-club-radfahren-im-park\/\" \/>\n<meta property=\"og:site_name\" content=\"Velophil\" \/>\n<meta property=\"article:published_time\" content=\"2015-05-26T09:18:52+00:00\" \/>\n<meta property=\"article:modified_time\" content=\"2015-05-26T09:18:53+00:00\" \/>\n<meta property=\"og:image\" content=\"https:\/\/blog.zeit.de\/fahrrad\/files\/2015\/05\/IMG_3503-540x414.jpg\" \/>\n<meta name=\"author\" content=\"Andrea Reidl\" \/>\n<meta name=\"twitter:card\" content=\"summary_large_image\" \/>\n<meta name=\"twitter:creator\" content=\"@zeitonline\" \/>\n<meta name=\"twitter:site\" content=\"@zeitonline\" \/>\n<meta name=\"twitter:label1\" content=\"Geschrieben von\" \/>\n\t<meta name=\"twitter:data1\" content=\"Andrea Reidl\" \/>\n\t<meta name=\"twitter:label2\" content=\"Gesch\u00e4tzte Lesezeit\" \/>\n\t<meta name=\"twitter:data2\" content=\"4\u00a0Minuten\" \/>\n<script type=\"application\/ld+json\" class=\"yoast-schema-graph\">{\"@context\":\"https:\/\/schema.org\",\"@graph\":[{\"@type\":\"WebPage\",\"@id\":\"https:\/\/blog.zeit.de\/fahrrad\/2015\/05\/26\/altonaer-bicycle-club-radfahren-im-park\/\",\"url\":\"https:\/\/blog.zeit.de\/fahrrad\/2015\/05\/26\/altonaer-bicycle-club-radfahren-im-park\/\",\"name\":\"Altonaer Bicycle Club: Radfahren im Park - Velophil\",\"isPartOf\":{\"@id\":\"https:\/\/blog.zeit.de\/fahrrad\/#website\"},\"datePublished\":\"2015-05-26T09:18:52+00:00\",\"dateModified\":\"2015-05-26T09:18:53+00:00\",\"author\":{\"@id\":\"https:\/\/blog.zeit.de\/fahrrad\/#\/schema\/person\/9fe49d0d69e31b7d1d311f861f764dfc\"},\"breadcrumb\":{\"@id\":\"https:\/\/blog.zeit.de\/fahrrad\/2015\/05\/26\/altonaer-bicycle-club-radfahren-im-park\/#breadcrumb\"},\"inLanguage\":\"de\",\"potentialAction\":[{\"@type\":\"ReadAction\",\"target\":[\"https:\/\/blog.zeit.de\/fahrrad\/2015\/05\/26\/altonaer-bicycle-club-radfahren-im-park\/\"]}]},{\"@type\":\"BreadcrumbList\",\"@id\":\"https:\/\/blog.zeit.de\/fahrrad\/2015\/05\/26\/altonaer-bicycle-club-radfahren-im-park\/#breadcrumb\",\"itemListElement\":[{\"@type\":\"ListItem\",\"position\":1,\"name\":\"Startseite\",\"item\":\"https:\/\/blog.zeit.de\/fahrrad\/\"},{\"@type\":\"ListItem\",\"position\":2,\"name\":\"Altonaer Bicycle Club: Radfahren im Park\"}]},{\"@type\":\"WebSite\",\"@id\":\"https:\/\/blog.zeit.de\/fahrrad\/#website\",\"url\":\"https:\/\/blog.zeit.de\/fahrrad\/\",\"name\":\"Velophil\",\"description\":\"Das Fahrrad-Blog\",\"potentialAction\":[{\"@type\":\"SearchAction\",\"target\":{\"@type\":\"EntryPoint\",\"urlTemplate\":\"https:\/\/blog.zeit.de\/fahrrad\/?s={search_term_string}\"},\"query-input\":\"required name=search_term_string\"}],\"inLanguage\":\"de\"},{\"@type\":\"Person\",\"@id\":\"https:\/\/blog.zeit.de\/fahrrad\/#\/schema\/person\/9fe49d0d69e31b7d1d311f861f764dfc\",\"name\":\"Andrea Reidl\",\"image\":{\"@type\":\"ImageObject\",\"inLanguage\":\"de\",\"@id\":\"https:\/\/blog.zeit.de\/fahrrad\/#\/schema\/person\/image\/\",\"url\":\"https:\/\/secure.gravatar.com\/avatar\/52595868054cdd5e076af9664613db489c74a4ed484ee30b2f82136c624f1797?s=96&d=mm&r=g\",\"contentUrl\":\"https:\/\/secure.gravatar.com\/avatar\/52595868054cdd5e076af9664613db489c74a4ed484ee30b2f82136c624f1797?s=96&d=mm&r=g\",\"caption\":\"Andrea Reidl\"},\"url\":\"https:\/\/blog.zeit.de\/fahrrad\/author\/areidl\/\"}]}<\/script>\n<!-- \/ Yoast SEO plugin. -->","yoast_head_json":{"title":"Altonaer Bicycle Club: Radfahren im Park - Velophil","robots":{"index":"index","follow":"follow","max-snippet":"max-snippet:-1","max-image-preview":"max-image-preview:large","max-video-preview":"max-video-preview:-1"},"canonical":"https:\/\/blog.zeit.de\/fahrrad\/2015\/05\/26\/altonaer-bicycle-club-radfahren-im-park\/","og_locale":"de_DE","og_type":"article","og_title":"Altonaer Bicycle Club: Radfahren im Park - Velophil","og_description":"Manchmal ist weniger mehr. Das haben am Wochenende die Mitglieder des Altonaer Bicycle Club (ABC) gezeigt, bei ihren ersten &#8222;Altonaer Bicycle Days&#8220; im August-L\u00fctgens-Park in Hamburg. Neben einer kleinen, aber feinen Auswahl an historischen R\u00e4dern gab es verschiedene Vorf\u00fchrungen wie Radball, Kunstradfahren oder eine Ausfahrt am Samstagabend durch Hamburg, je nach Belieben auf historischen oder [&hellip;]","og_url":"https:\/\/blog.zeit.de\/fahrrad\/2015\/05\/26\/altonaer-bicycle-club-radfahren-im-park\/","og_site_name":"Velophil","article_published_time":"2015-05-26T09:18:52+00:00","article_modified_time":"2015-05-26T09:18:53+00:00","og_image":[{"url":"https:\/\/blog.zeit.de\/fahrrad\/files\/2015\/05\/IMG_3503-540x414.jpg"}],"author":"Andrea Reidl","twitter_card":"summary_large_image","twitter_creator":"@zeitonline","twitter_site":"@zeitonline","twitter_misc":{"Geschrieben von":"Andrea Reidl","Gesch\u00e4tzte Lesezeit":"4\u00a0Minuten"},"schema":{"@context":"https:\/\/schema.org","@graph":[{"@type":"WebPage","@id":"https:\/\/blog.zeit.de\/fahrrad\/2015\/05\/26\/altonaer-bicycle-club-radfahren-im-park\/","url":"https:\/\/blog.zeit.de\/fahrrad\/2015\/05\/26\/altonaer-bicycle-club-radfahren-im-park\/","name":"Altonaer Bicycle Club: Radfahren im Park - Velophil","isPartOf":{"@id":"https:\/\/blog.zeit.de\/fahrrad\/#website"},"datePublished":"2015-05-26T09:18:52+00:00","dateModified":"2015-05-26T09:18:53+00:00","author":{"@id":"https:\/\/blog.zeit.de\/fahrrad\/#\/schema\/person\/9fe49d0d69e31b7d1d311f861f764dfc"},"breadcrumb":{"@id":"https:\/\/blog.zeit.de\/fahrrad\/2015\/05\/26\/altonaer-bicycle-club-radfahren-im-park\/#breadcrumb"},"inLanguage":"de","potentialAction":[{"@type":"ReadAction","target":["https:\/\/blog.zeit.de\/fahrrad\/2015\/05\/26\/altonaer-bicycle-club-radfahren-im-park\/"]}]},{"@type":"BreadcrumbList","@id":"https:\/\/blog.zeit.de\/fahrrad\/2015\/05\/26\/altonaer-bicycle-club-radfahren-im-park\/#breadcrumb","itemListElement":[{"@type":"ListItem","position":1,"name":"Startseite","item":"https:\/\/blog.zeit.de\/fahrrad\/"},{"@type":"ListItem","position":2,"name":"Altonaer Bicycle Club: Radfahren im Park"}]},{"@type":"WebSite","@id":"https:\/\/blog.zeit.de\/fahrrad\/#website","url":"https:\/\/blog.zeit.de\/fahrrad\/","name":"Velophil","description":"Das Fahrrad-Blog","potentialAction":[{"@type":"SearchAction","target":{"@type":"EntryPoint","urlTemplate":"https:\/\/blog.zeit.de\/fahrrad\/?s={search_term_string}"},"query-input":"required name=search_term_string"}],"inLanguage":"de"},{"@type":"Person","@id":"https:\/\/blog.zeit.de\/fahrrad\/#\/schema\/person\/9fe49d0d69e31b7d1d311f861f764dfc","name":"Andrea Reidl","image":{"@type":"ImageObject","inLanguage":"de","@id":"https:\/\/blog.zeit.de\/fahrrad\/#\/schema\/person\/image\/","url":"https:\/\/secure.gravatar.com\/avatar\/52595868054cdd5e076af9664613db489c74a4ed484ee30b2f82136c624f1797?s=96&d=mm&r=g","contentUrl":"https:\/\/secure.gravatar.com\/avatar\/52595868054cdd5e076af9664613db489c74a4ed484ee30b2f82136c624f1797?s=96&d=mm&r=g","caption":"Andrea Reidl"},"url":"https:\/\/blog.zeit.de\/fahrrad\/author\/areidl\/"}]}},"jetpack_featured_media_url":"","jetpack_sharing_enabled":true,"_links":{"self":[{"href":"https:\/\/blog.zeit.de\/fahrrad\/wp-json\/wp\/v2\/posts\/6278","targetHints":{"allow":["GET"]}}],"collection":[{"href":"https:\/\/blog.zeit.de\/fahrrad\/wp-json\/wp\/v2\/posts"}],"about":[{"href":"https:\/\/blog.zeit.de\/fahrrad\/wp-json\/wp\/v2\/types\/post"}],"author":[{"embeddable":true,"href":"https:\/\/blog.zeit.de\/fahrrad\/wp-json\/wp\/v2\/users\/385"}],"replies":[{"embeddable":true,"href":"https:\/\/blog.zeit.de\/fahrrad\/wp-json\/wp\/v2\/comments?post=6278"}],"version-history":[{"count":6,"href":"https:\/\/blog.zeit.de\/fahrrad\/wp-json\/wp\/v2\/posts\/6278\/revisions"}],"predecessor-version":[{"id":6299,"href":"https:\/\/blog.zeit.de\/fahrrad\/wp-json\/wp\/v2\/posts\/6278\/revisions\/6299"}],"wp:attachment":[{"href":"https:\/\/blog.zeit.de\/fahrrad\/wp-json\/wp\/v2\/media?parent=6278"}],"wp:term":[{"taxonomy":"category","embeddable":true,"href":"https:\/\/blog.zeit.de\/fahrrad\/wp-json\/wp\/v2\/categories?post=6278"},{"taxonomy":"post_tag","embeddable":true,"href":"https:\/\/blog.zeit.de\/fahrrad\/wp-json\/wp\/v2\/tags?post=6278"}],"curies":[{"name":"wp","href":"https:\/\/api.w.org\/{rel}","templated":true}]}}