{"id":6400,"date":"2015-06-19T10:45:49","date_gmt":"2015-06-19T08:45:49","guid":{"rendered":"http:\/\/blog.zeit.de\/fahrrad\/?p=6400"},"modified":"2015-06-21T17:34:06","modified_gmt":"2015-06-21T15:34:06","slug":"fahrradhelm-kampagne-darth-vader","status":"publish","type":"post","link":"https:\/\/blog.zeit.de\/fahrrad\/2015\/06\/19\/fahrradhelm-kampagne-darth-vader\/","title":{"rendered":"Viel Spott f\u00fcr Helm-Kampagne mit Darth Vader"},"content":{"rendered":"<p><figure id=\"attachment_6404\" aria-describedby=\"caption-attachment-6404\" style=\"width: 540px\" class=\"wp-caption aligncenter\"><img loading=\"lazy\" decoding=\"async\" class=\"wp-image-6404 size-medium\" src=\"https:\/\/blog.zeit.de\/fahrrad\/files\/2015\/06\/150518-BesserObenOhne-Bild-Kopie-540x443.jpg\" alt=\"Die dunkle Seite am Fahrradhelm\" width=\"540\" height=\"443\" srcset=\"https:\/\/blog.zeit.de\/fahrrad\/files\/2015\/06\/150518-BesserObenOhne-Bild-Kopie-540x443.jpg 540w, https:\/\/blog.zeit.de\/fahrrad\/files\/2015\/06\/150518-BesserObenOhne-Bild-Kopie.jpg 639w\" sizes=\"auto, (max-width: 540px) 100vw, 540px\" \/><figcaption id=\"caption-attachment-6404\" class=\"wp-caption-text\">\u00a9 Initiative clevere St\u00e4dte<\/figcaption><\/figure><\/p>\n<p>Darth Vader und Bundesverkehrsminister Alexander Dobrindt (CSU) machen seit ein paar Wochen gemeinsame Sache. Beim Nationalen Radverkehrskongress wurde der B\u00f6sewicht aus der\u00a0<em>Star-Wars<\/em>-Kinosaga als das, nun ja, Gesicht f\u00fcr Dobrindts neue Helmkampagne vorgestellt. In sechs gro\u00dfen St\u00e4dten wurde Darth Vader in Originalgr\u00f6\u00dfe plakatiert mit dem Slogan: &#8222;Die Saga geht weiter: Dank Helm. Gilt in jeder Galaxie. Und auf dem Fahrrad.&#8220; Kaum waren die Plakate trocken, begannen die Kritiker zu spotten und sie zu bekritzeln \u2013 kein Wunder.<!--more--><\/p>\n<p>Mehr Aufsehen w\u00e4re Dobrindt gewiss gewesen, wenn er selbst als Radfahrer mit Helm auf dem Plakat erschienen w\u00e4re. Damit h\u00e4tte er alle Menschen \u00fcberrascht, die sich politisch oder wissenschaftlich mit dem Thema Radfahren besch\u00e4ftigen. Denn wo immer es ums urbane Radeln geht, gl\u00e4nzt der Minister durch Abwesenheit.<\/p>\n<p>Er besuchte weder die Eurobike im vergangenen Jahr noch den vierten Nationalen Radverkehrskongress in Potsdam. Radfahren scheint den Minister nicht wirklich zu interessieren. Neue Medien dagegen schon. So war Dobrindt 2014 und 2015 bei der Verleihung des Deutschen Computerspielpreises, um selbst die Troph\u00e4e zu \u00fcberreichen. Die Verkn\u00fcpfung mit digitaler Infrastruktur und Elektromobilit\u00e4t liegt ihm auch beim geplanten Radweg Deutsche Einheit, der von Bonn nach Berlin f\u00fchren soll, am Herzen.<\/p>\n<p>Nat\u00fcrlich ist auch die Darth-Vader-Kampagne mit sozialen Netzwerken verkn\u00fcpft. Wer sich oder seine Freunde mit dem Plakat fotografiert und das Bild twittert (#dankhelm), nimmt an einem Gewinnspiel teil.<\/p>\n<p><strong>Verdienter Spott<\/strong><\/p>\n<p>Sp\u00f6ttern und Aktivisten h\u00e4tte der Minister keinen gr\u00f6\u00dferen Gefallen tun k\u00f6nnen. Gleich nach Kampagnenstart hat die Initiative Clevere St\u00e4dte blankgezogen und das obere Foto \u00fcber Twitter verbreitet. Die Lastenrad-Experten vom VCD haben auch gleich die Chance ergriffen und das Plakat in ihrem Sinne umgedeutet.<\/p>\n<p><figure id=\"attachment_6399\" aria-describedby=\"caption-attachment-6399\" style=\"width: 480px\" class=\"wp-caption aligncenter\"><img loading=\"lazy\" decoding=\"async\" class=\"size-full wp-image-6399\" src=\"https:\/\/blog.zeit.de\/fahrrad\/files\/2015\/06\/CFYRz5pWEAA5ZbU.jpg\" alt=\"\u00a9 VCD\" width=\"480\" height=\"442\" \/><figcaption id=\"caption-attachment-6399\" class=\"wp-caption-text\">\u00a9 VCD<\/figcaption><\/figure><\/p>\n<p>In Bonn h\u00e4ngen offenbar diverse \u00fcberklebte Plakate mit Texten wie: &#8222;Ich habe Schuppen, dank Helm&#8220;, \u201eIch bin ein Monster, dank Helm\u201c oder \u201eIch bin Single, dank Helm\u201c. Die andere Variante ist: &#8222;Gilt in jeder Galaxie. Und beim Treppensteigen&#8220;, &#8222;&#8230; unter der Dusche&#8220;, &#8222;&#8230; bei der Hausarbeit&#8220; oder: &#8222;&#8230; im Auto&#8220;. Die Fotos davon findet man <a href=\"http:\/\/www.copenhagenize.com\/2015\/05\/hacking-german-safety-campaign-with.html\" target=\"_blank\">hier<\/a> auf der Website von Copenhagenize.<\/p>\n<p>Den Spott hat sich der Minister verdient. Es ist ein Witz, sich den gr\u00f6\u00dften Weltraumschurken der Filmgeschichte f\u00fcr eine Imagekampagne zu w\u00e4hlen. Wer Darth Vader aus den Filmen kennt, stellt niemals die Verbindung her zu Helmtragen und Sicherheit im Stra\u00dfenverkehr. Die Vorstellung allein ist schon absurd. &#8222;Das Imperium radelt zur\u00fcck&#8220;?!?<\/p>\n<p>Die Kampagne bringt auch keine neuen Aspekte in die Helmdiskussion. Im Grunde ist sie nur abschreckend und zeigt das Gegenteil von dem, was Radfahren in geeigneten St\u00e4dten eigentlich ist: n\u00e4mlich leicht und unbeschwert.<\/p>\n<p><strong>Herr Dobrindt, machen Sie&#8217;s wie Boris Johnson<\/strong><\/p>\n<p>Ein Blick in L\u00e4nder mit hohem Radverkehrsanteil zeigt: Radfahren in St\u00e4dten wie Groningen, Kopenhagen und Amsterdam funktioniert zwanglos. Es steht f\u00fcr ein gutes Miteinander auf den Radwegen. In diesen St\u00e4dten wird nicht zwangsl\u00e4ufig viel Helm getragen \u2013 im Gegenteil, die Mehrheit radelt oben ohne.<\/p>\n<p>Die Wahlfreiheit besteht hierzulande gl\u00fccklicherweise auch. Jeder kann gute Gr\u00fcnde anf\u00fchren, warum er oder sie einen Helm tr\u00e4gt oder warum gerade nicht. Die Entscheidung trifft jeder Erwachsene f\u00fcr sich, je nach Vorhaben, Rad, Strecke und Tempo.<\/p>\n<p>Die Helmkampagne des Verkehrsministeriums ist kurios. Sie zeigt, dass sich die Entscheider nicht mit dem Thema auseinandersetzen und anscheinend selbst jahrelang nicht mit dem Rad unterwegs waren. Einen schlechteren Botschafter als Darth Vader gibt es kaum.<\/p>\n<p>Mich h\u00e4tte eine andere Art der Kampagne pro Radfahren beeindruckt: Dobrindt auf dem Weg zur Arbeit auf dem Fahrrad, gerne auch mit Helm. Und das nicht nur ein paar Minuten lang, w\u00e4hrend das Foto f\u00fcr ein Werbeplakat geschossen wird, sondern bitte im echten Leben. So wie Boris Johnson. Der Londoner B\u00fcrgermeister tr\u00e4gt Helm, wenn er auf dem Fahrrad durch die Metropole f\u00e4hrt. Johnson braucht keine Kampagne. Er investiert das Geld lieber in Infrastruktur \u2013 f\u00fcr Radfahrer.<\/p>\n","protected":false},"excerpt":{"rendered":"<p>Darth Vader und Bundesverkehrsminister Alexander Dobrindt (CSU) machen seit ein paar Wochen gemeinsame Sache. Beim Nationalen Radverkehrskongress wurde der B\u00f6sewicht aus der\u00a0Star-Wars-Kinosaga als das, nun ja, Gesicht f\u00fcr Dobrindts neue Helmkampagne vorgestellt. In sechs gro\u00dfen St\u00e4dten wurde Darth Vader in Originalgr\u00f6\u00dfe plakatiert mit dem Slogan: &#8222;Die Saga geht weiter: Dank Helm. Gilt in jeder Galaxie. [&hellip;]<\/p>\n","protected":false},"author":385,"featured_media":0,"comment_status":"open","ping_status":"open","sticky":false,"template":"","format":"standard","meta":{"_jetpack_memberships_contains_paid_content":false,"footnotes":""},"categories":[1],"tags":[33327,33326,24920,1322],"class_list":["post-6400","post","type-post","status-publish","format-standard","hentry","category-uncategorized","tag-alexander-dobrindt","tag-darth-vader","tag-helm","tag-kampagne"],"yoast_head":"<!-- This site is optimized with the Yoast SEO plugin v21.0 - https:\/\/yoast.com\/wordpress\/plugins\/seo\/ -->\n<title>Die dunkle Seite am Fahrradhelm<\/title>\n<meta name=\"description\" content=\"Das Verkehrsministerium wirbt mit Darth Vader f\u00fcr den Fahrradhelm. Und erntet nur Spott. Zu Recht.\" \/>\n<meta name=\"robots\" content=\"index, follow, max-snippet:-1, max-image-preview:large, max-video-preview:-1\" \/>\n<link rel=\"canonical\" href=\"https:\/\/blog.zeit.de\/fahrrad\/2015\/06\/19\/fahrradhelm-kampagne-darth-vader\/\" \/>\n<meta property=\"og:locale\" content=\"de_DE\" \/>\n<meta property=\"og:type\" content=\"article\" \/>\n<meta property=\"og:title\" content=\"Die dunkle Seite am Fahrradhelm\" \/>\n<meta property=\"og:description\" content=\"Das Verkehrsministerium wirbt mit Darth Vader f\u00fcr den Fahrradhelm. Und erntet nur Spott. Zu Recht.\" \/>\n<meta property=\"og:url\" content=\"https:\/\/blog.zeit.de\/fahrrad\/2015\/06\/19\/fahrradhelm-kampagne-darth-vader\/\" \/>\n<meta property=\"og:site_name\" content=\"Velophil\" \/>\n<meta property=\"article:published_time\" content=\"2015-06-19T08:45:49+00:00\" \/>\n<meta property=\"article:modified_time\" content=\"2015-06-21T15:34:06+00:00\" \/>\n<meta property=\"og:image\" content=\"https:\/\/blog.zeit.de\/fahrrad\/files\/2015\/06\/150518-BesserObenOhne-Bild-Kopie-540x443.jpg\" \/>\n<meta name=\"author\" content=\"Andrea Reidl\" \/>\n<meta name=\"twitter:card\" content=\"summary_large_image\" \/>\n<meta name=\"twitter:creator\" content=\"@zeitonline\" \/>\n<meta name=\"twitter:site\" content=\"@zeitonline\" \/>\n<meta name=\"twitter:label1\" content=\"Geschrieben von\" \/>\n\t<meta name=\"twitter:data1\" content=\"Andrea Reidl\" \/>\n\t<meta name=\"twitter:label2\" content=\"Gesch\u00e4tzte Lesezeit\" \/>\n\t<meta name=\"twitter:data2\" content=\"3\u00a0Minuten\" \/>\n<script type=\"application\/ld+json\" class=\"yoast-schema-graph\">{\"@context\":\"https:\/\/schema.org\",\"@graph\":[{\"@type\":\"WebPage\",\"@id\":\"https:\/\/blog.zeit.de\/fahrrad\/2015\/06\/19\/fahrradhelm-kampagne-darth-vader\/\",\"url\":\"https:\/\/blog.zeit.de\/fahrrad\/2015\/06\/19\/fahrradhelm-kampagne-darth-vader\/\",\"name\":\"Die dunkle Seite am Fahrradhelm\",\"isPartOf\":{\"@id\":\"https:\/\/blog.zeit.de\/fahrrad\/#website\"},\"datePublished\":\"2015-06-19T08:45:49+00:00\",\"dateModified\":\"2015-06-21T15:34:06+00:00\",\"author\":{\"@id\":\"https:\/\/blog.zeit.de\/fahrrad\/#\/schema\/person\/9fe49d0d69e31b7d1d311f861f764dfc\"},\"description\":\"Das Verkehrsministerium wirbt mit Darth Vader f\u00fcr den Fahrradhelm. Und erntet nur Spott. Zu Recht.\",\"breadcrumb\":{\"@id\":\"https:\/\/blog.zeit.de\/fahrrad\/2015\/06\/19\/fahrradhelm-kampagne-darth-vader\/#breadcrumb\"},\"inLanguage\":\"de\",\"potentialAction\":[{\"@type\":\"ReadAction\",\"target\":[\"https:\/\/blog.zeit.de\/fahrrad\/2015\/06\/19\/fahrradhelm-kampagne-darth-vader\/\"]}]},{\"@type\":\"BreadcrumbList\",\"@id\":\"https:\/\/blog.zeit.de\/fahrrad\/2015\/06\/19\/fahrradhelm-kampagne-darth-vader\/#breadcrumb\",\"itemListElement\":[{\"@type\":\"ListItem\",\"position\":1,\"name\":\"Startseite\",\"item\":\"https:\/\/blog.zeit.de\/fahrrad\/\"},{\"@type\":\"ListItem\",\"position\":2,\"name\":\"Viel Spott f\u00fcr Helm-Kampagne mit Darth Vader\"}]},{\"@type\":\"WebSite\",\"@id\":\"https:\/\/blog.zeit.de\/fahrrad\/#website\",\"url\":\"https:\/\/blog.zeit.de\/fahrrad\/\",\"name\":\"Velophil\",\"description\":\"Das Fahrrad-Blog\",\"potentialAction\":[{\"@type\":\"SearchAction\",\"target\":{\"@type\":\"EntryPoint\",\"urlTemplate\":\"https:\/\/blog.zeit.de\/fahrrad\/?s={search_term_string}\"},\"query-input\":\"required name=search_term_string\"}],\"inLanguage\":\"de\"},{\"@type\":\"Person\",\"@id\":\"https:\/\/blog.zeit.de\/fahrrad\/#\/schema\/person\/9fe49d0d69e31b7d1d311f861f764dfc\",\"name\":\"Andrea Reidl\",\"image\":{\"@type\":\"ImageObject\",\"inLanguage\":\"de\",\"@id\":\"https:\/\/blog.zeit.de\/fahrrad\/#\/schema\/person\/image\/\",\"url\":\"https:\/\/secure.gravatar.com\/avatar\/52595868054cdd5e076af9664613db489c74a4ed484ee30b2f82136c624f1797?s=96&d=mm&r=g\",\"contentUrl\":\"https:\/\/secure.gravatar.com\/avatar\/52595868054cdd5e076af9664613db489c74a4ed484ee30b2f82136c624f1797?s=96&d=mm&r=g\",\"caption\":\"Andrea Reidl\"},\"url\":\"https:\/\/blog.zeit.de\/fahrrad\/author\/areidl\/\"}]}<\/script>\n<!-- \/ Yoast SEO plugin. -->","yoast_head_json":{"title":"Die dunkle Seite am Fahrradhelm","description":"Das Verkehrsministerium wirbt mit Darth Vader f\u00fcr den Fahrradhelm. Und erntet nur Spott. Zu Recht.","robots":{"index":"index","follow":"follow","max-snippet":"max-snippet:-1","max-image-preview":"max-image-preview:large","max-video-preview":"max-video-preview:-1"},"canonical":"https:\/\/blog.zeit.de\/fahrrad\/2015\/06\/19\/fahrradhelm-kampagne-darth-vader\/","og_locale":"de_DE","og_type":"article","og_title":"Die dunkle Seite am Fahrradhelm","og_description":"Das Verkehrsministerium wirbt mit Darth Vader f\u00fcr den Fahrradhelm. Und erntet nur Spott. Zu Recht.","og_url":"https:\/\/blog.zeit.de\/fahrrad\/2015\/06\/19\/fahrradhelm-kampagne-darth-vader\/","og_site_name":"Velophil","article_published_time":"2015-06-19T08:45:49+00:00","article_modified_time":"2015-06-21T15:34:06+00:00","og_image":[{"url":"https:\/\/blog.zeit.de\/fahrrad\/files\/2015\/06\/150518-BesserObenOhne-Bild-Kopie-540x443.jpg"}],"author":"Andrea Reidl","twitter_card":"summary_large_image","twitter_creator":"@zeitonline","twitter_site":"@zeitonline","twitter_misc":{"Geschrieben von":"Andrea Reidl","Gesch\u00e4tzte Lesezeit":"3\u00a0Minuten"},"schema":{"@context":"https:\/\/schema.org","@graph":[{"@type":"WebPage","@id":"https:\/\/blog.zeit.de\/fahrrad\/2015\/06\/19\/fahrradhelm-kampagne-darth-vader\/","url":"https:\/\/blog.zeit.de\/fahrrad\/2015\/06\/19\/fahrradhelm-kampagne-darth-vader\/","name":"Die dunkle Seite am Fahrradhelm","isPartOf":{"@id":"https:\/\/blog.zeit.de\/fahrrad\/#website"},"datePublished":"2015-06-19T08:45:49+00:00","dateModified":"2015-06-21T15:34:06+00:00","author":{"@id":"https:\/\/blog.zeit.de\/fahrrad\/#\/schema\/person\/9fe49d0d69e31b7d1d311f861f764dfc"},"description":"Das Verkehrsministerium wirbt mit Darth Vader f\u00fcr den Fahrradhelm. Und erntet nur Spott. Zu Recht.","breadcrumb":{"@id":"https:\/\/blog.zeit.de\/fahrrad\/2015\/06\/19\/fahrradhelm-kampagne-darth-vader\/#breadcrumb"},"inLanguage":"de","potentialAction":[{"@type":"ReadAction","target":["https:\/\/blog.zeit.de\/fahrrad\/2015\/06\/19\/fahrradhelm-kampagne-darth-vader\/"]}]},{"@type":"BreadcrumbList","@id":"https:\/\/blog.zeit.de\/fahrrad\/2015\/06\/19\/fahrradhelm-kampagne-darth-vader\/#breadcrumb","itemListElement":[{"@type":"ListItem","position":1,"name":"Startseite","item":"https:\/\/blog.zeit.de\/fahrrad\/"},{"@type":"ListItem","position":2,"name":"Viel Spott f\u00fcr Helm-Kampagne mit Darth Vader"}]},{"@type":"WebSite","@id":"https:\/\/blog.zeit.de\/fahrrad\/#website","url":"https:\/\/blog.zeit.de\/fahrrad\/","name":"Velophil","description":"Das Fahrrad-Blog","potentialAction":[{"@type":"SearchAction","target":{"@type":"EntryPoint","urlTemplate":"https:\/\/blog.zeit.de\/fahrrad\/?s={search_term_string}"},"query-input":"required name=search_term_string"}],"inLanguage":"de"},{"@type":"Person","@id":"https:\/\/blog.zeit.de\/fahrrad\/#\/schema\/person\/9fe49d0d69e31b7d1d311f861f764dfc","name":"Andrea Reidl","image":{"@type":"ImageObject","inLanguage":"de","@id":"https:\/\/blog.zeit.de\/fahrrad\/#\/schema\/person\/image\/","url":"https:\/\/secure.gravatar.com\/avatar\/52595868054cdd5e076af9664613db489c74a4ed484ee30b2f82136c624f1797?s=96&d=mm&r=g","contentUrl":"https:\/\/secure.gravatar.com\/avatar\/52595868054cdd5e076af9664613db489c74a4ed484ee30b2f82136c624f1797?s=96&d=mm&r=g","caption":"Andrea Reidl"},"url":"https:\/\/blog.zeit.de\/fahrrad\/author\/areidl\/"}]}},"jetpack_featured_media_url":"","jetpack_sharing_enabled":true,"_links":{"self":[{"href":"https:\/\/blog.zeit.de\/fahrrad\/wp-json\/wp\/v2\/posts\/6400","targetHints":{"allow":["GET"]}}],"collection":[{"href":"https:\/\/blog.zeit.de\/fahrrad\/wp-json\/wp\/v2\/posts"}],"about":[{"href":"https:\/\/blog.zeit.de\/fahrrad\/wp-json\/wp\/v2\/types\/post"}],"author":[{"embeddable":true,"href":"https:\/\/blog.zeit.de\/fahrrad\/wp-json\/wp\/v2\/users\/385"}],"replies":[{"embeddable":true,"href":"https:\/\/blog.zeit.de\/fahrrad\/wp-json\/wp\/v2\/comments?post=6400"}],"version-history":[{"count":14,"href":"https:\/\/blog.zeit.de\/fahrrad\/wp-json\/wp\/v2\/posts\/6400\/revisions"}],"predecessor-version":[{"id":6419,"href":"https:\/\/blog.zeit.de\/fahrrad\/wp-json\/wp\/v2\/posts\/6400\/revisions\/6419"}],"wp:attachment":[{"href":"https:\/\/blog.zeit.de\/fahrrad\/wp-json\/wp\/v2\/media?parent=6400"}],"wp:term":[{"taxonomy":"category","embeddable":true,"href":"https:\/\/blog.zeit.de\/fahrrad\/wp-json\/wp\/v2\/categories?post=6400"},{"taxonomy":"post_tag","embeddable":true,"href":"https:\/\/blog.zeit.de\/fahrrad\/wp-json\/wp\/v2\/tags?post=6400"}],"curies":[{"name":"wp","href":"https:\/\/api.w.org\/{rel}","templated":true}]}}