{"id":6470,"date":"2015-07-03T13:52:19","date_gmt":"2015-07-03T11:52:19","guid":{"rendered":"http:\/\/blog.zeit.de\/fahrrad\/?p=6470"},"modified":"2015-07-03T15:47:04","modified_gmt":"2015-07-03T13:47:04","slug":"zurueck-im-sattel","status":"publish","type":"post","link":"https:\/\/blog.zeit.de\/fahrrad\/2015\/07\/03\/zurueck-im-sattel\/","title":{"rendered":"Zur\u00fcck im Sattel"},"content":{"rendered":"<p><figure id=\"attachment_6472\" aria-describedby=\"caption-attachment-6472\" style=\"width: 540px\" class=\"wp-caption aligncenter\"><img loading=\"lazy\" decoding=\"async\" class=\"wp-image-6472 size-medium\" src=\"https:\/\/blog.zeit.de\/fahrrad\/files\/2015\/07\/MartynAshton-540x360.jpg\" alt=\"Extremer Radsport trotz Behinderung\" width=\"540\" height=\"360\" srcset=\"https:\/\/blog.zeit.de\/fahrrad\/files\/2015\/07\/MartynAshton-540x360.jpg 540w, https:\/\/blog.zeit.de\/fahrrad\/files\/2015\/07\/MartynAshton.jpg 639w\" sizes=\"auto, (max-width: 540px) 100vw, 540px\" \/><figcaption id=\"caption-attachment-6472\" class=\"wp-caption-text\">Martyn Ashton unterwegs mit Freunden \u00a9 Robin Kitchen<\/figcaption><\/figure><\/p>\n<p>Sven Marx ist in den vergangenen Jahren 35.000 Kilometer weit geradelt &#8211; durch Europa, die USA und Japan. Solange er auf dem Rad sitzt, ist er f\u00fcr die Menschen ein Weltenbummler. Einer, der Dinge macht, von denen sie tr\u00e4umen und die sich viele nicht zutrauen. Steigt er jedoch ab und erkl\u00e4rt ihnen, warum er zum Laufen einen Stock braucht, behandeln ihn pl\u00f6tzlich viele wie ein rohes Ei.<\/p>\n<p>Marx ist seit ein paar Jahren Fr\u00fchrentner. Er hat einen inoperablen Tumor im Hirnstamm, deshalb sieht er alles doppelt und hat Gleichgewichtsst\u00f6rungen. Das Radfahren hat er sich m\u00fchsam erarbeitet. (<a href=\"https:\/\/blog.zeit.de\/fahrrad\/2014\/02\/24\/mit-dem-rad-um-die-welt-trotz-hirntumor\/\" target=\"_blank\">ZEIT ONLINE berichtete)<\/a>. Doch es st\u00f6rt ihn, dass ihn Menschen schnell als hilfsbed\u00fcrftig abstempeln und ihm ungefragt allt\u00e4gliche Arbeiten aus der Hand nehmen. Deshalb radelt er ab August f\u00fcr das Projekt <a href=\"http:\/\/www.inklusion-braucht-aktion.de\/\" target=\"_blank\">Inklusion braucht Aktion<\/a> erst nach Rom und sp\u00e4ter nach Brasilien. Diesmal zwar nicht allein, wie sonst. Aber\u00a0hilfsbed\u00fcrftig klingt das eindeutig nicht.<\/p>\n<p><!--more--><\/p>\n<p>Anfang August \u00fcbernimmt Marx mit Karl Grandt die Inklusionsfackel in Berlin. Seit Mai 2014 tourt dieses Pendant zum olympischen Feuer durch die Republik. Es soll f\u00fcr mehr Verst\u00e4ndnis zwischen behinderten und nichtbehinderten Sportlern werben. Grandt ist Projektkoordinator des gemeinn\u00fctzigen Vereins Health-Media und betreut das Projekt. Sein\u00a0Verein wirbt f\u00fcr eine bessere Integration von Menschen, die scheinbar anders sind als die Mehrheit.<\/p>\n<p>Marx m\u00f6chte wie jeder andere behandelt werden. Er will Menschen auf Augenh\u00f6he begegnen und nicht als unselbstst\u00e4ndig abgestempelt werden. Wenn er Hilfe braucht, bittet er darum, ansonsten will er einfach \u00fcberall dabei sind \u2013 mitten im Leben ohne Sonderstatus.<\/p>\n<p>Das geht viel \u00f6fter als man meint, das zeigt Martyn Ashton. Der Trialfahrer hatte sich im September 2013 w\u00e4hrend einer Stuntshow schwer verletzt. Seitdem ist er querschnittsgel\u00e4hmt und auf einen Rollstuhl angewiesen. Gestern hat er\u00a0das erste Video ver\u00f6ffentlicht, das ihn auf einer Downhill-Tour mit Freunden zeigt. Er ist mit seinen ber\u00fchmten Kollegen Danny MacAskill, Chris Akrigg und Blake Samson auf Mountainbikes unterwegs.<\/p>\n\n<div class=\"embed-wrapper embed-wrapper--blocked js-embed-consent\" data-method=\"iframe\">\n<script class=\"raw__source\" type=\"text\/template\"><iframe loading=\"lazy\" frameborder=\"0\" height=\"315\" src=\"https:\/\/www.youtube.com\/embed\/kX_hn3Xf90g?list=PLXWBBaEdFtbKJJ-VnVuJ6l5amx9Il8jwU\" width=\"560\"><\/iframe><\/script>\n<div class=\"embed-wrapper__inner\">\n<div class=\"embed-wrapper__text\">\n<h3>Empfohlener redaktioneller Inhalt<\/h3>\n<p data-replace=\"no\">An dieser Stelle finden Sie externen Inhalt, der den Artikel erg\u00e4nzt. Sie k\u00f6nnen sich externe Inhalte mit einem Klick anzeigen lassen und wieder ausblenden.<noscript>Bitte aktivieren Sie JavaScript damit Sie diesen Inhalt anzeigen k\u00f6nnen.<\/noscript><\/p>\n<\/div>\n<div class=\"embed-consent\">\n<label class=\"embed-consent__toggle\">\n<input class=\"js-embed-consent__toggle\" type=\"checkbox\" autocomplete=\"off\">\n<span><\/span>\nExterner Inhalt\n<\/label>\n<a href=\"https:\/\/www.zeit.de\/hilfe\/datenschutz\" target=\"_blank\" class=\"embed-consent__datalink-when-active\">Datenschutzerkl\u00e4rung<\/a>\n<\/div>\n<div class=\"embed-wrapper__footer\">\n<p data-replace=\"no\">\nIch bin damit einverstanden, dass mir externe Inhalte angezeigt werden. Damit k\u00f6nnen personenbezogene Daten an Drittplattformen \u00fcbermittelt werden. <a href=\"https:\/\/www.zeit.de\/hilfe\/datenschutz\" target=\"_blank\">Mehr dazu in unserer Datenschutzerkl\u00e4rung.<\/a>\n<\/p>\n<\/div>\n<\/div>\n<\/div>\n<p>Ashtons Rad ist eine Spezialanfertigung des Sportrad- und Ma\u00dfrahmenherstellers Nicolai aus Niedersachsen und des Federgabel- und D\u00e4mpferherstellers Mojo aus England. Das Besondere daran ist: Es ist im Grunde aufgebaut wie jedes andere Downhillrad. Das war Ashton wichtig, er wollte genauso unterwegs sein wie fr\u00fcher. Nur jetzt, wo er etwa ab H\u00fcfte gel\u00e4hmt ist, braucht er einen Sitz, der ihn h\u00e4lt. Au\u00dferdem ist das Sitzrohr verst\u00e4rkt, da er nie aufsteht und die Kraft aufs Sitzrohr nun viel st\u00e4rker ist. Es\u00a0hat daher zwei zus\u00e4tzliche Anschraubpunkte am Oberrohr. Ansonsten aber &#8222;ist es ein normales Mountainbike mit einem etwas l\u00e4ngeren Rahmen&#8220;, sagt Nicolai-Chefentwickler Marcel Lauxtermann.<\/p>\n<p>Nur wenn der Trail eben verl\u00e4uft, schieben die Kumpels Ashton, weil er nicht pedalieren kann. Ansonsten f\u00e4hrt er gleichwertig mit den anderen mit. Das Video zeigt, dass viel\u00a0mehr geht als man im ersten Moment denkt. Trotz seines Unfalls ist Ashton weiterhin Sportler \u2013 Radsportler. Man darf gespannt sein, welche Stunts er demn\u00e4chst wieder ausprobiert. Denn f\u00fcr ungew\u00f6hnliche Aktionen ist er bekannt: 2012 fuhr\u00a0er auf dem Rad des Tour-de-France-Siegers Bradley Wiggins \u00fcber handbreite Holzz\u00e4une, schlug unglaubliche R\u00fcckw\u00e4rtssaltos und tanzte durchs Gel\u00e4nde.<\/p>\n<p>Ashtons Beispiel inspiriert und macht Mut. Ob Downhill oder Weltreise &#8211; die Reise beginnt oft im Kopf. Sven Marx und Karl Grandt radeln ab August \u00fcber Polen und die Alpen nach Rom. Zwischen 80 und 120 Kilometer wollen die beiden t\u00e4glich zur\u00fccklegen. Wichtiger als das Radfahren sind den beiden die Pressetermine in St\u00e4dten wie Flensburg, Berlin und M\u00fcnchen. Auf denen erkl\u00e4ren sie, was Inklusion eigentlich f\u00fcr sie ist.<\/p>\n<p>Oft falle es Menschen gar nicht auf, dass sie andere &#8211; die vermeintlich Hilfe brauchen &#8211; durch ihr Handeln bevormunden, indem sie ihnen vorschnell Dinge abnehmen: &#8222;Sie meinen es ja gut&#8220;, sagt Marx. Grandt und er wollen auf ihrer Tour die Erkenntnis vermitteln, dass Radler auch mit Handicap viel eigenst\u00e4ndiger sind, als viele denken.<\/p>\n<p>&nbsp;<\/p>\n<p><figure id=\"attachment_6475\" aria-describedby=\"caption-attachment-6475\" style=\"width: 540px\" class=\"wp-caption aligncenter\"><img loading=\"lazy\" decoding=\"async\" class=\"wp-image-6475 size-medium\" src=\"https:\/\/blog.zeit.de\/fahrrad\/files\/2015\/07\/SAM_86291-540x405.jpg\" alt=\"Sven Marx f\u00e4hrt ein Sportrad von Patria \u00a9 Sven Marx \" width=\"540\" height=\"405\" srcset=\"https:\/\/blog.zeit.de\/fahrrad\/files\/2015\/07\/SAM_86291-540x405.jpg 540w, https:\/\/blog.zeit.de\/fahrrad\/files\/2015\/07\/SAM_86291.jpg 640w\" sizes=\"auto, (max-width: 540px) 100vw, 540px\" \/><figcaption id=\"caption-attachment-6475\" class=\"wp-caption-text\">Sven Marx f\u00e4hrt ein Sportrad von Patria \u00a9 Sven Marx<\/figcaption><\/figure><\/p>\n<p><figure id=\"attachment_6473\" aria-describedby=\"caption-attachment-6473\" style=\"width: 540px\" class=\"wp-caption aligncenter\"><img loading=\"lazy\" decoding=\"async\" class=\"wp-image-6473 size-medium\" src=\"https:\/\/blog.zeit.de\/fahrrad\/files\/2015\/07\/00-Karl-Grandt-auf-Scorpion-Trike-2015-web-co_Lauro-Mueller-540x360.jpg\" alt=\"Karl Grandt f\u00e4hrt nach einem Autounfall einen Skorpion - ein Dreirad von HP-Velotechnik \u00a9 Lauro M\u00fcller  \" width=\"540\" height=\"360\" srcset=\"https:\/\/blog.zeit.de\/fahrrad\/files\/2015\/07\/00-Karl-Grandt-auf-Scorpion-Trike-2015-web-co_Lauro-Mueller-540x360.jpg 540w, https:\/\/blog.zeit.de\/fahrrad\/files\/2015\/07\/00-Karl-Grandt-auf-Scorpion-Trike-2015-web-co_Lauro-Mueller-1024x683.jpg 1024w, https:\/\/blog.zeit.de\/fahrrad\/files\/2015\/07\/00-Karl-Grandt-auf-Scorpion-Trike-2015-web-co_Lauro-Mueller.jpg 1280w\" sizes=\"auto, (max-width: 540px) 100vw, 540px\" \/><figcaption id=\"caption-attachment-6473\" class=\"wp-caption-text\">Karl Grandt f\u00e4hrt nach einem Autounfall einen Skorpion &#8211; ein Dreirad von HP-Velotechnik \u00a9 Lauro M\u00fcller<\/figcaption><\/figure><\/p>\n<p>Anfang September haben die beiden eine Audienz beim Papst in Rom. Er wird die Inklusionsfackel weihen. Von dem Tag an wird sie Marx&#8216; st\u00e4ndiger Begleiter sein. Der Berliner hat sich f\u00fcr kommendes Jahr viel vorgenommen. Er will durch Sibirien radeln und \u00fcbers Nordkap in die Fahrradmetropole Kopenhagen. Von dort durch Deutschland, Frankreich und Spanien bis nach Casablanca in Marokko. Dort l\u00e4dt er sein Rad ins Flugzeug nach Brasilien. Von\u00a0S\u00e3o Paulo f\u00e4hrt er dann bis nach Rio de Janeiro, wo er die Fackel f\u00fcr die Paralympischen Spiele \u00fcbergibt. F\u00fcr Marx ist es der Probelauf f\u00fcr die\u00a0gro\u00dfe Weltreise, die er 2017 starten will.<\/p>\n<p>Er ist gehandicapt, das sp\u00fcrt er\u00a0t\u00e4glich, wenn er auf zwei Beinen durchs Leben wankt. Auf dem Rad aber ist er souver\u00e4ner. Die\u00a0Sitzposition verschafft ihm einen klaren \u00dcberblick\u00a0und die Gleichgewichtsprobleme fallen weg. Nat\u00fcrlich macht ihn seine Behinderung auf der Reise angreifbar. Dennoch lebt\u00a0er sein Leben nach seinen Vorstellungen. Er ist so unabh\u00e4ngig wie eben m\u00f6glich \u2013 wenn ihn seine Mitmenschen lassen.<\/p>\n<p><em>Der Etappenstart f\u00fcr Inklusion braucht Aktion ist am 4. August, um 10 Uhr am Brandenburger Tor \/ Pariser Platz. Die Mitfahrer versammeln sich ab 9 Uhr. Sie begleiten die beiden Radler bis zur Stadtgrenze.<\/em><\/p>\n<p><em>In einem weiteren Video erkl\u00e4rt Martyn Ashton\u00a0<a href=\"https:\/\/www.youtube.com\/watch?v=ZJH4ayFZNK4&amp;list=PLXWBBaEdFtbKJJ-VnVuJ6l5amx9Il8jwU&amp;index=2\" target=\"_blank\">hier<\/a>\u00a0die Besonderheiten seines Fahrrads.<\/em><\/p>\n<p>&nbsp;<\/p>\n","protected":false},"excerpt":{"rendered":"<p>Sven Marx ist in den vergangenen Jahren 35.000 Kilometer weit geradelt &#8211; durch Europa, die USA und Japan. Solange er auf dem Rad sitzt, ist er f\u00fcr die Menschen ein Weltenbummler. Einer, der Dinge macht, von denen sie tr\u00e4umen und die sich viele nicht zutrauen. Steigt er jedoch ab und erkl\u00e4rt ihnen, warum er zum [&hellip;]<\/p>\n","protected":false},"author":385,"featured_media":0,"comment_status":"open","ping_status":"open","sticky":false,"template":"","format":"standard","meta":{"_jetpack_memberships_contains_paid_content":false,"footnotes":""},"categories":[2508,86,23031,22718],"tags":[22717,12992,33337,23055,30824],"class_list":["post-6470","post","type-post","status-publish","format-standard","hentry","category-gesundheit","category-kultur","category-leute","category-zeitgeist","tag-behinderung","tag-inklusion","tag-martyn-ashton","tag-radfahren","tag-sven-marx"],"yoast_head":"<!-- This site is optimized with the Yoast SEO plugin v21.0 - https:\/\/yoast.com\/wordpress\/plugins\/seo\/ -->\n<title>Extremer Radsport trotz Behinderung<\/title>\n<meta name=\"description\" content=\"Querschnittsgel\u00e4hmt mountainbiken? Ausnahmesportler beweisen, wie bewegt das Leben trotz Behinderung sein kann.\" \/>\n<meta name=\"robots\" content=\"index, follow, max-snippet:-1, max-image-preview:large, max-video-preview:-1\" \/>\n<link rel=\"canonical\" href=\"https:\/\/blog.zeit.de\/fahrrad\/2015\/07\/03\/zurueck-im-sattel\/\" \/>\n<meta property=\"og:locale\" content=\"de_DE\" \/>\n<meta property=\"og:type\" content=\"article\" \/>\n<meta property=\"og:title\" content=\"Extremer Radsport trotz Behinderung\" \/>\n<meta property=\"og:description\" content=\"Querschnittsgel\u00e4hmt mountainbiken? Ausnahmesportler beweisen, wie bewegt das Leben trotz Behinderung sein kann.\" \/>\n<meta property=\"og:url\" content=\"https:\/\/blog.zeit.de\/fahrrad\/2015\/07\/03\/zurueck-im-sattel\/\" \/>\n<meta property=\"og:site_name\" content=\"Velophil\" \/>\n<meta property=\"article:published_time\" content=\"2015-07-03T11:52:19+00:00\" \/>\n<meta property=\"article:modified_time\" content=\"2015-07-03T13:47:04+00:00\" \/>\n<meta property=\"og:image\" content=\"https:\/\/blog.zeit.de\/fahrrad\/files\/2015\/07\/MartynAshton-540x360.jpg\" \/>\n<meta name=\"author\" content=\"Andrea Reidl\" \/>\n<meta name=\"twitter:card\" content=\"summary_large_image\" \/>\n<meta name=\"twitter:creator\" content=\"@zeitonline\" \/>\n<meta name=\"twitter:site\" content=\"@zeitonline\" \/>\n<meta name=\"twitter:label1\" content=\"Geschrieben von\" \/>\n\t<meta name=\"twitter:data1\" content=\"Andrea Reidl\" \/>\n\t<meta name=\"twitter:label2\" content=\"Gesch\u00e4tzte Lesezeit\" \/>\n\t<meta name=\"twitter:data2\" content=\"5\u00a0Minuten\" \/>\n<script type=\"application\/ld+json\" class=\"yoast-schema-graph\">{\"@context\":\"https:\/\/schema.org\",\"@graph\":[{\"@type\":\"WebPage\",\"@id\":\"https:\/\/blog.zeit.de\/fahrrad\/2015\/07\/03\/zurueck-im-sattel\/\",\"url\":\"https:\/\/blog.zeit.de\/fahrrad\/2015\/07\/03\/zurueck-im-sattel\/\",\"name\":\"Extremer Radsport trotz Behinderung\",\"isPartOf\":{\"@id\":\"https:\/\/blog.zeit.de\/fahrrad\/#website\"},\"datePublished\":\"2015-07-03T11:52:19+00:00\",\"dateModified\":\"2015-07-03T13:47:04+00:00\",\"author\":{\"@id\":\"https:\/\/blog.zeit.de\/fahrrad\/#\/schema\/person\/9fe49d0d69e31b7d1d311f861f764dfc\"},\"description\":\"Querschnittsgel\u00e4hmt mountainbiken? Ausnahmesportler beweisen, wie bewegt das Leben trotz Behinderung sein kann.\",\"breadcrumb\":{\"@id\":\"https:\/\/blog.zeit.de\/fahrrad\/2015\/07\/03\/zurueck-im-sattel\/#breadcrumb\"},\"inLanguage\":\"de\",\"potentialAction\":[{\"@type\":\"ReadAction\",\"target\":[\"https:\/\/blog.zeit.de\/fahrrad\/2015\/07\/03\/zurueck-im-sattel\/\"]}]},{\"@type\":\"BreadcrumbList\",\"@id\":\"https:\/\/blog.zeit.de\/fahrrad\/2015\/07\/03\/zurueck-im-sattel\/#breadcrumb\",\"itemListElement\":[{\"@type\":\"ListItem\",\"position\":1,\"name\":\"Startseite\",\"item\":\"https:\/\/blog.zeit.de\/fahrrad\/\"},{\"@type\":\"ListItem\",\"position\":2,\"name\":\"Zur\u00fcck im Sattel\"}]},{\"@type\":\"WebSite\",\"@id\":\"https:\/\/blog.zeit.de\/fahrrad\/#website\",\"url\":\"https:\/\/blog.zeit.de\/fahrrad\/\",\"name\":\"Velophil\",\"description\":\"Das Fahrrad-Blog\",\"potentialAction\":[{\"@type\":\"SearchAction\",\"target\":{\"@type\":\"EntryPoint\",\"urlTemplate\":\"https:\/\/blog.zeit.de\/fahrrad\/?s={search_term_string}\"},\"query-input\":\"required name=search_term_string\"}],\"inLanguage\":\"de\"},{\"@type\":\"Person\",\"@id\":\"https:\/\/blog.zeit.de\/fahrrad\/#\/schema\/person\/9fe49d0d69e31b7d1d311f861f764dfc\",\"name\":\"Andrea Reidl\",\"image\":{\"@type\":\"ImageObject\",\"inLanguage\":\"de\",\"@id\":\"https:\/\/blog.zeit.de\/fahrrad\/#\/schema\/person\/image\/\",\"url\":\"https:\/\/secure.gravatar.com\/avatar\/52595868054cdd5e076af9664613db489c74a4ed484ee30b2f82136c624f1797?s=96&d=mm&r=g\",\"contentUrl\":\"https:\/\/secure.gravatar.com\/avatar\/52595868054cdd5e076af9664613db489c74a4ed484ee30b2f82136c624f1797?s=96&d=mm&r=g\",\"caption\":\"Andrea Reidl\"},\"url\":\"https:\/\/blog.zeit.de\/fahrrad\/author\/areidl\/\"}]}<\/script>\n<!-- \/ Yoast SEO plugin. -->","yoast_head_json":{"title":"Extremer Radsport trotz Behinderung","description":"Querschnittsgel\u00e4hmt mountainbiken? Ausnahmesportler beweisen, wie bewegt das Leben trotz Behinderung sein kann.","robots":{"index":"index","follow":"follow","max-snippet":"max-snippet:-1","max-image-preview":"max-image-preview:large","max-video-preview":"max-video-preview:-1"},"canonical":"https:\/\/blog.zeit.de\/fahrrad\/2015\/07\/03\/zurueck-im-sattel\/","og_locale":"de_DE","og_type":"article","og_title":"Extremer Radsport trotz Behinderung","og_description":"Querschnittsgel\u00e4hmt mountainbiken? Ausnahmesportler beweisen, wie bewegt das Leben trotz Behinderung sein kann.","og_url":"https:\/\/blog.zeit.de\/fahrrad\/2015\/07\/03\/zurueck-im-sattel\/","og_site_name":"Velophil","article_published_time":"2015-07-03T11:52:19+00:00","article_modified_time":"2015-07-03T13:47:04+00:00","og_image":[{"url":"https:\/\/blog.zeit.de\/fahrrad\/files\/2015\/07\/MartynAshton-540x360.jpg"}],"author":"Andrea Reidl","twitter_card":"summary_large_image","twitter_creator":"@zeitonline","twitter_site":"@zeitonline","twitter_misc":{"Geschrieben von":"Andrea Reidl","Gesch\u00e4tzte Lesezeit":"5\u00a0Minuten"},"schema":{"@context":"https:\/\/schema.org","@graph":[{"@type":"WebPage","@id":"https:\/\/blog.zeit.de\/fahrrad\/2015\/07\/03\/zurueck-im-sattel\/","url":"https:\/\/blog.zeit.de\/fahrrad\/2015\/07\/03\/zurueck-im-sattel\/","name":"Extremer Radsport trotz Behinderung","isPartOf":{"@id":"https:\/\/blog.zeit.de\/fahrrad\/#website"},"datePublished":"2015-07-03T11:52:19+00:00","dateModified":"2015-07-03T13:47:04+00:00","author":{"@id":"https:\/\/blog.zeit.de\/fahrrad\/#\/schema\/person\/9fe49d0d69e31b7d1d311f861f764dfc"},"description":"Querschnittsgel\u00e4hmt mountainbiken? Ausnahmesportler beweisen, wie bewegt das Leben trotz Behinderung sein kann.","breadcrumb":{"@id":"https:\/\/blog.zeit.de\/fahrrad\/2015\/07\/03\/zurueck-im-sattel\/#breadcrumb"},"inLanguage":"de","potentialAction":[{"@type":"ReadAction","target":["https:\/\/blog.zeit.de\/fahrrad\/2015\/07\/03\/zurueck-im-sattel\/"]}]},{"@type":"BreadcrumbList","@id":"https:\/\/blog.zeit.de\/fahrrad\/2015\/07\/03\/zurueck-im-sattel\/#breadcrumb","itemListElement":[{"@type":"ListItem","position":1,"name":"Startseite","item":"https:\/\/blog.zeit.de\/fahrrad\/"},{"@type":"ListItem","position":2,"name":"Zur\u00fcck im Sattel"}]},{"@type":"WebSite","@id":"https:\/\/blog.zeit.de\/fahrrad\/#website","url":"https:\/\/blog.zeit.de\/fahrrad\/","name":"Velophil","description":"Das Fahrrad-Blog","potentialAction":[{"@type":"SearchAction","target":{"@type":"EntryPoint","urlTemplate":"https:\/\/blog.zeit.de\/fahrrad\/?s={search_term_string}"},"query-input":"required name=search_term_string"}],"inLanguage":"de"},{"@type":"Person","@id":"https:\/\/blog.zeit.de\/fahrrad\/#\/schema\/person\/9fe49d0d69e31b7d1d311f861f764dfc","name":"Andrea Reidl","image":{"@type":"ImageObject","inLanguage":"de","@id":"https:\/\/blog.zeit.de\/fahrrad\/#\/schema\/person\/image\/","url":"https:\/\/secure.gravatar.com\/avatar\/52595868054cdd5e076af9664613db489c74a4ed484ee30b2f82136c624f1797?s=96&d=mm&r=g","contentUrl":"https:\/\/secure.gravatar.com\/avatar\/52595868054cdd5e076af9664613db489c74a4ed484ee30b2f82136c624f1797?s=96&d=mm&r=g","caption":"Andrea Reidl"},"url":"https:\/\/blog.zeit.de\/fahrrad\/author\/areidl\/"}]}},"jetpack_featured_media_url":"","jetpack_sharing_enabled":true,"_links":{"self":[{"href":"https:\/\/blog.zeit.de\/fahrrad\/wp-json\/wp\/v2\/posts\/6470","targetHints":{"allow":["GET"]}}],"collection":[{"href":"https:\/\/blog.zeit.de\/fahrrad\/wp-json\/wp\/v2\/posts"}],"about":[{"href":"https:\/\/blog.zeit.de\/fahrrad\/wp-json\/wp\/v2\/types\/post"}],"author":[{"embeddable":true,"href":"https:\/\/blog.zeit.de\/fahrrad\/wp-json\/wp\/v2\/users\/385"}],"replies":[{"embeddable":true,"href":"https:\/\/blog.zeit.de\/fahrrad\/wp-json\/wp\/v2\/comments?post=6470"}],"version-history":[{"count":13,"href":"https:\/\/blog.zeit.de\/fahrrad\/wp-json\/wp\/v2\/posts\/6470\/revisions"}],"predecessor-version":[{"id":6490,"href":"https:\/\/blog.zeit.de\/fahrrad\/wp-json\/wp\/v2\/posts\/6470\/revisions\/6490"}],"wp:attachment":[{"href":"https:\/\/blog.zeit.de\/fahrrad\/wp-json\/wp\/v2\/media?parent=6470"}],"wp:term":[{"taxonomy":"category","embeddable":true,"href":"https:\/\/blog.zeit.de\/fahrrad\/wp-json\/wp\/v2\/categories?post=6470"},{"taxonomy":"post_tag","embeddable":true,"href":"https:\/\/blog.zeit.de\/fahrrad\/wp-json\/wp\/v2\/tags?post=6470"}],"curies":[{"name":"wp","href":"https:\/\/api.w.org\/{rel}","templated":true}]}}