{"id":6542,"date":"2015-07-27T06:04:00","date_gmt":"2015-07-27T04:04:00","guid":{"rendered":"http:\/\/blog.zeit.de\/fahrrad\/?p=6542"},"modified":"2015-09-17T12:14:09","modified_gmt":"2015-09-17T10:14:09","slug":"radreisen-familie-kinder","status":"publish","type":"post","link":"https:\/\/blog.zeit.de\/fahrrad\/2015\/07\/27\/radreisen-familie-kinder\/","title":{"rendered":"Traut Euch mit Kindern auf die Radreise"},"content":{"rendered":"<p><figure id=\"attachment_6591\" aria-describedby=\"caption-attachment-6591\" style=\"width: 640px\" class=\"wp-caption aligncenter\"><img loading=\"lazy\" decoding=\"async\" class=\"wp-image-6591 size-full\" src=\"https:\/\/blog.zeit.de\/fahrrad\/files\/2015\/07\/P7230013.jpg\" alt=\"Traut Euch mit Kindern auf die Radreise\" width=\"640\" height=\"480\" srcset=\"https:\/\/blog.zeit.de\/fahrrad\/files\/2015\/07\/P7230013.jpg 640w, https:\/\/blog.zeit.de\/fahrrad\/files\/2015\/07\/P7230013-540x405.jpg 540w\" sizes=\"auto, (max-width: 640px) 100vw, 640px\" \/><figcaption id=\"caption-attachment-6591\" class=\"wp-caption-text\">Erste Radtour mit \u00dcbernachtung und Kindern \u00a9 Reidl<\/figcaption><\/figure><\/p>\n<p>Mit kleinen Kindern auf Radreise zu gehen ist einfacher, als viele denken. Wichtig sind ein k\u00fcrzerer Testlauf vorab \u2013 au\u00dferdem sollte man stets die richtige Motivation f\u00fcr alle finden. Gerade hier gilt allerdings: Perfekt ist niemand, Radreisen leben von \u00dcberraschungen.<!--more--><\/p>\n<p>Unsere erste echte Radtour mit zwei Kindern war ein Heimspiel mit einer \u00dcbernachtung. Morgens fuhren wir bei Sonnenschein und Temperaturen \u00fcber 20 Grad durchs Alte Land gen Elbe. \u00dcber die schmalen Deichstra\u00dfen und durch die Apfelplantagen konnte unser Sohn, damals sechs Jahre alt und sattelfest, entspannt auf der Stra\u00dfe fahren. Fu\u00dfg\u00e4ngerwege gibt es dort keine, auch keine eingezeichnete Mittellinie. Und wer dort Auto f\u00e4hrt, f\u00e4hrt in der Regel langsam. Nach rund 16\u00a0Kilometern hatten wir den F\u00e4hranleger an der Elbe erreicht. Zwischendurch gab es bereits einige Trinkstopps und etwas Schiebehilfe vom Papa \u2013 aber wer mit Kindern reist, sollte immer Zeit einplanen.<\/p>\n<p>Beim F\u00e4hranleger halfen uns Passagiere beim Einsteigen. Wenn man mit kleinen Kindern unterwegs ist, ist die Hilfsbereitschaft der Menschen gro\u00df \u2013 an der Bushaltestelle ebenso wie auf dem Bahnhof. Das macht diese Art zu Reisen mit Rad entspannt.<\/p>\n<p>Mit der F\u00e4hre setzten wir auf die andere Elbseite \u00fcber, dann ging es weiter. Nat\u00fcrlich gab es viele gute Gr\u00fcnde anzuhalten: schon bei den ersten Schafen, die auf dem Deich grasten, dann an einer besonders sch\u00f6nen Bank. Am Sandstrand wurde geplantscht und gebuddelt, und irgendwer hatte immer Durst oder Hunger \u2013 oder etwas gesehen, das angeschaut werden musste. Bei Kilometer 40 erreichten wir abends das Hotel. Unseren Sohn haben wir an diesem Tag tats\u00e4chlich m\u00fcde gefahren \u2013 das haben wir danach nie wieder geschafft.<\/p>\n<p>Unsere Tochter war damals drei Jahre alt und hatte einen perfekten Tag. Alle waren zusammen, sie hielt ihren Mittagsschlaf in ihrem roten Fahrradanh\u00e4nger, inmitten von Kuscheltieren, Kuschelt\u00fcchern, Malsachen und B\u00fcchern. Wenn sie nicht schlief, sa\u00df sie zufrieden inmitten ihrer Sch\u00e4tze und spielte selbstvergessen oder tobte beim Halt barfu\u00df durch den Sand oder \u00fcber die Wiesen.<\/p>\n<p><strong>Interessante Stopps animieren zum Weiterfahren<\/strong><\/p>\n<p>Zwei Jahre sp\u00e4ter fuhren wir drei Wochen von Travem\u00fcnde nach R\u00fcgen den <a href=\"http:\/\/www.ostsee-schleswig-holstein.de\/de\/ostseekuesten-radweg\">Ostseek\u00fcsten-Radweg<\/a> entlang \u2013 mit Zelt und Rad und den beiden Kindern. Damals hatten wir Gl\u00fcck, das Wetter war mediterran. Oft war es fast zu hei\u00df zum Radfahren. Aber da wir die ganze Zeit das Meer sehen konnten, legten wir an besonders sch\u00f6nen Stellen Badepausen ein \u2013 den Beutel mit den Schwimmsachen hatten wir stets griffbereit im Fahrradanh\u00e4nger.<\/p>\n<p><figure id=\"attachment_6592\" aria-describedby=\"caption-attachment-6592\" style=\"width: 640px\" class=\"wp-caption aligncenter\"><img loading=\"lazy\" decoding=\"async\" class=\"wp-image-6592 size-full\" src=\"https:\/\/blog.zeit.de\/fahrrad\/files\/2015\/07\/P7180196.jpg\" alt=\"Von Travem\u00fcnde nach R\u00fcgen mit dem Fahrrad \u00a9 Reidl\" width=\"640\" height=\"480\" srcset=\"https:\/\/blog.zeit.de\/fahrrad\/files\/2015\/07\/P7180196.jpg 640w, https:\/\/blog.zeit.de\/fahrrad\/files\/2015\/07\/P7180196-540x405.jpg 540w\" sizes=\"auto, (max-width: 640px) 100vw, 640px\" \/><figcaption id=\"caption-attachment-6592\" class=\"wp-caption-text\">Von Travem\u00fcnde nach R\u00fcgen mit dem Fahrrad \u00a9 Reidl<\/figcaption><\/figure><\/p>\n<p>Die Strecke bot den Kindern einige Highlights: eine tolle Badebucht, ein Pferdehof, eine Bootstour, ein Bernsteinmuseum, eine Zugfahrt mit einer Dampflok und viele andere Dinge. Unterwegs hielten wir an unz\u00e4hligen Spielpl\u00e4tzen, Brunnen und Eisdielen.<\/p>\n<p>Gerade wenn kleine Kinder auch im Alltag viel mit dem Rad unterwegs sind, ist es leicht, mit ihnen auf Tour zu sein \u2013 sofern das Wetter mitmacht. Als wir einmal den Oder-Nei\u00dfe-Radweg von Zittau Richtung Ostsee fuhren, brachen wir nach ein paar Tagen Dauerregen die Reise ab.<\/p>\n<p>Auf der ersten Radreise hatten wir lediglich viel zu viel Gep\u00e4ck dabei. Zelt und Zubeh\u00f6r transportierte mein Mann in einem Bob-Nachbau-Fahrradanh\u00e4nger, ich zog die Tochter in ihrem Anh\u00e4nger. Das Gep\u00e4ckfach war voll, und ich hatte Satteltaschen und diverse andere Dinge hinten auf dem Gep\u00e4cktr\u00e4ger geladen. Unser Sohn hatte zwei Schlafs\u00e4cke in den Satteltaschen. So fuhren wir zwischen 20 und 50 Kilometer am Tag. Manchmal blieben wir allerdings l\u00e4nger auf Campingpl\u00e4tzen als geplant: Die Kinder hatten Freundschaften geschlossen und wollten ungern nach ein oder zwei N\u00e4chten wieder aufbrechen.<\/p>\n<p><figure id=\"attachment_6589\" aria-describedby=\"caption-attachment-6589\" style=\"width: 640px\" class=\"wp-caption aligncenter\"><img loading=\"lazy\" decoding=\"async\" class=\"wp-image-6589 size-full\" src=\"https:\/\/blog.zeit.de\/fahrrad\/files\/2015\/07\/P7240283.jpg\" alt=\"In den Satteltaschen sind Schlafs\u00e4cke \u00a9 Reidl \" width=\"640\" height=\"480\" srcset=\"https:\/\/blog.zeit.de\/fahrrad\/files\/2015\/07\/P7240283.jpg 640w, https:\/\/blog.zeit.de\/fahrrad\/files\/2015\/07\/P7240283-540x405.jpg 540w\" sizes=\"auto, (max-width: 640px) 100vw, 640px\" \/><figcaption id=\"caption-attachment-6589\" class=\"wp-caption-text\">In den Satteltaschen sind Schlafs\u00e4cke. \u00a9 Reidl<\/figcaption><\/figure><\/p>\n<p>F\u00fcr Einsteiger finde ich den Ostsee-Radweg ideal. Er ist bis auf den ersten Streckenabschnitt von Travem\u00fcnde nach Boltenhagen sehr eben. Und wer von Westen nach Osten f\u00e4hrt, hat in der Regel auch R\u00fcckenwind \u2013 an der K\u00fcste ein wichtiger Faktor. Flusstouren sind sicherlich ebenso gut geeignet f\u00fcr Einsteiger. Wichtig sind interessante Stopps f\u00fcr Kinder, die sie zum Weiterfahren animieren.<\/p>\n<p><strong>Organisiert aufs Rad<\/strong><\/p>\n<p>Wer sich noch nicht allein auf Radtour traut, kann es auch organisiert versuchen. Der Reiseanbieter Radissimo bietet Familien ein vielseitiges Angebot im In- und Ausland. Die Eltern k\u00f6nnen entscheiden, ob sie in einer Gruppe oder allein reisen. Auch Vamos bietet Radreisen f\u00fcr Familien an. Der Veranstalter aus Hannover schafft den Familien lediglich den sicheren Rahmen f\u00fcr ihre Radtour im Ausland, die Touren sind keine Gruppentouren. &#8222;Von der Idee her ist jede Familie f\u00fcr sich allein unterwegs&#8220;, sagt die Sprecherin. Manchmal f\u00fchren die Familien auch gemeinsam, das sei dann aber eher ein Zufall.<\/p>\n<p><figure id=\"attachment_6594\" aria-describedby=\"caption-attachment-6594\" style=\"width: 640px\" class=\"wp-caption aligncenter\"><img loading=\"lazy\" decoding=\"async\" class=\"wp-image-6594 size-full\" src=\"https:\/\/blog.zeit.de\/fahrrad\/files\/2015\/07\/P8240430_2.jpg\" alt=\"Willkommene Abwechslung: Mit der F\u00e4hre nach Venedig \u00a9 Reidl\" width=\"640\" height=\"480\" srcset=\"https:\/\/blog.zeit.de\/fahrrad\/files\/2015\/07\/P8240430_2.jpg 640w, https:\/\/blog.zeit.de\/fahrrad\/files\/2015\/07\/P8240430_2-540x405.jpg 540w\" sizes=\"auto, (max-width: 640px) 100vw, 640px\" \/><figcaption id=\"caption-attachment-6594\" class=\"wp-caption-text\">Willkommene Abwechslung: Mit der F\u00e4hre nach Venedig \u00a9 Reidl<\/figcaption><\/figure><\/p>\n<p>S\u00e4mtliche Strecken werden vorab von einem Vamos-Mitarbeiter abgefahren. &#8222;Die einzelnen Tagesetappen werden detailliert beschrieben, und es gibt viele Hinweise auf M\u00f6glichkeiten f\u00fcr Pausen und kleine Entdeckungsreisen abseits der Strecke&#8220;, sagt die Sprecherin. Wann Zeit f\u00fcr eine Pause sei, entscheiden die Familien jedoch selbst.<\/p>\n<p>Entt\u00e4uschungen versucht der Veranstalter m\u00f6glichst zu vermeiden. So bietet er f\u00fcr die Reise von Bozen nach Venedig einen Shuttle-Service an. Im Notfall k\u00f6nnen Etappen auch mit dem Zug zur\u00fcckgelegt werden. Die Wegestrecken sind mit 30 bis 68 Kilometern die l\u00e4ngsten im Programm und werden auch erst f\u00fcr Kinder ab zw\u00f6lf Jahren empfohlen.<\/p>\n<p>Derart ausgekl\u00fcgelte Programme geben Familien oft erst die Sicherheit, um den Spagat zu wagen zwischen aktivem Radurlaub und der Prise Abenteuer, die so eine Tour f\u00fcr manche Menschen darstellt.<\/p>\n","protected":false},"excerpt":{"rendered":"<p>Mit kleinen Kindern auf Radreise zu gehen ist einfacher, als viele denken. Wichtig sind ein k\u00fcrzerer Testlauf vorab \u2013 au\u00dferdem sollte man stets die richtige Motivation f\u00fcr alle finden. Gerade hier gilt allerdings: Perfekt ist niemand, Radreisen leben von \u00dcberraschungen.<\/p>\n","protected":false},"author":385,"featured_media":6594,"comment_status":"open","ping_status":"open","sticky":false,"template":"","format":"standard","meta":{"_jetpack_memberships_contains_paid_content":false,"footnotes":""},"categories":[391,17200],"tags":[20694,36035,23070],"class_list":["post-6542","post","type-post","status-publish","format-standard","has-post-thumbnail","hentry","category-kinder","category-reise","tag-fahrrad","tag-kleinkind","tag-radreise"],"yoast_head":"<!-- This site is optimized with the Yoast SEO plugin v21.0 - https:\/\/yoast.com\/wordpress\/plugins\/seo\/ -->\n<title>Traut Euch mit Kindern auf die Radreise - Velophil<\/title>\n<meta name=\"description\" content=\"Mit kleinen Kindern auf Radreise zu gehen ist einfacher, als viele denken. Einige Tipps\" \/>\n<meta name=\"robots\" content=\"index, follow, max-snippet:-1, max-image-preview:large, max-video-preview:-1\" \/>\n<link rel=\"canonical\" href=\"https:\/\/blog.zeit.de\/fahrrad\/2015\/07\/27\/radreisen-familie-kinder\/\" \/>\n<meta property=\"og:locale\" content=\"de_DE\" \/>\n<meta property=\"og:type\" content=\"article\" \/>\n<meta property=\"og:title\" content=\"Traut Euch mit Kindern auf die Radreise - Velophil\" \/>\n<meta property=\"og:description\" content=\"Mit kleinen Kindern auf Radreise zu gehen ist einfacher, als viele denken. Einige Tipps\" \/>\n<meta property=\"og:url\" content=\"https:\/\/blog.zeit.de\/fahrrad\/2015\/07\/27\/radreisen-familie-kinder\/\" \/>\n<meta property=\"og:site_name\" content=\"Velophil\" \/>\n<meta property=\"article:published_time\" content=\"2015-07-27T04:04:00+00:00\" \/>\n<meta property=\"article:modified_time\" content=\"2015-09-17T10:14:09+00:00\" \/>\n<meta property=\"og:image\" content=\"https:\/\/blog.zeit.de\/fahrrad\/files\/2015\/07\/P8240430_2.jpg\" \/>\n\t<meta property=\"og:image:width\" content=\"640\" \/>\n\t<meta property=\"og:image:height\" content=\"480\" \/>\n\t<meta property=\"og:image:type\" content=\"image\/jpeg\" \/>\n<meta name=\"author\" content=\"Andrea Reidl\" \/>\n<meta name=\"twitter:card\" content=\"summary_large_image\" \/>\n<meta name=\"twitter:creator\" content=\"@zeitonline\" \/>\n<meta name=\"twitter:site\" content=\"@zeitonline\" \/>\n<meta name=\"twitter:label1\" content=\"Geschrieben von\" \/>\n\t<meta name=\"twitter:data1\" content=\"Andrea Reidl\" \/>\n\t<meta name=\"twitter:label2\" content=\"Gesch\u00e4tzte Lesezeit\" \/>\n\t<meta name=\"twitter:data2\" content=\"5\u00a0Minuten\" \/>\n<script type=\"application\/ld+json\" class=\"yoast-schema-graph\">{\"@context\":\"https:\/\/schema.org\",\"@graph\":[{\"@type\":\"WebPage\",\"@id\":\"https:\/\/blog.zeit.de\/fahrrad\/2015\/07\/27\/radreisen-familie-kinder\/\",\"url\":\"https:\/\/blog.zeit.de\/fahrrad\/2015\/07\/27\/radreisen-familie-kinder\/\",\"name\":\"Traut Euch mit Kindern auf die Radreise - Velophil\",\"isPartOf\":{\"@id\":\"https:\/\/blog.zeit.de\/fahrrad\/#website\"},\"datePublished\":\"2015-07-27T04:04:00+00:00\",\"dateModified\":\"2015-09-17T10:14:09+00:00\",\"author\":{\"@id\":\"https:\/\/blog.zeit.de\/fahrrad\/#\/schema\/person\/9fe49d0d69e31b7d1d311f861f764dfc\"},\"description\":\"Mit kleinen Kindern auf Radreise zu gehen ist einfacher, als viele denken. Einige Tipps\",\"breadcrumb\":{\"@id\":\"https:\/\/blog.zeit.de\/fahrrad\/2015\/07\/27\/radreisen-familie-kinder\/#breadcrumb\"},\"inLanguage\":\"de\",\"potentialAction\":[{\"@type\":\"ReadAction\",\"target\":[\"https:\/\/blog.zeit.de\/fahrrad\/2015\/07\/27\/radreisen-familie-kinder\/\"]}]},{\"@type\":\"BreadcrumbList\",\"@id\":\"https:\/\/blog.zeit.de\/fahrrad\/2015\/07\/27\/radreisen-familie-kinder\/#breadcrumb\",\"itemListElement\":[{\"@type\":\"ListItem\",\"position\":1,\"name\":\"Startseite\",\"item\":\"https:\/\/blog.zeit.de\/fahrrad\/\"},{\"@type\":\"ListItem\",\"position\":2,\"name\":\"Traut Euch mit Kindern auf die Radreise\"}]},{\"@type\":\"WebSite\",\"@id\":\"https:\/\/blog.zeit.de\/fahrrad\/#website\",\"url\":\"https:\/\/blog.zeit.de\/fahrrad\/\",\"name\":\"Velophil\",\"description\":\"Das Fahrrad-Blog\",\"potentialAction\":[{\"@type\":\"SearchAction\",\"target\":{\"@type\":\"EntryPoint\",\"urlTemplate\":\"https:\/\/blog.zeit.de\/fahrrad\/?s={search_term_string}\"},\"query-input\":\"required name=search_term_string\"}],\"inLanguage\":\"de\"},{\"@type\":\"Person\",\"@id\":\"https:\/\/blog.zeit.de\/fahrrad\/#\/schema\/person\/9fe49d0d69e31b7d1d311f861f764dfc\",\"name\":\"Andrea Reidl\",\"image\":{\"@type\":\"ImageObject\",\"inLanguage\":\"de\",\"@id\":\"https:\/\/blog.zeit.de\/fahrrad\/#\/schema\/person\/image\/\",\"url\":\"https:\/\/secure.gravatar.com\/avatar\/52595868054cdd5e076af9664613db489c74a4ed484ee30b2f82136c624f1797?s=96&d=mm&r=g\",\"contentUrl\":\"https:\/\/secure.gravatar.com\/avatar\/52595868054cdd5e076af9664613db489c74a4ed484ee30b2f82136c624f1797?s=96&d=mm&r=g\",\"caption\":\"Andrea Reidl\"},\"url\":\"https:\/\/blog.zeit.de\/fahrrad\/author\/areidl\/\"}]}<\/script>\n<!-- \/ Yoast SEO plugin. -->","yoast_head_json":{"title":"Traut Euch mit Kindern auf die Radreise - Velophil","description":"Mit kleinen Kindern auf Radreise zu gehen ist einfacher, als viele denken. Einige Tipps","robots":{"index":"index","follow":"follow","max-snippet":"max-snippet:-1","max-image-preview":"max-image-preview:large","max-video-preview":"max-video-preview:-1"},"canonical":"https:\/\/blog.zeit.de\/fahrrad\/2015\/07\/27\/radreisen-familie-kinder\/","og_locale":"de_DE","og_type":"article","og_title":"Traut Euch mit Kindern auf die Radreise - Velophil","og_description":"Mit kleinen Kindern auf Radreise zu gehen ist einfacher, als viele denken. Einige Tipps","og_url":"https:\/\/blog.zeit.de\/fahrrad\/2015\/07\/27\/radreisen-familie-kinder\/","og_site_name":"Velophil","article_published_time":"2015-07-27T04:04:00+00:00","article_modified_time":"2015-09-17T10:14:09+00:00","og_image":[{"width":640,"height":480,"url":"https:\/\/blog.zeit.de\/fahrrad\/files\/2015\/07\/P8240430_2.jpg","type":"image\/jpeg"}],"author":"Andrea Reidl","twitter_card":"summary_large_image","twitter_creator":"@zeitonline","twitter_site":"@zeitonline","twitter_misc":{"Geschrieben von":"Andrea Reidl","Gesch\u00e4tzte Lesezeit":"5\u00a0Minuten"},"schema":{"@context":"https:\/\/schema.org","@graph":[{"@type":"WebPage","@id":"https:\/\/blog.zeit.de\/fahrrad\/2015\/07\/27\/radreisen-familie-kinder\/","url":"https:\/\/blog.zeit.de\/fahrrad\/2015\/07\/27\/radreisen-familie-kinder\/","name":"Traut Euch mit Kindern auf die Radreise - Velophil","isPartOf":{"@id":"https:\/\/blog.zeit.de\/fahrrad\/#website"},"datePublished":"2015-07-27T04:04:00+00:00","dateModified":"2015-09-17T10:14:09+00:00","author":{"@id":"https:\/\/blog.zeit.de\/fahrrad\/#\/schema\/person\/9fe49d0d69e31b7d1d311f861f764dfc"},"description":"Mit kleinen Kindern auf Radreise zu gehen ist einfacher, als viele denken. Einige Tipps","breadcrumb":{"@id":"https:\/\/blog.zeit.de\/fahrrad\/2015\/07\/27\/radreisen-familie-kinder\/#breadcrumb"},"inLanguage":"de","potentialAction":[{"@type":"ReadAction","target":["https:\/\/blog.zeit.de\/fahrrad\/2015\/07\/27\/radreisen-familie-kinder\/"]}]},{"@type":"BreadcrumbList","@id":"https:\/\/blog.zeit.de\/fahrrad\/2015\/07\/27\/radreisen-familie-kinder\/#breadcrumb","itemListElement":[{"@type":"ListItem","position":1,"name":"Startseite","item":"https:\/\/blog.zeit.de\/fahrrad\/"},{"@type":"ListItem","position":2,"name":"Traut Euch mit Kindern auf die Radreise"}]},{"@type":"WebSite","@id":"https:\/\/blog.zeit.de\/fahrrad\/#website","url":"https:\/\/blog.zeit.de\/fahrrad\/","name":"Velophil","description":"Das Fahrrad-Blog","potentialAction":[{"@type":"SearchAction","target":{"@type":"EntryPoint","urlTemplate":"https:\/\/blog.zeit.de\/fahrrad\/?s={search_term_string}"},"query-input":"required name=search_term_string"}],"inLanguage":"de"},{"@type":"Person","@id":"https:\/\/blog.zeit.de\/fahrrad\/#\/schema\/person\/9fe49d0d69e31b7d1d311f861f764dfc","name":"Andrea Reidl","image":{"@type":"ImageObject","inLanguage":"de","@id":"https:\/\/blog.zeit.de\/fahrrad\/#\/schema\/person\/image\/","url":"https:\/\/secure.gravatar.com\/avatar\/52595868054cdd5e076af9664613db489c74a4ed484ee30b2f82136c624f1797?s=96&d=mm&r=g","contentUrl":"https:\/\/secure.gravatar.com\/avatar\/52595868054cdd5e076af9664613db489c74a4ed484ee30b2f82136c624f1797?s=96&d=mm&r=g","caption":"Andrea Reidl"},"url":"https:\/\/blog.zeit.de\/fahrrad\/author\/areidl\/"}]}},"jetpack_featured_media_url":"https:\/\/blog.zeit.de\/fahrrad\/files\/2015\/07\/P8240430_2.jpg","jetpack_sharing_enabled":true,"_links":{"self":[{"href":"https:\/\/blog.zeit.de\/fahrrad\/wp-json\/wp\/v2\/posts\/6542","targetHints":{"allow":["GET"]}}],"collection":[{"href":"https:\/\/blog.zeit.de\/fahrrad\/wp-json\/wp\/v2\/posts"}],"about":[{"href":"https:\/\/blog.zeit.de\/fahrrad\/wp-json\/wp\/v2\/types\/post"}],"author":[{"embeddable":true,"href":"https:\/\/blog.zeit.de\/fahrrad\/wp-json\/wp\/v2\/users\/385"}],"replies":[{"embeddable":true,"href":"https:\/\/blog.zeit.de\/fahrrad\/wp-json\/wp\/v2\/comments?post=6542"}],"version-history":[{"count":14,"href":"https:\/\/blog.zeit.de\/fahrrad\/wp-json\/wp\/v2\/posts\/6542\/revisions"}],"predecessor-version":[{"id":6942,"href":"https:\/\/blog.zeit.de\/fahrrad\/wp-json\/wp\/v2\/posts\/6542\/revisions\/6942"}],"wp:featuredmedia":[{"embeddable":true,"href":"https:\/\/blog.zeit.de\/fahrrad\/wp-json\/wp\/v2\/media\/6594"}],"wp:attachment":[{"href":"https:\/\/blog.zeit.de\/fahrrad\/wp-json\/wp\/v2\/media?parent=6542"}],"wp:term":[{"taxonomy":"category","embeddable":true,"href":"https:\/\/blog.zeit.de\/fahrrad\/wp-json\/wp\/v2\/categories?post=6542"},{"taxonomy":"post_tag","embeddable":true,"href":"https:\/\/blog.zeit.de\/fahrrad\/wp-json\/wp\/v2\/tags?post=6542"}],"curies":[{"name":"wp","href":"https:\/\/api.w.org\/{rel}","templated":true}]}}