{"id":6553,"date":"2015-08-03T09:56:22","date_gmt":"2015-08-03T07:56:22","guid":{"rendered":"http:\/\/blog.zeit.de\/fahrrad\/?p=6553"},"modified":"2015-08-05T14:49:35","modified_gmt":"2015-08-05T12:49:35","slug":"essen-beim-radfahren","status":"publish","type":"post","link":"https:\/\/blog.zeit.de\/fahrrad\/2015\/08\/03\/essen-beim-radfahren\/","title":{"rendered":"Essen beim Radfahren"},"content":{"rendered":"<p>Ich esse gerne und vor allem gut. Auch auf l\u00e4ngeren Touren mit dem Rennrad oder Mountainbike. Am liebsten gehe ich unterwegs mit Freunden essen. Wenn ich allerdings den ganzen Tag allein unterwegs bin, sind Riegel eine gute Alternative \u2013 sofern sie schmecken.<!--more--><\/p>\n<p>Auf Solotouren gehe ich einmal am Tag essen. Die Zeit auf dem Rad ist kostbar, deshalb fahre ich lieber, als im Caf\u00e9 allein zu pausieren. Au\u00dferdem macht Essen gehen allein auf Dauer wenig Spa\u00df.<\/p>\n<p>Das Problem ist dann jedoch: Was soll ich essen? Radfahren macht hungrig. Riegel sind mir in der Regel zu s\u00fc\u00df, und oft bekomme ich davon Magenschmerzen.<\/p>\n<p>Anfang des Jahres habe ich eine ganz gute Alternative entdeckt: Riegel von Kraft des Urstromtals. Sie haben weniger Kohlenhydrate als herk\u00f6mmliche Energieriegel, daf\u00fcr schmecken sie gut und ich vertrage sie. Laut Hersteller enthalten sie kein Gluten, keine Konservierungsstoffe oder Geschmacksverst\u00e4rker. Au\u00dferdem soll die Verpackung 100 Prozent kompostierbar sein. Es gibt sie in drei verschiedenen Varianten: vegan (die Basis wird erg\u00e4nzt mit Mandeln, Chili und Limettensaft), vegetarisch (mit Trauben, Macademia-, Cashewn\u00fcssen und Honig) oder mit D\u00f6rrfleisch aus Rothirsch, Knoblauch, Pistazien und Waln\u00fcssen.<\/p>\n<p>Die kleinen Kraftspender schmecken sehr unterschiedlich und ich finde, sie sind eine gute Alternative zu den herk\u00f6mmlichen Energieriegeln. Sie erf\u00fcllen nicht nur den Zweck, Kalorien zu liefern, sondern ich habe danach auch den Eindruck: Es geht mir gut, ich habe gegessen und nicht nur Kalorien aufgef\u00fcllt.<\/p>\n<p>Wenn es s\u00fc\u00df sein darf, sind sind Clif-Bars ebenfalls eine gute Erg\u00e4nzung. Sie gibt es mittlerweile in einigen Discountern, mit verschiedenen N\u00fcssen und Schokost\u00fcckchen. Im Notfall rettet mich auch immer eine salzige Nussmischung in der Trikottasche.<\/p>\n<p>So richtig zufrieden stellend finde ich diese Art der Unterweg-Verpflegung jedoch nicht. Sie k\u00f6nnte auf jeden Fall abwechslungsreicher sein. Deshalb interessiert mich: Was essen Sie auf Radtouren, wenn Sie Hunger haben und es zudem noch schnell gehen soll?<\/p>\n","protected":false},"excerpt":{"rendered":"<p>Ich esse gerne und vor allem gut. Auch auf l\u00e4ngeren Touren mit dem Rennrad oder Mountainbike. Am liebsten gehe ich unterwegs mit Freunden essen. Wenn ich allerdings den ganzen Tag allein unterwegs bin, sind Riegel eine gute Alternative \u2013 sofern sie schmecken.<\/p>\n","protected":false},"author":385,"featured_media":0,"comment_status":"open","ping_status":"open","sticky":false,"template":"","format":"standard","meta":{"_jetpack_memberships_contains_paid_content":false,"footnotes":""},"categories":[2508],"tags":[30874,8187,23055,36039],"class_list":["post-6553","post","type-post","status-publish","format-standard","hentry","category-gesundheit","tag-alternative","tag-essen","tag-radfahren","tag-riegel"],"yoast_head":"<!-- This site is optimized with the Yoast SEO plugin v21.0 - https:\/\/yoast.com\/wordpress\/plugins\/seo\/ -->\n<title>Essen beim Radfahren - Velophil<\/title>\n<meta name=\"description\" content=\"Radfahren macht hungrig. Aber was soll man essen, wenn man mit dem Rennrad oder Mountainbike unterwegs ist? Einige Tipps\" \/>\n<meta name=\"robots\" content=\"index, follow, max-snippet:-1, max-image-preview:large, max-video-preview:-1\" \/>\n<link rel=\"canonical\" href=\"https:\/\/blog.zeit.de\/fahrrad\/2015\/08\/03\/essen-beim-radfahren\/\" \/>\n<meta property=\"og:locale\" content=\"de_DE\" \/>\n<meta property=\"og:type\" content=\"article\" \/>\n<meta property=\"og:title\" content=\"Essen beim Radfahren - Velophil\" \/>\n<meta property=\"og:description\" content=\"Radfahren macht hungrig. Aber was soll man essen, wenn man mit dem Rennrad oder Mountainbike unterwegs ist? Einige Tipps\" \/>\n<meta property=\"og:url\" content=\"https:\/\/blog.zeit.de\/fahrrad\/2015\/08\/03\/essen-beim-radfahren\/\" \/>\n<meta property=\"og:site_name\" content=\"Velophil\" \/>\n<meta property=\"article:published_time\" content=\"2015-08-03T07:56:22+00:00\" \/>\n<meta property=\"article:modified_time\" content=\"2015-08-05T12:49:35+00:00\" \/>\n<meta name=\"author\" content=\"Andrea Reidl\" \/>\n<meta name=\"twitter:card\" content=\"summary_large_image\" \/>\n<meta name=\"twitter:creator\" content=\"@zeitonline\" \/>\n<meta name=\"twitter:site\" content=\"@zeitonline\" \/>\n<meta name=\"twitter:label1\" content=\"Geschrieben von\" \/>\n\t<meta name=\"twitter:data1\" content=\"Andrea Reidl\" \/>\n\t<meta name=\"twitter:label2\" content=\"Gesch\u00e4tzte Lesezeit\" \/>\n\t<meta name=\"twitter:data2\" content=\"2\u00a0Minuten\" \/>\n<script type=\"application\/ld+json\" class=\"yoast-schema-graph\">{\"@context\":\"https:\/\/schema.org\",\"@graph\":[{\"@type\":\"WebPage\",\"@id\":\"https:\/\/blog.zeit.de\/fahrrad\/2015\/08\/03\/essen-beim-radfahren\/\",\"url\":\"https:\/\/blog.zeit.de\/fahrrad\/2015\/08\/03\/essen-beim-radfahren\/\",\"name\":\"Essen beim Radfahren - Velophil\",\"isPartOf\":{\"@id\":\"https:\/\/blog.zeit.de\/fahrrad\/#website\"},\"datePublished\":\"2015-08-03T07:56:22+00:00\",\"dateModified\":\"2015-08-05T12:49:35+00:00\",\"author\":{\"@id\":\"https:\/\/blog.zeit.de\/fahrrad\/#\/schema\/person\/9fe49d0d69e31b7d1d311f861f764dfc\"},\"description\":\"Radfahren macht hungrig. Aber was soll man essen, wenn man mit dem Rennrad oder Mountainbike unterwegs ist? Einige Tipps\",\"breadcrumb\":{\"@id\":\"https:\/\/blog.zeit.de\/fahrrad\/2015\/08\/03\/essen-beim-radfahren\/#breadcrumb\"},\"inLanguage\":\"de\",\"potentialAction\":[{\"@type\":\"ReadAction\",\"target\":[\"https:\/\/blog.zeit.de\/fahrrad\/2015\/08\/03\/essen-beim-radfahren\/\"]}]},{\"@type\":\"BreadcrumbList\",\"@id\":\"https:\/\/blog.zeit.de\/fahrrad\/2015\/08\/03\/essen-beim-radfahren\/#breadcrumb\",\"itemListElement\":[{\"@type\":\"ListItem\",\"position\":1,\"name\":\"Startseite\",\"item\":\"https:\/\/blog.zeit.de\/fahrrad\/\"},{\"@type\":\"ListItem\",\"position\":2,\"name\":\"Essen beim Radfahren\"}]},{\"@type\":\"WebSite\",\"@id\":\"https:\/\/blog.zeit.de\/fahrrad\/#website\",\"url\":\"https:\/\/blog.zeit.de\/fahrrad\/\",\"name\":\"Velophil\",\"description\":\"Das Fahrrad-Blog\",\"potentialAction\":[{\"@type\":\"SearchAction\",\"target\":{\"@type\":\"EntryPoint\",\"urlTemplate\":\"https:\/\/blog.zeit.de\/fahrrad\/?s={search_term_string}\"},\"query-input\":\"required name=search_term_string\"}],\"inLanguage\":\"de\"},{\"@type\":\"Person\",\"@id\":\"https:\/\/blog.zeit.de\/fahrrad\/#\/schema\/person\/9fe49d0d69e31b7d1d311f861f764dfc\",\"name\":\"Andrea Reidl\",\"image\":{\"@type\":\"ImageObject\",\"inLanguage\":\"de\",\"@id\":\"https:\/\/blog.zeit.de\/fahrrad\/#\/schema\/person\/image\/\",\"url\":\"https:\/\/secure.gravatar.com\/avatar\/52595868054cdd5e076af9664613db489c74a4ed484ee30b2f82136c624f1797?s=96&d=mm&r=g\",\"contentUrl\":\"https:\/\/secure.gravatar.com\/avatar\/52595868054cdd5e076af9664613db489c74a4ed484ee30b2f82136c624f1797?s=96&d=mm&r=g\",\"caption\":\"Andrea Reidl\"},\"url\":\"https:\/\/blog.zeit.de\/fahrrad\/author\/areidl\/\"}]}<\/script>\n<!-- \/ Yoast SEO plugin. -->","yoast_head_json":{"title":"Essen beim Radfahren - Velophil","description":"Radfahren macht hungrig. Aber was soll man essen, wenn man mit dem Rennrad oder Mountainbike unterwegs ist? Einige Tipps","robots":{"index":"index","follow":"follow","max-snippet":"max-snippet:-1","max-image-preview":"max-image-preview:large","max-video-preview":"max-video-preview:-1"},"canonical":"https:\/\/blog.zeit.de\/fahrrad\/2015\/08\/03\/essen-beim-radfahren\/","og_locale":"de_DE","og_type":"article","og_title":"Essen beim Radfahren - Velophil","og_description":"Radfahren macht hungrig. Aber was soll man essen, wenn man mit dem Rennrad oder Mountainbike unterwegs ist? Einige Tipps","og_url":"https:\/\/blog.zeit.de\/fahrrad\/2015\/08\/03\/essen-beim-radfahren\/","og_site_name":"Velophil","article_published_time":"2015-08-03T07:56:22+00:00","article_modified_time":"2015-08-05T12:49:35+00:00","author":"Andrea Reidl","twitter_card":"summary_large_image","twitter_creator":"@zeitonline","twitter_site":"@zeitonline","twitter_misc":{"Geschrieben von":"Andrea Reidl","Gesch\u00e4tzte Lesezeit":"2\u00a0Minuten"},"schema":{"@context":"https:\/\/schema.org","@graph":[{"@type":"WebPage","@id":"https:\/\/blog.zeit.de\/fahrrad\/2015\/08\/03\/essen-beim-radfahren\/","url":"https:\/\/blog.zeit.de\/fahrrad\/2015\/08\/03\/essen-beim-radfahren\/","name":"Essen beim Radfahren - Velophil","isPartOf":{"@id":"https:\/\/blog.zeit.de\/fahrrad\/#website"},"datePublished":"2015-08-03T07:56:22+00:00","dateModified":"2015-08-05T12:49:35+00:00","author":{"@id":"https:\/\/blog.zeit.de\/fahrrad\/#\/schema\/person\/9fe49d0d69e31b7d1d311f861f764dfc"},"description":"Radfahren macht hungrig. Aber was soll man essen, wenn man mit dem Rennrad oder Mountainbike unterwegs ist? Einige Tipps","breadcrumb":{"@id":"https:\/\/blog.zeit.de\/fahrrad\/2015\/08\/03\/essen-beim-radfahren\/#breadcrumb"},"inLanguage":"de","potentialAction":[{"@type":"ReadAction","target":["https:\/\/blog.zeit.de\/fahrrad\/2015\/08\/03\/essen-beim-radfahren\/"]}]},{"@type":"BreadcrumbList","@id":"https:\/\/blog.zeit.de\/fahrrad\/2015\/08\/03\/essen-beim-radfahren\/#breadcrumb","itemListElement":[{"@type":"ListItem","position":1,"name":"Startseite","item":"https:\/\/blog.zeit.de\/fahrrad\/"},{"@type":"ListItem","position":2,"name":"Essen beim Radfahren"}]},{"@type":"WebSite","@id":"https:\/\/blog.zeit.de\/fahrrad\/#website","url":"https:\/\/blog.zeit.de\/fahrrad\/","name":"Velophil","description":"Das Fahrrad-Blog","potentialAction":[{"@type":"SearchAction","target":{"@type":"EntryPoint","urlTemplate":"https:\/\/blog.zeit.de\/fahrrad\/?s={search_term_string}"},"query-input":"required name=search_term_string"}],"inLanguage":"de"},{"@type":"Person","@id":"https:\/\/blog.zeit.de\/fahrrad\/#\/schema\/person\/9fe49d0d69e31b7d1d311f861f764dfc","name":"Andrea Reidl","image":{"@type":"ImageObject","inLanguage":"de","@id":"https:\/\/blog.zeit.de\/fahrrad\/#\/schema\/person\/image\/","url":"https:\/\/secure.gravatar.com\/avatar\/52595868054cdd5e076af9664613db489c74a4ed484ee30b2f82136c624f1797?s=96&d=mm&r=g","contentUrl":"https:\/\/secure.gravatar.com\/avatar\/52595868054cdd5e076af9664613db489c74a4ed484ee30b2f82136c624f1797?s=96&d=mm&r=g","caption":"Andrea Reidl"},"url":"https:\/\/blog.zeit.de\/fahrrad\/author\/areidl\/"}]}},"jetpack_featured_media_url":"","jetpack_sharing_enabled":true,"_links":{"self":[{"href":"https:\/\/blog.zeit.de\/fahrrad\/wp-json\/wp\/v2\/posts\/6553","targetHints":{"allow":["GET"]}}],"collection":[{"href":"https:\/\/blog.zeit.de\/fahrrad\/wp-json\/wp\/v2\/posts"}],"about":[{"href":"https:\/\/blog.zeit.de\/fahrrad\/wp-json\/wp\/v2\/types\/post"}],"author":[{"embeddable":true,"href":"https:\/\/blog.zeit.de\/fahrrad\/wp-json\/wp\/v2\/users\/385"}],"replies":[{"embeddable":true,"href":"https:\/\/blog.zeit.de\/fahrrad\/wp-json\/wp\/v2\/comments?post=6553"}],"version-history":[{"count":4,"href":"https:\/\/blog.zeit.de\/fahrrad\/wp-json\/wp\/v2\/posts\/6553\/revisions"}],"predecessor-version":[{"id":6621,"href":"https:\/\/blog.zeit.de\/fahrrad\/wp-json\/wp\/v2\/posts\/6553\/revisions\/6621"}],"wp:attachment":[{"href":"https:\/\/blog.zeit.de\/fahrrad\/wp-json\/wp\/v2\/media?parent=6553"}],"wp:term":[{"taxonomy":"category","embeddable":true,"href":"https:\/\/blog.zeit.de\/fahrrad\/wp-json\/wp\/v2\/categories?post=6553"},{"taxonomy":"post_tag","embeddable":true,"href":"https:\/\/blog.zeit.de\/fahrrad\/wp-json\/wp\/v2\/tags?post=6553"}],"curies":[{"name":"wp","href":"https:\/\/api.w.org\/{rel}","templated":true}]}}