{"id":6692,"date":"2015-08-21T10:15:38","date_gmt":"2015-08-21T08:15:38","guid":{"rendered":"http:\/\/blog.zeit.de\/fahrrad\/?p=6692"},"modified":"2015-08-21T10:18:56","modified_gmt":"2015-08-21T08:18:56","slug":"wettbewerb-fuer-junge-nachwuchsfilmer","status":"publish","type":"post","link":"https:\/\/blog.zeit.de\/fahrrad\/2015\/08\/21\/wettbewerb-fuer-junge-nachwuchsfilmer\/","title":{"rendered":"Wettbewerb f\u00fcr junge Nachwuchsfilmer"},"content":{"rendered":"\n<div class=\"embed-wrapper embed-wrapper--blocked js-embed-consent\" data-method=\"iframe\">\n<script class=\"raw__source\" type=\"text\/template\"><iframe loading=\"lazy\" frameborder=\"0\" height=\"315\" src=\"https:\/\/www.youtube.com\/embed\/z-XDOUYgwKY\" width=\"560\"><\/iframe><\/script>\n<div class=\"embed-wrapper__inner\">\n<div class=\"embed-wrapper__text\">\n<h3>Empfohlener redaktioneller Inhalt<\/h3>\n<p data-replace=\"no\">An dieser Stelle finden Sie externen Inhalt, der den Artikel erg\u00e4nzt. Sie k\u00f6nnen sich externe Inhalte mit einem Klick anzeigen lassen und wieder ausblenden.<noscript>Bitte aktivieren Sie JavaScript damit Sie diesen Inhalt anzeigen k\u00f6nnen.<\/noscript><\/p>\n<\/div>\n<div class=\"embed-consent\">\n<label class=\"embed-consent__toggle\">\n<input class=\"js-embed-consent__toggle\" type=\"checkbox\" autocomplete=\"off\">\n<span><\/span>\nExterner Inhalt\n<\/label>\n<a href=\"https:\/\/www.zeit.de\/hilfe\/datenschutz\" target=\"_blank\" class=\"embed-consent__datalink-when-active\">Datenschutzerkl\u00e4rung<\/a>\n<\/div>\n<div class=\"embed-wrapper__footer\">\n<p data-replace=\"no\">\nIch bin damit einverstanden, dass mir externe Inhalte angezeigt werden. Damit k\u00f6nnen personenbezogene Daten an Drittplattformen \u00fcbermittelt werden. <a href=\"https:\/\/www.zeit.de\/hilfe\/datenschutz\" target=\"_blank\">Mehr dazu in unserer Datenschutzerkl\u00e4rung.<\/a>\n<\/p>\n<\/div>\n<\/div>\n<\/div>\n<p>Der Kinder- und Jugendfilmwettbewerb <em><a href=\"http:\/\/www.like-it-bike-it.de\" target=\"_blank\">Like it &#8211; Bike it<\/a><\/em> geht in die dritte Runde. Ab sofort k\u00f6nnen Nachwuchsfilmer Beitr\u00e4ge einreichen. Das Motto lautet &#8222;Helm \u00fcber Kopf&#8220;.<!--more--><\/p>\n<p>Das Bundesministerium f\u00fcr Verkehr und digitale Infrastruktur f\u00f6rdert im Rahmen des Nationalen Radverkehrsplans (NRVP) den Kurzfilmwettbewerb. In diesem Jahr hat sich das Ministerium allerdings bei der Wahl des Mottos eingemischt. Nachdem Verkehrsminister Alexander Dobrindt im Mai die <a href=\"https:\/\/blog.zeit.de\/fahrrad\/2015\/06\/19\/fahrradhelm-kampagne-darth-vader\/\" target=\"_blank\">Darth-Vader-Helmkampagne<\/a> gestartet hatte, bat die Beh\u00f6rde die Veranstalter des Wettbewerbs um ein Motto zum Thema Fahrradhelm tragen.<\/p>\n<p>Die Organisatoren waren zun\u00e4chst skeptisch. Aber der Helm sei durchaus ein Thema, das Jugendliche besch\u00e4ftigt, sagt Regine Gwinner, die f\u00fcr die Agentur Tippingpoints den Wettbewerb betreut. Ihre Gespr\u00e4che mit den Jugendlichen zeigen: Bestehen Eltern darauf, das die Heranwachsenden einen Helm aufsetzen, lassen manche Jungen und M\u00e4dchen das Fahrrad komplett stehen. Vor diesem Hintergrund kann es spannend sein zu sehen, wie und ob die Nachwuchsfilmer den Konflikt aufgreifen, ob sie ihn l\u00f6sen und welche Rolle sie dem Helm zuschreiben.<\/p>\n<p>Die bisherigen Mottos des Filmwettbewerbs waren mit &#8222;Die gro\u00dfe Freiheit&#8220; und &#8222;Fahrradliebe&#8220; allgemeiner gehalten. Mithilfe des Wettbewerbs sollte das Fahrrad in den sozialen Netzwerken der Kinder und Jugendlichen auftauchen, sich weiter verbreiten, zum Gespr\u00e4chsstoff werden und zudem attraktiver werden.<\/p>\n<p>Gwinner und das Tippingpoints-Team hoffen, dass die Teilnehmer das jetzige Motto ebenso kreativ, witzig und unerwartet umsetzen wie die Vorgaben in den Vorjahren. Technisch ist alles erlaubt: vom Smartphone-Film bis zur Animation; die Filme d\u00fcrfen maximal drei Minuten lang sein. Einen Eindruck, wie einfallsreich die Teilnehmer ihre Ideen umsetzen, bekommt man in dem oben stehenden Video, das einige Beitr\u00e4ge aus dem Vorjahr zusammenfasst.<\/p>\n<p>Bis zum 20. Januar 2016 k\u00f6nnen die Teilnehmer ihre Beitr\u00e4ge einreichen. Es wird wahrscheinlich vorerst der letzte Wettbewerb sein, da die F\u00f6rderung durch den NRVP ausl\u00e4uft.<\/p>\n","protected":false},"excerpt":{"rendered":"<p>Empfohlener redaktioneller Inhalt An dieser Stelle finden Sie externen Inhalt, der den Artikel erg\u00e4nzt. Sie k\u00f6nnen sich externe Inhalte mit einem Klick anzeigen lassen und wieder ausblenden.Bitte aktivieren Sie JavaScript damit Sie diesen Inhalt anzeigen k\u00f6nnen. Externer Inhalt Datenschutzerkl\u00e4rung Ich bin damit einverstanden, dass mir externe Inhalte angezeigt werden. Damit k\u00f6nnen personenbezogene Daten an Drittplattformen [&hellip;]<\/p>\n","protected":false},"author":385,"featured_media":0,"comment_status":"open","ping_status":"open","sticky":false,"template":"","format":"standard","meta":{"_jetpack_memberships_contains_paid_content":false,"footnotes":""},"categories":[86],"tags":[36146,24920,2516,36147,584],"class_list":["post-6692","post","type-post","status-publish","format-standard","hentry","category-kultur","tag-film","tag-helm","tag-jugendliche","tag-kinder","tag-wettbewerb"],"yoast_head":"<!-- This site is optimized with the Yoast SEO plugin v21.0 - https:\/\/yoast.com\/wordpress\/plugins\/seo\/ -->\n<title>Wettbewerb f\u00fcr junge Nachwuchsfilmer - Velophil<\/title>\n<meta name=\"robots\" content=\"index, follow, max-snippet:-1, max-image-preview:large, max-video-preview:-1\" \/>\n<link rel=\"canonical\" href=\"https:\/\/blog.zeit.de\/fahrrad\/2015\/08\/21\/wettbewerb-fuer-junge-nachwuchsfilmer\/\" \/>\n<meta property=\"og:locale\" content=\"de_DE\" \/>\n<meta property=\"og:type\" content=\"article\" \/>\n<meta property=\"og:title\" content=\"Wettbewerb f\u00fcr junge Nachwuchsfilmer - Velophil\" \/>\n<meta property=\"og:description\" content=\"Empfohlener redaktioneller Inhalt An dieser Stelle finden Sie externen Inhalt, der den Artikel erg\u00e4nzt. Sie k\u00f6nnen sich externe Inhalte mit einem Klick anzeigen lassen und wieder ausblenden.Bitte aktivieren Sie JavaScript damit Sie diesen Inhalt anzeigen k\u00f6nnen. Externer Inhalt Datenschutzerkl\u00e4rung Ich bin damit einverstanden, dass mir externe Inhalte angezeigt werden. Damit k\u00f6nnen personenbezogene Daten an Drittplattformen [&hellip;]\" \/>\n<meta property=\"og:url\" content=\"https:\/\/blog.zeit.de\/fahrrad\/2015\/08\/21\/wettbewerb-fuer-junge-nachwuchsfilmer\/\" \/>\n<meta property=\"og:site_name\" content=\"Velophil\" \/>\n<meta property=\"article:published_time\" content=\"2015-08-21T08:15:38+00:00\" \/>\n<meta property=\"article:modified_time\" content=\"2015-08-21T08:18:56+00:00\" \/>\n<meta name=\"author\" content=\"Andrea Reidl\" \/>\n<meta name=\"twitter:card\" content=\"summary_large_image\" \/>\n<meta name=\"twitter:creator\" content=\"@zeitonline\" \/>\n<meta name=\"twitter:site\" content=\"@zeitonline\" \/>\n<meta name=\"twitter:label1\" content=\"Geschrieben von\" \/>\n\t<meta name=\"twitter:data1\" content=\"Andrea Reidl\" \/>\n\t<meta name=\"twitter:label2\" content=\"Gesch\u00e4tzte Lesezeit\" \/>\n\t<meta name=\"twitter:data2\" content=\"2\u00a0Minuten\" \/>\n<script type=\"application\/ld+json\" class=\"yoast-schema-graph\">{\"@context\":\"https:\/\/schema.org\",\"@graph\":[{\"@type\":\"WebPage\",\"@id\":\"https:\/\/blog.zeit.de\/fahrrad\/2015\/08\/21\/wettbewerb-fuer-junge-nachwuchsfilmer\/\",\"url\":\"https:\/\/blog.zeit.de\/fahrrad\/2015\/08\/21\/wettbewerb-fuer-junge-nachwuchsfilmer\/\",\"name\":\"Wettbewerb f\u00fcr junge Nachwuchsfilmer - Velophil\",\"isPartOf\":{\"@id\":\"https:\/\/blog.zeit.de\/fahrrad\/#website\"},\"datePublished\":\"2015-08-21T08:15:38+00:00\",\"dateModified\":\"2015-08-21T08:18:56+00:00\",\"author\":{\"@id\":\"https:\/\/blog.zeit.de\/fahrrad\/#\/schema\/person\/9fe49d0d69e31b7d1d311f861f764dfc\"},\"breadcrumb\":{\"@id\":\"https:\/\/blog.zeit.de\/fahrrad\/2015\/08\/21\/wettbewerb-fuer-junge-nachwuchsfilmer\/#breadcrumb\"},\"inLanguage\":\"de\",\"potentialAction\":[{\"@type\":\"ReadAction\",\"target\":[\"https:\/\/blog.zeit.de\/fahrrad\/2015\/08\/21\/wettbewerb-fuer-junge-nachwuchsfilmer\/\"]}]},{\"@type\":\"BreadcrumbList\",\"@id\":\"https:\/\/blog.zeit.de\/fahrrad\/2015\/08\/21\/wettbewerb-fuer-junge-nachwuchsfilmer\/#breadcrumb\",\"itemListElement\":[{\"@type\":\"ListItem\",\"position\":1,\"name\":\"Startseite\",\"item\":\"https:\/\/blog.zeit.de\/fahrrad\/\"},{\"@type\":\"ListItem\",\"position\":2,\"name\":\"Wettbewerb f\u00fcr junge Nachwuchsfilmer\"}]},{\"@type\":\"WebSite\",\"@id\":\"https:\/\/blog.zeit.de\/fahrrad\/#website\",\"url\":\"https:\/\/blog.zeit.de\/fahrrad\/\",\"name\":\"Velophil\",\"description\":\"Das Fahrrad-Blog\",\"potentialAction\":[{\"@type\":\"SearchAction\",\"target\":{\"@type\":\"EntryPoint\",\"urlTemplate\":\"https:\/\/blog.zeit.de\/fahrrad\/?s={search_term_string}\"},\"query-input\":\"required name=search_term_string\"}],\"inLanguage\":\"de\"},{\"@type\":\"Person\",\"@id\":\"https:\/\/blog.zeit.de\/fahrrad\/#\/schema\/person\/9fe49d0d69e31b7d1d311f861f764dfc\",\"name\":\"Andrea Reidl\",\"image\":{\"@type\":\"ImageObject\",\"inLanguage\":\"de\",\"@id\":\"https:\/\/blog.zeit.de\/fahrrad\/#\/schema\/person\/image\/\",\"url\":\"https:\/\/secure.gravatar.com\/avatar\/52595868054cdd5e076af9664613db489c74a4ed484ee30b2f82136c624f1797?s=96&d=mm&r=g\",\"contentUrl\":\"https:\/\/secure.gravatar.com\/avatar\/52595868054cdd5e076af9664613db489c74a4ed484ee30b2f82136c624f1797?s=96&d=mm&r=g\",\"caption\":\"Andrea Reidl\"},\"url\":\"https:\/\/blog.zeit.de\/fahrrad\/author\/areidl\/\"}]}<\/script>\n<!-- \/ Yoast SEO plugin. -->","yoast_head_json":{"title":"Wettbewerb f\u00fcr junge Nachwuchsfilmer - Velophil","robots":{"index":"index","follow":"follow","max-snippet":"max-snippet:-1","max-image-preview":"max-image-preview:large","max-video-preview":"max-video-preview:-1"},"canonical":"https:\/\/blog.zeit.de\/fahrrad\/2015\/08\/21\/wettbewerb-fuer-junge-nachwuchsfilmer\/","og_locale":"de_DE","og_type":"article","og_title":"Wettbewerb f\u00fcr junge Nachwuchsfilmer - Velophil","og_description":"Empfohlener redaktioneller Inhalt An dieser Stelle finden Sie externen Inhalt, der den Artikel erg\u00e4nzt. Sie k\u00f6nnen sich externe Inhalte mit einem Klick anzeigen lassen und wieder ausblenden.Bitte aktivieren Sie JavaScript damit Sie diesen Inhalt anzeigen k\u00f6nnen. Externer Inhalt Datenschutzerkl\u00e4rung Ich bin damit einverstanden, dass mir externe Inhalte angezeigt werden. Damit k\u00f6nnen personenbezogene Daten an Drittplattformen [&hellip;]","og_url":"https:\/\/blog.zeit.de\/fahrrad\/2015\/08\/21\/wettbewerb-fuer-junge-nachwuchsfilmer\/","og_site_name":"Velophil","article_published_time":"2015-08-21T08:15:38+00:00","article_modified_time":"2015-08-21T08:18:56+00:00","author":"Andrea Reidl","twitter_card":"summary_large_image","twitter_creator":"@zeitonline","twitter_site":"@zeitonline","twitter_misc":{"Geschrieben von":"Andrea Reidl","Gesch\u00e4tzte Lesezeit":"2\u00a0Minuten"},"schema":{"@context":"https:\/\/schema.org","@graph":[{"@type":"WebPage","@id":"https:\/\/blog.zeit.de\/fahrrad\/2015\/08\/21\/wettbewerb-fuer-junge-nachwuchsfilmer\/","url":"https:\/\/blog.zeit.de\/fahrrad\/2015\/08\/21\/wettbewerb-fuer-junge-nachwuchsfilmer\/","name":"Wettbewerb f\u00fcr junge Nachwuchsfilmer - Velophil","isPartOf":{"@id":"https:\/\/blog.zeit.de\/fahrrad\/#website"},"datePublished":"2015-08-21T08:15:38+00:00","dateModified":"2015-08-21T08:18:56+00:00","author":{"@id":"https:\/\/blog.zeit.de\/fahrrad\/#\/schema\/person\/9fe49d0d69e31b7d1d311f861f764dfc"},"breadcrumb":{"@id":"https:\/\/blog.zeit.de\/fahrrad\/2015\/08\/21\/wettbewerb-fuer-junge-nachwuchsfilmer\/#breadcrumb"},"inLanguage":"de","potentialAction":[{"@type":"ReadAction","target":["https:\/\/blog.zeit.de\/fahrrad\/2015\/08\/21\/wettbewerb-fuer-junge-nachwuchsfilmer\/"]}]},{"@type":"BreadcrumbList","@id":"https:\/\/blog.zeit.de\/fahrrad\/2015\/08\/21\/wettbewerb-fuer-junge-nachwuchsfilmer\/#breadcrumb","itemListElement":[{"@type":"ListItem","position":1,"name":"Startseite","item":"https:\/\/blog.zeit.de\/fahrrad\/"},{"@type":"ListItem","position":2,"name":"Wettbewerb f\u00fcr junge Nachwuchsfilmer"}]},{"@type":"WebSite","@id":"https:\/\/blog.zeit.de\/fahrrad\/#website","url":"https:\/\/blog.zeit.de\/fahrrad\/","name":"Velophil","description":"Das Fahrrad-Blog","potentialAction":[{"@type":"SearchAction","target":{"@type":"EntryPoint","urlTemplate":"https:\/\/blog.zeit.de\/fahrrad\/?s={search_term_string}"},"query-input":"required name=search_term_string"}],"inLanguage":"de"},{"@type":"Person","@id":"https:\/\/blog.zeit.de\/fahrrad\/#\/schema\/person\/9fe49d0d69e31b7d1d311f861f764dfc","name":"Andrea Reidl","image":{"@type":"ImageObject","inLanguage":"de","@id":"https:\/\/blog.zeit.de\/fahrrad\/#\/schema\/person\/image\/","url":"https:\/\/secure.gravatar.com\/avatar\/52595868054cdd5e076af9664613db489c74a4ed484ee30b2f82136c624f1797?s=96&d=mm&r=g","contentUrl":"https:\/\/secure.gravatar.com\/avatar\/52595868054cdd5e076af9664613db489c74a4ed484ee30b2f82136c624f1797?s=96&d=mm&r=g","caption":"Andrea Reidl"},"url":"https:\/\/blog.zeit.de\/fahrrad\/author\/areidl\/"}]}},"jetpack_featured_media_url":"","jetpack_sharing_enabled":true,"_links":{"self":[{"href":"https:\/\/blog.zeit.de\/fahrrad\/wp-json\/wp\/v2\/posts\/6692","targetHints":{"allow":["GET"]}}],"collection":[{"href":"https:\/\/blog.zeit.de\/fahrrad\/wp-json\/wp\/v2\/posts"}],"about":[{"href":"https:\/\/blog.zeit.de\/fahrrad\/wp-json\/wp\/v2\/types\/post"}],"author":[{"embeddable":true,"href":"https:\/\/blog.zeit.de\/fahrrad\/wp-json\/wp\/v2\/users\/385"}],"replies":[{"embeddable":true,"href":"https:\/\/blog.zeit.de\/fahrrad\/wp-json\/wp\/v2\/comments?post=6692"}],"version-history":[{"count":6,"href":"https:\/\/blog.zeit.de\/fahrrad\/wp-json\/wp\/v2\/posts\/6692\/revisions"}],"predecessor-version":[{"id":6699,"href":"https:\/\/blog.zeit.de\/fahrrad\/wp-json\/wp\/v2\/posts\/6692\/revisions\/6699"}],"wp:attachment":[{"href":"https:\/\/blog.zeit.de\/fahrrad\/wp-json\/wp\/v2\/media?parent=6692"}],"wp:term":[{"taxonomy":"category","embeddable":true,"href":"https:\/\/blog.zeit.de\/fahrrad\/wp-json\/wp\/v2\/categories?post=6692"},{"taxonomy":"post_tag","embeddable":true,"href":"https:\/\/blog.zeit.de\/fahrrad\/wp-json\/wp\/v2\/tags?post=6692"}],"curies":[{"name":"wp","href":"https:\/\/api.w.org\/{rel}","templated":true}]}}